{"id":52361,"date":"2025-12-03T14:49:15","date_gmt":"2025-12-03T17:49:15","guid":{"rendered":"https:\/\/cvinoticias.com\/v3\/?p=52361"},"modified":"2025-12-04T09:31:28","modified_gmt":"2025-12-04T12:31:28","slug":"dia-internacional-de-las-personas-con-discapacidad-la-asistencia-social-clave-en-iguazu","status":"publish","type":"post","link":"https:\/\/cvinoticias.com\/v3\/dia-internacional-de-las-personas-con-discapacidad-la-asistencia-social-clave-en-iguazu\/","title":{"rendered":"D\u00eda Internacional de las Personas con Discapacidad: la asistencia social clave en Iguaz\u00fa"},"content":{"rendered":"\n<p>En el marco del D\u00eda Internacional de las Personas con Discapacidad, CVI Noticias dialog\u00f3 con Mart\u00edn Gonz\u00e1lez, director de Asistencia Social y Discapacidad Municipal, para conocer el balance del trabajo realizado durante el a\u00f1o 2025 desde las oficinas ubicadas en el Centro Integrador Comunitario (CIC).<\/p>\n\n\n\n<p>\u200bEl profesional explic\u00f3 que la gesti\u00f3n de la direcci\u00f3n se basa en una evaluaci\u00f3n precisa de la realidad de los vecinos de Iguaz\u00fa: \u00abNosotros vemos la discapacidad, la cuantificamos y en base a eso vamos determinando las diferentes necesidades\u00bb, sostuvo.<\/p>\n\n\n\n<p>\u200bEl director resalt\u00f3 los servicios fundamentales que se brindan para mejorar la calidad de vida y simplificar la log\u00edstica de los pacientes y sus familias. \u200b<\/p>\n\n\n\n<p>El \u00e1rea asiste a casos de pacientes que requieren medicaci\u00f3n constante, ofreciendo la confecci\u00f3n de las recetas. Sobre esto, el doctor explic\u00f3: \u00abAyudamos a las personas para que no tengan que trasladarse a otras localidades\u00bb.<\/p>\n\n\n\n<p>\u200bAsimismo, la direcci\u00f3n es un punto de apoyo esencial para la provisi\u00f3n de elementos ortop\u00e9dicos y de movilidad como sillas de ruedas, muletas, bastones.<\/p>\n\n\n\n<p>\u200bFinalmente, mencion\u00f3 que la asistencia tambi\u00e9n se extiende a la inclusi\u00f3n de las personas con discapacidad en diferentes programas sociales, con el fin de garantizar la protecci\u00f3n y salud de la comunidad.<\/p>\n\n\n\n<p>Entrevista con: Martin Gonzalez (Dir. Asistencia Social y Discapacidad)<\/p>\n","protected":false},"excerpt":{"rendered":"<p>En el marco del D\u00eda Internacional de las Personas con Discapacidad, CVI Noticias dialog\u00f3 con Mart\u00edn Gonz\u00e1lez, director de Asistencia Social y Discapacidad Municipal, para conocer el balance del trabajo realizado durante el a\u00f1o 2025 desde las oficinas ubicadas en el Centro Integrador Comunitario (CIC). \u200bEl profesional explic\u00f3 que la gesti\u00f3n de la direcci\u00f3n se [&hellip;]<\/p>\n","protected":false},"author":2,"featured_media":52362,"comment_status":"open","ping_status":"closed","sticky":false,"template":"","format":"standard","meta":{"footnotes":""},"categories":[47],"tags":[2999,367,4607],"class_list":["post-52361","post","type-post","status-publish","format-standard","has-post-thumbnail","hentry","category-sociedad","tag-asistencia","tag-efemerides","tag-social"],"yoast_head":"<!-- This site is optimized with the Yoast SEO plugin v27.5 - https:\/\/yoast.com\/product\/yoast-seo-wordpress\/ -->\n<title>Asistencia social en Iguaz\u00fa en el D\u00eda Internacional de la Discapacidad | CVI NOTICIAS<\/title>\n<meta name=\"description\" content=\"Balance del trabajo de asistencia social en Iguaz\u00fa en el D\u00eda Internacional de las Personas con Discapacidad.\" \/>\n<meta name=\"robots\" content=\"index, follow, max-snippet:-1, max-image-preview:large, max-video-preview:-1\" \/>\n<link rel=\"canonical\" href=\"https:\/\/cvinoticias.com\/v3\/dia-internacional-de-las-personas-con-discapacidad-la-asistencia-social-clave-en-iguazu\/\" \/>\n<meta property=\"og:locale\" content=\"es_ES\" \/>\n<meta property=\"og:type\" content=\"article\" \/>\n<meta property=\"og:title\" content=\"Asistencia social en Iguaz\u00fa en el D\u00eda Internacional de la Discapacidad | CVI NOTICIAS\" \/>\n<meta property=\"og:description\" content=\"Balance del trabajo de asistencia social en Iguaz\u00fa en el D\u00eda Internacional de las Personas con Discapacidad.\" \/>\n<meta property=\"og:url\" content=\"https:\/\/cvinoticias.com\/v3\/dia-internacional-de-las-personas-con-discapacidad-la-asistencia-social-clave-en-iguazu\/\" \/>\n<meta property=\"og:site_name\" content=\"CVI NOTICIAS\" \/>\n<meta property=\"article:publisher\" content=\"https:\/\/www.facebook.com\/cvinoticias\" \/>\n<meta property=\"article:published_time\" content=\"2025-12-03T17:49:15+00:00\" \/>\n<meta property=\"article:modified_time\" content=\"2025-12-04T12:31:28+00:00\" \/>\n<meta property=\"og:image\" content=\"https:\/\/cvinoticias.com\/wp-content\/uploads\/2025\/12\/b.jpeg\" \/>\n\t<meta property=\"og:image:width\" content=\"1280\" \/>\n\t<meta property=\"og:image:height\" content=\"720\" \/>\n\t<meta property=\"og:image:type\" content=\"image\/jpeg\" \/>\n<meta name=\"author\" content=\"f1000024\" \/>\n<meta name=\"twitter:card\" content=\"summary_large_image\" \/>\n<meta name=\"twitter:label1\" content=\"Escrito por\" \/>\n\t<meta name=\"twitter:data1\" content=\"f1000024\" \/>\n\t<meta name=\"twitter:label2\" content=\"Tiempo de lectura\" \/>\n\t<meta name=\"twitter:data2\" content=\"2 minutos\" \/>\n<script type=\"application\/ld+json\" class=\"yoast-schema-graph\">{\"@context\":\"https:\\\/\\\/schema.org\",\"@graph\":[{\"@type\":\"Article\",\"@id\":\"https:\\\/\\\/cvinoticias.com\\\/v3\\\/dia-internacional-de-las-personas-con-discapacidad-la-asistencia-social-clave-en-iguazu\\\/#article\",\"isPartOf\":{\"@id\":\"https:\\\/\\\/cvinoticias.com\\\/v3\\\/dia-internacional-de-las-personas-con-discapacidad-la-asistencia-social-clave-en-iguazu\\\/\"},\"author\":{\"name\":\"f1000024\",\"@id\":\"https:\\\/\\\/cvinoticias.com\\\/v3\\\/#\\\/schema\\\/person\\\/2db77e3c6bc03c538495d7b2b8be9b66\"},\"headline\":\"D\u00eda Internacional de las Personas con Discapacidad: la asistencia social clave en Iguaz\u00fa\",\"datePublished\":\"2025-12-03T17:49:15+00:00\",\"dateModified\":\"2025-12-04T12:31:28+00:00\",\"mainEntityOfPage\":{\"@id\":\"https:\\\/\\\/cvinoticias.com\\\/v3\\\/dia-internacional-de-las-personas-con-discapacidad-la-asistencia-social-clave-en-iguazu\\\/\"},\"wordCount\":239,\"commentCount\":0,\"publisher\":{\"@id\":\"https:\\\/\\\/cvinoticias.com\\\/v3\\\/#organization\"},\"image\":{\"@id\":\"https:\\\/\\\/cvinoticias.com\\\/v3\\\/dia-internacional-de-las-personas-con-discapacidad-la-asistencia-social-clave-en-iguazu\\\/#primaryimage\"},\"thumbnailUrl\":\"https:\\\/\\\/cvinoticias.com\\\/wp-content\\\/uploads\\\/2025\\\/12\\\/b.jpeg\",\"keywords\":[\"asistencia\",\"Efem\u00e9rides\",\"social\"],\"articleSection\":[\"Sociedad\"],\"inLanguage\":\"es\",\"potentialAction\":[{\"@type\":\"CommentAction\",\"name\":\"Comment\",\"target\":[\"https:\\\/\\\/cvinoticias.com\\\/v3\\\/dia-internacional-de-las-personas-con-discapacidad-la-asistencia-social-clave-en-iguazu\\\/#respond\"]}]},{\"@type\":\"WebPage\",\"@id\":\"https:\\\/\\\/cvinoticias.com\\\/v3\\\/dia-internacional-de-las-personas-con-discapacidad-la-asistencia-social-clave-en-iguazu\\\/\",\"url\":\"https:\\\/\\\/cvinoticias.com\\\/v3\\\/dia-internacional-de-las-personas-con-discapacidad-la-asistencia-social-clave-en-iguazu\\\/\",\"name\":\"Asistencia social en Iguaz\u00fa en el D\u00eda Internacional de la Discapacidad | CVI NOTICIAS\",\"isPartOf\":{\"@id\":\"https:\\\/\\\/cvinoticias.com\\\/v3\\\/#website\"},\"primaryImageOfPage\":{\"@id\":\"https:\\\/\\\/cvinoticias.com\\\/v3\\\/dia-internacional-de-las-personas-con-discapacidad-la-asistencia-social-clave-en-iguazu\\\/#primaryimage\"},\"image\":{\"@id\":\"https:\\\/\\\/cvinoticias.com\\\/v3\\\/dia-internacional-de-las-personas-con-discapacidad-la-asistencia-social-clave-en-iguazu\\\/#primaryimage\"},\"thumbnailUrl\":\"https:\\\/\\\/cvinoticias.com\\\/wp-content\\\/uploads\\\/2025\\\/12\\\/b.jpeg\",\"datePublished\":\"2025-12-03T17:49:15+00:00\",\"dateModified\":\"2025-12-04T12:31:28+00:00\",\"description\":\"Balance del trabajo de asistencia social en Iguaz\u00fa en el D\u00eda Internacional de las Personas con Discapacidad.\",\"breadcrumb\":{\"@id\":\"https:\\\/\\\/cvinoticias.com\\\/v3\\\/dia-internacional-de-las-personas-con-discapacidad-la-asistencia-social-clave-en-iguazu\\\/#breadcrumb\"},\"inLanguage\":\"es\",\"potentialAction\":[{\"@type\":\"ReadAction\",\"target\":[\"https:\\\/\\\/cvinoticias.com\\\/v3\\\/dia-internacional-de-las-personas-con-discapacidad-la-asistencia-social-clave-en-iguazu\\\/\"]}]},{\"@type\":\"ImageObject\",\"inLanguage\":\"es\",\"@id\":\"https:\\\/\\\/cvinoticias.com\\\/v3\\\/dia-internacional-de-las-personas-con-discapacidad-la-asistencia-social-clave-en-iguazu\\\/#primaryimage\",\"url\":\"https:\\\/\\\/cvinoticias.com\\\/wp-content\\\/uploads\\\/2025\\\/12\\\/b.jpeg\",\"contentUrl\":\"https:\\\/\\\/cvinoticias.com\\\/wp-content\\\/uploads\\\/2025\\\/12\\\/b.jpeg\",\"width\":1280,\"height\":720},{\"@type\":\"BreadcrumbList\",\"@id\":\"https:\\\/\\\/cvinoticias.com\\\/v3\\\/dia-internacional-de-las-personas-con-discapacidad-la-asistencia-social-clave-en-iguazu\\\/#breadcrumb\",\"itemListElement\":[{\"@type\":\"ListItem\",\"position\":1,\"name\":\"Portada\",\"item\":\"https:\\\/\\\/cvinoticias.com\\\/v3\\\/\"},{\"@type\":\"ListItem\",\"position\":2,\"name\":\"D\u00eda Internacional de las Personas con Discapacidad: la asistencia social clave en Iguaz\u00fa\"}]},{\"@type\":\"WebSite\",\"@id\":\"https:\\\/\\\/cvinoticias.com\\\/v3\\\/#website\",\"url\":\"https:\\\/\\\/cvinoticias.com\\\/v3\\\/\",\"name\":\"CVI NOTICIAS\",\"description\":\"\",\"publisher\":{\"@id\":\"https:\\\/\\\/cvinoticias.com\\\/v3\\\/#organization\"},\"alternateName\":\"CVI\",\"potentialAction\":[{\"@type\":\"SearchAction\",\"target\":{\"@type\":\"EntryPoint\",\"urlTemplate\":\"https:\\\/\\\/cvinoticias.com\\\/v3\\\/?s={search_term_string}\"},\"query-input\":{\"@type\":\"PropertyValueSpecification\",\"valueRequired\":true,\"valueName\":\"search_term_string\"}}],\"inLanguage\":\"es\"},{\"@type\":\"Organization\",\"@id\":\"https:\\\/\\\/cvinoticias.com\\\/v3\\\/#organization\",\"name\":\"CVI NOTICIAS\",\"url\":\"https:\\\/\\\/cvinoticias.com\\\/v3\\\/\",\"logo\":{\"@type\":\"ImageObject\",\"inLanguage\":\"es\",\"@id\":\"https:\\\/\\\/cvinoticias.com\\\/v3\\\/#\\\/schema\\\/logo\\\/image\\\/\",\"url\":\"https:\\\/\\\/cvinoticias.com\\\/wp-content\\\/uploads\\\/2023\\\/04\\\/cropped-cropped-cropped-cropped-cropped-3-1.png\",\"contentUrl\":\"https:\\\/\\\/cvinoticias.com\\\/wp-content\\\/uploads\\\/2023\\\/04\\\/cropped-cropped-cropped-cropped-cropped-3-1.png\",\"width\":95,\"height\":122,\"caption\":\"CVI NOTICIAS\"},\"image\":{\"@id\":\"https:\\\/\\\/cvinoticias.com\\\/v3\\\/#\\\/schema\\\/logo\\\/image\\\/\"},\"sameAs\":[\"https:\\\/\\\/www.facebook.com\\\/cvinoticias\",\"https:\\\/\\\/www.instagram.com\\\/cvinoticias\\\/\",\"https:\\\/\\\/www.youtube.com\\\/@CVINOTICIAS\"]},{\"@type\":\"Person\",\"@id\":\"https:\\\/\\\/cvinoticias.com\\\/v3\\\/#\\\/schema\\\/person\\\/2db77e3c6bc03c538495d7b2b8be9b66\",\"name\":\"f1000024\",\"image\":{\"@type\":\"ImageObject\",\"inLanguage\":\"es\",\"@id\":\"https:\\\/\\\/secure.gravatar.com\\\/avatar\\\/d4fe7459cfc51ff5129ce1a732bbef5928568b8092d412ef95611616376bbeed?s=96&d=mm&r=g\",\"url\":\"https:\\\/\\\/secure.gravatar.com\\\/avatar\\\/d4fe7459cfc51ff5129ce1a732bbef5928568b8092d412ef95611616376bbeed?s=96&d=mm&r=g\",\"contentUrl\":\"https:\\\/\\\/secure.gravatar.com\\\/avatar\\\/d4fe7459cfc51ff5129ce1a732bbef5928568b8092d412ef95611616376bbeed?s=96&d=mm&r=g\",\"caption\":\"f1000024\"},\"url\":\"https:\\\/\\\/cvinoticias.com\\\/v3\\\/author\\\/f1000024\\\/\"}]}<\/script>\n<!-- \/ Yoast SEO plugin. -->","yoast_head_json":{"title":"Asistencia social en Iguaz\u00fa en el D\u00eda Internacional de la Discapacidad | CVI NOTICIAS","description":"Balance del trabajo de asistencia social en Iguaz\u00fa en el D\u00eda Internacional de las Personas con Discapacidad.","robots":{"index":"index","follow":"follow","max-snippet":"max-snippet:-1","max-image-preview":"max-image-preview:large","max-video-preview":"max-video-preview:-1"},"canonical":"https:\/\/cvinoticias.com\/v3\/dia-internacional-de-las-personas-con-discapacidad-la-asistencia-social-clave-en-iguazu\/","og_locale":"es_ES","og_type":"article","og_title":"Asistencia social en Iguaz\u00fa en el D\u00eda Internacional de la Discapacidad | CVI NOTICIAS","og_description":"Balance del trabajo de asistencia social en Iguaz\u00fa en el D\u00eda Internacional de las Personas con Discapacidad.","og_url":"https:\/\/cvinoticias.com\/v3\/dia-internacional-de-las-personas-con-discapacidad-la-asistencia-social-clave-en-iguazu\/","og_site_name":"CVI NOTICIAS","article_publisher":"https:\/\/www.facebook.com\/cvinoticias","article_published_time":"2025-12-03T17:49:15+00:00","article_modified_time":"2025-12-04T12:31:28+00:00","og_image":[{"width":1280,"height":720,"url":"https:\/\/cvinoticias.com\/wp-content\/uploads\/2025\/12\/b.jpeg","type":"image\/jpeg"}],"author":"f1000024","twitter_card":"summary_large_image","twitter_misc":{"Escrito por":"f1000024","Tiempo de lectura":"2 minutos"},"schema":{"@context":"https:\/\/schema.org","@graph":[{"@type":"Article","@id":"https:\/\/cvinoticias.com\/v3\/dia-internacional-de-las-personas-con-discapacidad-la-asistencia-social-clave-en-iguazu\/#article","isPartOf":{"@id":"https:\/\/cvinoticias.com\/v3\/dia-internacional-de-las-personas-con-discapacidad-la-asistencia-social-clave-en-iguazu\/"},"author":{"name":"f1000024","@id":"https:\/\/cvinoticias.com\/v3\/#\/schema\/person\/2db77e3c6bc03c538495d7b2b8be9b66"},"headline":"D\u00eda Internacional de las Personas con Discapacidad: la asistencia social clave en Iguaz\u00fa","datePublished":"2025-12-03T17:49:15+00:00","dateModified":"2025-12-04T12:31:28+00:00","mainEntityOfPage":{"@id":"https:\/\/cvinoticias.com\/v3\/dia-internacional-de-las-personas-con-discapacidad-la-asistencia-social-clave-en-iguazu\/"},"wordCount":239,"commentCount":0,"publisher":{"@id":"https:\/\/cvinoticias.com\/v3\/#organization"},"image":{"@id":"https:\/\/cvinoticias.com\/v3\/dia-internacional-de-las-personas-con-discapacidad-la-asistencia-social-clave-en-iguazu\/#primaryimage"},"thumbnailUrl":"https:\/\/cvinoticias.com\/wp-content\/uploads\/2025\/12\/b.jpeg","keywords":["asistencia","Efem\u00e9rides","social"],"articleSection":["Sociedad"],"inLanguage":"es","potentialAction":[{"@type":"CommentAction","name":"Comment","target":["https:\/\/cvinoticias.com\/v3\/dia-internacional-de-las-personas-con-discapacidad-la-asistencia-social-clave-en-iguazu\/#respond"]}]},{"@type":"WebPage","@id":"https:\/\/cvinoticias.com\/v3\/dia-internacional-de-las-personas-con-discapacidad-la-asistencia-social-clave-en-iguazu\/","url":"https:\/\/cvinoticias.com\/v3\/dia-internacional-de-las-personas-con-discapacidad-la-asistencia-social-clave-en-iguazu\/","name":"Asistencia social en Iguaz\u00fa en el D\u00eda Internacional de la Discapacidad | CVI NOTICIAS","isPartOf":{"@id":"https:\/\/cvinoticias.com\/v3\/#website"},"primaryImageOfPage":{"@id":"https:\/\/cvinoticias.com\/v3\/dia-internacional-de-las-personas-con-discapacidad-la-asistencia-social-clave-en-iguazu\/#primaryimage"},"image":{"@id":"https:\/\/cvinoticias.com\/v3\/dia-internacional-de-las-personas-con-discapacidad-la-asistencia-social-clave-en-iguazu\/#primaryimage"},"thumbnailUrl":"https:\/\/cvinoticias.com\/wp-content\/uploads\/2025\/12\/b.jpeg","datePublished":"2025-12-03T17:49:15+00:00","dateModified":"2025-12-04T12:31:28+00:00","description":"Balance del trabajo de asistencia social en Iguaz\u00fa en el D\u00eda Internacional de las Personas con Discapacidad.","breadcrumb":{"@id":"https:\/\/cvinoticias.com\/v3\/dia-internacional-de-las-personas-con-discapacidad-la-asistencia-social-clave-en-iguazu\/#breadcrumb"},"inLanguage":"es","potentialAction":[{"@type":"ReadAction","target":["https:\/\/cvinoticias.com\/v3\/dia-internacional-de-las-personas-con-discapacidad-la-asistencia-social-clave-en-iguazu\/"]}]},{"@type":"ImageObject","inLanguage":"es","@id":"https:\/\/cvinoticias.com\/v3\/dia-internacional-de-las-personas-con-discapacidad-la-asistencia-social-clave-en-iguazu\/#primaryimage","url":"https:\/\/cvinoticias.com\/wp-content\/uploads\/2025\/12\/b.jpeg","contentUrl":"https:\/\/cvinoticias.com\/wp-content\/uploads\/2025\/12\/b.jpeg","width":1280,"height":720},{"@type":"BreadcrumbList","@id":"https:\/\/cvinoticias.com\/v3\/dia-internacional-de-las-personas-con-discapacidad-la-asistencia-social-clave-en-iguazu\/#breadcrumb","itemListElement":[{"@type":"ListItem","position":1,"name":"Portada","item":"https:\/\/cvinoticias.com\/v3\/"},{"@type":"ListItem","position":2,"name":"D\u00eda Internacional de las Personas con Discapacidad: la asistencia social clave en Iguaz\u00fa"}]},{"@type":"WebSite","@id":"https:\/\/cvinoticias.com\/v3\/#website","url":"https:\/\/cvinoticias.com\/v3\/","name":"CVI NOTICIAS","description":"","publisher":{"@id":"https:\/\/cvinoticias.com\/v3\/#organization"},"alternateName":"CVI","potentialAction":[{"@type":"SearchAction","target":{"@type":"EntryPoint","urlTemplate":"https:\/\/cvinoticias.com\/v3\/?s={search_term_string}"},"query-input":{"@type":"PropertyValueSpecification","valueRequired":true,"valueName":"search_term_string"}}],"inLanguage":"es"},{"@type":"Organization","@id":"https:\/\/cvinoticias.com\/v3\/#organization","name":"CVI NOTICIAS","url":"https:\/\/cvinoticias.com\/v3\/","logo":{"@type":"ImageObject","inLanguage":"es","@id":"https:\/\/cvinoticias.com\/v3\/#\/schema\/logo\/image\/","url":"https:\/\/cvinoticias.com\/wp-content\/uploads\/2023\/04\/cropped-cropped-cropped-cropped-cropped-3-1.png","contentUrl":"https:\/\/cvinoticias.com\/wp-content\/uploads\/2023\/04\/cropped-cropped-cropped-cropped-cropped-3-1.png","width":95,"height":122,"caption":"CVI NOTICIAS"},"image":{"@id":"https:\/\/cvinoticias.com\/v3\/#\/schema\/logo\/image\/"},"sameAs":["https:\/\/www.facebook.com\/cvinoticias","https:\/\/www.instagram.com\/cvinoticias\/","https:\/\/www.youtube.com\/@CVINOTICIAS"]},{"@type":"Person","@id":"https:\/\/cvinoticias.com\/v3\/#\/schema\/person\/2db77e3c6bc03c538495d7b2b8be9b66","name":"f1000024","image":{"@type":"ImageObject","inLanguage":"es","@id":"https:\/\/secure.gravatar.com\/avatar\/d4fe7459cfc51ff5129ce1a732bbef5928568b8092d412ef95611616376bbeed?s=96&d=mm&r=g","url":"https:\/\/secure.gravatar.com\/avatar\/d4fe7459cfc51ff5129ce1a732bbef5928568b8092d412ef95611616376bbeed?s=96&d=mm&r=g","contentUrl":"https:\/\/secure.gravatar.com\/avatar\/d4fe7459cfc51ff5129ce1a732bbef5928568b8092d412ef95611616376bbeed?s=96&d=mm&r=g","caption":"f1000024"},"url":"https:\/\/cvinoticias.com\/v3\/author\/f1000024\/"}]}},"_links":{"self":[{"href":"https:\/\/cvinoticias.com\/v3\/wp-json\/wp\/v2\/posts\/52361","targetHints":{"allow":["GET"]}}],"collection":[{"href":"https:\/\/cvinoticias.com\/v3\/wp-json\/wp\/v2\/posts"}],"about":[{"href":"https:\/\/cvinoticias.com\/v3\/wp-json\/wp\/v2\/types\/post"}],"author":[{"embeddable":true,"href":"https:\/\/cvinoticias.com\/v3\/wp-json\/wp\/v2\/users\/2"}],"replies":[{"embeddable":true,"href":"https:\/\/cvinoticias.com\/v3\/wp-json\/wp\/v2\/comments?post=52361"}],"version-history":[{"count":1,"href":"https:\/\/cvinoticias.com\/v3\/wp-json\/wp\/v2\/posts\/52361\/revisions"}],"predecessor-version":[{"id":52363,"href":"https:\/\/cvinoticias.com\/v3\/wp-json\/wp\/v2\/posts\/52361\/revisions\/52363"}],"wp:featuredmedia":[{"embeddable":true,"href":"https:\/\/cvinoticias.com\/v3\/wp-json\/wp\/v2\/media\/52362"}],"wp:attachment":[{"href":"https:\/\/cvinoticias.com\/v3\/wp-json\/wp\/v2\/media?parent=52361"}],"wp:term":[{"taxonomy":"category","embeddable":true,"href":"https:\/\/cvinoticias.com\/v3\/wp-json\/wp\/v2\/categories?post=52361"},{"taxonomy":"post_tag","embeddable":true,"href":"https:\/\/cvinoticias.com\/v3\/wp-json\/wp\/v2\/tags?post=52361"}],"curies":[{"name":"wp","href":"https:\/\/api.w.org\/{rel}","templated":true}]}}