{"id":52354,"date":"2025-12-03T15:19:06","date_gmt":"2025-12-03T18:19:06","guid":{"rendered":"https:\/\/cvinoticias.com\/v3\/?p=52354"},"modified":"2025-12-04T09:24:23","modified_gmt":"2025-12-04T12:24:23","slug":"gran-rifa-solidaria-por-la-salud-de-diana-lopez","status":"publish","type":"post","link":"https:\/\/cvinoticias.com\/v3\/gran-rifa-solidaria-por-la-salud-de-diana-lopez\/","title":{"rendered":"Gran rifa solidaria por la salud de Diana L\u00f3pez"},"content":{"rendered":"\n<p>La comunidad de Iguaz\u00fa se encuentra en la recta final de una importante convocatoria solidaria. La comisi\u00f3n del Club 8 de Noviembre est\u00e1 organizando una rifa solidaria con el objetivo de recaudar fondos esenciales por la salud de Diana L\u00f3pez, quien atraviesa serias complicaciones en el funcionamiento de sus ri\u00f1ones.<\/p>\n\n\n\n<p>\u200bLa rifa, que tiene un valor de $5.000, ofrece a los participantes la oportunidad de ganar m\u00e1s de 40 importantes premios.<br>\u200b<br>\u200bEl sorteo se realizar\u00e1 el lunes 8 de diciembre, con transmisi\u00f3n en vivo. Los n\u00fameros est\u00e1n disponibles a la venta y pueden comunicarse al 3757-678288<\/p>\n\n\n\n<p>Entrevista con: Claudio Konopka (Colaborador)<\/p>\n","protected":false},"excerpt":{"rendered":"<p>La comunidad de Iguaz\u00fa se encuentra en la recta final de una importante convocatoria solidaria. La comisi\u00f3n del Club 8 de Noviembre est\u00e1 organizando una rifa solidaria con el objetivo de recaudar fondos esenciales por la salud de Diana L\u00f3pez, quien atraviesa serias complicaciones en el funcionamiento de sus ri\u00f1ones. \u200bLa rifa, que tiene un [&hellip;]<\/p>\n","protected":false},"author":2,"featured_media":52355,"comment_status":"open","ping_status":"closed","sticky":false,"template":"","format":"standard","meta":{"footnotes":""},"categories":[47],"tags":[313,682,491],"class_list":["post-52354","post","type-post","status-publish","format-standard","has-post-thumbnail","hentry","category-sociedad","tag-iguazu","tag-rifa","tag-solidaria"],"yoast_head":"<!-- This site is optimized with the Yoast SEO plugin v27.5 - https:\/\/yoast.com\/product\/yoast-seo-wordpress\/ -->\n<title>Rifa solidaria para apoyar la salud de Diana L\u00f3pez | CVI NOTICIAS<\/title>\n<meta name=\"description\" content=\"Iguaz\u00fa organiza una rifa solidaria para ayudar a Diana L\u00f3pez. El sorteo ser\u00e1 el 8 de diciembre.\" \/>\n<meta name=\"robots\" content=\"index, follow, max-snippet:-1, max-image-preview:large, max-video-preview:-1\" \/>\n<link rel=\"canonical\" href=\"https:\/\/cvinoticias.com\/v3\/gran-rifa-solidaria-por-la-salud-de-diana-lopez\/\" \/>\n<meta property=\"og:locale\" content=\"es_ES\" \/>\n<meta property=\"og:type\" content=\"article\" \/>\n<meta property=\"og:title\" content=\"Rifa solidaria para apoyar la salud de Diana L\u00f3pez | CVI NOTICIAS\" \/>\n<meta property=\"og:description\" content=\"Iguaz\u00fa organiza una rifa solidaria para ayudar a Diana L\u00f3pez. El sorteo ser\u00e1 el 8 de diciembre.\" \/>\n<meta property=\"og:url\" content=\"https:\/\/cvinoticias.com\/v3\/gran-rifa-solidaria-por-la-salud-de-diana-lopez\/\" \/>\n<meta property=\"og:site_name\" content=\"CVI NOTICIAS\" \/>\n<meta property=\"article:publisher\" content=\"https:\/\/www.facebook.com\/cvinoticias\" \/>\n<meta property=\"article:published_time\" content=\"2025-12-03T18:19:06+00:00\" \/>\n<meta property=\"article:modified_time\" content=\"2025-12-04T12:24:23+00:00\" \/>\n<meta property=\"og:image\" content=\"https:\/\/cvinoticias.com\/wp-content\/uploads\/2025\/12\/a0abf949-0d95-4a04-aef7-79dafaf24576.jpeg\" \/>\n\t<meta property=\"og:image:width\" content=\"1140\" \/>\n\t<meta property=\"og:image:height\" content=\"1600\" \/>\n\t<meta property=\"og:image:type\" content=\"image\/jpeg\" \/>\n<meta name=\"author\" content=\"f1000024\" \/>\n<meta name=\"twitter:card\" content=\"summary_large_image\" \/>\n<meta name=\"twitter:label1\" content=\"Escrito por\" \/>\n\t<meta name=\"twitter:data1\" content=\"f1000024\" \/>\n\t<meta name=\"twitter:label2\" content=\"Tiempo de lectura\" \/>\n\t<meta name=\"twitter:data2\" content=\"1 minuto\" \/>\n<script type=\"application\/ld+json\" class=\"yoast-schema-graph\">{\"@context\":\"https:\\\/\\\/schema.org\",\"@graph\":[{\"@type\":\"Article\",\"@id\":\"https:\\\/\\\/cvinoticias.com\\\/v3\\\/gran-rifa-solidaria-por-la-salud-de-diana-lopez\\\/#article\",\"isPartOf\":{\"@id\":\"https:\\\/\\\/cvinoticias.com\\\/v3\\\/gran-rifa-solidaria-por-la-salud-de-diana-lopez\\\/\"},\"author\":{\"name\":\"f1000024\",\"@id\":\"https:\\\/\\\/cvinoticias.com\\\/v3\\\/#\\\/schema\\\/person\\\/2db77e3c6bc03c538495d7b2b8be9b66\"},\"headline\":\"Gran rifa solidaria por la salud de Diana L\u00f3pez\",\"datePublished\":\"2025-12-03T18:19:06+00:00\",\"dateModified\":\"2025-12-04T12:24:23+00:00\",\"mainEntityOfPage\":{\"@id\":\"https:\\\/\\\/cvinoticias.com\\\/v3\\\/gran-rifa-solidaria-por-la-salud-de-diana-lopez\\\/\"},\"wordCount\":114,\"commentCount\":0,\"publisher\":{\"@id\":\"https:\\\/\\\/cvinoticias.com\\\/v3\\\/#organization\"},\"image\":{\"@id\":\"https:\\\/\\\/cvinoticias.com\\\/v3\\\/gran-rifa-solidaria-por-la-salud-de-diana-lopez\\\/#primaryimage\"},\"thumbnailUrl\":\"https:\\\/\\\/cvinoticias.com\\\/wp-content\\\/uploads\\\/2025\\\/12\\\/a0abf949-0d95-4a04-aef7-79dafaf24576.jpeg\",\"keywords\":[\"Iguaz\u00fa\",\"Rifa\",\"Solidaria\"],\"articleSection\":[\"Sociedad\"],\"inLanguage\":\"es\",\"potentialAction\":[{\"@type\":\"CommentAction\",\"name\":\"Comment\",\"target\":[\"https:\\\/\\\/cvinoticias.com\\\/v3\\\/gran-rifa-solidaria-por-la-salud-de-diana-lopez\\\/#respond\"]}]},{\"@type\":\"WebPage\",\"@id\":\"https:\\\/\\\/cvinoticias.com\\\/v3\\\/gran-rifa-solidaria-por-la-salud-de-diana-lopez\\\/\",\"url\":\"https:\\\/\\\/cvinoticias.com\\\/v3\\\/gran-rifa-solidaria-por-la-salud-de-diana-lopez\\\/\",\"name\":\"Rifa solidaria para apoyar la salud de Diana L\u00f3pez | CVI NOTICIAS\",\"isPartOf\":{\"@id\":\"https:\\\/\\\/cvinoticias.com\\\/v3\\\/#website\"},\"primaryImageOfPage\":{\"@id\":\"https:\\\/\\\/cvinoticias.com\\\/v3\\\/gran-rifa-solidaria-por-la-salud-de-diana-lopez\\\/#primaryimage\"},\"image\":{\"@id\":\"https:\\\/\\\/cvinoticias.com\\\/v3\\\/gran-rifa-solidaria-por-la-salud-de-diana-lopez\\\/#primaryimage\"},\"thumbnailUrl\":\"https:\\\/\\\/cvinoticias.com\\\/wp-content\\\/uploads\\\/2025\\\/12\\\/a0abf949-0d95-4a04-aef7-79dafaf24576.jpeg\",\"datePublished\":\"2025-12-03T18:19:06+00:00\",\"dateModified\":\"2025-12-04T12:24:23+00:00\",\"description\":\"Iguaz\u00fa organiza una rifa solidaria para ayudar a Diana L\u00f3pez. El sorteo ser\u00e1 el 8 de diciembre.\",\"breadcrumb\":{\"@id\":\"https:\\\/\\\/cvinoticias.com\\\/v3\\\/gran-rifa-solidaria-por-la-salud-de-diana-lopez\\\/#breadcrumb\"},\"inLanguage\":\"es\",\"potentialAction\":[{\"@type\":\"ReadAction\",\"target\":[\"https:\\\/\\\/cvinoticias.com\\\/v3\\\/gran-rifa-solidaria-por-la-salud-de-diana-lopez\\\/\"]}]},{\"@type\":\"ImageObject\",\"inLanguage\":\"es\",\"@id\":\"https:\\\/\\\/cvinoticias.com\\\/v3\\\/gran-rifa-solidaria-por-la-salud-de-diana-lopez\\\/#primaryimage\",\"url\":\"https:\\\/\\\/cvinoticias.com\\\/wp-content\\\/uploads\\\/2025\\\/12\\\/a0abf949-0d95-4a04-aef7-79dafaf24576.jpeg\",\"contentUrl\":\"https:\\\/\\\/cvinoticias.com\\\/wp-content\\\/uploads\\\/2025\\\/12\\\/a0abf949-0d95-4a04-aef7-79dafaf24576.jpeg\",\"width\":1140,\"height\":1600},{\"@type\":\"BreadcrumbList\",\"@id\":\"https:\\\/\\\/cvinoticias.com\\\/v3\\\/gran-rifa-solidaria-por-la-salud-de-diana-lopez\\\/#breadcrumb\",\"itemListElement\":[{\"@type\":\"ListItem\",\"position\":1,\"name\":\"Portada\",\"item\":\"https:\\\/\\\/cvinoticias.com\\\/v3\\\/\"},{\"@type\":\"ListItem\",\"position\":2,\"name\":\"Gran rifa solidaria por la salud de Diana L\u00f3pez\"}]},{\"@type\":\"WebSite\",\"@id\":\"https:\\\/\\\/cvinoticias.com\\\/v3\\\/#website\",\"url\":\"https:\\\/\\\/cvinoticias.com\\\/v3\\\/\",\"name\":\"CVI NOTICIAS\",\"description\":\"\",\"publisher\":{\"@id\":\"https:\\\/\\\/cvinoticias.com\\\/v3\\\/#organization\"},\"alternateName\":\"CVI\",\"potentialAction\":[{\"@type\":\"SearchAction\",\"target\":{\"@type\":\"EntryPoint\",\"urlTemplate\":\"https:\\\/\\\/cvinoticias.com\\\/v3\\\/?s={search_term_string}\"},\"query-input\":{\"@type\":\"PropertyValueSpecification\",\"valueRequired\":true,\"valueName\":\"search_term_string\"}}],\"inLanguage\":\"es\"},{\"@type\":\"Organization\",\"@id\":\"https:\\\/\\\/cvinoticias.com\\\/v3\\\/#organization\",\"name\":\"CVI NOTICIAS\",\"url\":\"https:\\\/\\\/cvinoticias.com\\\/v3\\\/\",\"logo\":{\"@type\":\"ImageObject\",\"inLanguage\":\"es\",\"@id\":\"https:\\\/\\\/cvinoticias.com\\\/v3\\\/#\\\/schema\\\/logo\\\/image\\\/\",\"url\":\"https:\\\/\\\/cvinoticias.com\\\/wp-content\\\/uploads\\\/2023\\\/04\\\/cropped-cropped-cropped-cropped-cropped-3-1.png\",\"contentUrl\":\"https:\\\/\\\/cvinoticias.com\\\/wp-content\\\/uploads\\\/2023\\\/04\\\/cropped-cropped-cropped-cropped-cropped-3-1.png\",\"width\":95,\"height\":122,\"caption\":\"CVI NOTICIAS\"},\"image\":{\"@id\":\"https:\\\/\\\/cvinoticias.com\\\/v3\\\/#\\\/schema\\\/logo\\\/image\\\/\"},\"sameAs\":[\"https:\\\/\\\/www.facebook.com\\\/cvinoticias\",\"https:\\\/\\\/www.instagram.com\\\/cvinoticias\\\/\",\"https:\\\/\\\/www.youtube.com\\\/@CVINOTICIAS\"]},{\"@type\":\"Person\",\"@id\":\"https:\\\/\\\/cvinoticias.com\\\/v3\\\/#\\\/schema\\\/person\\\/2db77e3c6bc03c538495d7b2b8be9b66\",\"name\":\"f1000024\",\"image\":{\"@type\":\"ImageObject\",\"inLanguage\":\"es\",\"@id\":\"https:\\\/\\\/secure.gravatar.com\\\/avatar\\\/d4fe7459cfc51ff5129ce1a732bbef5928568b8092d412ef95611616376bbeed?s=96&d=mm&r=g\",\"url\":\"https:\\\/\\\/secure.gravatar.com\\\/avatar\\\/d4fe7459cfc51ff5129ce1a732bbef5928568b8092d412ef95611616376bbeed?s=96&d=mm&r=g\",\"contentUrl\":\"https:\\\/\\\/secure.gravatar.com\\\/avatar\\\/d4fe7459cfc51ff5129ce1a732bbef5928568b8092d412ef95611616376bbeed?s=96&d=mm&r=g\",\"caption\":\"f1000024\"},\"url\":\"https:\\\/\\\/cvinoticias.com\\\/v3\\\/author\\\/f1000024\\\/\"}]}<\/script>\n<!-- \/ Yoast SEO plugin. -->","yoast_head_json":{"title":"Rifa solidaria para apoyar la salud de Diana L\u00f3pez | CVI NOTICIAS","description":"Iguaz\u00fa organiza una rifa solidaria para ayudar a Diana L\u00f3pez. El sorteo ser\u00e1 el 8 de diciembre.","robots":{"index":"index","follow":"follow","max-snippet":"max-snippet:-1","max-image-preview":"max-image-preview:large","max-video-preview":"max-video-preview:-1"},"canonical":"https:\/\/cvinoticias.com\/v3\/gran-rifa-solidaria-por-la-salud-de-diana-lopez\/","og_locale":"es_ES","og_type":"article","og_title":"Rifa solidaria para apoyar la salud de Diana L\u00f3pez | CVI NOTICIAS","og_description":"Iguaz\u00fa organiza una rifa solidaria para ayudar a Diana L\u00f3pez. El sorteo ser\u00e1 el 8 de diciembre.","og_url":"https:\/\/cvinoticias.com\/v3\/gran-rifa-solidaria-por-la-salud-de-diana-lopez\/","og_site_name":"CVI NOTICIAS","article_publisher":"https:\/\/www.facebook.com\/cvinoticias","article_published_time":"2025-12-03T18:19:06+00:00","article_modified_time":"2025-12-04T12:24:23+00:00","og_image":[{"width":1140,"height":1600,"url":"https:\/\/cvinoticias.com\/wp-content\/uploads\/2025\/12\/a0abf949-0d95-4a04-aef7-79dafaf24576.jpeg","type":"image\/jpeg"}],"author":"f1000024","twitter_card":"summary_large_image","twitter_misc":{"Escrito por":"f1000024","Tiempo de lectura":"1 minuto"},"schema":{"@context":"https:\/\/schema.org","@graph":[{"@type":"Article","@id":"https:\/\/cvinoticias.com\/v3\/gran-rifa-solidaria-por-la-salud-de-diana-lopez\/#article","isPartOf":{"@id":"https:\/\/cvinoticias.com\/v3\/gran-rifa-solidaria-por-la-salud-de-diana-lopez\/"},"author":{"name":"f1000024","@id":"https:\/\/cvinoticias.com\/v3\/#\/schema\/person\/2db77e3c6bc03c538495d7b2b8be9b66"},"headline":"Gran rifa solidaria por la salud de Diana L\u00f3pez","datePublished":"2025-12-03T18:19:06+00:00","dateModified":"2025-12-04T12:24:23+00:00","mainEntityOfPage":{"@id":"https:\/\/cvinoticias.com\/v3\/gran-rifa-solidaria-por-la-salud-de-diana-lopez\/"},"wordCount":114,"commentCount":0,"publisher":{"@id":"https:\/\/cvinoticias.com\/v3\/#organization"},"image":{"@id":"https:\/\/cvinoticias.com\/v3\/gran-rifa-solidaria-por-la-salud-de-diana-lopez\/#primaryimage"},"thumbnailUrl":"https:\/\/cvinoticias.com\/wp-content\/uploads\/2025\/12\/a0abf949-0d95-4a04-aef7-79dafaf24576.jpeg","keywords":["Iguaz\u00fa","Rifa","Solidaria"],"articleSection":["Sociedad"],"inLanguage":"es","potentialAction":[{"@type":"CommentAction","name":"Comment","target":["https:\/\/cvinoticias.com\/v3\/gran-rifa-solidaria-por-la-salud-de-diana-lopez\/#respond"]}]},{"@type":"WebPage","@id":"https:\/\/cvinoticias.com\/v3\/gran-rifa-solidaria-por-la-salud-de-diana-lopez\/","url":"https:\/\/cvinoticias.com\/v3\/gran-rifa-solidaria-por-la-salud-de-diana-lopez\/","name":"Rifa solidaria para apoyar la salud de Diana L\u00f3pez | CVI NOTICIAS","isPartOf":{"@id":"https:\/\/cvinoticias.com\/v3\/#website"},"primaryImageOfPage":{"@id":"https:\/\/cvinoticias.com\/v3\/gran-rifa-solidaria-por-la-salud-de-diana-lopez\/#primaryimage"},"image":{"@id":"https:\/\/cvinoticias.com\/v3\/gran-rifa-solidaria-por-la-salud-de-diana-lopez\/#primaryimage"},"thumbnailUrl":"https:\/\/cvinoticias.com\/wp-content\/uploads\/2025\/12\/a0abf949-0d95-4a04-aef7-79dafaf24576.jpeg","datePublished":"2025-12-03T18:19:06+00:00","dateModified":"2025-12-04T12:24:23+00:00","description":"Iguaz\u00fa organiza una rifa solidaria para ayudar a Diana L\u00f3pez. El sorteo ser\u00e1 el 8 de diciembre.","breadcrumb":{"@id":"https:\/\/cvinoticias.com\/v3\/gran-rifa-solidaria-por-la-salud-de-diana-lopez\/#breadcrumb"},"inLanguage":"es","potentialAction":[{"@type":"ReadAction","target":["https:\/\/cvinoticias.com\/v3\/gran-rifa-solidaria-por-la-salud-de-diana-lopez\/"]}]},{"@type":"ImageObject","inLanguage":"es","@id":"https:\/\/cvinoticias.com\/v3\/gran-rifa-solidaria-por-la-salud-de-diana-lopez\/#primaryimage","url":"https:\/\/cvinoticias.com\/wp-content\/uploads\/2025\/12\/a0abf949-0d95-4a04-aef7-79dafaf24576.jpeg","contentUrl":"https:\/\/cvinoticias.com\/wp-content\/uploads\/2025\/12\/a0abf949-0d95-4a04-aef7-79dafaf24576.jpeg","width":1140,"height":1600},{"@type":"BreadcrumbList","@id":"https:\/\/cvinoticias.com\/v3\/gran-rifa-solidaria-por-la-salud-de-diana-lopez\/#breadcrumb","itemListElement":[{"@type":"ListItem","position":1,"name":"Portada","item":"https:\/\/cvinoticias.com\/v3\/"},{"@type":"ListItem","position":2,"name":"Gran rifa solidaria por la salud de Diana L\u00f3pez"}]},{"@type":"WebSite","@id":"https:\/\/cvinoticias.com\/v3\/#website","url":"https:\/\/cvinoticias.com\/v3\/","name":"CVI NOTICIAS","description":"","publisher":{"@id":"https:\/\/cvinoticias.com\/v3\/#organization"},"alternateName":"CVI","potentialAction":[{"@type":"SearchAction","target":{"@type":"EntryPoint","urlTemplate":"https:\/\/cvinoticias.com\/v3\/?s={search_term_string}"},"query-input":{"@type":"PropertyValueSpecification","valueRequired":true,"valueName":"search_term_string"}}],"inLanguage":"es"},{"@type":"Organization","@id":"https:\/\/cvinoticias.com\/v3\/#organization","name":"CVI NOTICIAS","url":"https:\/\/cvinoticias.com\/v3\/","logo":{"@type":"ImageObject","inLanguage":"es","@id":"https:\/\/cvinoticias.com\/v3\/#\/schema\/logo\/image\/","url":"https:\/\/cvinoticias.com\/wp-content\/uploads\/2023\/04\/cropped-cropped-cropped-cropped-cropped-3-1.png","contentUrl":"https:\/\/cvinoticias.com\/wp-content\/uploads\/2023\/04\/cropped-cropped-cropped-cropped-cropped-3-1.png","width":95,"height":122,"caption":"CVI NOTICIAS"},"image":{"@id":"https:\/\/cvinoticias.com\/v3\/#\/schema\/logo\/image\/"},"sameAs":["https:\/\/www.facebook.com\/cvinoticias","https:\/\/www.instagram.com\/cvinoticias\/","https:\/\/www.youtube.com\/@CVINOTICIAS"]},{"@type":"Person","@id":"https:\/\/cvinoticias.com\/v3\/#\/schema\/person\/2db77e3c6bc03c538495d7b2b8be9b66","name":"f1000024","image":{"@type":"ImageObject","inLanguage":"es","@id":"https:\/\/secure.gravatar.com\/avatar\/d4fe7459cfc51ff5129ce1a732bbef5928568b8092d412ef95611616376bbeed?s=96&d=mm&r=g","url":"https:\/\/secure.gravatar.com\/avatar\/d4fe7459cfc51ff5129ce1a732bbef5928568b8092d412ef95611616376bbeed?s=96&d=mm&r=g","contentUrl":"https:\/\/secure.gravatar.com\/avatar\/d4fe7459cfc51ff5129ce1a732bbef5928568b8092d412ef95611616376bbeed?s=96&d=mm&r=g","caption":"f1000024"},"url":"https:\/\/cvinoticias.com\/v3\/author\/f1000024\/"}]}},"_links":{"self":[{"href":"https:\/\/cvinoticias.com\/v3\/wp-json\/wp\/v2\/posts\/52354","targetHints":{"allow":["GET"]}}],"collection":[{"href":"https:\/\/cvinoticias.com\/v3\/wp-json\/wp\/v2\/posts"}],"about":[{"href":"https:\/\/cvinoticias.com\/v3\/wp-json\/wp\/v2\/types\/post"}],"author":[{"embeddable":true,"href":"https:\/\/cvinoticias.com\/v3\/wp-json\/wp\/v2\/users\/2"}],"replies":[{"embeddable":true,"href":"https:\/\/cvinoticias.com\/v3\/wp-json\/wp\/v2\/comments?post=52354"}],"version-history":[{"count":1,"href":"https:\/\/cvinoticias.com\/v3\/wp-json\/wp\/v2\/posts\/52354\/revisions"}],"predecessor-version":[{"id":52356,"href":"https:\/\/cvinoticias.com\/v3\/wp-json\/wp\/v2\/posts\/52354\/revisions\/52356"}],"wp:featuredmedia":[{"embeddable":true,"href":"https:\/\/cvinoticias.com\/v3\/wp-json\/wp\/v2\/media\/52355"}],"wp:attachment":[{"href":"https:\/\/cvinoticias.com\/v3\/wp-json\/wp\/v2\/media?parent=52354"}],"wp:term":[{"taxonomy":"category","embeddable":true,"href":"https:\/\/cvinoticias.com\/v3\/wp-json\/wp\/v2\/categories?post=52354"},{"taxonomy":"post_tag","embeddable":true,"href":"https:\/\/cvinoticias.com\/v3\/wp-json\/wp\/v2\/tags?post=52354"}],"curies":[{"name":"wp","href":"https:\/\/api.w.org\/{rel}","templated":true}]}}