{"id":52324,"date":"2025-12-04T08:52:27","date_gmt":"2025-12-04T11:52:27","guid":{"rendered":"https:\/\/cvinoticias.com\/v3\/?p=52324"},"modified":"2025-12-04T08:52:28","modified_gmt":"2025-12-04T11:52:28","slug":"la-unam-inscribe-para-los-albergues-y-aun-cuenta-con-unas-80-plazas","status":"publish","type":"post","link":"https:\/\/cvinoticias.com\/v3\/la-unam-inscribe-para-los-albergues-y-aun-cuenta-con-unas-80-plazas\/","title":{"rendered":"La Unam inscribe para los albergues y a\u00fan cuenta con unas 80 plazas"},"content":{"rendered":"\n<p>La Universidad Nacional de Misiones (UNaM) abri\u00f3 el per\u00edodo de inscripci\u00f3n para nuevas y nuevos estudiantes que necesiten acceder a los albergues universitarios. En di\u00e1logo con este medio, el secretario general de Asuntos Estudiantiles, Alexis Janssen, explic\u00f3 c\u00f3mo es el proceso de postulaci\u00f3n, la disponibilidad de plazas, los criterios de selecci\u00f3n y el abanico de servicios que hoy sostienen \u2014con dificultades\u2014 la permanencia estudiantil en toda la provincia.<\/p>\n\n\n\n<p>Seg\u00fan explic\u00f3 Janssen, los estudiantes pueden anotarse de manera online o presencial. El formulario digital est\u00e1 disponible en las redes de la Secretar\u00eda y tambi\u00e9n circula en cada facultad. \u201cLo que el chico hace es ingresar, poner una serie de datos y subir algunos papeles que solicitamos. Despu\u00e9s nuestro equipo se comunica por correo electr\u00f3nico\u201d, se\u00f1al\u00f3 Janssen, quien remarc\u00f3 la importancia de registrar un mail activo porque \u201cmuchos chicos no revisan el correo o se olvidan la contrase\u00f1a\u201d.<\/p>\n\n\n\n<p>Una vez completado el formulario, el equipo t\u00e9cnico fija una fecha para la entrevista socioambiental presencial en los albergues del campus. A partir de esta evaluaci\u00f3n se determina el ingreso.<\/p>\n\n\n\n<p>Hoy la UNaM cuenta con unas 450 plazas en el campus de Posadas, de las cuales 370 ya est\u00e1n ocupadas. Esto deja un margen significativo para nuevos ingresos. \u201cTenemos bastante lugar para nuevos ingresos\u201d, afirm\u00f3 Janssen.<\/p>\n\n\n\n<p>A la vez, record\u00f3 que las condiciones econ\u00f3micas actuales obligaron a la universidad a ajustar varias pol\u00edticas de acompa\u00f1amiento.<\/p>\n\n\n\n<p>El ingreso se define principalmente por el ingreso per c\u00e1pita del grupo familiar y tambi\u00e9n por la situaci\u00f3n acad\u00e9mica del estudiante. \u201cLa condici\u00f3n econ\u00f3mica la planteamos para poder comparar un estudiante con otro\u201d, explic\u00f3. \u201cSin embargo, todav\u00eda no dejamos a ning\u00fan chico sin albergue, a menos que haya incumplido alg\u00fan requerimiento del reglamento\u201d.<\/p>\n\n\n\n<p>La prioridad institucional sigue siendo garantizar la permanencia.<\/p>\n\n\n\n<p>Si bien los albergues del campus est\u00e1n bajo la \u00f3rbita de la Secretar\u00eda General, tambi\u00e9n reciben consultas de estudiantes de Eldorado, San Vicente, San Pedro, Ober\u00e1 y otras sedes. \u201cNosotros no hacemos la evaluaci\u00f3n de esos albergues, pero ponemos en contacto al estudiante con el secretario correspondiente y facilitamos toda la informaci\u00f3n necesaria\u201d, explic\u00f3 Janssen.<\/p>\n\n\n\n<h2 class=\"wp-block-heading\">El comedor universitario: el servicio m\u00e1s demandado<\/h2>\n\n\n\n<p>En el contexto econ\u00f3mico actual, el comedor es el servicio m\u00e1s solicitado. \u201cCocinarse sale muy caro y adem\u00e1s lleva tiempo. Muchos estudiantes trabajan y estudian. La beca de comedor es muy importante para un gran porcentaje\u201d, indic\u00f3.<\/p>\n\n\n\n<p>Actualmente se entregan alrededor de 2.500 becas de almuerzo en toda la UNaM. Sin embargo, las facultades aplicaron distintos ajustes: Algunas disminuyeron la cantidad de comensales. Otras eliminaron completamente el servicio. Forestales, Ingenier\u00eda, Arte y Dise\u00f1o, Humanidades y Econ\u00f3micas lograron sostener el comedor. Ciencias Exactas pas\u00f3 a un sistema de beca-vianda. Enfermer\u00eda reemplaz\u00f3 el comedor por una ayuda econ\u00f3mica para alimentos.<\/p>\n\n\n\n<h2 class=\"wp-block-heading\">Salud, becas y acompa\u00f1amiento integral<\/h2>\n\n\n\n<p>Otro servicio central es la beca de salud, una cobertura similar a una obra social destinada a estudiantes sin cobertura m\u00e9dica.<\/p>\n\n\n\n<p>La Secretar\u00eda tambi\u00e9n acompa\u00f1a en la inscripci\u00f3n a becas nacionales como Progresar, Manuel Belgrano y Becas BEC. \u201cBuscamos la manera de que los chicos puedan inscribirse y obtener esas becas\u201d, asegur\u00f3.<\/p>\n\n\n\n<p>Cada facultad ofrece adem\u00e1s becas propias, como fotocopias u otros apoyos espec\u00edficos.<\/p>\n\n\n\n<h2 class=\"wp-block-heading\">Actividades deportivas y gimnasio gratuito<\/h2>\n\n\n\n<p>La UNaM sostiene propuestas deportivas en Posadas, Ap\u00f3stoles, Ober\u00e1, San Vicente y Eldorado con profesores de educaci\u00f3n f\u00edsica y espacios articulados con clubes. Las actividades incluyen v\u00f3ley, futsal y b\u00e1squet, entre otras.<\/p>\n\n\n\n<p>Adem\u00e1s, la universidad ofrece un gimnasio gratuito en el centro de Posadas. \u201cCon certificado de alumno regular y certificado m\u00e9dico, el chico ya puede acceder gratuitamente\u201d, detall\u00f3 Janssen.<\/p>\n\n\n\n<h2 class=\"wp-block-heading\">C\u00f3mo son los albergues del campus y qu\u00e9 servicios incluyen<\/h2>\n\n\n\n<p>Los albergues se encuentran en el sector final del campus, dentro del predio universitario.<\/p>\n\n\n\n<p>Son 56 viviendas tipo IPRODHA, cada una con tres habitaciones donde pueden alojarse hasta tres estudiantes por pieza, siempre separando varones y mujeres dentro de los cuartos. Algunas casas funcionan en modalidad mixta.<\/p>\n\n\n\n<p>Cada vivienda cuenta con: Cama y colch\u00f3n, Mesa y sillas,Heladera, Cocina, Espacios b\u00e1sicos para instalarse El agua es costeada por la universidad. La energ\u00eda el\u00e9ctrica, en cambio, la abonan los residentes: cada casa tiene un medidor individual.<\/p>\n\n\n\n<p>Las personas que quieran donar utensilios de cocina, electrodom\u00e9sticos, pintura u otros recursos deben hacerlo mediante los canales institucionales. \u201cLo mejor es acercarse a la Secretar\u00eda General, porque estos albergues est\u00e1n a cargo nuestro\u201d, enfatiz\u00f3 Janssen.<\/p>\n\n\n\n<p>Fuente: El Territorio<\/p>\n","protected":false},"excerpt":{"rendered":"<p>La Universidad Nacional de Misiones (UNaM) abri\u00f3 el per\u00edodo de inscripci\u00f3n para nuevas y nuevos estudiantes que necesiten acceder a los albergues universitarios. En di\u00e1logo con este medio, el secretario general de Asuntos Estudiantiles, Alexis Janssen, explic\u00f3 c\u00f3mo es el proceso de postulaci\u00f3n, la disponibilidad de plazas, los criterios de selecci\u00f3n y el abanico de [&hellip;]<\/p>\n","protected":false},"author":2,"featured_media":52325,"comment_status":"open","ping_status":"closed","sticky":false,"template":"","format":"standard","meta":{"footnotes":""},"categories":[493],"tags":[1114,278,394],"class_list":["post-52324","post","type-post","status-publish","format-standard","has-post-thumbnail","hentry","category-educacion-2","tag-inscripciones","tag-misiones","tag-unam"],"yoast_head":"<!-- This site is optimized with the Yoast SEO plugin v27.5 - https:\/\/yoast.com\/product\/yoast-seo-wordpress\/ -->\n<title>La UNaM abre inscripci\u00f3n y dispone de 80 plazas en albergues | CVI NOTICIAS<\/title>\n<meta name=\"description\" content=\"La UNaM abri\u00f3 la inscripci\u00f3n a los albergues y a\u00fan dispone de 80 plazas para nuevas y nuevos estudiantes.\" \/>\n<meta name=\"robots\" content=\"index, follow, max-snippet:-1, max-image-preview:large, max-video-preview:-1\" \/>\n<link rel=\"canonical\" href=\"https:\/\/cvinoticias.com\/v3\/la-unam-inscribe-para-los-albergues-y-aun-cuenta-con-unas-80-plazas\/\" \/>\n<meta property=\"og:locale\" content=\"es_ES\" \/>\n<meta property=\"og:type\" content=\"article\" \/>\n<meta property=\"og:title\" content=\"La UNaM abre inscripci\u00f3n y dispone de 80 plazas en albergues | CVI NOTICIAS\" \/>\n<meta property=\"og:description\" content=\"La UNaM abri\u00f3 la inscripci\u00f3n a los albergues y a\u00fan dispone de 80 plazas para nuevas y nuevos estudiantes.\" \/>\n<meta property=\"og:url\" content=\"https:\/\/cvinoticias.com\/v3\/la-unam-inscribe-para-los-albergues-y-aun-cuenta-con-unas-80-plazas\/\" \/>\n<meta property=\"og:site_name\" content=\"CVI NOTICIAS\" \/>\n<meta property=\"article:publisher\" content=\"https:\/\/www.facebook.com\/cvinoticias\" \/>\n<meta property=\"article:published_time\" content=\"2025-12-04T11:52:27+00:00\" \/>\n<meta property=\"article:modified_time\" content=\"2025-12-04T11:52:28+00:00\" \/>\n<meta property=\"og:image\" content=\"https:\/\/cvinoticias.com\/wp-content\/uploads\/2025\/12\/md-3.webp\" \/>\n\t<meta property=\"og:image:width\" content=\"992\" \/>\n\t<meta property=\"og:image:height\" content=\"791\" \/>\n\t<meta property=\"og:image:type\" content=\"image\/webp\" \/>\n<meta name=\"author\" content=\"f1000024\" \/>\n<meta name=\"twitter:card\" content=\"summary_large_image\" \/>\n<meta name=\"twitter:label1\" content=\"Escrito por\" \/>\n\t<meta name=\"twitter:data1\" content=\"f1000024\" \/>\n\t<meta name=\"twitter:label2\" content=\"Tiempo de lectura\" \/>\n\t<meta name=\"twitter:data2\" content=\"4 minutos\" \/>\n<script type=\"application\/ld+json\" class=\"yoast-schema-graph\">{\"@context\":\"https:\\\/\\\/schema.org\",\"@graph\":[{\"@type\":\"Article\",\"@id\":\"https:\\\/\\\/cvinoticias.com\\\/v3\\\/la-unam-inscribe-para-los-albergues-y-aun-cuenta-con-unas-80-plazas\\\/#article\",\"isPartOf\":{\"@id\":\"https:\\\/\\\/cvinoticias.com\\\/v3\\\/la-unam-inscribe-para-los-albergues-y-aun-cuenta-con-unas-80-plazas\\\/\"},\"author\":{\"name\":\"f1000024\",\"@id\":\"https:\\\/\\\/cvinoticias.com\\\/v3\\\/#\\\/schema\\\/person\\\/2db77e3c6bc03c538495d7b2b8be9b66\"},\"headline\":\"La Unam inscribe para los albergues y a\u00fan cuenta con unas 80 plazas\",\"datePublished\":\"2025-12-04T11:52:27+00:00\",\"dateModified\":\"2025-12-04T11:52:28+00:00\",\"mainEntityOfPage\":{\"@id\":\"https:\\\/\\\/cvinoticias.com\\\/v3\\\/la-unam-inscribe-para-los-albergues-y-aun-cuenta-con-unas-80-plazas\\\/\"},\"wordCount\":794,\"commentCount\":0,\"publisher\":{\"@id\":\"https:\\\/\\\/cvinoticias.com\\\/v3\\\/#organization\"},\"image\":{\"@id\":\"https:\\\/\\\/cvinoticias.com\\\/v3\\\/la-unam-inscribe-para-los-albergues-y-aun-cuenta-con-unas-80-plazas\\\/#primaryimage\"},\"thumbnailUrl\":\"https:\\\/\\\/cvinoticias.com\\\/wp-content\\\/uploads\\\/2025\\\/12\\\/md-3.webp\",\"keywords\":[\"Inscripciones\",\"Misiones\",\"Unam\"],\"articleSection\":[\"Educaci\u00f3n\"],\"inLanguage\":\"es\",\"potentialAction\":[{\"@type\":\"CommentAction\",\"name\":\"Comment\",\"target\":[\"https:\\\/\\\/cvinoticias.com\\\/v3\\\/la-unam-inscribe-para-los-albergues-y-aun-cuenta-con-unas-80-plazas\\\/#respond\"]}]},{\"@type\":\"WebPage\",\"@id\":\"https:\\\/\\\/cvinoticias.com\\\/v3\\\/la-unam-inscribe-para-los-albergues-y-aun-cuenta-con-unas-80-plazas\\\/\",\"url\":\"https:\\\/\\\/cvinoticias.com\\\/v3\\\/la-unam-inscribe-para-los-albergues-y-aun-cuenta-con-unas-80-plazas\\\/\",\"name\":\"La UNaM abre inscripci\u00f3n y dispone de 80 plazas en albergues | CVI NOTICIAS\",\"isPartOf\":{\"@id\":\"https:\\\/\\\/cvinoticias.com\\\/v3\\\/#website\"},\"primaryImageOfPage\":{\"@id\":\"https:\\\/\\\/cvinoticias.com\\\/v3\\\/la-unam-inscribe-para-los-albergues-y-aun-cuenta-con-unas-80-plazas\\\/#primaryimage\"},\"image\":{\"@id\":\"https:\\\/\\\/cvinoticias.com\\\/v3\\\/la-unam-inscribe-para-los-albergues-y-aun-cuenta-con-unas-80-plazas\\\/#primaryimage\"},\"thumbnailUrl\":\"https:\\\/\\\/cvinoticias.com\\\/wp-content\\\/uploads\\\/2025\\\/12\\\/md-3.webp\",\"datePublished\":\"2025-12-04T11:52:27+00:00\",\"dateModified\":\"2025-12-04T11:52:28+00:00\",\"description\":\"La UNaM abri\u00f3 la inscripci\u00f3n a los albergues y a\u00fan dispone de 80 plazas para nuevas y nuevos estudiantes.\",\"breadcrumb\":{\"@id\":\"https:\\\/\\\/cvinoticias.com\\\/v3\\\/la-unam-inscribe-para-los-albergues-y-aun-cuenta-con-unas-80-plazas\\\/#breadcrumb\"},\"inLanguage\":\"es\",\"potentialAction\":[{\"@type\":\"ReadAction\",\"target\":[\"https:\\\/\\\/cvinoticias.com\\\/v3\\\/la-unam-inscribe-para-los-albergues-y-aun-cuenta-con-unas-80-plazas\\\/\"]}]},{\"@type\":\"ImageObject\",\"inLanguage\":\"es\",\"@id\":\"https:\\\/\\\/cvinoticias.com\\\/v3\\\/la-unam-inscribe-para-los-albergues-y-aun-cuenta-con-unas-80-plazas\\\/#primaryimage\",\"url\":\"https:\\\/\\\/cvinoticias.com\\\/wp-content\\\/uploads\\\/2025\\\/12\\\/md-3.webp\",\"contentUrl\":\"https:\\\/\\\/cvinoticias.com\\\/wp-content\\\/uploads\\\/2025\\\/12\\\/md-3.webp\",\"width\":992,\"height\":791},{\"@type\":\"BreadcrumbList\",\"@id\":\"https:\\\/\\\/cvinoticias.com\\\/v3\\\/la-unam-inscribe-para-los-albergues-y-aun-cuenta-con-unas-80-plazas\\\/#breadcrumb\",\"itemListElement\":[{\"@type\":\"ListItem\",\"position\":1,\"name\":\"Portada\",\"item\":\"https:\\\/\\\/cvinoticias.com\\\/v3\\\/\"},{\"@type\":\"ListItem\",\"position\":2,\"name\":\"La Unam inscribe para los albergues y a\u00fan cuenta con unas 80 plazas\"}]},{\"@type\":\"WebSite\",\"@id\":\"https:\\\/\\\/cvinoticias.com\\\/v3\\\/#website\",\"url\":\"https:\\\/\\\/cvinoticias.com\\\/v3\\\/\",\"name\":\"CVI NOTICIAS\",\"description\":\"\",\"publisher\":{\"@id\":\"https:\\\/\\\/cvinoticias.com\\\/v3\\\/#organization\"},\"alternateName\":\"CVI\",\"potentialAction\":[{\"@type\":\"SearchAction\",\"target\":{\"@type\":\"EntryPoint\",\"urlTemplate\":\"https:\\\/\\\/cvinoticias.com\\\/v3\\\/?s={search_term_string}\"},\"query-input\":{\"@type\":\"PropertyValueSpecification\",\"valueRequired\":true,\"valueName\":\"search_term_string\"}}],\"inLanguage\":\"es\"},{\"@type\":\"Organization\",\"@id\":\"https:\\\/\\\/cvinoticias.com\\\/v3\\\/#organization\",\"name\":\"CVI NOTICIAS\",\"url\":\"https:\\\/\\\/cvinoticias.com\\\/v3\\\/\",\"logo\":{\"@type\":\"ImageObject\",\"inLanguage\":\"es\",\"@id\":\"https:\\\/\\\/cvinoticias.com\\\/v3\\\/#\\\/schema\\\/logo\\\/image\\\/\",\"url\":\"https:\\\/\\\/cvinoticias.com\\\/wp-content\\\/uploads\\\/2023\\\/04\\\/cropped-cropped-cropped-cropped-cropped-3-1.png\",\"contentUrl\":\"https:\\\/\\\/cvinoticias.com\\\/wp-content\\\/uploads\\\/2023\\\/04\\\/cropped-cropped-cropped-cropped-cropped-3-1.png\",\"width\":95,\"height\":122,\"caption\":\"CVI NOTICIAS\"},\"image\":{\"@id\":\"https:\\\/\\\/cvinoticias.com\\\/v3\\\/#\\\/schema\\\/logo\\\/image\\\/\"},\"sameAs\":[\"https:\\\/\\\/www.facebook.com\\\/cvinoticias\",\"https:\\\/\\\/www.instagram.com\\\/cvinoticias\\\/\",\"https:\\\/\\\/www.youtube.com\\\/@CVINOTICIAS\"]},{\"@type\":\"Person\",\"@id\":\"https:\\\/\\\/cvinoticias.com\\\/v3\\\/#\\\/schema\\\/person\\\/2db77e3c6bc03c538495d7b2b8be9b66\",\"name\":\"f1000024\",\"image\":{\"@type\":\"ImageObject\",\"inLanguage\":\"es\",\"@id\":\"https:\\\/\\\/secure.gravatar.com\\\/avatar\\\/d4fe7459cfc51ff5129ce1a732bbef5928568b8092d412ef95611616376bbeed?s=96&d=mm&r=g\",\"url\":\"https:\\\/\\\/secure.gravatar.com\\\/avatar\\\/d4fe7459cfc51ff5129ce1a732bbef5928568b8092d412ef95611616376bbeed?s=96&d=mm&r=g\",\"contentUrl\":\"https:\\\/\\\/secure.gravatar.com\\\/avatar\\\/d4fe7459cfc51ff5129ce1a732bbef5928568b8092d412ef95611616376bbeed?s=96&d=mm&r=g\",\"caption\":\"f1000024\"},\"url\":\"https:\\\/\\\/cvinoticias.com\\\/v3\\\/author\\\/f1000024\\\/\"}]}<\/script>\n<!-- \/ Yoast SEO plugin. -->","yoast_head_json":{"title":"La UNaM abre inscripci\u00f3n y dispone de 80 plazas en albergues | CVI NOTICIAS","description":"La UNaM abri\u00f3 la inscripci\u00f3n a los albergues y a\u00fan dispone de 80 plazas para nuevas y nuevos estudiantes.","robots":{"index":"index","follow":"follow","max-snippet":"max-snippet:-1","max-image-preview":"max-image-preview:large","max-video-preview":"max-video-preview:-1"},"canonical":"https:\/\/cvinoticias.com\/v3\/la-unam-inscribe-para-los-albergues-y-aun-cuenta-con-unas-80-plazas\/","og_locale":"es_ES","og_type":"article","og_title":"La UNaM abre inscripci\u00f3n y dispone de 80 plazas en albergues | CVI NOTICIAS","og_description":"La UNaM abri\u00f3 la inscripci\u00f3n a los albergues y a\u00fan dispone de 80 plazas para nuevas y nuevos estudiantes.","og_url":"https:\/\/cvinoticias.com\/v3\/la-unam-inscribe-para-los-albergues-y-aun-cuenta-con-unas-80-plazas\/","og_site_name":"CVI NOTICIAS","article_publisher":"https:\/\/www.facebook.com\/cvinoticias","article_published_time":"2025-12-04T11:52:27+00:00","article_modified_time":"2025-12-04T11:52:28+00:00","og_image":[{"width":992,"height":791,"url":"https:\/\/cvinoticias.com\/wp-content\/uploads\/2025\/12\/md-3.webp","type":"image\/webp"}],"author":"f1000024","twitter_card":"summary_large_image","twitter_misc":{"Escrito por":"f1000024","Tiempo de lectura":"4 minutos"},"schema":{"@context":"https:\/\/schema.org","@graph":[{"@type":"Article","@id":"https:\/\/cvinoticias.com\/v3\/la-unam-inscribe-para-los-albergues-y-aun-cuenta-con-unas-80-plazas\/#article","isPartOf":{"@id":"https:\/\/cvinoticias.com\/v3\/la-unam-inscribe-para-los-albergues-y-aun-cuenta-con-unas-80-plazas\/"},"author":{"name":"f1000024","@id":"https:\/\/cvinoticias.com\/v3\/#\/schema\/person\/2db77e3c6bc03c538495d7b2b8be9b66"},"headline":"La Unam inscribe para los albergues y a\u00fan cuenta con unas 80 plazas","datePublished":"2025-12-04T11:52:27+00:00","dateModified":"2025-12-04T11:52:28+00:00","mainEntityOfPage":{"@id":"https:\/\/cvinoticias.com\/v3\/la-unam-inscribe-para-los-albergues-y-aun-cuenta-con-unas-80-plazas\/"},"wordCount":794,"commentCount":0,"publisher":{"@id":"https:\/\/cvinoticias.com\/v3\/#organization"},"image":{"@id":"https:\/\/cvinoticias.com\/v3\/la-unam-inscribe-para-los-albergues-y-aun-cuenta-con-unas-80-plazas\/#primaryimage"},"thumbnailUrl":"https:\/\/cvinoticias.com\/wp-content\/uploads\/2025\/12\/md-3.webp","keywords":["Inscripciones","Misiones","Unam"],"articleSection":["Educaci\u00f3n"],"inLanguage":"es","potentialAction":[{"@type":"CommentAction","name":"Comment","target":["https:\/\/cvinoticias.com\/v3\/la-unam-inscribe-para-los-albergues-y-aun-cuenta-con-unas-80-plazas\/#respond"]}]},{"@type":"WebPage","@id":"https:\/\/cvinoticias.com\/v3\/la-unam-inscribe-para-los-albergues-y-aun-cuenta-con-unas-80-plazas\/","url":"https:\/\/cvinoticias.com\/v3\/la-unam-inscribe-para-los-albergues-y-aun-cuenta-con-unas-80-plazas\/","name":"La UNaM abre inscripci\u00f3n y dispone de 80 plazas en albergues | CVI NOTICIAS","isPartOf":{"@id":"https:\/\/cvinoticias.com\/v3\/#website"},"primaryImageOfPage":{"@id":"https:\/\/cvinoticias.com\/v3\/la-unam-inscribe-para-los-albergues-y-aun-cuenta-con-unas-80-plazas\/#primaryimage"},"image":{"@id":"https:\/\/cvinoticias.com\/v3\/la-unam-inscribe-para-los-albergues-y-aun-cuenta-con-unas-80-plazas\/#primaryimage"},"thumbnailUrl":"https:\/\/cvinoticias.com\/wp-content\/uploads\/2025\/12\/md-3.webp","datePublished":"2025-12-04T11:52:27+00:00","dateModified":"2025-12-04T11:52:28+00:00","description":"La UNaM abri\u00f3 la inscripci\u00f3n a los albergues y a\u00fan dispone de 80 plazas para nuevas y nuevos estudiantes.","breadcrumb":{"@id":"https:\/\/cvinoticias.com\/v3\/la-unam-inscribe-para-los-albergues-y-aun-cuenta-con-unas-80-plazas\/#breadcrumb"},"inLanguage":"es","potentialAction":[{"@type":"ReadAction","target":["https:\/\/cvinoticias.com\/v3\/la-unam-inscribe-para-los-albergues-y-aun-cuenta-con-unas-80-plazas\/"]}]},{"@type":"ImageObject","inLanguage":"es","@id":"https:\/\/cvinoticias.com\/v3\/la-unam-inscribe-para-los-albergues-y-aun-cuenta-con-unas-80-plazas\/#primaryimage","url":"https:\/\/cvinoticias.com\/wp-content\/uploads\/2025\/12\/md-3.webp","contentUrl":"https:\/\/cvinoticias.com\/wp-content\/uploads\/2025\/12\/md-3.webp","width":992,"height":791},{"@type":"BreadcrumbList","@id":"https:\/\/cvinoticias.com\/v3\/la-unam-inscribe-para-los-albergues-y-aun-cuenta-con-unas-80-plazas\/#breadcrumb","itemListElement":[{"@type":"ListItem","position":1,"name":"Portada","item":"https:\/\/cvinoticias.com\/v3\/"},{"@type":"ListItem","position":2,"name":"La Unam inscribe para los albergues y a\u00fan cuenta con unas 80 plazas"}]},{"@type":"WebSite","@id":"https:\/\/cvinoticias.com\/v3\/#website","url":"https:\/\/cvinoticias.com\/v3\/","name":"CVI NOTICIAS","description":"","publisher":{"@id":"https:\/\/cvinoticias.com\/v3\/#organization"},"alternateName":"CVI","potentialAction":[{"@type":"SearchAction","target":{"@type":"EntryPoint","urlTemplate":"https:\/\/cvinoticias.com\/v3\/?s={search_term_string}"},"query-input":{"@type":"PropertyValueSpecification","valueRequired":true,"valueName":"search_term_string"}}],"inLanguage":"es"},{"@type":"Organization","@id":"https:\/\/cvinoticias.com\/v3\/#organization","name":"CVI NOTICIAS","url":"https:\/\/cvinoticias.com\/v3\/","logo":{"@type":"ImageObject","inLanguage":"es","@id":"https:\/\/cvinoticias.com\/v3\/#\/schema\/logo\/image\/","url":"https:\/\/cvinoticias.com\/wp-content\/uploads\/2023\/04\/cropped-cropped-cropped-cropped-cropped-3-1.png","contentUrl":"https:\/\/cvinoticias.com\/wp-content\/uploads\/2023\/04\/cropped-cropped-cropped-cropped-cropped-3-1.png","width":95,"height":122,"caption":"CVI NOTICIAS"},"image":{"@id":"https:\/\/cvinoticias.com\/v3\/#\/schema\/logo\/image\/"},"sameAs":["https:\/\/www.facebook.com\/cvinoticias","https:\/\/www.instagram.com\/cvinoticias\/","https:\/\/www.youtube.com\/@CVINOTICIAS"]},{"@type":"Person","@id":"https:\/\/cvinoticias.com\/v3\/#\/schema\/person\/2db77e3c6bc03c538495d7b2b8be9b66","name":"f1000024","image":{"@type":"ImageObject","inLanguage":"es","@id":"https:\/\/secure.gravatar.com\/avatar\/d4fe7459cfc51ff5129ce1a732bbef5928568b8092d412ef95611616376bbeed?s=96&d=mm&r=g","url":"https:\/\/secure.gravatar.com\/avatar\/d4fe7459cfc51ff5129ce1a732bbef5928568b8092d412ef95611616376bbeed?s=96&d=mm&r=g","contentUrl":"https:\/\/secure.gravatar.com\/avatar\/d4fe7459cfc51ff5129ce1a732bbef5928568b8092d412ef95611616376bbeed?s=96&d=mm&r=g","caption":"f1000024"},"url":"https:\/\/cvinoticias.com\/v3\/author\/f1000024\/"}]}},"_links":{"self":[{"href":"https:\/\/cvinoticias.com\/v3\/wp-json\/wp\/v2\/posts\/52324","targetHints":{"allow":["GET"]}}],"collection":[{"href":"https:\/\/cvinoticias.com\/v3\/wp-json\/wp\/v2\/posts"}],"about":[{"href":"https:\/\/cvinoticias.com\/v3\/wp-json\/wp\/v2\/types\/post"}],"author":[{"embeddable":true,"href":"https:\/\/cvinoticias.com\/v3\/wp-json\/wp\/v2\/users\/2"}],"replies":[{"embeddable":true,"href":"https:\/\/cvinoticias.com\/v3\/wp-json\/wp\/v2\/comments?post=52324"}],"version-history":[{"count":1,"href":"https:\/\/cvinoticias.com\/v3\/wp-json\/wp\/v2\/posts\/52324\/revisions"}],"predecessor-version":[{"id":52326,"href":"https:\/\/cvinoticias.com\/v3\/wp-json\/wp\/v2\/posts\/52324\/revisions\/52326"}],"wp:featuredmedia":[{"embeddable":true,"href":"https:\/\/cvinoticias.com\/v3\/wp-json\/wp\/v2\/media\/52325"}],"wp:attachment":[{"href":"https:\/\/cvinoticias.com\/v3\/wp-json\/wp\/v2\/media?parent=52324"}],"wp:term":[{"taxonomy":"category","embeddable":true,"href":"https:\/\/cvinoticias.com\/v3\/wp-json\/wp\/v2\/categories?post=52324"},{"taxonomy":"post_tag","embeddable":true,"href":"https:\/\/cvinoticias.com\/v3\/wp-json\/wp\/v2\/tags?post=52324"}],"curies":[{"name":"wp","href":"https:\/\/api.w.org\/{rel}","templated":true}]}}