{"id":52258,"date":"2025-12-02T09:23:41","date_gmt":"2025-12-02T12:23:41","guid":{"rendered":"https:\/\/cvinoticias.com\/v3\/?p=52258"},"modified":"2025-12-02T09:23:42","modified_gmt":"2025-12-02T12:23:42","slug":"capturaron-a-otro-de-los-evadidos-de-la-comisaria-de-bernardo-de-irigoyen","status":"publish","type":"post","link":"https:\/\/cvinoticias.com\/v3\/capturaron-a-otro-de-los-evadidos-de-la-comisaria-de-bernardo-de-irigoyen\/","title":{"rendered":"Capturaron a otro de los evadidos de la comisar\u00eda de Bernardo de Irigoyen"},"content":{"rendered":"\n<p>La&nbsp;<strong>Divisi\u00f3n Defensa del Medio Ambiente y Delitos Rurales<\/strong>&nbsp;recaptur\u00f3 este lunes por la noche a&nbsp;<strong>Jorge Guillermo Ojeda (29)<\/strong>, quien se encontraba pr\u00f3fugo tras evadirse en la madrugada de la Comisar\u00eda de Bernardo de Irigoyen, perteneciente a la&nbsp;<strong>Unidad Regional XII<\/strong>.<\/p>\n\n\n\n<p>El procedimiento se concret\u00f3 cerca de las&nbsp;<strong>21:00<\/strong>, en el barrio&nbsp;<strong>Tr\u00e1nsito Pesado<\/strong>&nbsp;de Bernardo de Irigoyen, durante un operativo de b\u00fasqueda y captura desplegado en zonas urbanas y sectores rurales sensibles del corredor norte provincial. Los efectivos identificaron al sospechoso y procedieron a su detenci\u00f3n sin incidentes ni personas lesionadas.<\/p>\n\n\n\n<p>Ojeda es el\u00a0<strong>segundo recapturado<\/strong>\u00a0del grupo de siete evadidos. Horas despu\u00e9s de la fuga,\u00a0una patrulla del Comando de San Antonio hab\u00eda logrado detener nuevamente a\u00a0<strong>Ferreira \u00c1lvez Juan Jos\u00e9<\/strong>, quien fue alojado en sede policial. Con la aprehensi\u00f3n de Ojeda, restan\u00a0<strong>cinco pr\u00f3fugos<\/strong>, todos con causas penales abiertas por delitos de distinta \u00edndole.<\/p>\n\n\n\n<p>La fuga se produjo pasada la medianoche del domingo, cuando el personal de guardia constat\u00f3 un boquete en la pared del ba\u00f1o del calabozo. Desde entonces, la Polic\u00eda despleg\u00f3 un&nbsp;<strong>operativo cerrojo<\/strong>&nbsp;con controles de accesos, rastrillajes en zonas de monte, patrullajes terrestres y a\u00e9reos con drones, canes rastreadores y grupos t\u00e1cticos en puntos estrat\u00e9gicos y caminos secundarios.<\/p>\n\n\n\n<p>El dispositivo cuenta con la colaboraci\u00f3n activa de todas las unidades regionales y comisar\u00edas aleda\u00f1as, adem\u00e1s de la&nbsp;<strong>Polic\u00eda Militar de Brasil<\/strong>, mediante intercambio de informaci\u00f3n en tiempo real y controles reforzados en la l\u00ednea de frontera.<\/p>\n\n\n\n<p>En paralelo, la Jefatura orden\u00f3 a&nbsp;<strong>Asuntos Internos<\/strong>&nbsp;el inicio de una investigaci\u00f3n administrativa para determinar responsabilidades vinculadas a la custodia de los detenidos al momento del hecho.<\/p>\n\n\n\n<p>Fuente: Canal 12 Misiones<\/p>\n","protected":false},"excerpt":{"rendered":"<p>La&nbsp;Divisi\u00f3n Defensa del Medio Ambiente y Delitos Rurales&nbsp;recaptur\u00f3 este lunes por la noche a&nbsp;Jorge Guillermo Ojeda (29), quien se encontraba pr\u00f3fugo tras evadirse en la madrugada de la Comisar\u00eda de Bernardo de Irigoyen, perteneciente a la&nbsp;Unidad Regional XII. El procedimiento se concret\u00f3 cerca de las&nbsp;21:00, en el barrio&nbsp;Tr\u00e1nsito Pesado&nbsp;de Bernardo de Irigoyen, durante un operativo [&hellip;]<\/p>\n","protected":false},"author":2,"featured_media":52259,"comment_status":"open","ping_status":"closed","sticky":false,"template":"","format":"standard","meta":{"footnotes":""},"categories":[41],"tags":[4578,4576,4577],"class_list":["post-52258","post","type-post","status-publish","format-standard","has-post-thumbnail","hentry","category-policiales","tag-bernardo-de-irigoyen","tag-capturaton","tag-profugo-2"],"yoast_head":"<!-- This site is optimized with the Yoast SEO plugin v27.5 - https:\/\/yoast.com\/product\/yoast-seo-wordpress\/ -->\n<title>Capturaron a otro de los evadidos en Bernardo de Irigoyen | CVI NOTICIAS<\/title>\n<meta name=\"description\" content=\"Capturaron a otro de los evadidos tras la fuga en la comisar\u00eda de Bernardo de Irigoyen.\" \/>\n<meta name=\"robots\" content=\"index, follow, max-snippet:-1, max-image-preview:large, max-video-preview:-1\" \/>\n<link rel=\"canonical\" href=\"https:\/\/cvinoticias.com\/v3\/capturaron-a-otro-de-los-evadidos-de-la-comisaria-de-bernardo-de-irigoyen\/\" \/>\n<meta property=\"og:locale\" content=\"es_ES\" \/>\n<meta property=\"og:type\" content=\"article\" \/>\n<meta property=\"og:title\" content=\"Capturaron a otro de los evadidos en Bernardo de Irigoyen | CVI NOTICIAS\" \/>\n<meta property=\"og:description\" content=\"Capturaron a otro de los evadidos tras la fuga en la comisar\u00eda de Bernardo de Irigoyen.\" \/>\n<meta property=\"og:url\" content=\"https:\/\/cvinoticias.com\/v3\/capturaron-a-otro-de-los-evadidos-de-la-comisaria-de-bernardo-de-irigoyen\/\" \/>\n<meta property=\"og:site_name\" content=\"CVI NOTICIAS\" \/>\n<meta property=\"article:publisher\" content=\"https:\/\/www.facebook.com\/cvinoticias\" \/>\n<meta property=\"article:published_time\" content=\"2025-12-02T12:23:41+00:00\" \/>\n<meta property=\"article:modified_time\" content=\"2025-12-02T12:23:42+00:00\" \/>\n<meta property=\"og:image\" content=\"https:\/\/cvinoticias.com\/wp-content\/uploads\/2025\/12\/WhatsApp-Image-2025-12-01-at-21.51.57.webp\" \/>\n\t<meta property=\"og:image:width\" content=\"564\" \/>\n\t<meta property=\"og:image:height\" content=\"425\" \/>\n\t<meta property=\"og:image:type\" content=\"image\/webp\" \/>\n<meta name=\"author\" content=\"f1000024\" \/>\n<meta name=\"twitter:card\" content=\"summary_large_image\" \/>\n<meta name=\"twitter:label1\" content=\"Escrito por\" \/>\n\t<meta name=\"twitter:data1\" content=\"f1000024\" \/>\n\t<meta name=\"twitter:label2\" content=\"Tiempo de lectura\" \/>\n\t<meta name=\"twitter:data2\" content=\"2 minutos\" \/>\n<script type=\"application\/ld+json\" class=\"yoast-schema-graph\">{\"@context\":\"https:\\\/\\\/schema.org\",\"@graph\":[{\"@type\":\"Article\",\"@id\":\"https:\\\/\\\/cvinoticias.com\\\/v3\\\/capturaron-a-otro-de-los-evadidos-de-la-comisaria-de-bernardo-de-irigoyen\\\/#article\",\"isPartOf\":{\"@id\":\"https:\\\/\\\/cvinoticias.com\\\/v3\\\/capturaron-a-otro-de-los-evadidos-de-la-comisaria-de-bernardo-de-irigoyen\\\/\"},\"author\":{\"name\":\"f1000024\",\"@id\":\"https:\\\/\\\/cvinoticias.com\\\/v3\\\/#\\\/schema\\\/person\\\/2db77e3c6bc03c538495d7b2b8be9b66\"},\"headline\":\"Capturaron a otro de los evadidos de la comisar\u00eda de Bernardo de Irigoyen\",\"datePublished\":\"2025-12-02T12:23:41+00:00\",\"dateModified\":\"2025-12-02T12:23:42+00:00\",\"mainEntityOfPage\":{\"@id\":\"https:\\\/\\\/cvinoticias.com\\\/v3\\\/capturaron-a-otro-de-los-evadidos-de-la-comisaria-de-bernardo-de-irigoyen\\\/\"},\"wordCount\":321,\"commentCount\":0,\"publisher\":{\"@id\":\"https:\\\/\\\/cvinoticias.com\\\/v3\\\/#organization\"},\"image\":{\"@id\":\"https:\\\/\\\/cvinoticias.com\\\/v3\\\/capturaron-a-otro-de-los-evadidos-de-la-comisaria-de-bernardo-de-irigoyen\\\/#primaryimage\"},\"thumbnailUrl\":\"https:\\\/\\\/cvinoticias.com\\\/wp-content\\\/uploads\\\/2025\\\/12\\\/WhatsApp-Image-2025-12-01-at-21.51.57.webp\",\"keywords\":[\"Bernardo de Irigoyen\",\"capturaton\",\"profugo\"],\"articleSection\":[\"Policiales\"],\"inLanguage\":\"es\",\"potentialAction\":[{\"@type\":\"CommentAction\",\"name\":\"Comment\",\"target\":[\"https:\\\/\\\/cvinoticias.com\\\/v3\\\/capturaron-a-otro-de-los-evadidos-de-la-comisaria-de-bernardo-de-irigoyen\\\/#respond\"]}]},{\"@type\":\"WebPage\",\"@id\":\"https:\\\/\\\/cvinoticias.com\\\/v3\\\/capturaron-a-otro-de-los-evadidos-de-la-comisaria-de-bernardo-de-irigoyen\\\/\",\"url\":\"https:\\\/\\\/cvinoticias.com\\\/v3\\\/capturaron-a-otro-de-los-evadidos-de-la-comisaria-de-bernardo-de-irigoyen\\\/\",\"name\":\"Capturaron a otro de los evadidos en Bernardo de Irigoyen | CVI NOTICIAS\",\"isPartOf\":{\"@id\":\"https:\\\/\\\/cvinoticias.com\\\/v3\\\/#website\"},\"primaryImageOfPage\":{\"@id\":\"https:\\\/\\\/cvinoticias.com\\\/v3\\\/capturaron-a-otro-de-los-evadidos-de-la-comisaria-de-bernardo-de-irigoyen\\\/#primaryimage\"},\"image\":{\"@id\":\"https:\\\/\\\/cvinoticias.com\\\/v3\\\/capturaron-a-otro-de-los-evadidos-de-la-comisaria-de-bernardo-de-irigoyen\\\/#primaryimage\"},\"thumbnailUrl\":\"https:\\\/\\\/cvinoticias.com\\\/wp-content\\\/uploads\\\/2025\\\/12\\\/WhatsApp-Image-2025-12-01-at-21.51.57.webp\",\"datePublished\":\"2025-12-02T12:23:41+00:00\",\"dateModified\":\"2025-12-02T12:23:42+00:00\",\"description\":\"Capturaron a otro de los evadidos tras la fuga en la comisar\u00eda de Bernardo de Irigoyen.\",\"breadcrumb\":{\"@id\":\"https:\\\/\\\/cvinoticias.com\\\/v3\\\/capturaron-a-otro-de-los-evadidos-de-la-comisaria-de-bernardo-de-irigoyen\\\/#breadcrumb\"},\"inLanguage\":\"es\",\"potentialAction\":[{\"@type\":\"ReadAction\",\"target\":[\"https:\\\/\\\/cvinoticias.com\\\/v3\\\/capturaron-a-otro-de-los-evadidos-de-la-comisaria-de-bernardo-de-irigoyen\\\/\"]}]},{\"@type\":\"ImageObject\",\"inLanguage\":\"es\",\"@id\":\"https:\\\/\\\/cvinoticias.com\\\/v3\\\/capturaron-a-otro-de-los-evadidos-de-la-comisaria-de-bernardo-de-irigoyen\\\/#primaryimage\",\"url\":\"https:\\\/\\\/cvinoticias.com\\\/wp-content\\\/uploads\\\/2025\\\/12\\\/WhatsApp-Image-2025-12-01-at-21.51.57.webp\",\"contentUrl\":\"https:\\\/\\\/cvinoticias.com\\\/wp-content\\\/uploads\\\/2025\\\/12\\\/WhatsApp-Image-2025-12-01-at-21.51.57.webp\",\"width\":564,\"height\":425},{\"@type\":\"BreadcrumbList\",\"@id\":\"https:\\\/\\\/cvinoticias.com\\\/v3\\\/capturaron-a-otro-de-los-evadidos-de-la-comisaria-de-bernardo-de-irigoyen\\\/#breadcrumb\",\"itemListElement\":[{\"@type\":\"ListItem\",\"position\":1,\"name\":\"Portada\",\"item\":\"https:\\\/\\\/cvinoticias.com\\\/v3\\\/\"},{\"@type\":\"ListItem\",\"position\":2,\"name\":\"Capturaron a otro de los evadidos de la comisar\u00eda de Bernardo de Irigoyen\"}]},{\"@type\":\"WebSite\",\"@id\":\"https:\\\/\\\/cvinoticias.com\\\/v3\\\/#website\",\"url\":\"https:\\\/\\\/cvinoticias.com\\\/v3\\\/\",\"name\":\"CVI NOTICIAS\",\"description\":\"\",\"publisher\":{\"@id\":\"https:\\\/\\\/cvinoticias.com\\\/v3\\\/#organization\"},\"alternateName\":\"CVI\",\"potentialAction\":[{\"@type\":\"SearchAction\",\"target\":{\"@type\":\"EntryPoint\",\"urlTemplate\":\"https:\\\/\\\/cvinoticias.com\\\/v3\\\/?s={search_term_string}\"},\"query-input\":{\"@type\":\"PropertyValueSpecification\",\"valueRequired\":true,\"valueName\":\"search_term_string\"}}],\"inLanguage\":\"es\"},{\"@type\":\"Organization\",\"@id\":\"https:\\\/\\\/cvinoticias.com\\\/v3\\\/#organization\",\"name\":\"CVI NOTICIAS\",\"url\":\"https:\\\/\\\/cvinoticias.com\\\/v3\\\/\",\"logo\":{\"@type\":\"ImageObject\",\"inLanguage\":\"es\",\"@id\":\"https:\\\/\\\/cvinoticias.com\\\/v3\\\/#\\\/schema\\\/logo\\\/image\\\/\",\"url\":\"https:\\\/\\\/cvinoticias.com\\\/wp-content\\\/uploads\\\/2023\\\/04\\\/cropped-cropped-cropped-cropped-cropped-3-1.png\",\"contentUrl\":\"https:\\\/\\\/cvinoticias.com\\\/wp-content\\\/uploads\\\/2023\\\/04\\\/cropped-cropped-cropped-cropped-cropped-3-1.png\",\"width\":95,\"height\":122,\"caption\":\"CVI NOTICIAS\"},\"image\":{\"@id\":\"https:\\\/\\\/cvinoticias.com\\\/v3\\\/#\\\/schema\\\/logo\\\/image\\\/\"},\"sameAs\":[\"https:\\\/\\\/www.facebook.com\\\/cvinoticias\",\"https:\\\/\\\/www.instagram.com\\\/cvinoticias\\\/\",\"https:\\\/\\\/www.youtube.com\\\/@CVINOTICIAS\"]},{\"@type\":\"Person\",\"@id\":\"https:\\\/\\\/cvinoticias.com\\\/v3\\\/#\\\/schema\\\/person\\\/2db77e3c6bc03c538495d7b2b8be9b66\",\"name\":\"f1000024\",\"image\":{\"@type\":\"ImageObject\",\"inLanguage\":\"es\",\"@id\":\"https:\\\/\\\/secure.gravatar.com\\\/avatar\\\/d4fe7459cfc51ff5129ce1a732bbef5928568b8092d412ef95611616376bbeed?s=96&d=mm&r=g\",\"url\":\"https:\\\/\\\/secure.gravatar.com\\\/avatar\\\/d4fe7459cfc51ff5129ce1a732bbef5928568b8092d412ef95611616376bbeed?s=96&d=mm&r=g\",\"contentUrl\":\"https:\\\/\\\/secure.gravatar.com\\\/avatar\\\/d4fe7459cfc51ff5129ce1a732bbef5928568b8092d412ef95611616376bbeed?s=96&d=mm&r=g\",\"caption\":\"f1000024\"},\"url\":\"https:\\\/\\\/cvinoticias.com\\\/v3\\\/author\\\/f1000024\\\/\"}]}<\/script>\n<!-- \/ Yoast SEO plugin. -->","yoast_head_json":{"title":"Capturaron a otro de los evadidos en Bernardo de Irigoyen | CVI NOTICIAS","description":"Capturaron a otro de los evadidos tras la fuga en la comisar\u00eda de Bernardo de Irigoyen.","robots":{"index":"index","follow":"follow","max-snippet":"max-snippet:-1","max-image-preview":"max-image-preview:large","max-video-preview":"max-video-preview:-1"},"canonical":"https:\/\/cvinoticias.com\/v3\/capturaron-a-otro-de-los-evadidos-de-la-comisaria-de-bernardo-de-irigoyen\/","og_locale":"es_ES","og_type":"article","og_title":"Capturaron a otro de los evadidos en Bernardo de Irigoyen | CVI NOTICIAS","og_description":"Capturaron a otro de los evadidos tras la fuga en la comisar\u00eda de Bernardo de Irigoyen.","og_url":"https:\/\/cvinoticias.com\/v3\/capturaron-a-otro-de-los-evadidos-de-la-comisaria-de-bernardo-de-irigoyen\/","og_site_name":"CVI NOTICIAS","article_publisher":"https:\/\/www.facebook.com\/cvinoticias","article_published_time":"2025-12-02T12:23:41+00:00","article_modified_time":"2025-12-02T12:23:42+00:00","og_image":[{"width":564,"height":425,"url":"https:\/\/cvinoticias.com\/wp-content\/uploads\/2025\/12\/WhatsApp-Image-2025-12-01-at-21.51.57.webp","type":"image\/webp"}],"author":"f1000024","twitter_card":"summary_large_image","twitter_misc":{"Escrito por":"f1000024","Tiempo de lectura":"2 minutos"},"schema":{"@context":"https:\/\/schema.org","@graph":[{"@type":"Article","@id":"https:\/\/cvinoticias.com\/v3\/capturaron-a-otro-de-los-evadidos-de-la-comisaria-de-bernardo-de-irigoyen\/#article","isPartOf":{"@id":"https:\/\/cvinoticias.com\/v3\/capturaron-a-otro-de-los-evadidos-de-la-comisaria-de-bernardo-de-irigoyen\/"},"author":{"name":"f1000024","@id":"https:\/\/cvinoticias.com\/v3\/#\/schema\/person\/2db77e3c6bc03c538495d7b2b8be9b66"},"headline":"Capturaron a otro de los evadidos de la comisar\u00eda de Bernardo de Irigoyen","datePublished":"2025-12-02T12:23:41+00:00","dateModified":"2025-12-02T12:23:42+00:00","mainEntityOfPage":{"@id":"https:\/\/cvinoticias.com\/v3\/capturaron-a-otro-de-los-evadidos-de-la-comisaria-de-bernardo-de-irigoyen\/"},"wordCount":321,"commentCount":0,"publisher":{"@id":"https:\/\/cvinoticias.com\/v3\/#organization"},"image":{"@id":"https:\/\/cvinoticias.com\/v3\/capturaron-a-otro-de-los-evadidos-de-la-comisaria-de-bernardo-de-irigoyen\/#primaryimage"},"thumbnailUrl":"https:\/\/cvinoticias.com\/wp-content\/uploads\/2025\/12\/WhatsApp-Image-2025-12-01-at-21.51.57.webp","keywords":["Bernardo de Irigoyen","capturaton","profugo"],"articleSection":["Policiales"],"inLanguage":"es","potentialAction":[{"@type":"CommentAction","name":"Comment","target":["https:\/\/cvinoticias.com\/v3\/capturaron-a-otro-de-los-evadidos-de-la-comisaria-de-bernardo-de-irigoyen\/#respond"]}]},{"@type":"WebPage","@id":"https:\/\/cvinoticias.com\/v3\/capturaron-a-otro-de-los-evadidos-de-la-comisaria-de-bernardo-de-irigoyen\/","url":"https:\/\/cvinoticias.com\/v3\/capturaron-a-otro-de-los-evadidos-de-la-comisaria-de-bernardo-de-irigoyen\/","name":"Capturaron a otro de los evadidos en Bernardo de Irigoyen | CVI NOTICIAS","isPartOf":{"@id":"https:\/\/cvinoticias.com\/v3\/#website"},"primaryImageOfPage":{"@id":"https:\/\/cvinoticias.com\/v3\/capturaron-a-otro-de-los-evadidos-de-la-comisaria-de-bernardo-de-irigoyen\/#primaryimage"},"image":{"@id":"https:\/\/cvinoticias.com\/v3\/capturaron-a-otro-de-los-evadidos-de-la-comisaria-de-bernardo-de-irigoyen\/#primaryimage"},"thumbnailUrl":"https:\/\/cvinoticias.com\/wp-content\/uploads\/2025\/12\/WhatsApp-Image-2025-12-01-at-21.51.57.webp","datePublished":"2025-12-02T12:23:41+00:00","dateModified":"2025-12-02T12:23:42+00:00","description":"Capturaron a otro de los evadidos tras la fuga en la comisar\u00eda de Bernardo de Irigoyen.","breadcrumb":{"@id":"https:\/\/cvinoticias.com\/v3\/capturaron-a-otro-de-los-evadidos-de-la-comisaria-de-bernardo-de-irigoyen\/#breadcrumb"},"inLanguage":"es","potentialAction":[{"@type":"ReadAction","target":["https:\/\/cvinoticias.com\/v3\/capturaron-a-otro-de-los-evadidos-de-la-comisaria-de-bernardo-de-irigoyen\/"]}]},{"@type":"ImageObject","inLanguage":"es","@id":"https:\/\/cvinoticias.com\/v3\/capturaron-a-otro-de-los-evadidos-de-la-comisaria-de-bernardo-de-irigoyen\/#primaryimage","url":"https:\/\/cvinoticias.com\/wp-content\/uploads\/2025\/12\/WhatsApp-Image-2025-12-01-at-21.51.57.webp","contentUrl":"https:\/\/cvinoticias.com\/wp-content\/uploads\/2025\/12\/WhatsApp-Image-2025-12-01-at-21.51.57.webp","width":564,"height":425},{"@type":"BreadcrumbList","@id":"https:\/\/cvinoticias.com\/v3\/capturaron-a-otro-de-los-evadidos-de-la-comisaria-de-bernardo-de-irigoyen\/#breadcrumb","itemListElement":[{"@type":"ListItem","position":1,"name":"Portada","item":"https:\/\/cvinoticias.com\/v3\/"},{"@type":"ListItem","position":2,"name":"Capturaron a otro de los evadidos de la comisar\u00eda de Bernardo de Irigoyen"}]},{"@type":"WebSite","@id":"https:\/\/cvinoticias.com\/v3\/#website","url":"https:\/\/cvinoticias.com\/v3\/","name":"CVI NOTICIAS","description":"","publisher":{"@id":"https:\/\/cvinoticias.com\/v3\/#organization"},"alternateName":"CVI","potentialAction":[{"@type":"SearchAction","target":{"@type":"EntryPoint","urlTemplate":"https:\/\/cvinoticias.com\/v3\/?s={search_term_string}"},"query-input":{"@type":"PropertyValueSpecification","valueRequired":true,"valueName":"search_term_string"}}],"inLanguage":"es"},{"@type":"Organization","@id":"https:\/\/cvinoticias.com\/v3\/#organization","name":"CVI NOTICIAS","url":"https:\/\/cvinoticias.com\/v3\/","logo":{"@type":"ImageObject","inLanguage":"es","@id":"https:\/\/cvinoticias.com\/v3\/#\/schema\/logo\/image\/","url":"https:\/\/cvinoticias.com\/wp-content\/uploads\/2023\/04\/cropped-cropped-cropped-cropped-cropped-3-1.png","contentUrl":"https:\/\/cvinoticias.com\/wp-content\/uploads\/2023\/04\/cropped-cropped-cropped-cropped-cropped-3-1.png","width":95,"height":122,"caption":"CVI NOTICIAS"},"image":{"@id":"https:\/\/cvinoticias.com\/v3\/#\/schema\/logo\/image\/"},"sameAs":["https:\/\/www.facebook.com\/cvinoticias","https:\/\/www.instagram.com\/cvinoticias\/","https:\/\/www.youtube.com\/@CVINOTICIAS"]},{"@type":"Person","@id":"https:\/\/cvinoticias.com\/v3\/#\/schema\/person\/2db77e3c6bc03c538495d7b2b8be9b66","name":"f1000024","image":{"@type":"ImageObject","inLanguage":"es","@id":"https:\/\/secure.gravatar.com\/avatar\/d4fe7459cfc51ff5129ce1a732bbef5928568b8092d412ef95611616376bbeed?s=96&d=mm&r=g","url":"https:\/\/secure.gravatar.com\/avatar\/d4fe7459cfc51ff5129ce1a732bbef5928568b8092d412ef95611616376bbeed?s=96&d=mm&r=g","contentUrl":"https:\/\/secure.gravatar.com\/avatar\/d4fe7459cfc51ff5129ce1a732bbef5928568b8092d412ef95611616376bbeed?s=96&d=mm&r=g","caption":"f1000024"},"url":"https:\/\/cvinoticias.com\/v3\/author\/f1000024\/"}]}},"_links":{"self":[{"href":"https:\/\/cvinoticias.com\/v3\/wp-json\/wp\/v2\/posts\/52258","targetHints":{"allow":["GET"]}}],"collection":[{"href":"https:\/\/cvinoticias.com\/v3\/wp-json\/wp\/v2\/posts"}],"about":[{"href":"https:\/\/cvinoticias.com\/v3\/wp-json\/wp\/v2\/types\/post"}],"author":[{"embeddable":true,"href":"https:\/\/cvinoticias.com\/v3\/wp-json\/wp\/v2\/users\/2"}],"replies":[{"embeddable":true,"href":"https:\/\/cvinoticias.com\/v3\/wp-json\/wp\/v2\/comments?post=52258"}],"version-history":[{"count":1,"href":"https:\/\/cvinoticias.com\/v3\/wp-json\/wp\/v2\/posts\/52258\/revisions"}],"predecessor-version":[{"id":52260,"href":"https:\/\/cvinoticias.com\/v3\/wp-json\/wp\/v2\/posts\/52258\/revisions\/52260"}],"wp:featuredmedia":[{"embeddable":true,"href":"https:\/\/cvinoticias.com\/v3\/wp-json\/wp\/v2\/media\/52259"}],"wp:attachment":[{"href":"https:\/\/cvinoticias.com\/v3\/wp-json\/wp\/v2\/media?parent=52258"}],"wp:term":[{"taxonomy":"category","embeddable":true,"href":"https:\/\/cvinoticias.com\/v3\/wp-json\/wp\/v2\/categories?post=52258"},{"taxonomy":"post_tag","embeddable":true,"href":"https:\/\/cvinoticias.com\/v3\/wp-json\/wp\/v2\/tags?post=52258"}],"curies":[{"name":"wp","href":"https:\/\/api.w.org\/{rel}","templated":true}]}}