{"id":52206,"date":"2025-12-01T04:58:06","date_gmt":"2025-12-01T07:58:06","guid":{"rendered":"https:\/\/cvinoticias.com\/v3\/?p=52206"},"modified":"2025-12-01T04:58:07","modified_gmt":"2025-12-01T07:58:07","slug":"misiones-confirmo-fecha-de-inicio-de-las-clases-tras-la-aprobacion-del-calendario-2026","status":"publish","type":"post","link":"https:\/\/cvinoticias.com\/v3\/misiones-confirmo-fecha-de-inicio-de-las-clases-tras-la-aprobacion-del-calendario-2026\/","title":{"rendered":"Misiones confirm\u00f3 fecha de inicio de las clases tras la aprobaci\u00f3n del Calendario 2026"},"content":{"rendered":"\n<p>El\u00a0<strong>Ministerio de Educaci\u00f3n<\/strong>\u00a0aprob\u00f3 el\u00a0<strong>Calendario Escolar 2026\u00a0<\/strong>mediante la Resoluci\u00f3n 704\/25 y fij\u00f3 el inicio de clases para el 2 de marzo, fecha que regir\u00e1 en todos los niveles obligatorios. El\u00a0ciclo escolar\u00a0se extender\u00e1 hasta el 4 de diciembre para quienes aprueben los contenidos. Luego continuar\u00e1 una etapa de fortalecimiento del 7 al 17 de diciembre que cerrar\u00e1 el a\u00f1o acad\u00e9mico el 18 de diciembre.<\/p>\n\n\n\n<figure class=\"wp-block-image\"><img decoding=\"async\" data-src=\"https:\/\/www.canal12misiones.com\/wp-content\/uploads\/2025\/02\/image-105.png\" alt=\"Clases\" class=\"wp-image-461701 lazyload\" src=\"data:image\/svg+xml;base64,PHN2ZyB3aWR0aD0iMSIgaGVpZ2h0PSIxIiB4bWxucz0iaHR0cDovL3d3dy53My5vcmcvMjAwMC9zdmciPjwvc3ZnPg==\" \/><\/figure>\n\n\n\n<p>El\u00a0Ministerio\u00a0asegur\u00f3 el cumplimiento de\u00a0<strong>190 d\u00edas de clases<\/strong>, tal como exige la\u00a0<strong>Resoluci\u00f3n 484\/24<\/strong>\u00a0del Consejo Federal de Educaci\u00f3n. En esa asamblea tambi\u00e9n se anunci\u00f3 un sistema digital que controlar\u00e1 la asistencia real de cada jurisdicci\u00f3n. Esa herramienta permitir\u00e1 seguir el ritmo escolar sin alterar el normal desarrollo de las actividades.<\/p>\n\n\n\n<h3 class=\"wp-block-heading\"><strong>Fechas de presentaci\u00f3n para docentes e instancias de PEI<\/strong><\/h3>\n\n\n\n<p>Los docentes se presentar\u00e1n el&nbsp;<strong>23 de febrero<\/strong>, una semana antes del inicio del ciclo. Entre el 24 y el 27 de febrero se har\u00e1n las mesas de febrero-marzo. El receso de invierno ir\u00e1 del&nbsp;<strong>13 al 24 de julio<\/strong>&nbsp;y marcar\u00e1 el corte del primer semestre.<\/p>\n\n\n\n<p>Las mesas de julio se tomar\u00e1n el 7 y 8 de ese mes sin suspender clases, lo que permitir\u00e1 mantener la continuidad escolar. La etapa de fortalecimiento de trayectorias volver\u00e1 del 7 al 17 de diciembre y alcanzar\u00e1 tanto a primaria como a secundaria.<\/p>\n\n\n\n<figure class=\"wp-block-image\"><img decoding=\"async\" data-src=\"https:\/\/www.canal12misiones.com\/wp-content\/uploads\/2024\/02\/WhatsApp-Image-2024-02-23-at-16.13.20.jpeg\" alt=\"clases misiones\" class=\"wp-image-317466 lazyload\" src=\"data:image\/svg+xml;base64,PHN2ZyB3aWR0aD0iMSIgaGVpZ2h0PSIxIiB4bWxucz0iaHR0cDovL3d3dy53My5vcmcvMjAwMC9zdmciPjwvc3ZnPg==\" \/><\/figure>\n\n\n\n<p>Por otro lado, para el 2026 se prev\u00e9n dos jornadas de&nbsp;<strong>Proyecto Educativo Institucional<\/strong>&nbsp;(PEI). La primera ser\u00e1 el&nbsp;<strong>26 de febrero<\/strong>&nbsp;para escuelas p\u00fablicas del CGE y el&nbsp;<strong>27 de febrero<\/strong>&nbsp;para privadas del SPEPM. La segunda fecha se definir\u00e1 m\u00e1s cerca de noviembre. Adem\u00e1s habr\u00e1 cinco instancias de regularizaci\u00f3n para secundaria el&nbsp;<strong>11 de mayo<\/strong>,&nbsp;<strong>8 de junio<\/strong>,&nbsp;<strong>12 de agosto<\/strong>,&nbsp;<strong>9 de octubre<\/strong>&nbsp;y&nbsp;<strong>13 de noviembre<\/strong>.<\/p>\n\n\n\n<h3 class=\"wp-block-heading\"><strong>Como ser\u00e1n las clases en el nivel terciario<\/strong><\/h3>\n\n\n\n<p>El nivel terciario abrir\u00e1 su ciclo el&nbsp;<strong>30 de marzo<\/strong>&nbsp;y lo sostendr\u00e1 hasta el 13 de noviembre. El primer cuatrimestre ir\u00e1 del 30 de marzo al 10 de julio y el segundo del 10 de agosto al 13 de noviembre.<\/p>\n\n\n\n<p>El nivel superior contar\u00e1 con dos turnos en febrero-marzo, un turno en julio-agosto y dos m\u00e1s en noviembre-diciembre. Esos llamados permitir\u00e1n una organizaci\u00f3n uniforme en todo el sistema.<\/p>\n\n\n\n<h3 class=\"wp-block-heading\">Feriados y fines de semana largos<\/h3>\n\n\n\n<p>El pr\u00f3ximo a\u00f1o tendr\u00e1 doce feriados inamovibles que ya est\u00e1n fijados por ley. Incluyen el&nbsp;<strong>1 de enero<\/strong>, los d\u00edas de&nbsp;<strong>Carnaval<\/strong>, el&nbsp;<strong>24 de marzo<\/strong>, el&nbsp;<strong>2 y 3 de abril<\/strong>, el&nbsp;<strong>1 de mayo<\/strong>, el&nbsp;<strong>25 de mayo<\/strong>, el&nbsp;<strong>20 de junio<\/strong>, el&nbsp;<strong>9 de julio<\/strong>, el&nbsp;<strong>8 de diciembre<\/strong>&nbsp;y el&nbsp;<strong>25 de diciembre<\/strong>. Se espera el decreto nacional para definir los feriados trasladables que deber\u00e1n respetar la Ley 27.399.<\/p>\n\n\n\n<p>Los d\u00edas que podr\u00edan moverse ser\u00e1n el&nbsp;<strong>17 de junio<\/strong>, el&nbsp;<strong>17 de agosto<\/strong>, el&nbsp;<strong>12 de octubre<\/strong>&nbsp;y el&nbsp;<strong>20 de noviembre<\/strong>. Ese esquema ordenar\u00e1 la planificaci\u00f3n escolar y las actividades administrativas.<\/p>\n\n\n\n<p>Sobre los fines de semana largo, por el momento se confirmaron tres fines de semana largos para el 2026. El primero ser\u00e1 el de Carnaval del&nbsp;<strong>14 al 17 de febrero<\/strong>. El segundo llegar\u00e1 con Semana Santa del&nbsp;<strong>2 al 5 de abril<\/strong>.<\/p>\n\n\n\n<p>El tercero ser\u00e1 m\u00e1s tarde y coincidir\u00e1 con el D\u00eda de la Soberan\u00eda Nacional del&nbsp;<strong>20 al 22 de noviembre<\/strong>. Ese descanso cerrar\u00e1 el calendario de feriados extendidos.<\/p>\n\n\n\n<p>Fuente: Canal 12 Misiones<\/p>\n","protected":false},"excerpt":{"rendered":"<p>El\u00a0Ministerio de Educaci\u00f3n\u00a0aprob\u00f3 el\u00a0Calendario Escolar 2026\u00a0mediante la Resoluci\u00f3n 704\/25 y fij\u00f3 el inicio de clases para el 2 de marzo, fecha que regir\u00e1 en todos los niveles obligatorios. El\u00a0ciclo escolar\u00a0se extender\u00e1 hasta el 4 de diciembre para quienes aprueben los contenidos. Luego continuar\u00e1 una etapa de fortalecimiento del 7 al 17 de diciembre que cerrar\u00e1 [&hellip;]<\/p>\n","protected":false},"author":2,"featured_media":52207,"comment_status":"open","ping_status":"closed","sticky":false,"template":"","format":"standard","meta":{"footnotes":""},"categories":[493],"tags":[3386,1143,278],"class_list":["post-52206","post","type-post","status-publish","format-standard","has-post-thumbnail","hentry","category-educacion-2","tag-3386","tag-clases","tag-misiones"],"yoast_head":"<!-- This site is optimized with the Yoast SEO plugin v27.5 - https:\/\/yoast.com\/product\/yoast-seo-wordpress\/ -->\n<title>Misiones confirm\u00f3 el inicio de clases 2026 el 2 de marzo | CVI NOTICIAS<\/title>\n<meta name=\"description\" content=\"Misiones iniciar\u00e1 las clases 2026 el 2 de marzo y cumplir\u00e1 190 d\u00edas seg\u00fan el nuevo calendario escolar.\" \/>\n<meta name=\"robots\" content=\"index, follow, max-snippet:-1, max-image-preview:large, max-video-preview:-1\" \/>\n<link rel=\"canonical\" href=\"https:\/\/cvinoticias.com\/v3\/misiones-confirmo-fecha-de-inicio-de-las-clases-tras-la-aprobacion-del-calendario-2026\/\" \/>\n<meta property=\"og:locale\" content=\"es_ES\" \/>\n<meta property=\"og:type\" content=\"article\" \/>\n<meta property=\"og:title\" content=\"Misiones confirm\u00f3 el inicio de clases 2026 el 2 de marzo | CVI NOTICIAS\" \/>\n<meta property=\"og:description\" content=\"Misiones iniciar\u00e1 las clases 2026 el 2 de marzo y cumplir\u00e1 190 d\u00edas seg\u00fan el nuevo calendario escolar.\" \/>\n<meta property=\"og:url\" content=\"https:\/\/cvinoticias.com\/v3\/misiones-confirmo-fecha-de-inicio-de-las-clases-tras-la-aprobacion-del-calendario-2026\/\" \/>\n<meta property=\"og:site_name\" content=\"CVI NOTICIAS\" \/>\n<meta property=\"article:publisher\" content=\"https:\/\/www.facebook.com\/cvinoticias\" \/>\n<meta property=\"article:published_time\" content=\"2025-12-01T07:58:06+00:00\" \/>\n<meta property=\"article:modified_time\" content=\"2025-12-01T07:58:07+00:00\" \/>\n<meta property=\"og:image\" content=\"https:\/\/cvinoticias.com\/wp-content\/uploads\/2025\/12\/alumnos-escuela-clases-scaled-1.webp\" \/>\n\t<meta property=\"og:image:width\" content=\"1089\" \/>\n\t<meta property=\"og:image:height\" content=\"730\" \/>\n\t<meta property=\"og:image:type\" content=\"image\/webp\" \/>\n<meta name=\"author\" content=\"f1000024\" \/>\n<meta name=\"twitter:card\" content=\"summary_large_image\" \/>\n<meta name=\"twitter:label1\" content=\"Escrito por\" \/>\n\t<meta name=\"twitter:data1\" content=\"f1000024\" \/>\n\t<meta name=\"twitter:label2\" content=\"Tiempo de lectura\" \/>\n\t<meta name=\"twitter:data2\" content=\"4 minutos\" \/>\n<script type=\"application\/ld+json\" class=\"yoast-schema-graph\">{\"@context\":\"https:\\\/\\\/schema.org\",\"@graph\":[{\"@type\":\"Article\",\"@id\":\"https:\\\/\\\/cvinoticias.com\\\/v3\\\/misiones-confirmo-fecha-de-inicio-de-las-clases-tras-la-aprobacion-del-calendario-2026\\\/#article\",\"isPartOf\":{\"@id\":\"https:\\\/\\\/cvinoticias.com\\\/v3\\\/misiones-confirmo-fecha-de-inicio-de-las-clases-tras-la-aprobacion-del-calendario-2026\\\/\"},\"author\":{\"name\":\"f1000024\",\"@id\":\"https:\\\/\\\/cvinoticias.com\\\/v3\\\/#\\\/schema\\\/person\\\/2db77e3c6bc03c538495d7b2b8be9b66\"},\"headline\":\"Misiones confirm\u00f3 fecha de inicio de las clases tras la aprobaci\u00f3n del Calendario 2026\",\"datePublished\":\"2025-12-01T07:58:06+00:00\",\"dateModified\":\"2025-12-01T07:58:07+00:00\",\"mainEntityOfPage\":{\"@id\":\"https:\\\/\\\/cvinoticias.com\\\/v3\\\/misiones-confirmo-fecha-de-inicio-de-las-clases-tras-la-aprobacion-del-calendario-2026\\\/\"},\"wordCount\":584,\"commentCount\":0,\"publisher\":{\"@id\":\"https:\\\/\\\/cvinoticias.com\\\/v3\\\/#organization\"},\"image\":{\"@id\":\"https:\\\/\\\/cvinoticias.com\\\/v3\\\/misiones-confirmo-fecha-de-inicio-de-las-clases-tras-la-aprobacion-del-calendario-2026\\\/#primaryimage\"},\"thumbnailUrl\":\"https:\\\/\\\/cvinoticias.com\\\/wp-content\\\/uploads\\\/2025\\\/12\\\/alumnos-escuela-clases-scaled-1.webp\",\"keywords\":[\"2026\",\"Clases\",\"Misiones\"],\"articleSection\":[\"Educaci\u00f3n\"],\"inLanguage\":\"es\",\"potentialAction\":[{\"@type\":\"CommentAction\",\"name\":\"Comment\",\"target\":[\"https:\\\/\\\/cvinoticias.com\\\/v3\\\/misiones-confirmo-fecha-de-inicio-de-las-clases-tras-la-aprobacion-del-calendario-2026\\\/#respond\"]}]},{\"@type\":\"WebPage\",\"@id\":\"https:\\\/\\\/cvinoticias.com\\\/v3\\\/misiones-confirmo-fecha-de-inicio-de-las-clases-tras-la-aprobacion-del-calendario-2026\\\/\",\"url\":\"https:\\\/\\\/cvinoticias.com\\\/v3\\\/misiones-confirmo-fecha-de-inicio-de-las-clases-tras-la-aprobacion-del-calendario-2026\\\/\",\"name\":\"Misiones confirm\u00f3 el inicio de clases 2026 el 2 de marzo | CVI NOTICIAS\",\"isPartOf\":{\"@id\":\"https:\\\/\\\/cvinoticias.com\\\/v3\\\/#website\"},\"primaryImageOfPage\":{\"@id\":\"https:\\\/\\\/cvinoticias.com\\\/v3\\\/misiones-confirmo-fecha-de-inicio-de-las-clases-tras-la-aprobacion-del-calendario-2026\\\/#primaryimage\"},\"image\":{\"@id\":\"https:\\\/\\\/cvinoticias.com\\\/v3\\\/misiones-confirmo-fecha-de-inicio-de-las-clases-tras-la-aprobacion-del-calendario-2026\\\/#primaryimage\"},\"thumbnailUrl\":\"https:\\\/\\\/cvinoticias.com\\\/wp-content\\\/uploads\\\/2025\\\/12\\\/alumnos-escuela-clases-scaled-1.webp\",\"datePublished\":\"2025-12-01T07:58:06+00:00\",\"dateModified\":\"2025-12-01T07:58:07+00:00\",\"description\":\"Misiones iniciar\u00e1 las clases 2026 el 2 de marzo y cumplir\u00e1 190 d\u00edas seg\u00fan el nuevo calendario escolar.\",\"breadcrumb\":{\"@id\":\"https:\\\/\\\/cvinoticias.com\\\/v3\\\/misiones-confirmo-fecha-de-inicio-de-las-clases-tras-la-aprobacion-del-calendario-2026\\\/#breadcrumb\"},\"inLanguage\":\"es\",\"potentialAction\":[{\"@type\":\"ReadAction\",\"target\":[\"https:\\\/\\\/cvinoticias.com\\\/v3\\\/misiones-confirmo-fecha-de-inicio-de-las-clases-tras-la-aprobacion-del-calendario-2026\\\/\"]}]},{\"@type\":\"ImageObject\",\"inLanguage\":\"es\",\"@id\":\"https:\\\/\\\/cvinoticias.com\\\/v3\\\/misiones-confirmo-fecha-de-inicio-de-las-clases-tras-la-aprobacion-del-calendario-2026\\\/#primaryimage\",\"url\":\"https:\\\/\\\/cvinoticias.com\\\/wp-content\\\/uploads\\\/2025\\\/12\\\/alumnos-escuela-clases-scaled-1.webp\",\"contentUrl\":\"https:\\\/\\\/cvinoticias.com\\\/wp-content\\\/uploads\\\/2025\\\/12\\\/alumnos-escuela-clases-scaled-1.webp\",\"width\":1089,\"height\":730},{\"@type\":\"BreadcrumbList\",\"@id\":\"https:\\\/\\\/cvinoticias.com\\\/v3\\\/misiones-confirmo-fecha-de-inicio-de-las-clases-tras-la-aprobacion-del-calendario-2026\\\/#breadcrumb\",\"itemListElement\":[{\"@type\":\"ListItem\",\"position\":1,\"name\":\"Portada\",\"item\":\"https:\\\/\\\/cvinoticias.com\\\/v3\\\/\"},{\"@type\":\"ListItem\",\"position\":2,\"name\":\"Misiones confirm\u00f3 fecha de inicio de las clases tras la aprobaci\u00f3n del Calendario 2026\"}]},{\"@type\":\"WebSite\",\"@id\":\"https:\\\/\\\/cvinoticias.com\\\/v3\\\/#website\",\"url\":\"https:\\\/\\\/cvinoticias.com\\\/v3\\\/\",\"name\":\"CVI NOTICIAS\",\"description\":\"\",\"publisher\":{\"@id\":\"https:\\\/\\\/cvinoticias.com\\\/v3\\\/#organization\"},\"alternateName\":\"CVI\",\"potentialAction\":[{\"@type\":\"SearchAction\",\"target\":{\"@type\":\"EntryPoint\",\"urlTemplate\":\"https:\\\/\\\/cvinoticias.com\\\/v3\\\/?s={search_term_string}\"},\"query-input\":{\"@type\":\"PropertyValueSpecification\",\"valueRequired\":true,\"valueName\":\"search_term_string\"}}],\"inLanguage\":\"es\"},{\"@type\":\"Organization\",\"@id\":\"https:\\\/\\\/cvinoticias.com\\\/v3\\\/#organization\",\"name\":\"CVI NOTICIAS\",\"url\":\"https:\\\/\\\/cvinoticias.com\\\/v3\\\/\",\"logo\":{\"@type\":\"ImageObject\",\"inLanguage\":\"es\",\"@id\":\"https:\\\/\\\/cvinoticias.com\\\/v3\\\/#\\\/schema\\\/logo\\\/image\\\/\",\"url\":\"https:\\\/\\\/cvinoticias.com\\\/wp-content\\\/uploads\\\/2023\\\/04\\\/cropped-cropped-cropped-cropped-cropped-3-1.png\",\"contentUrl\":\"https:\\\/\\\/cvinoticias.com\\\/wp-content\\\/uploads\\\/2023\\\/04\\\/cropped-cropped-cropped-cropped-cropped-3-1.png\",\"width\":95,\"height\":122,\"caption\":\"CVI NOTICIAS\"},\"image\":{\"@id\":\"https:\\\/\\\/cvinoticias.com\\\/v3\\\/#\\\/schema\\\/logo\\\/image\\\/\"},\"sameAs\":[\"https:\\\/\\\/www.facebook.com\\\/cvinoticias\",\"https:\\\/\\\/www.instagram.com\\\/cvinoticias\\\/\",\"https:\\\/\\\/www.youtube.com\\\/@CVINOTICIAS\"]},{\"@type\":\"Person\",\"@id\":\"https:\\\/\\\/cvinoticias.com\\\/v3\\\/#\\\/schema\\\/person\\\/2db77e3c6bc03c538495d7b2b8be9b66\",\"name\":\"f1000024\",\"image\":{\"@type\":\"ImageObject\",\"inLanguage\":\"es\",\"@id\":\"https:\\\/\\\/secure.gravatar.com\\\/avatar\\\/d4fe7459cfc51ff5129ce1a732bbef5928568b8092d412ef95611616376bbeed?s=96&d=mm&r=g\",\"url\":\"https:\\\/\\\/secure.gravatar.com\\\/avatar\\\/d4fe7459cfc51ff5129ce1a732bbef5928568b8092d412ef95611616376bbeed?s=96&d=mm&r=g\",\"contentUrl\":\"https:\\\/\\\/secure.gravatar.com\\\/avatar\\\/d4fe7459cfc51ff5129ce1a732bbef5928568b8092d412ef95611616376bbeed?s=96&d=mm&r=g\",\"caption\":\"f1000024\"},\"url\":\"https:\\\/\\\/cvinoticias.com\\\/v3\\\/author\\\/f1000024\\\/\"}]}<\/script>\n<!-- \/ Yoast SEO plugin. -->","yoast_head_json":{"title":"Misiones confirm\u00f3 el inicio de clases 2026 el 2 de marzo | CVI NOTICIAS","description":"Misiones iniciar\u00e1 las clases 2026 el 2 de marzo y cumplir\u00e1 190 d\u00edas seg\u00fan el nuevo calendario escolar.","robots":{"index":"index","follow":"follow","max-snippet":"max-snippet:-1","max-image-preview":"max-image-preview:large","max-video-preview":"max-video-preview:-1"},"canonical":"https:\/\/cvinoticias.com\/v3\/misiones-confirmo-fecha-de-inicio-de-las-clases-tras-la-aprobacion-del-calendario-2026\/","og_locale":"es_ES","og_type":"article","og_title":"Misiones confirm\u00f3 el inicio de clases 2026 el 2 de marzo | CVI NOTICIAS","og_description":"Misiones iniciar\u00e1 las clases 2026 el 2 de marzo y cumplir\u00e1 190 d\u00edas seg\u00fan el nuevo calendario escolar.","og_url":"https:\/\/cvinoticias.com\/v3\/misiones-confirmo-fecha-de-inicio-de-las-clases-tras-la-aprobacion-del-calendario-2026\/","og_site_name":"CVI NOTICIAS","article_publisher":"https:\/\/www.facebook.com\/cvinoticias","article_published_time":"2025-12-01T07:58:06+00:00","article_modified_time":"2025-12-01T07:58:07+00:00","og_image":[{"width":1089,"height":730,"url":"https:\/\/cvinoticias.com\/wp-content\/uploads\/2025\/12\/alumnos-escuela-clases-scaled-1.webp","type":"image\/webp"}],"author":"f1000024","twitter_card":"summary_large_image","twitter_misc":{"Escrito por":"f1000024","Tiempo de lectura":"4 minutos"},"schema":{"@context":"https:\/\/schema.org","@graph":[{"@type":"Article","@id":"https:\/\/cvinoticias.com\/v3\/misiones-confirmo-fecha-de-inicio-de-las-clases-tras-la-aprobacion-del-calendario-2026\/#article","isPartOf":{"@id":"https:\/\/cvinoticias.com\/v3\/misiones-confirmo-fecha-de-inicio-de-las-clases-tras-la-aprobacion-del-calendario-2026\/"},"author":{"name":"f1000024","@id":"https:\/\/cvinoticias.com\/v3\/#\/schema\/person\/2db77e3c6bc03c538495d7b2b8be9b66"},"headline":"Misiones confirm\u00f3 fecha de inicio de las clases tras la aprobaci\u00f3n del Calendario 2026","datePublished":"2025-12-01T07:58:06+00:00","dateModified":"2025-12-01T07:58:07+00:00","mainEntityOfPage":{"@id":"https:\/\/cvinoticias.com\/v3\/misiones-confirmo-fecha-de-inicio-de-las-clases-tras-la-aprobacion-del-calendario-2026\/"},"wordCount":584,"commentCount":0,"publisher":{"@id":"https:\/\/cvinoticias.com\/v3\/#organization"},"image":{"@id":"https:\/\/cvinoticias.com\/v3\/misiones-confirmo-fecha-de-inicio-de-las-clases-tras-la-aprobacion-del-calendario-2026\/#primaryimage"},"thumbnailUrl":"https:\/\/cvinoticias.com\/wp-content\/uploads\/2025\/12\/alumnos-escuela-clases-scaled-1.webp","keywords":["2026","Clases","Misiones"],"articleSection":["Educaci\u00f3n"],"inLanguage":"es","potentialAction":[{"@type":"CommentAction","name":"Comment","target":["https:\/\/cvinoticias.com\/v3\/misiones-confirmo-fecha-de-inicio-de-las-clases-tras-la-aprobacion-del-calendario-2026\/#respond"]}]},{"@type":"WebPage","@id":"https:\/\/cvinoticias.com\/v3\/misiones-confirmo-fecha-de-inicio-de-las-clases-tras-la-aprobacion-del-calendario-2026\/","url":"https:\/\/cvinoticias.com\/v3\/misiones-confirmo-fecha-de-inicio-de-las-clases-tras-la-aprobacion-del-calendario-2026\/","name":"Misiones confirm\u00f3 el inicio de clases 2026 el 2 de marzo | CVI NOTICIAS","isPartOf":{"@id":"https:\/\/cvinoticias.com\/v3\/#website"},"primaryImageOfPage":{"@id":"https:\/\/cvinoticias.com\/v3\/misiones-confirmo-fecha-de-inicio-de-las-clases-tras-la-aprobacion-del-calendario-2026\/#primaryimage"},"image":{"@id":"https:\/\/cvinoticias.com\/v3\/misiones-confirmo-fecha-de-inicio-de-las-clases-tras-la-aprobacion-del-calendario-2026\/#primaryimage"},"thumbnailUrl":"https:\/\/cvinoticias.com\/wp-content\/uploads\/2025\/12\/alumnos-escuela-clases-scaled-1.webp","datePublished":"2025-12-01T07:58:06+00:00","dateModified":"2025-12-01T07:58:07+00:00","description":"Misiones iniciar\u00e1 las clases 2026 el 2 de marzo y cumplir\u00e1 190 d\u00edas seg\u00fan el nuevo calendario escolar.","breadcrumb":{"@id":"https:\/\/cvinoticias.com\/v3\/misiones-confirmo-fecha-de-inicio-de-las-clases-tras-la-aprobacion-del-calendario-2026\/#breadcrumb"},"inLanguage":"es","potentialAction":[{"@type":"ReadAction","target":["https:\/\/cvinoticias.com\/v3\/misiones-confirmo-fecha-de-inicio-de-las-clases-tras-la-aprobacion-del-calendario-2026\/"]}]},{"@type":"ImageObject","inLanguage":"es","@id":"https:\/\/cvinoticias.com\/v3\/misiones-confirmo-fecha-de-inicio-de-las-clases-tras-la-aprobacion-del-calendario-2026\/#primaryimage","url":"https:\/\/cvinoticias.com\/wp-content\/uploads\/2025\/12\/alumnos-escuela-clases-scaled-1.webp","contentUrl":"https:\/\/cvinoticias.com\/wp-content\/uploads\/2025\/12\/alumnos-escuela-clases-scaled-1.webp","width":1089,"height":730},{"@type":"BreadcrumbList","@id":"https:\/\/cvinoticias.com\/v3\/misiones-confirmo-fecha-de-inicio-de-las-clases-tras-la-aprobacion-del-calendario-2026\/#breadcrumb","itemListElement":[{"@type":"ListItem","position":1,"name":"Portada","item":"https:\/\/cvinoticias.com\/v3\/"},{"@type":"ListItem","position":2,"name":"Misiones confirm\u00f3 fecha de inicio de las clases tras la aprobaci\u00f3n del Calendario 2026"}]},{"@type":"WebSite","@id":"https:\/\/cvinoticias.com\/v3\/#website","url":"https:\/\/cvinoticias.com\/v3\/","name":"CVI NOTICIAS","description":"","publisher":{"@id":"https:\/\/cvinoticias.com\/v3\/#organization"},"alternateName":"CVI","potentialAction":[{"@type":"SearchAction","target":{"@type":"EntryPoint","urlTemplate":"https:\/\/cvinoticias.com\/v3\/?s={search_term_string}"},"query-input":{"@type":"PropertyValueSpecification","valueRequired":true,"valueName":"search_term_string"}}],"inLanguage":"es"},{"@type":"Organization","@id":"https:\/\/cvinoticias.com\/v3\/#organization","name":"CVI NOTICIAS","url":"https:\/\/cvinoticias.com\/v3\/","logo":{"@type":"ImageObject","inLanguage":"es","@id":"https:\/\/cvinoticias.com\/v3\/#\/schema\/logo\/image\/","url":"https:\/\/cvinoticias.com\/wp-content\/uploads\/2023\/04\/cropped-cropped-cropped-cropped-cropped-3-1.png","contentUrl":"https:\/\/cvinoticias.com\/wp-content\/uploads\/2023\/04\/cropped-cropped-cropped-cropped-cropped-3-1.png","width":95,"height":122,"caption":"CVI NOTICIAS"},"image":{"@id":"https:\/\/cvinoticias.com\/v3\/#\/schema\/logo\/image\/"},"sameAs":["https:\/\/www.facebook.com\/cvinoticias","https:\/\/www.instagram.com\/cvinoticias\/","https:\/\/www.youtube.com\/@CVINOTICIAS"]},{"@type":"Person","@id":"https:\/\/cvinoticias.com\/v3\/#\/schema\/person\/2db77e3c6bc03c538495d7b2b8be9b66","name":"f1000024","image":{"@type":"ImageObject","inLanguage":"es","@id":"https:\/\/secure.gravatar.com\/avatar\/d4fe7459cfc51ff5129ce1a732bbef5928568b8092d412ef95611616376bbeed?s=96&d=mm&r=g","url":"https:\/\/secure.gravatar.com\/avatar\/d4fe7459cfc51ff5129ce1a732bbef5928568b8092d412ef95611616376bbeed?s=96&d=mm&r=g","contentUrl":"https:\/\/secure.gravatar.com\/avatar\/d4fe7459cfc51ff5129ce1a732bbef5928568b8092d412ef95611616376bbeed?s=96&d=mm&r=g","caption":"f1000024"},"url":"https:\/\/cvinoticias.com\/v3\/author\/f1000024\/"}]}},"_links":{"self":[{"href":"https:\/\/cvinoticias.com\/v3\/wp-json\/wp\/v2\/posts\/52206","targetHints":{"allow":["GET"]}}],"collection":[{"href":"https:\/\/cvinoticias.com\/v3\/wp-json\/wp\/v2\/posts"}],"about":[{"href":"https:\/\/cvinoticias.com\/v3\/wp-json\/wp\/v2\/types\/post"}],"author":[{"embeddable":true,"href":"https:\/\/cvinoticias.com\/v3\/wp-json\/wp\/v2\/users\/2"}],"replies":[{"embeddable":true,"href":"https:\/\/cvinoticias.com\/v3\/wp-json\/wp\/v2\/comments?post=52206"}],"version-history":[{"count":1,"href":"https:\/\/cvinoticias.com\/v3\/wp-json\/wp\/v2\/posts\/52206\/revisions"}],"predecessor-version":[{"id":52208,"href":"https:\/\/cvinoticias.com\/v3\/wp-json\/wp\/v2\/posts\/52206\/revisions\/52208"}],"wp:featuredmedia":[{"embeddable":true,"href":"https:\/\/cvinoticias.com\/v3\/wp-json\/wp\/v2\/media\/52207"}],"wp:attachment":[{"href":"https:\/\/cvinoticias.com\/v3\/wp-json\/wp\/v2\/media?parent=52206"}],"wp:term":[{"taxonomy":"category","embeddable":true,"href":"https:\/\/cvinoticias.com\/v3\/wp-json\/wp\/v2\/categories?post=52206"},{"taxonomy":"post_tag","embeddable":true,"href":"https:\/\/cvinoticias.com\/v3\/wp-json\/wp\/v2\/tags?post=52206"}],"curies":[{"name":"wp","href":"https:\/\/api.w.org\/{rel}","templated":true}]}}