{"id":5218,"date":"2021-05-18T07:50:28","date_gmt":"2021-05-18T07:50:28","guid":{"rendered":"https:\/\/cvinoticias.com\/v3\/?p=5218"},"modified":"2021-05-18T07:50:28","modified_gmt":"2021-05-18T07:50:28","slug":"se-reunieron-los-referentes-de-los-docentes-en-lucha-y-los-representantes-del-gobierno-provincial","status":"publish","type":"post","link":"https:\/\/cvinoticias.com\/v3\/se-reunieron-los-referentes-de-los-docentes-en-lucha-y-los-representantes-del-gobierno-provincial\/","title":{"rendered":"Se reunieron los referentes de los docentes en lucha y los representantes del gobierno provincial"},"content":{"rendered":"\n<p><strong><em>En el d\u00eda de ayer lunes 17, se desarroll\u00f3 la reuni\u00f3n de mesa de di\u00e1logo entre los representantes del gobierno provincial y los representantes del Frente de Trabajadores de la Educaci\u00f3n en  lucha, tema abordado salario y la eliminaci\u00f3n  de la presencialidad en las escuelas por los contagios. <\/em><\/strong><\/p>\n\n\n\n<p>El Frente de trabajadores de la educaci\u00f3n en lucha est\u00e1 integrado por Autoconvocados, MPL, ATE, UTEM-CTAA, UDNAM, Tribuna Docente, CND Conti-Santoro y Marea Blanca.<\/p>\n\n\n\n<p>En esta reuni\u00f3n se abordaron los 5 puntos establecidos en la convocatoria acordada por la \u00faltima asamblea. En ese marco se desarroll\u00f3 la discusi\u00f3n en donde los representantes de los docentes expusieron sus argumentos para abordar de forma urgente el proceso de recomposici\u00f3n salarial y fijar una mesa de trabajo.<\/p>\n\n\n\n<p>Tambi\u00e9n detallaron el incremento de los contagios y se se\u00f1alaron que se producir\u00e1 un aumento mayor de continuar la presencialidad.<\/p>\n\n\n\n<p>Se elevaron reclamos respecto a: bioseguridad, designaci\u00f3n de porteros, cocineras, infraestructura, prestaciones de IPS y previsionales.<\/p>\n\n\n\n<p>La mesa pas\u00f3 a un cuarto intermedio con fecha a confirmar. En funci\u00f3n de ello, los trabajadores de la educaci\u00f3n convocan masivamente en la Asamblea Provincial a realizarse el d\u00eda s\u00e1bado 22 de mayo en Jard\u00edn Am\u00e9rica a las 9 Hs. para discutir en profundidad los resultados de la reuni\u00f3n y debatir c\u00f3mo continuar.\u00a0<\/p>\n","protected":false},"excerpt":{"rendered":"<p>En el d\u00eda de ayer lunes 17, se desarroll\u00f3 la reuni\u00f3n de mesa de di\u00e1logo entre los representantes del gobierno provincial y los representantes del Frente de Trabajadores de la Educaci\u00f3n en lucha, tema abordado salario y la eliminaci\u00f3n de la presencialidad en las escuelas por los contagios. El Frente de trabajadores de la educaci\u00f3n [&hellip;]<\/p>\n","protected":false},"author":2,"featured_media":5219,"comment_status":"open","ping_status":"open","sticky":false,"template":"","format":"standard","meta":{"footnotes":""},"categories":[26],"tags":[],"class_list":["post-5218","post","type-post","status-publish","format-standard","has-post-thumbnail","hentry","category-educacion"],"yoast_head":"<!-- This site is optimized with the Yoast SEO plugin v27.5 - https:\/\/yoast.com\/product\/yoast-seo-wordpress\/ -->\n<title>Se reunieron los referentes de los docentes en lucha y los representantes del gobierno provincial | CVI NOTICIAS<\/title>\n<meta name=\"robots\" content=\"index, follow, max-snippet:-1, max-image-preview:large, max-video-preview:-1\" \/>\n<link rel=\"canonical\" href=\"https:\/\/cvinoticias.com\/v3\/se-reunieron-los-referentes-de-los-docentes-en-lucha-y-los-representantes-del-gobierno-provincial\/\" \/>\n<meta property=\"og:locale\" content=\"es_ES\" \/>\n<meta property=\"og:type\" content=\"article\" \/>\n<meta property=\"og:title\" content=\"Se reunieron los referentes de los docentes en lucha y los representantes del gobierno provincial | CVI NOTICIAS\" \/>\n<meta property=\"og:description\" content=\"En el d\u00eda de ayer lunes 17, se desarroll\u00f3 la reuni\u00f3n de mesa de di\u00e1logo entre los representantes del gobierno provincial y los representantes del Frente de Trabajadores de la Educaci\u00f3n en lucha, tema abordado salario y la eliminaci\u00f3n de la presencialidad en las escuelas por los contagios. El Frente de trabajadores de la educaci\u00f3n [&hellip;]\" \/>\n<meta property=\"og:url\" content=\"https:\/\/cvinoticias.com\/v3\/se-reunieron-los-referentes-de-los-docentes-en-lucha-y-los-representantes-del-gobierno-provincial\/\" \/>\n<meta property=\"og:site_name\" content=\"CVI NOTICIAS\" \/>\n<meta property=\"article:publisher\" content=\"https:\/\/www.facebook.com\/cvinoticias\" \/>\n<meta property=\"article:published_time\" content=\"2021-05-18T07:50:28+00:00\" \/>\n<meta property=\"og:image\" content=\"https:\/\/cvinoticias.com\/wp-content\/uploads\/2021\/05\/Screenshot_20210518-044820_Facebook.jpg\" \/>\n\t<meta property=\"og:image:width\" content=\"1080\" \/>\n\t<meta property=\"og:image:height\" content=\"488\" \/>\n\t<meta property=\"og:image:type\" content=\"image\/jpeg\" \/>\n<meta name=\"author\" content=\"f1000024\" \/>\n<meta name=\"twitter:card\" content=\"summary_large_image\" \/>\n<meta name=\"twitter:label1\" content=\"Escrito por\" \/>\n\t<meta name=\"twitter:data1\" content=\"f1000024\" \/>\n\t<meta name=\"twitter:label2\" content=\"Tiempo de lectura\" \/>\n\t<meta name=\"twitter:data2\" content=\"1 minuto\" \/>\n<script type=\"application\/ld+json\" class=\"yoast-schema-graph\">{\"@context\":\"https:\\\/\\\/schema.org\",\"@graph\":[{\"@type\":\"Article\",\"@id\":\"https:\\\/\\\/cvinoticias.com\\\/v3\\\/se-reunieron-los-referentes-de-los-docentes-en-lucha-y-los-representantes-del-gobierno-provincial\\\/#article\",\"isPartOf\":{\"@id\":\"https:\\\/\\\/cvinoticias.com\\\/v3\\\/se-reunieron-los-referentes-de-los-docentes-en-lucha-y-los-representantes-del-gobierno-provincial\\\/\"},\"author\":{\"name\":\"f1000024\",\"@id\":\"https:\\\/\\\/cvinoticias.com\\\/v3\\\/#\\\/schema\\\/person\\\/2db77e3c6bc03c538495d7b2b8be9b66\"},\"headline\":\"Se reunieron los referentes de los docentes en lucha y los representantes del gobierno provincial\",\"datePublished\":\"2021-05-18T07:50:28+00:00\",\"mainEntityOfPage\":{\"@id\":\"https:\\\/\\\/cvinoticias.com\\\/v3\\\/se-reunieron-los-referentes-de-los-docentes-en-lucha-y-los-representantes-del-gobierno-provincial\\\/\"},\"wordCount\":243,\"commentCount\":0,\"publisher\":{\"@id\":\"https:\\\/\\\/cvinoticias.com\\\/v3\\\/#organization\"},\"image\":{\"@id\":\"https:\\\/\\\/cvinoticias.com\\\/v3\\\/se-reunieron-los-referentes-de-los-docentes-en-lucha-y-los-representantes-del-gobierno-provincial\\\/#primaryimage\"},\"thumbnailUrl\":\"https:\\\/\\\/cvinoticias.com\\\/wp-content\\\/uploads\\\/2021\\\/05\\\/Screenshot_20210518-044820_Facebook.jpg\",\"articleSection\":[\"Educacion\"],\"inLanguage\":\"es\",\"potentialAction\":[{\"@type\":\"CommentAction\",\"name\":\"Comment\",\"target\":[\"https:\\\/\\\/cvinoticias.com\\\/v3\\\/se-reunieron-los-referentes-de-los-docentes-en-lucha-y-los-representantes-del-gobierno-provincial\\\/#respond\"]}]},{\"@type\":\"WebPage\",\"@id\":\"https:\\\/\\\/cvinoticias.com\\\/v3\\\/se-reunieron-los-referentes-de-los-docentes-en-lucha-y-los-representantes-del-gobierno-provincial\\\/\",\"url\":\"https:\\\/\\\/cvinoticias.com\\\/v3\\\/se-reunieron-los-referentes-de-los-docentes-en-lucha-y-los-representantes-del-gobierno-provincial\\\/\",\"name\":\"Se reunieron los referentes de los docentes en lucha y los representantes del gobierno provincial | CVI NOTICIAS\",\"isPartOf\":{\"@id\":\"https:\\\/\\\/cvinoticias.com\\\/v3\\\/#website\"},\"primaryImageOfPage\":{\"@id\":\"https:\\\/\\\/cvinoticias.com\\\/v3\\\/se-reunieron-los-referentes-de-los-docentes-en-lucha-y-los-representantes-del-gobierno-provincial\\\/#primaryimage\"},\"image\":{\"@id\":\"https:\\\/\\\/cvinoticias.com\\\/v3\\\/se-reunieron-los-referentes-de-los-docentes-en-lucha-y-los-representantes-del-gobierno-provincial\\\/#primaryimage\"},\"thumbnailUrl\":\"https:\\\/\\\/cvinoticias.com\\\/wp-content\\\/uploads\\\/2021\\\/05\\\/Screenshot_20210518-044820_Facebook.jpg\",\"datePublished\":\"2021-05-18T07:50:28+00:00\",\"breadcrumb\":{\"@id\":\"https:\\\/\\\/cvinoticias.com\\\/v3\\\/se-reunieron-los-referentes-de-los-docentes-en-lucha-y-los-representantes-del-gobierno-provincial\\\/#breadcrumb\"},\"inLanguage\":\"es\",\"potentialAction\":[{\"@type\":\"ReadAction\",\"target\":[\"https:\\\/\\\/cvinoticias.com\\\/v3\\\/se-reunieron-los-referentes-de-los-docentes-en-lucha-y-los-representantes-del-gobierno-provincial\\\/\"]}]},{\"@type\":\"ImageObject\",\"inLanguage\":\"es\",\"@id\":\"https:\\\/\\\/cvinoticias.com\\\/v3\\\/se-reunieron-los-referentes-de-los-docentes-en-lucha-y-los-representantes-del-gobierno-provincial\\\/#primaryimage\",\"url\":\"https:\\\/\\\/cvinoticias.com\\\/wp-content\\\/uploads\\\/2021\\\/05\\\/Screenshot_20210518-044820_Facebook.jpg\",\"contentUrl\":\"https:\\\/\\\/cvinoticias.com\\\/wp-content\\\/uploads\\\/2021\\\/05\\\/Screenshot_20210518-044820_Facebook.jpg\",\"width\":1080,\"height\":488},{\"@type\":\"BreadcrumbList\",\"@id\":\"https:\\\/\\\/cvinoticias.com\\\/v3\\\/se-reunieron-los-referentes-de-los-docentes-en-lucha-y-los-representantes-del-gobierno-provincial\\\/#breadcrumb\",\"itemListElement\":[{\"@type\":\"ListItem\",\"position\":1,\"name\":\"Portada\",\"item\":\"https:\\\/\\\/cvinoticias.com\\\/v3\\\/\"},{\"@type\":\"ListItem\",\"position\":2,\"name\":\"Se reunieron los referentes de los docentes en lucha y los representantes del gobierno provincial\"}]},{\"@type\":\"WebSite\",\"@id\":\"https:\\\/\\\/cvinoticias.com\\\/v3\\\/#website\",\"url\":\"https:\\\/\\\/cvinoticias.com\\\/v3\\\/\",\"name\":\"CVI NOTICIAS\",\"description\":\"\",\"publisher\":{\"@id\":\"https:\\\/\\\/cvinoticias.com\\\/v3\\\/#organization\"},\"alternateName\":\"CVI\",\"potentialAction\":[{\"@type\":\"SearchAction\",\"target\":{\"@type\":\"EntryPoint\",\"urlTemplate\":\"https:\\\/\\\/cvinoticias.com\\\/v3\\\/?s={search_term_string}\"},\"query-input\":{\"@type\":\"PropertyValueSpecification\",\"valueRequired\":true,\"valueName\":\"search_term_string\"}}],\"inLanguage\":\"es\"},{\"@type\":\"Organization\",\"@id\":\"https:\\\/\\\/cvinoticias.com\\\/v3\\\/#organization\",\"name\":\"CVI NOTICIAS\",\"url\":\"https:\\\/\\\/cvinoticias.com\\\/v3\\\/\",\"logo\":{\"@type\":\"ImageObject\",\"inLanguage\":\"es\",\"@id\":\"https:\\\/\\\/cvinoticias.com\\\/v3\\\/#\\\/schema\\\/logo\\\/image\\\/\",\"url\":\"https:\\\/\\\/cvinoticias.com\\\/wp-content\\\/uploads\\\/2023\\\/04\\\/cropped-cropped-cropped-cropped-cropped-3-1.png\",\"contentUrl\":\"https:\\\/\\\/cvinoticias.com\\\/wp-content\\\/uploads\\\/2023\\\/04\\\/cropped-cropped-cropped-cropped-cropped-3-1.png\",\"width\":95,\"height\":122,\"caption\":\"CVI NOTICIAS\"},\"image\":{\"@id\":\"https:\\\/\\\/cvinoticias.com\\\/v3\\\/#\\\/schema\\\/logo\\\/image\\\/\"},\"sameAs\":[\"https:\\\/\\\/www.facebook.com\\\/cvinoticias\",\"https:\\\/\\\/www.instagram.com\\\/cvinoticias\\\/\",\"https:\\\/\\\/www.youtube.com\\\/@CVINOTICIAS\"]},{\"@type\":\"Person\",\"@id\":\"https:\\\/\\\/cvinoticias.com\\\/v3\\\/#\\\/schema\\\/person\\\/2db77e3c6bc03c538495d7b2b8be9b66\",\"name\":\"f1000024\",\"image\":{\"@type\":\"ImageObject\",\"inLanguage\":\"es\",\"@id\":\"https:\\\/\\\/secure.gravatar.com\\\/avatar\\\/d4fe7459cfc51ff5129ce1a732bbef5928568b8092d412ef95611616376bbeed?s=96&d=mm&r=g\",\"url\":\"https:\\\/\\\/secure.gravatar.com\\\/avatar\\\/d4fe7459cfc51ff5129ce1a732bbef5928568b8092d412ef95611616376bbeed?s=96&d=mm&r=g\",\"contentUrl\":\"https:\\\/\\\/secure.gravatar.com\\\/avatar\\\/d4fe7459cfc51ff5129ce1a732bbef5928568b8092d412ef95611616376bbeed?s=96&d=mm&r=g\",\"caption\":\"f1000024\"},\"url\":\"https:\\\/\\\/cvinoticias.com\\\/v3\\\/author\\\/f1000024\\\/\"}]}<\/script>\n<!-- \/ Yoast SEO plugin. -->","yoast_head_json":{"title":"Se reunieron los referentes de los docentes en lucha y los representantes del gobierno provincial | CVI NOTICIAS","robots":{"index":"index","follow":"follow","max-snippet":"max-snippet:-1","max-image-preview":"max-image-preview:large","max-video-preview":"max-video-preview:-1"},"canonical":"https:\/\/cvinoticias.com\/v3\/se-reunieron-los-referentes-de-los-docentes-en-lucha-y-los-representantes-del-gobierno-provincial\/","og_locale":"es_ES","og_type":"article","og_title":"Se reunieron los referentes de los docentes en lucha y los representantes del gobierno provincial | CVI NOTICIAS","og_description":"En el d\u00eda de ayer lunes 17, se desarroll\u00f3 la reuni\u00f3n de mesa de di\u00e1logo entre los representantes del gobierno provincial y los representantes del Frente de Trabajadores de la Educaci\u00f3n en lucha, tema abordado salario y la eliminaci\u00f3n de la presencialidad en las escuelas por los contagios. El Frente de trabajadores de la educaci\u00f3n [&hellip;]","og_url":"https:\/\/cvinoticias.com\/v3\/se-reunieron-los-referentes-de-los-docentes-en-lucha-y-los-representantes-del-gobierno-provincial\/","og_site_name":"CVI NOTICIAS","article_publisher":"https:\/\/www.facebook.com\/cvinoticias","article_published_time":"2021-05-18T07:50:28+00:00","og_image":[{"width":1080,"height":488,"url":"https:\/\/cvinoticias.com\/wp-content\/uploads\/2021\/05\/Screenshot_20210518-044820_Facebook.jpg","type":"image\/jpeg"}],"author":"f1000024","twitter_card":"summary_large_image","twitter_misc":{"Escrito por":"f1000024","Tiempo de lectura":"1 minuto"},"schema":{"@context":"https:\/\/schema.org","@graph":[{"@type":"Article","@id":"https:\/\/cvinoticias.com\/v3\/se-reunieron-los-referentes-de-los-docentes-en-lucha-y-los-representantes-del-gobierno-provincial\/#article","isPartOf":{"@id":"https:\/\/cvinoticias.com\/v3\/se-reunieron-los-referentes-de-los-docentes-en-lucha-y-los-representantes-del-gobierno-provincial\/"},"author":{"name":"f1000024","@id":"https:\/\/cvinoticias.com\/v3\/#\/schema\/person\/2db77e3c6bc03c538495d7b2b8be9b66"},"headline":"Se reunieron los referentes de los docentes en lucha y los representantes del gobierno provincial","datePublished":"2021-05-18T07:50:28+00:00","mainEntityOfPage":{"@id":"https:\/\/cvinoticias.com\/v3\/se-reunieron-los-referentes-de-los-docentes-en-lucha-y-los-representantes-del-gobierno-provincial\/"},"wordCount":243,"commentCount":0,"publisher":{"@id":"https:\/\/cvinoticias.com\/v3\/#organization"},"image":{"@id":"https:\/\/cvinoticias.com\/v3\/se-reunieron-los-referentes-de-los-docentes-en-lucha-y-los-representantes-del-gobierno-provincial\/#primaryimage"},"thumbnailUrl":"https:\/\/cvinoticias.com\/wp-content\/uploads\/2021\/05\/Screenshot_20210518-044820_Facebook.jpg","articleSection":["Educacion"],"inLanguage":"es","potentialAction":[{"@type":"CommentAction","name":"Comment","target":["https:\/\/cvinoticias.com\/v3\/se-reunieron-los-referentes-de-los-docentes-en-lucha-y-los-representantes-del-gobierno-provincial\/#respond"]}]},{"@type":"WebPage","@id":"https:\/\/cvinoticias.com\/v3\/se-reunieron-los-referentes-de-los-docentes-en-lucha-y-los-representantes-del-gobierno-provincial\/","url":"https:\/\/cvinoticias.com\/v3\/se-reunieron-los-referentes-de-los-docentes-en-lucha-y-los-representantes-del-gobierno-provincial\/","name":"Se reunieron los referentes de los docentes en lucha y los representantes del gobierno provincial | CVI NOTICIAS","isPartOf":{"@id":"https:\/\/cvinoticias.com\/v3\/#website"},"primaryImageOfPage":{"@id":"https:\/\/cvinoticias.com\/v3\/se-reunieron-los-referentes-de-los-docentes-en-lucha-y-los-representantes-del-gobierno-provincial\/#primaryimage"},"image":{"@id":"https:\/\/cvinoticias.com\/v3\/se-reunieron-los-referentes-de-los-docentes-en-lucha-y-los-representantes-del-gobierno-provincial\/#primaryimage"},"thumbnailUrl":"https:\/\/cvinoticias.com\/wp-content\/uploads\/2021\/05\/Screenshot_20210518-044820_Facebook.jpg","datePublished":"2021-05-18T07:50:28+00:00","breadcrumb":{"@id":"https:\/\/cvinoticias.com\/v3\/se-reunieron-los-referentes-de-los-docentes-en-lucha-y-los-representantes-del-gobierno-provincial\/#breadcrumb"},"inLanguage":"es","potentialAction":[{"@type":"ReadAction","target":["https:\/\/cvinoticias.com\/v3\/se-reunieron-los-referentes-de-los-docentes-en-lucha-y-los-representantes-del-gobierno-provincial\/"]}]},{"@type":"ImageObject","inLanguage":"es","@id":"https:\/\/cvinoticias.com\/v3\/se-reunieron-los-referentes-de-los-docentes-en-lucha-y-los-representantes-del-gobierno-provincial\/#primaryimage","url":"https:\/\/cvinoticias.com\/wp-content\/uploads\/2021\/05\/Screenshot_20210518-044820_Facebook.jpg","contentUrl":"https:\/\/cvinoticias.com\/wp-content\/uploads\/2021\/05\/Screenshot_20210518-044820_Facebook.jpg","width":1080,"height":488},{"@type":"BreadcrumbList","@id":"https:\/\/cvinoticias.com\/v3\/se-reunieron-los-referentes-de-los-docentes-en-lucha-y-los-representantes-del-gobierno-provincial\/#breadcrumb","itemListElement":[{"@type":"ListItem","position":1,"name":"Portada","item":"https:\/\/cvinoticias.com\/v3\/"},{"@type":"ListItem","position":2,"name":"Se reunieron los referentes de los docentes en lucha y los representantes del gobierno provincial"}]},{"@type":"WebSite","@id":"https:\/\/cvinoticias.com\/v3\/#website","url":"https:\/\/cvinoticias.com\/v3\/","name":"CVI NOTICIAS","description":"","publisher":{"@id":"https:\/\/cvinoticias.com\/v3\/#organization"},"alternateName":"CVI","potentialAction":[{"@type":"SearchAction","target":{"@type":"EntryPoint","urlTemplate":"https:\/\/cvinoticias.com\/v3\/?s={search_term_string}"},"query-input":{"@type":"PropertyValueSpecification","valueRequired":true,"valueName":"search_term_string"}}],"inLanguage":"es"},{"@type":"Organization","@id":"https:\/\/cvinoticias.com\/v3\/#organization","name":"CVI NOTICIAS","url":"https:\/\/cvinoticias.com\/v3\/","logo":{"@type":"ImageObject","inLanguage":"es","@id":"https:\/\/cvinoticias.com\/v3\/#\/schema\/logo\/image\/","url":"https:\/\/cvinoticias.com\/wp-content\/uploads\/2023\/04\/cropped-cropped-cropped-cropped-cropped-3-1.png","contentUrl":"https:\/\/cvinoticias.com\/wp-content\/uploads\/2023\/04\/cropped-cropped-cropped-cropped-cropped-3-1.png","width":95,"height":122,"caption":"CVI NOTICIAS"},"image":{"@id":"https:\/\/cvinoticias.com\/v3\/#\/schema\/logo\/image\/"},"sameAs":["https:\/\/www.facebook.com\/cvinoticias","https:\/\/www.instagram.com\/cvinoticias\/","https:\/\/www.youtube.com\/@CVINOTICIAS"]},{"@type":"Person","@id":"https:\/\/cvinoticias.com\/v3\/#\/schema\/person\/2db77e3c6bc03c538495d7b2b8be9b66","name":"f1000024","image":{"@type":"ImageObject","inLanguage":"es","@id":"https:\/\/secure.gravatar.com\/avatar\/d4fe7459cfc51ff5129ce1a732bbef5928568b8092d412ef95611616376bbeed?s=96&d=mm&r=g","url":"https:\/\/secure.gravatar.com\/avatar\/d4fe7459cfc51ff5129ce1a732bbef5928568b8092d412ef95611616376bbeed?s=96&d=mm&r=g","contentUrl":"https:\/\/secure.gravatar.com\/avatar\/d4fe7459cfc51ff5129ce1a732bbef5928568b8092d412ef95611616376bbeed?s=96&d=mm&r=g","caption":"f1000024"},"url":"https:\/\/cvinoticias.com\/v3\/author\/f1000024\/"}]}},"_links":{"self":[{"href":"https:\/\/cvinoticias.com\/v3\/wp-json\/wp\/v2\/posts\/5218","targetHints":{"allow":["GET"]}}],"collection":[{"href":"https:\/\/cvinoticias.com\/v3\/wp-json\/wp\/v2\/posts"}],"about":[{"href":"https:\/\/cvinoticias.com\/v3\/wp-json\/wp\/v2\/types\/post"}],"author":[{"embeddable":true,"href":"https:\/\/cvinoticias.com\/v3\/wp-json\/wp\/v2\/users\/2"}],"replies":[{"embeddable":true,"href":"https:\/\/cvinoticias.com\/v3\/wp-json\/wp\/v2\/comments?post=5218"}],"version-history":[{"count":1,"href":"https:\/\/cvinoticias.com\/v3\/wp-json\/wp\/v2\/posts\/5218\/revisions"}],"predecessor-version":[{"id":5220,"href":"https:\/\/cvinoticias.com\/v3\/wp-json\/wp\/v2\/posts\/5218\/revisions\/5220"}],"wp:featuredmedia":[{"embeddable":true,"href":"https:\/\/cvinoticias.com\/v3\/wp-json\/wp\/v2\/media\/5219"}],"wp:attachment":[{"href":"https:\/\/cvinoticias.com\/v3\/wp-json\/wp\/v2\/media?parent=5218"}],"wp:term":[{"taxonomy":"category","embeddable":true,"href":"https:\/\/cvinoticias.com\/v3\/wp-json\/wp\/v2\/categories?post=5218"},{"taxonomy":"post_tag","embeddable":true,"href":"https:\/\/cvinoticias.com\/v3\/wp-json\/wp\/v2\/tags?post=5218"}],"curies":[{"name":"wp","href":"https:\/\/api.w.org\/{rel}","templated":true}]}}