{"id":52124,"date":"2025-11-28T09:31:57","date_gmt":"2025-11-28T12:31:57","guid":{"rendered":"https:\/\/cvinoticias.com\/v3\/?p=52124"},"modified":"2025-12-01T03:32:55","modified_gmt":"2025-12-01T06:32:55","slug":"capturaron-al-otro-sospechoso-del-robo-a-punta-de-cuchillo-contra-una-empleada-de-comercio","status":"publish","type":"post","link":"https:\/\/cvinoticias.com\/v3\/capturaron-al-otro-sospechoso-del-robo-a-punta-de-cuchillo-contra-una-empleada-de-comercio\/","title":{"rendered":"Capturaron al otro sospechoso del robo a punta de cuchillo contra una empleada de comercio"},"content":{"rendered":"\n<p>La Polic\u00eda de Misiones detuvo hace instantes en Puerto Iguaz\u00fa a Gast\u00f3n D. S., de 30 a\u00f1os, se\u00f1alado como uno de los sospechosos del violento robo ocurrido el pasado domingo por la tarde en un comercio de la ciudad. La captura fue realizada por personal de la Comisar\u00eda Seccional Primera URV, luego de varios d\u00edas de tareas investigativas encubiertas en distintos puntos de Iguaz\u00fa.<\/p>\n\n\n\n<p>El asalto tuvo lugar el domingo alrededor de las 18:05 horas, en un local comercial ubicado sobre la calle Bonpland. Seg\u00fan relat\u00f3 la v\u00edctima, una joven de 20 a\u00f1os, dos hombres de entre 20 y 30 a\u00f1os ingresaron simulando ser clientes. En un momento, uno de ellos cruz\u00f3 el mostrador, la amenaz\u00f3 con un cuchillo y le rob\u00f3 $20.000 en efectivo junto a otros objetos personales, para luego escapar junto a su c\u00f3mplice. Todo el hecho qued\u00f3 registrado por c\u00e1maras de seguridad internas y externas del comercio.<\/p>\n\n\n\n<p>Tras el il\u00edcito, la Polic\u00eda mont\u00f3 un operativo cerrojo y comenz\u00f3 a analizar las im\u00e1genes captadas por las c\u00e1maras. Gracias a esa tarea, horas despu\u00e9s lograron detener al primer sospechoso, Diego D. L., de 23 a\u00f1os, en inmediaciones de la avenida Marta Schwarz. En su poder, los efectivos secuestraron un cuchillo y otros elementos vinculados directamente con la investigaci\u00f3n.<\/p>\n\n\n\n<p>Ahora, con la detenci\u00f3n del segundo implicado, ambos sospechosos quedaron alojados en la Divisi\u00f3n Resguardo de Detenidos URV y fueron puestos a disposici\u00f3n del Juzgado de Instrucci\u00f3n N.\u00ba 3 de Puerto Iguaz\u00fa, que continuar\u00e1 con el avance de la causa.<\/p>\n","protected":false},"excerpt":{"rendered":"<p>La Polic\u00eda de Misiones detuvo hace instantes en Puerto Iguaz\u00fa a Gast\u00f3n D. S., de 30 a\u00f1os, se\u00f1alado como uno de los sospechosos del violento robo ocurrido el pasado domingo por la tarde en un comercio de la ciudad. La captura fue realizada por personal de la Comisar\u00eda Seccional Primera URV, luego de varios d\u00edas [&hellip;]<\/p>\n","protected":false},"author":2,"featured_media":52125,"comment_status":"open","ping_status":"closed","sticky":false,"template":"","format":"standard","meta":{"footnotes":""},"categories":[41],"tags":[530,313,54],"class_list":["post-52124","post","type-post","status-publish","format-standard","has-post-thumbnail","hentry","category-policiales","tag-detenido","tag-iguazu","tag-robo"],"yoast_head":"<!-- This site is optimized with the Yoast SEO plugin v27.4 - https:\/\/yoast.com\/product\/yoast-seo-wordpress\/ -->\n<title>Capturaron al otro sospechoso del robo a punta de cuchillo | CVI NOTICIAS<\/title>\n<meta name=\"description\" content=\"La Polic\u00eda detuvo en Iguaz\u00fa al segundo implicado en el robo a punta de cuchillo del domingo.\" \/>\n<meta name=\"robots\" content=\"index, follow, max-snippet:-1, max-image-preview:large, max-video-preview:-1\" \/>\n<link rel=\"canonical\" href=\"https:\/\/cvinoticias.com\/v3\/capturaron-al-otro-sospechoso-del-robo-a-punta-de-cuchillo-contra-una-empleada-de-comercio\/\" \/>\n<meta property=\"og:locale\" content=\"es_ES\" \/>\n<meta property=\"og:type\" content=\"article\" \/>\n<meta property=\"og:title\" content=\"Capturaron al otro sospechoso del robo a punta de cuchillo | CVI NOTICIAS\" \/>\n<meta property=\"og:description\" content=\"La Polic\u00eda detuvo en Iguaz\u00fa al segundo implicado en el robo a punta de cuchillo del domingo.\" \/>\n<meta property=\"og:url\" content=\"https:\/\/cvinoticias.com\/v3\/capturaron-al-otro-sospechoso-del-robo-a-punta-de-cuchillo-contra-una-empleada-de-comercio\/\" \/>\n<meta property=\"og:site_name\" content=\"CVI NOTICIAS\" \/>\n<meta property=\"article:publisher\" content=\"https:\/\/www.facebook.com\/cvinoticias\" \/>\n<meta property=\"article:published_time\" content=\"2025-11-28T12:31:57+00:00\" \/>\n<meta property=\"article:modified_time\" content=\"2025-12-01T06:32:55+00:00\" \/>\n<meta property=\"og:image\" content=\"https:\/\/cvinoticias.com\/wp-content\/uploads\/2025\/12\/Captura-de-pantalla-2025-12-01-033019.png\" \/>\n\t<meta property=\"og:image:width\" content=\"217\" \/>\n\t<meta property=\"og:image:height\" content=\"300\" \/>\n\t<meta property=\"og:image:type\" content=\"image\/png\" \/>\n<meta name=\"author\" content=\"f1000024\" \/>\n<meta name=\"twitter:card\" content=\"summary_large_image\" \/>\n<meta name=\"twitter:label1\" content=\"Escrito por\" \/>\n\t<meta name=\"twitter:data1\" content=\"f1000024\" \/>\n\t<meta name=\"twitter:label2\" content=\"Tiempo de lectura\" \/>\n\t<meta name=\"twitter:data2\" content=\"2 minutos\" \/>\n<script type=\"application\/ld+json\" class=\"yoast-schema-graph\">{\"@context\":\"https:\\\/\\\/schema.org\",\"@graph\":[{\"@type\":\"Article\",\"@id\":\"https:\\\/\\\/cvinoticias.com\\\/v3\\\/capturaron-al-otro-sospechoso-del-robo-a-punta-de-cuchillo-contra-una-empleada-de-comercio\\\/#article\",\"isPartOf\":{\"@id\":\"https:\\\/\\\/cvinoticias.com\\\/v3\\\/capturaron-al-otro-sospechoso-del-robo-a-punta-de-cuchillo-contra-una-empleada-de-comercio\\\/\"},\"author\":{\"name\":\"f1000024\",\"@id\":\"https:\\\/\\\/cvinoticias.com\\\/v3\\\/#\\\/schema\\\/person\\\/2db77e3c6bc03c538495d7b2b8be9b66\"},\"headline\":\"Capturaron al otro sospechoso del robo a punta de cuchillo contra una empleada de comercio\",\"datePublished\":\"2025-11-28T12:31:57+00:00\",\"dateModified\":\"2025-12-01T06:32:55+00:00\",\"mainEntityOfPage\":{\"@id\":\"https:\\\/\\\/cvinoticias.com\\\/v3\\\/capturaron-al-otro-sospechoso-del-robo-a-punta-de-cuchillo-contra-una-empleada-de-comercio\\\/\"},\"wordCount\":280,\"commentCount\":0,\"publisher\":{\"@id\":\"https:\\\/\\\/cvinoticias.com\\\/v3\\\/#organization\"},\"image\":{\"@id\":\"https:\\\/\\\/cvinoticias.com\\\/v3\\\/capturaron-al-otro-sospechoso-del-robo-a-punta-de-cuchillo-contra-una-empleada-de-comercio\\\/#primaryimage\"},\"thumbnailUrl\":\"https:\\\/\\\/cvinoticias.com\\\/wp-content\\\/uploads\\\/2025\\\/12\\\/Captura-de-pantalla-2025-12-01-033019.png\",\"keywords\":[\"Detenido\",\"Iguaz\u00fa\",\"Robo\"],\"articleSection\":[\"Policiales\"],\"inLanguage\":\"es\",\"potentialAction\":[{\"@type\":\"CommentAction\",\"name\":\"Comment\",\"target\":[\"https:\\\/\\\/cvinoticias.com\\\/v3\\\/capturaron-al-otro-sospechoso-del-robo-a-punta-de-cuchillo-contra-una-empleada-de-comercio\\\/#respond\"]}]},{\"@type\":\"WebPage\",\"@id\":\"https:\\\/\\\/cvinoticias.com\\\/v3\\\/capturaron-al-otro-sospechoso-del-robo-a-punta-de-cuchillo-contra-una-empleada-de-comercio\\\/\",\"url\":\"https:\\\/\\\/cvinoticias.com\\\/v3\\\/capturaron-al-otro-sospechoso-del-robo-a-punta-de-cuchillo-contra-una-empleada-de-comercio\\\/\",\"name\":\"Capturaron al otro sospechoso del robo a punta de cuchillo | CVI NOTICIAS\",\"isPartOf\":{\"@id\":\"https:\\\/\\\/cvinoticias.com\\\/v3\\\/#website\"},\"primaryImageOfPage\":{\"@id\":\"https:\\\/\\\/cvinoticias.com\\\/v3\\\/capturaron-al-otro-sospechoso-del-robo-a-punta-de-cuchillo-contra-una-empleada-de-comercio\\\/#primaryimage\"},\"image\":{\"@id\":\"https:\\\/\\\/cvinoticias.com\\\/v3\\\/capturaron-al-otro-sospechoso-del-robo-a-punta-de-cuchillo-contra-una-empleada-de-comercio\\\/#primaryimage\"},\"thumbnailUrl\":\"https:\\\/\\\/cvinoticias.com\\\/wp-content\\\/uploads\\\/2025\\\/12\\\/Captura-de-pantalla-2025-12-01-033019.png\",\"datePublished\":\"2025-11-28T12:31:57+00:00\",\"dateModified\":\"2025-12-01T06:32:55+00:00\",\"description\":\"La Polic\u00eda detuvo en Iguaz\u00fa al segundo implicado en el robo a punta de cuchillo del domingo.\",\"breadcrumb\":{\"@id\":\"https:\\\/\\\/cvinoticias.com\\\/v3\\\/capturaron-al-otro-sospechoso-del-robo-a-punta-de-cuchillo-contra-una-empleada-de-comercio\\\/#breadcrumb\"},\"inLanguage\":\"es\",\"potentialAction\":[{\"@type\":\"ReadAction\",\"target\":[\"https:\\\/\\\/cvinoticias.com\\\/v3\\\/capturaron-al-otro-sospechoso-del-robo-a-punta-de-cuchillo-contra-una-empleada-de-comercio\\\/\"]}]},{\"@type\":\"ImageObject\",\"inLanguage\":\"es\",\"@id\":\"https:\\\/\\\/cvinoticias.com\\\/v3\\\/capturaron-al-otro-sospechoso-del-robo-a-punta-de-cuchillo-contra-una-empleada-de-comercio\\\/#primaryimage\",\"url\":\"https:\\\/\\\/cvinoticias.com\\\/wp-content\\\/uploads\\\/2025\\\/12\\\/Captura-de-pantalla-2025-12-01-033019.png\",\"contentUrl\":\"https:\\\/\\\/cvinoticias.com\\\/wp-content\\\/uploads\\\/2025\\\/12\\\/Captura-de-pantalla-2025-12-01-033019.png\",\"width\":217,\"height\":300},{\"@type\":\"BreadcrumbList\",\"@id\":\"https:\\\/\\\/cvinoticias.com\\\/v3\\\/capturaron-al-otro-sospechoso-del-robo-a-punta-de-cuchillo-contra-una-empleada-de-comercio\\\/#breadcrumb\",\"itemListElement\":[{\"@type\":\"ListItem\",\"position\":1,\"name\":\"Portada\",\"item\":\"https:\\\/\\\/cvinoticias.com\\\/v3\\\/\"},{\"@type\":\"ListItem\",\"position\":2,\"name\":\"Capturaron al otro sospechoso del robo a punta de cuchillo contra una empleada de comercio\"}]},{\"@type\":\"WebSite\",\"@id\":\"https:\\\/\\\/cvinoticias.com\\\/v3\\\/#website\",\"url\":\"https:\\\/\\\/cvinoticias.com\\\/v3\\\/\",\"name\":\"CVI NOTICIAS\",\"description\":\"\",\"publisher\":{\"@id\":\"https:\\\/\\\/cvinoticias.com\\\/v3\\\/#organization\"},\"alternateName\":\"CVI\",\"potentialAction\":[{\"@type\":\"SearchAction\",\"target\":{\"@type\":\"EntryPoint\",\"urlTemplate\":\"https:\\\/\\\/cvinoticias.com\\\/v3\\\/?s={search_term_string}\"},\"query-input\":{\"@type\":\"PropertyValueSpecification\",\"valueRequired\":true,\"valueName\":\"search_term_string\"}}],\"inLanguage\":\"es\"},{\"@type\":\"Organization\",\"@id\":\"https:\\\/\\\/cvinoticias.com\\\/v3\\\/#organization\",\"name\":\"CVI NOTICIAS\",\"url\":\"https:\\\/\\\/cvinoticias.com\\\/v3\\\/\",\"logo\":{\"@type\":\"ImageObject\",\"inLanguage\":\"es\",\"@id\":\"https:\\\/\\\/cvinoticias.com\\\/v3\\\/#\\\/schema\\\/logo\\\/image\\\/\",\"url\":\"https:\\\/\\\/cvinoticias.com\\\/wp-content\\\/uploads\\\/2023\\\/04\\\/cropped-cropped-cropped-cropped-cropped-3-1.png\",\"contentUrl\":\"https:\\\/\\\/cvinoticias.com\\\/wp-content\\\/uploads\\\/2023\\\/04\\\/cropped-cropped-cropped-cropped-cropped-3-1.png\",\"width\":95,\"height\":122,\"caption\":\"CVI NOTICIAS\"},\"image\":{\"@id\":\"https:\\\/\\\/cvinoticias.com\\\/v3\\\/#\\\/schema\\\/logo\\\/image\\\/\"},\"sameAs\":[\"https:\\\/\\\/www.facebook.com\\\/cvinoticias\",\"https:\\\/\\\/www.instagram.com\\\/cvinoticias\\\/\",\"https:\\\/\\\/www.youtube.com\\\/@CVINOTICIAS\"]},{\"@type\":\"Person\",\"@id\":\"https:\\\/\\\/cvinoticias.com\\\/v3\\\/#\\\/schema\\\/person\\\/2db77e3c6bc03c538495d7b2b8be9b66\",\"name\":\"f1000024\",\"image\":{\"@type\":\"ImageObject\",\"inLanguage\":\"es\",\"@id\":\"https:\\\/\\\/secure.gravatar.com\\\/avatar\\\/d4fe7459cfc51ff5129ce1a732bbef5928568b8092d412ef95611616376bbeed?s=96&d=mm&r=g\",\"url\":\"https:\\\/\\\/secure.gravatar.com\\\/avatar\\\/d4fe7459cfc51ff5129ce1a732bbef5928568b8092d412ef95611616376bbeed?s=96&d=mm&r=g\",\"contentUrl\":\"https:\\\/\\\/secure.gravatar.com\\\/avatar\\\/d4fe7459cfc51ff5129ce1a732bbef5928568b8092d412ef95611616376bbeed?s=96&d=mm&r=g\",\"caption\":\"f1000024\"},\"url\":\"https:\\\/\\\/cvinoticias.com\\\/v3\\\/author\\\/f1000024\\\/\"}]}<\/script>\n<!-- \/ Yoast SEO plugin. -->","yoast_head_json":{"title":"Capturaron al otro sospechoso del robo a punta de cuchillo | CVI NOTICIAS","description":"La Polic\u00eda detuvo en Iguaz\u00fa al segundo implicado en el robo a punta de cuchillo del domingo.","robots":{"index":"index","follow":"follow","max-snippet":"max-snippet:-1","max-image-preview":"max-image-preview:large","max-video-preview":"max-video-preview:-1"},"canonical":"https:\/\/cvinoticias.com\/v3\/capturaron-al-otro-sospechoso-del-robo-a-punta-de-cuchillo-contra-una-empleada-de-comercio\/","og_locale":"es_ES","og_type":"article","og_title":"Capturaron al otro sospechoso del robo a punta de cuchillo | CVI NOTICIAS","og_description":"La Polic\u00eda detuvo en Iguaz\u00fa al segundo implicado en el robo a punta de cuchillo del domingo.","og_url":"https:\/\/cvinoticias.com\/v3\/capturaron-al-otro-sospechoso-del-robo-a-punta-de-cuchillo-contra-una-empleada-de-comercio\/","og_site_name":"CVI NOTICIAS","article_publisher":"https:\/\/www.facebook.com\/cvinoticias","article_published_time":"2025-11-28T12:31:57+00:00","article_modified_time":"2025-12-01T06:32:55+00:00","og_image":[{"width":217,"height":300,"url":"https:\/\/cvinoticias.com\/wp-content\/uploads\/2025\/12\/Captura-de-pantalla-2025-12-01-033019.png","type":"image\/png"}],"author":"f1000024","twitter_card":"summary_large_image","twitter_misc":{"Escrito por":"f1000024","Tiempo de lectura":"2 minutos"},"schema":{"@context":"https:\/\/schema.org","@graph":[{"@type":"Article","@id":"https:\/\/cvinoticias.com\/v3\/capturaron-al-otro-sospechoso-del-robo-a-punta-de-cuchillo-contra-una-empleada-de-comercio\/#article","isPartOf":{"@id":"https:\/\/cvinoticias.com\/v3\/capturaron-al-otro-sospechoso-del-robo-a-punta-de-cuchillo-contra-una-empleada-de-comercio\/"},"author":{"name":"f1000024","@id":"https:\/\/cvinoticias.com\/v3\/#\/schema\/person\/2db77e3c6bc03c538495d7b2b8be9b66"},"headline":"Capturaron al otro sospechoso del robo a punta de cuchillo contra una empleada de comercio","datePublished":"2025-11-28T12:31:57+00:00","dateModified":"2025-12-01T06:32:55+00:00","mainEntityOfPage":{"@id":"https:\/\/cvinoticias.com\/v3\/capturaron-al-otro-sospechoso-del-robo-a-punta-de-cuchillo-contra-una-empleada-de-comercio\/"},"wordCount":280,"commentCount":0,"publisher":{"@id":"https:\/\/cvinoticias.com\/v3\/#organization"},"image":{"@id":"https:\/\/cvinoticias.com\/v3\/capturaron-al-otro-sospechoso-del-robo-a-punta-de-cuchillo-contra-una-empleada-de-comercio\/#primaryimage"},"thumbnailUrl":"https:\/\/cvinoticias.com\/wp-content\/uploads\/2025\/12\/Captura-de-pantalla-2025-12-01-033019.png","keywords":["Detenido","Iguaz\u00fa","Robo"],"articleSection":["Policiales"],"inLanguage":"es","potentialAction":[{"@type":"CommentAction","name":"Comment","target":["https:\/\/cvinoticias.com\/v3\/capturaron-al-otro-sospechoso-del-robo-a-punta-de-cuchillo-contra-una-empleada-de-comercio\/#respond"]}]},{"@type":"WebPage","@id":"https:\/\/cvinoticias.com\/v3\/capturaron-al-otro-sospechoso-del-robo-a-punta-de-cuchillo-contra-una-empleada-de-comercio\/","url":"https:\/\/cvinoticias.com\/v3\/capturaron-al-otro-sospechoso-del-robo-a-punta-de-cuchillo-contra-una-empleada-de-comercio\/","name":"Capturaron al otro sospechoso del robo a punta de cuchillo | CVI NOTICIAS","isPartOf":{"@id":"https:\/\/cvinoticias.com\/v3\/#website"},"primaryImageOfPage":{"@id":"https:\/\/cvinoticias.com\/v3\/capturaron-al-otro-sospechoso-del-robo-a-punta-de-cuchillo-contra-una-empleada-de-comercio\/#primaryimage"},"image":{"@id":"https:\/\/cvinoticias.com\/v3\/capturaron-al-otro-sospechoso-del-robo-a-punta-de-cuchillo-contra-una-empleada-de-comercio\/#primaryimage"},"thumbnailUrl":"https:\/\/cvinoticias.com\/wp-content\/uploads\/2025\/12\/Captura-de-pantalla-2025-12-01-033019.png","datePublished":"2025-11-28T12:31:57+00:00","dateModified":"2025-12-01T06:32:55+00:00","description":"La Polic\u00eda detuvo en Iguaz\u00fa al segundo implicado en el robo a punta de cuchillo del domingo.","breadcrumb":{"@id":"https:\/\/cvinoticias.com\/v3\/capturaron-al-otro-sospechoso-del-robo-a-punta-de-cuchillo-contra-una-empleada-de-comercio\/#breadcrumb"},"inLanguage":"es","potentialAction":[{"@type":"ReadAction","target":["https:\/\/cvinoticias.com\/v3\/capturaron-al-otro-sospechoso-del-robo-a-punta-de-cuchillo-contra-una-empleada-de-comercio\/"]}]},{"@type":"ImageObject","inLanguage":"es","@id":"https:\/\/cvinoticias.com\/v3\/capturaron-al-otro-sospechoso-del-robo-a-punta-de-cuchillo-contra-una-empleada-de-comercio\/#primaryimage","url":"https:\/\/cvinoticias.com\/wp-content\/uploads\/2025\/12\/Captura-de-pantalla-2025-12-01-033019.png","contentUrl":"https:\/\/cvinoticias.com\/wp-content\/uploads\/2025\/12\/Captura-de-pantalla-2025-12-01-033019.png","width":217,"height":300},{"@type":"BreadcrumbList","@id":"https:\/\/cvinoticias.com\/v3\/capturaron-al-otro-sospechoso-del-robo-a-punta-de-cuchillo-contra-una-empleada-de-comercio\/#breadcrumb","itemListElement":[{"@type":"ListItem","position":1,"name":"Portada","item":"https:\/\/cvinoticias.com\/v3\/"},{"@type":"ListItem","position":2,"name":"Capturaron al otro sospechoso del robo a punta de cuchillo contra una empleada de comercio"}]},{"@type":"WebSite","@id":"https:\/\/cvinoticias.com\/v3\/#website","url":"https:\/\/cvinoticias.com\/v3\/","name":"CVI NOTICIAS","description":"","publisher":{"@id":"https:\/\/cvinoticias.com\/v3\/#organization"},"alternateName":"CVI","potentialAction":[{"@type":"SearchAction","target":{"@type":"EntryPoint","urlTemplate":"https:\/\/cvinoticias.com\/v3\/?s={search_term_string}"},"query-input":{"@type":"PropertyValueSpecification","valueRequired":true,"valueName":"search_term_string"}}],"inLanguage":"es"},{"@type":"Organization","@id":"https:\/\/cvinoticias.com\/v3\/#organization","name":"CVI NOTICIAS","url":"https:\/\/cvinoticias.com\/v3\/","logo":{"@type":"ImageObject","inLanguage":"es","@id":"https:\/\/cvinoticias.com\/v3\/#\/schema\/logo\/image\/","url":"https:\/\/cvinoticias.com\/wp-content\/uploads\/2023\/04\/cropped-cropped-cropped-cropped-cropped-3-1.png","contentUrl":"https:\/\/cvinoticias.com\/wp-content\/uploads\/2023\/04\/cropped-cropped-cropped-cropped-cropped-3-1.png","width":95,"height":122,"caption":"CVI NOTICIAS"},"image":{"@id":"https:\/\/cvinoticias.com\/v3\/#\/schema\/logo\/image\/"},"sameAs":["https:\/\/www.facebook.com\/cvinoticias","https:\/\/www.instagram.com\/cvinoticias\/","https:\/\/www.youtube.com\/@CVINOTICIAS"]},{"@type":"Person","@id":"https:\/\/cvinoticias.com\/v3\/#\/schema\/person\/2db77e3c6bc03c538495d7b2b8be9b66","name":"f1000024","image":{"@type":"ImageObject","inLanguage":"es","@id":"https:\/\/secure.gravatar.com\/avatar\/d4fe7459cfc51ff5129ce1a732bbef5928568b8092d412ef95611616376bbeed?s=96&d=mm&r=g","url":"https:\/\/secure.gravatar.com\/avatar\/d4fe7459cfc51ff5129ce1a732bbef5928568b8092d412ef95611616376bbeed?s=96&d=mm&r=g","contentUrl":"https:\/\/secure.gravatar.com\/avatar\/d4fe7459cfc51ff5129ce1a732bbef5928568b8092d412ef95611616376bbeed?s=96&d=mm&r=g","caption":"f1000024"},"url":"https:\/\/cvinoticias.com\/v3\/author\/f1000024\/"}]}},"_links":{"self":[{"href":"https:\/\/cvinoticias.com\/v3\/wp-json\/wp\/v2\/posts\/52124","targetHints":{"allow":["GET"]}}],"collection":[{"href":"https:\/\/cvinoticias.com\/v3\/wp-json\/wp\/v2\/posts"}],"about":[{"href":"https:\/\/cvinoticias.com\/v3\/wp-json\/wp\/v2\/types\/post"}],"author":[{"embeddable":true,"href":"https:\/\/cvinoticias.com\/v3\/wp-json\/wp\/v2\/users\/2"}],"replies":[{"embeddable":true,"href":"https:\/\/cvinoticias.com\/v3\/wp-json\/wp\/v2\/comments?post=52124"}],"version-history":[{"count":1,"href":"https:\/\/cvinoticias.com\/v3\/wp-json\/wp\/v2\/posts\/52124\/revisions"}],"predecessor-version":[{"id":52126,"href":"https:\/\/cvinoticias.com\/v3\/wp-json\/wp\/v2\/posts\/52124\/revisions\/52126"}],"wp:featuredmedia":[{"embeddable":true,"href":"https:\/\/cvinoticias.com\/v3\/wp-json\/wp\/v2\/media\/52125"}],"wp:attachment":[{"href":"https:\/\/cvinoticias.com\/v3\/wp-json\/wp\/v2\/media?parent=52124"}],"wp:term":[{"taxonomy":"category","embeddable":true,"href":"https:\/\/cvinoticias.com\/v3\/wp-json\/wp\/v2\/categories?post=52124"},{"taxonomy":"post_tag","embeddable":true,"href":"https:\/\/cvinoticias.com\/v3\/wp-json\/wp\/v2\/tags?post=52124"}],"curies":[{"name":"wp","href":"https:\/\/api.w.org\/{rel}","templated":true}]}}