{"id":51924,"date":"2025-11-24T17:46:51","date_gmt":"2025-11-24T20:46:51","guid":{"rendered":"https:\/\/cvinoticias.com\/v3\/?p=51924"},"modified":"2025-11-25T07:47:05","modified_gmt":"2025-11-25T10:47:05","slug":"operacion-conexion-cv-enviaban-drogas-armas-y-municiones-de-guerra-a-rio-de-janeiro","status":"publish","type":"post","link":"https:\/\/cvinoticias.com\/v3\/operacion-conexion-cv-enviaban-drogas-armas-y-municiones-de-guerra-a-rio-de-janeiro\/","title":{"rendered":"Operaci\u00f3n \u00abConexi\u00f3n CV\u00bb: enviaban drogas, armas y municiones de guerra a R\u00edo de Janeiro"},"content":{"rendered":"\n<p>Bajo la fachada de una empresa importadora enviaban drogas, armas y municiones de guerra a R\u00edo de Janeiro mediante doble fondo de veh\u00edculos de alta gama. Operativo en curso ahora<\/p>\n\n\n\n<p>La SENAD realiza un gran procedimiento para desmantelar parte de la estructura criminal del Comando Vermelho.<\/p>\n\n\n\n<figure class=\"wp-block-image size-large\"><a href=\"https:\/\/cvinoticias.com\/wp-content\/uploads\/2025\/11\/armas.jpeg\"><img decoding=\"async\" width=\"1024\" height=\"473\" data-src=\"https:\/\/cvinoticias.com\/wp-content\/uploads\/2025\/11\/armas-1024x473.jpeg\" alt=\"\" class=\"wp-image-51926 lazyload\" data-srcset=\"https:\/\/cvinoticias.com\/wp-content\/uploads\/2025\/11\/armas-1024x473.jpeg 1024w, https:\/\/cvinoticias.com\/wp-content\/uploads\/2025\/11\/armas-300x139.jpeg 300w, https:\/\/cvinoticias.com\/wp-content\/uploads\/2025\/11\/armas-768x355.jpeg 768w, https:\/\/cvinoticias.com\/wp-content\/uploads\/2025\/11\/armas.jpeg 1280w\" data-sizes=\"(max-width: 1024px) 100vw, 1024px\" src=\"data:image\/svg+xml;base64,PHN2ZyB3aWR0aD0iMSIgaGVpZ2h0PSIxIiB4bWxucz0iaHR0cDovL3d3dy53My5vcmcvMjAwMC9zdmciPjwvc3ZnPg==\" style=\"--smush-placeholder-width: 1024px; --smush-placeholder-aspect-ratio: 1024\/473;\" \/><\/a><\/figure>\n\n\n\n<p>Fuente: Info Tres Fronteras<\/p>\n","protected":false},"excerpt":{"rendered":"<p>Bajo la fachada de una empresa importadora enviaban drogas, armas y municiones de guerra a R\u00edo de Janeiro mediante doble fondo de veh\u00edculos de alta gama. Operativo en curso ahora La SENAD realiza un gran procedimiento para desmantelar parte de la estructura criminal del Comando Vermelho. Fuente: Info Tres Fronteras<\/p>\n","protected":false},"author":2,"featured_media":51925,"comment_status":"open","ping_status":"closed","sticky":false,"template":"","format":"standard","meta":{"footnotes":""},"categories":[36],"tags":[3979,85,4257,4524],"class_list":["post-51924","post","type-post","status-publish","format-standard","has-post-thumbnail","hentry","category-internacionales","tag-comando","tag-droga","tag-rio-de-janeiro","tag-vermelho"],"yoast_head":"<!-- This site is optimized with the Yoast SEO plugin v27.4 - https:\/\/yoast.com\/product\/yoast-seo-wordpress\/ -->\n<title>Operaci\u00f3n Conexi\u00f3n CV: enviaban drogas y armas a R\u00edo | CVI NOTICIAS<\/title>\n<meta name=\"description\" content=\"ENAD investiga red que enviaba drogas, armas y municiones al Comando Vermelho hacia R\u00edo de Janeiro.\" \/>\n<meta name=\"robots\" content=\"index, follow, max-snippet:-1, max-image-preview:large, max-video-preview:-1\" \/>\n<link rel=\"canonical\" href=\"https:\/\/cvinoticias.com\/v3\/operacion-conexion-cv-enviaban-drogas-armas-y-municiones-de-guerra-a-rio-de-janeiro\/\" \/>\n<meta property=\"og:locale\" content=\"es_ES\" \/>\n<meta property=\"og:type\" content=\"article\" \/>\n<meta property=\"og:title\" content=\"Operaci\u00f3n Conexi\u00f3n CV: enviaban drogas y armas a R\u00edo | CVI NOTICIAS\" \/>\n<meta property=\"og:description\" content=\"ENAD investiga red que enviaba drogas, armas y municiones al Comando Vermelho hacia R\u00edo de Janeiro.\" \/>\n<meta property=\"og:url\" content=\"https:\/\/cvinoticias.com\/v3\/operacion-conexion-cv-enviaban-drogas-armas-y-municiones-de-guerra-a-rio-de-janeiro\/\" \/>\n<meta property=\"og:site_name\" content=\"CVI NOTICIAS\" \/>\n<meta property=\"article:publisher\" content=\"https:\/\/www.facebook.com\/cvinoticias\" \/>\n<meta property=\"article:published_time\" content=\"2025-11-24T20:46:51+00:00\" \/>\n<meta property=\"article:modified_time\" content=\"2025-11-25T10:47:05+00:00\" \/>\n<meta property=\"og:image\" content=\"https:\/\/cvinoticias.com\/wp-content\/uploads\/2025\/11\/opertaivo.jpeg\" \/>\n\t<meta property=\"og:image:width\" content=\"1280\" \/>\n\t<meta property=\"og:image:height\" content=\"591\" \/>\n\t<meta property=\"og:image:type\" content=\"image\/jpeg\" \/>\n<meta name=\"author\" content=\"f1000024\" \/>\n<meta name=\"twitter:card\" content=\"summary_large_image\" \/>\n<meta name=\"twitter:label1\" content=\"Escrito por\" \/>\n\t<meta name=\"twitter:data1\" content=\"f1000024\" \/>\n\t<meta name=\"twitter:label2\" content=\"Tiempo de lectura\" \/>\n\t<meta name=\"twitter:data2\" content=\"1 minuto\" \/>\n<script type=\"application\/ld+json\" class=\"yoast-schema-graph\">{\"@context\":\"https:\\\/\\\/schema.org\",\"@graph\":[{\"@type\":\"Article\",\"@id\":\"https:\\\/\\\/cvinoticias.com\\\/v3\\\/operacion-conexion-cv-enviaban-drogas-armas-y-municiones-de-guerra-a-rio-de-janeiro\\\/#article\",\"isPartOf\":{\"@id\":\"https:\\\/\\\/cvinoticias.com\\\/v3\\\/operacion-conexion-cv-enviaban-drogas-armas-y-municiones-de-guerra-a-rio-de-janeiro\\\/\"},\"author\":{\"name\":\"f1000024\",\"@id\":\"https:\\\/\\\/cvinoticias.com\\\/v3\\\/#\\\/schema\\\/person\\\/2db77e3c6bc03c538495d7b2b8be9b66\"},\"headline\":\"Operaci\u00f3n \u00abConexi\u00f3n CV\u00bb: enviaban drogas, armas y municiones de guerra a R\u00edo de Janeiro\",\"datePublished\":\"2025-11-24T20:46:51+00:00\",\"dateModified\":\"2025-11-25T10:47:05+00:00\",\"mainEntityOfPage\":{\"@id\":\"https:\\\/\\\/cvinoticias.com\\\/v3\\\/operacion-conexion-cv-enviaban-drogas-armas-y-municiones-de-guerra-a-rio-de-janeiro\\\/\"},\"wordCount\":69,\"commentCount\":0,\"publisher\":{\"@id\":\"https:\\\/\\\/cvinoticias.com\\\/v3\\\/#organization\"},\"image\":{\"@id\":\"https:\\\/\\\/cvinoticias.com\\\/v3\\\/operacion-conexion-cv-enviaban-drogas-armas-y-municiones-de-guerra-a-rio-de-janeiro\\\/#primaryimage\"},\"thumbnailUrl\":\"https:\\\/\\\/cvinoticias.com\\\/wp-content\\\/uploads\\\/2025\\\/11\\\/opertaivo.jpeg\",\"keywords\":[\"Comando\",\"droga\",\"R\u00edo de Janeiro\",\"Vermelho\"],\"articleSection\":[\"Internacionales\"],\"inLanguage\":\"es\",\"potentialAction\":[{\"@type\":\"CommentAction\",\"name\":\"Comment\",\"target\":[\"https:\\\/\\\/cvinoticias.com\\\/v3\\\/operacion-conexion-cv-enviaban-drogas-armas-y-municiones-de-guerra-a-rio-de-janeiro\\\/#respond\"]}]},{\"@type\":\"WebPage\",\"@id\":\"https:\\\/\\\/cvinoticias.com\\\/v3\\\/operacion-conexion-cv-enviaban-drogas-armas-y-municiones-de-guerra-a-rio-de-janeiro\\\/\",\"url\":\"https:\\\/\\\/cvinoticias.com\\\/v3\\\/operacion-conexion-cv-enviaban-drogas-armas-y-municiones-de-guerra-a-rio-de-janeiro\\\/\",\"name\":\"Operaci\u00f3n Conexi\u00f3n CV: enviaban drogas y armas a R\u00edo | CVI NOTICIAS\",\"isPartOf\":{\"@id\":\"https:\\\/\\\/cvinoticias.com\\\/v3\\\/#website\"},\"primaryImageOfPage\":{\"@id\":\"https:\\\/\\\/cvinoticias.com\\\/v3\\\/operacion-conexion-cv-enviaban-drogas-armas-y-municiones-de-guerra-a-rio-de-janeiro\\\/#primaryimage\"},\"image\":{\"@id\":\"https:\\\/\\\/cvinoticias.com\\\/v3\\\/operacion-conexion-cv-enviaban-drogas-armas-y-municiones-de-guerra-a-rio-de-janeiro\\\/#primaryimage\"},\"thumbnailUrl\":\"https:\\\/\\\/cvinoticias.com\\\/wp-content\\\/uploads\\\/2025\\\/11\\\/opertaivo.jpeg\",\"datePublished\":\"2025-11-24T20:46:51+00:00\",\"dateModified\":\"2025-11-25T10:47:05+00:00\",\"description\":\"ENAD investiga red que enviaba drogas, armas y municiones al Comando Vermelho hacia R\u00edo de Janeiro.\",\"breadcrumb\":{\"@id\":\"https:\\\/\\\/cvinoticias.com\\\/v3\\\/operacion-conexion-cv-enviaban-drogas-armas-y-municiones-de-guerra-a-rio-de-janeiro\\\/#breadcrumb\"},\"inLanguage\":\"es\",\"potentialAction\":[{\"@type\":\"ReadAction\",\"target\":[\"https:\\\/\\\/cvinoticias.com\\\/v3\\\/operacion-conexion-cv-enviaban-drogas-armas-y-municiones-de-guerra-a-rio-de-janeiro\\\/\"]}]},{\"@type\":\"ImageObject\",\"inLanguage\":\"es\",\"@id\":\"https:\\\/\\\/cvinoticias.com\\\/v3\\\/operacion-conexion-cv-enviaban-drogas-armas-y-municiones-de-guerra-a-rio-de-janeiro\\\/#primaryimage\",\"url\":\"https:\\\/\\\/cvinoticias.com\\\/wp-content\\\/uploads\\\/2025\\\/11\\\/opertaivo.jpeg\",\"contentUrl\":\"https:\\\/\\\/cvinoticias.com\\\/wp-content\\\/uploads\\\/2025\\\/11\\\/opertaivo.jpeg\",\"width\":1280,\"height\":591},{\"@type\":\"BreadcrumbList\",\"@id\":\"https:\\\/\\\/cvinoticias.com\\\/v3\\\/operacion-conexion-cv-enviaban-drogas-armas-y-municiones-de-guerra-a-rio-de-janeiro\\\/#breadcrumb\",\"itemListElement\":[{\"@type\":\"ListItem\",\"position\":1,\"name\":\"Portada\",\"item\":\"https:\\\/\\\/cvinoticias.com\\\/v3\\\/\"},{\"@type\":\"ListItem\",\"position\":2,\"name\":\"Operaci\u00f3n \u00abConexi\u00f3n CV\u00bb: enviaban drogas, armas y municiones de guerra a R\u00edo de Janeiro\"}]},{\"@type\":\"WebSite\",\"@id\":\"https:\\\/\\\/cvinoticias.com\\\/v3\\\/#website\",\"url\":\"https:\\\/\\\/cvinoticias.com\\\/v3\\\/\",\"name\":\"CVI NOTICIAS\",\"description\":\"\",\"publisher\":{\"@id\":\"https:\\\/\\\/cvinoticias.com\\\/v3\\\/#organization\"},\"alternateName\":\"CVI\",\"potentialAction\":[{\"@type\":\"SearchAction\",\"target\":{\"@type\":\"EntryPoint\",\"urlTemplate\":\"https:\\\/\\\/cvinoticias.com\\\/v3\\\/?s={search_term_string}\"},\"query-input\":{\"@type\":\"PropertyValueSpecification\",\"valueRequired\":true,\"valueName\":\"search_term_string\"}}],\"inLanguage\":\"es\"},{\"@type\":\"Organization\",\"@id\":\"https:\\\/\\\/cvinoticias.com\\\/v3\\\/#organization\",\"name\":\"CVI NOTICIAS\",\"url\":\"https:\\\/\\\/cvinoticias.com\\\/v3\\\/\",\"logo\":{\"@type\":\"ImageObject\",\"inLanguage\":\"es\",\"@id\":\"https:\\\/\\\/cvinoticias.com\\\/v3\\\/#\\\/schema\\\/logo\\\/image\\\/\",\"url\":\"https:\\\/\\\/cvinoticias.com\\\/wp-content\\\/uploads\\\/2023\\\/04\\\/cropped-cropped-cropped-cropped-cropped-3-1.png\",\"contentUrl\":\"https:\\\/\\\/cvinoticias.com\\\/wp-content\\\/uploads\\\/2023\\\/04\\\/cropped-cropped-cropped-cropped-cropped-3-1.png\",\"width\":95,\"height\":122,\"caption\":\"CVI NOTICIAS\"},\"image\":{\"@id\":\"https:\\\/\\\/cvinoticias.com\\\/v3\\\/#\\\/schema\\\/logo\\\/image\\\/\"},\"sameAs\":[\"https:\\\/\\\/www.facebook.com\\\/cvinoticias\",\"https:\\\/\\\/www.instagram.com\\\/cvinoticias\\\/\",\"https:\\\/\\\/www.youtube.com\\\/@CVINOTICIAS\"]},{\"@type\":\"Person\",\"@id\":\"https:\\\/\\\/cvinoticias.com\\\/v3\\\/#\\\/schema\\\/person\\\/2db77e3c6bc03c538495d7b2b8be9b66\",\"name\":\"f1000024\",\"image\":{\"@type\":\"ImageObject\",\"inLanguage\":\"es\",\"@id\":\"https:\\\/\\\/secure.gravatar.com\\\/avatar\\\/d4fe7459cfc51ff5129ce1a732bbef5928568b8092d412ef95611616376bbeed?s=96&d=mm&r=g\",\"url\":\"https:\\\/\\\/secure.gravatar.com\\\/avatar\\\/d4fe7459cfc51ff5129ce1a732bbef5928568b8092d412ef95611616376bbeed?s=96&d=mm&r=g\",\"contentUrl\":\"https:\\\/\\\/secure.gravatar.com\\\/avatar\\\/d4fe7459cfc51ff5129ce1a732bbef5928568b8092d412ef95611616376bbeed?s=96&d=mm&r=g\",\"caption\":\"f1000024\"},\"url\":\"https:\\\/\\\/cvinoticias.com\\\/v3\\\/author\\\/f1000024\\\/\"}]}<\/script>\n<!-- \/ Yoast SEO plugin. -->","yoast_head_json":{"title":"Operaci\u00f3n Conexi\u00f3n CV: enviaban drogas y armas a R\u00edo | CVI NOTICIAS","description":"ENAD investiga red que enviaba drogas, armas y municiones al Comando Vermelho hacia R\u00edo de Janeiro.","robots":{"index":"index","follow":"follow","max-snippet":"max-snippet:-1","max-image-preview":"max-image-preview:large","max-video-preview":"max-video-preview:-1"},"canonical":"https:\/\/cvinoticias.com\/v3\/operacion-conexion-cv-enviaban-drogas-armas-y-municiones-de-guerra-a-rio-de-janeiro\/","og_locale":"es_ES","og_type":"article","og_title":"Operaci\u00f3n Conexi\u00f3n CV: enviaban drogas y armas a R\u00edo | CVI NOTICIAS","og_description":"ENAD investiga red que enviaba drogas, armas y municiones al Comando Vermelho hacia R\u00edo de Janeiro.","og_url":"https:\/\/cvinoticias.com\/v3\/operacion-conexion-cv-enviaban-drogas-armas-y-municiones-de-guerra-a-rio-de-janeiro\/","og_site_name":"CVI NOTICIAS","article_publisher":"https:\/\/www.facebook.com\/cvinoticias","article_published_time":"2025-11-24T20:46:51+00:00","article_modified_time":"2025-11-25T10:47:05+00:00","og_image":[{"width":1280,"height":591,"url":"https:\/\/cvinoticias.com\/wp-content\/uploads\/2025\/11\/opertaivo.jpeg","type":"image\/jpeg"}],"author":"f1000024","twitter_card":"summary_large_image","twitter_misc":{"Escrito por":"f1000024","Tiempo de lectura":"1 minuto"},"schema":{"@context":"https:\/\/schema.org","@graph":[{"@type":"Article","@id":"https:\/\/cvinoticias.com\/v3\/operacion-conexion-cv-enviaban-drogas-armas-y-municiones-de-guerra-a-rio-de-janeiro\/#article","isPartOf":{"@id":"https:\/\/cvinoticias.com\/v3\/operacion-conexion-cv-enviaban-drogas-armas-y-municiones-de-guerra-a-rio-de-janeiro\/"},"author":{"name":"f1000024","@id":"https:\/\/cvinoticias.com\/v3\/#\/schema\/person\/2db77e3c6bc03c538495d7b2b8be9b66"},"headline":"Operaci\u00f3n \u00abConexi\u00f3n CV\u00bb: enviaban drogas, armas y municiones de guerra a R\u00edo de Janeiro","datePublished":"2025-11-24T20:46:51+00:00","dateModified":"2025-11-25T10:47:05+00:00","mainEntityOfPage":{"@id":"https:\/\/cvinoticias.com\/v3\/operacion-conexion-cv-enviaban-drogas-armas-y-municiones-de-guerra-a-rio-de-janeiro\/"},"wordCount":69,"commentCount":0,"publisher":{"@id":"https:\/\/cvinoticias.com\/v3\/#organization"},"image":{"@id":"https:\/\/cvinoticias.com\/v3\/operacion-conexion-cv-enviaban-drogas-armas-y-municiones-de-guerra-a-rio-de-janeiro\/#primaryimage"},"thumbnailUrl":"https:\/\/cvinoticias.com\/wp-content\/uploads\/2025\/11\/opertaivo.jpeg","keywords":["Comando","droga","R\u00edo de Janeiro","Vermelho"],"articleSection":["Internacionales"],"inLanguage":"es","potentialAction":[{"@type":"CommentAction","name":"Comment","target":["https:\/\/cvinoticias.com\/v3\/operacion-conexion-cv-enviaban-drogas-armas-y-municiones-de-guerra-a-rio-de-janeiro\/#respond"]}]},{"@type":"WebPage","@id":"https:\/\/cvinoticias.com\/v3\/operacion-conexion-cv-enviaban-drogas-armas-y-municiones-de-guerra-a-rio-de-janeiro\/","url":"https:\/\/cvinoticias.com\/v3\/operacion-conexion-cv-enviaban-drogas-armas-y-municiones-de-guerra-a-rio-de-janeiro\/","name":"Operaci\u00f3n Conexi\u00f3n CV: enviaban drogas y armas a R\u00edo | CVI NOTICIAS","isPartOf":{"@id":"https:\/\/cvinoticias.com\/v3\/#website"},"primaryImageOfPage":{"@id":"https:\/\/cvinoticias.com\/v3\/operacion-conexion-cv-enviaban-drogas-armas-y-municiones-de-guerra-a-rio-de-janeiro\/#primaryimage"},"image":{"@id":"https:\/\/cvinoticias.com\/v3\/operacion-conexion-cv-enviaban-drogas-armas-y-municiones-de-guerra-a-rio-de-janeiro\/#primaryimage"},"thumbnailUrl":"https:\/\/cvinoticias.com\/wp-content\/uploads\/2025\/11\/opertaivo.jpeg","datePublished":"2025-11-24T20:46:51+00:00","dateModified":"2025-11-25T10:47:05+00:00","description":"ENAD investiga red que enviaba drogas, armas y municiones al Comando Vermelho hacia R\u00edo de Janeiro.","breadcrumb":{"@id":"https:\/\/cvinoticias.com\/v3\/operacion-conexion-cv-enviaban-drogas-armas-y-municiones-de-guerra-a-rio-de-janeiro\/#breadcrumb"},"inLanguage":"es","potentialAction":[{"@type":"ReadAction","target":["https:\/\/cvinoticias.com\/v3\/operacion-conexion-cv-enviaban-drogas-armas-y-municiones-de-guerra-a-rio-de-janeiro\/"]}]},{"@type":"ImageObject","inLanguage":"es","@id":"https:\/\/cvinoticias.com\/v3\/operacion-conexion-cv-enviaban-drogas-armas-y-municiones-de-guerra-a-rio-de-janeiro\/#primaryimage","url":"https:\/\/cvinoticias.com\/wp-content\/uploads\/2025\/11\/opertaivo.jpeg","contentUrl":"https:\/\/cvinoticias.com\/wp-content\/uploads\/2025\/11\/opertaivo.jpeg","width":1280,"height":591},{"@type":"BreadcrumbList","@id":"https:\/\/cvinoticias.com\/v3\/operacion-conexion-cv-enviaban-drogas-armas-y-municiones-de-guerra-a-rio-de-janeiro\/#breadcrumb","itemListElement":[{"@type":"ListItem","position":1,"name":"Portada","item":"https:\/\/cvinoticias.com\/v3\/"},{"@type":"ListItem","position":2,"name":"Operaci\u00f3n \u00abConexi\u00f3n CV\u00bb: enviaban drogas, armas y municiones de guerra a R\u00edo de Janeiro"}]},{"@type":"WebSite","@id":"https:\/\/cvinoticias.com\/v3\/#website","url":"https:\/\/cvinoticias.com\/v3\/","name":"CVI NOTICIAS","description":"","publisher":{"@id":"https:\/\/cvinoticias.com\/v3\/#organization"},"alternateName":"CVI","potentialAction":[{"@type":"SearchAction","target":{"@type":"EntryPoint","urlTemplate":"https:\/\/cvinoticias.com\/v3\/?s={search_term_string}"},"query-input":{"@type":"PropertyValueSpecification","valueRequired":true,"valueName":"search_term_string"}}],"inLanguage":"es"},{"@type":"Organization","@id":"https:\/\/cvinoticias.com\/v3\/#organization","name":"CVI NOTICIAS","url":"https:\/\/cvinoticias.com\/v3\/","logo":{"@type":"ImageObject","inLanguage":"es","@id":"https:\/\/cvinoticias.com\/v3\/#\/schema\/logo\/image\/","url":"https:\/\/cvinoticias.com\/wp-content\/uploads\/2023\/04\/cropped-cropped-cropped-cropped-cropped-3-1.png","contentUrl":"https:\/\/cvinoticias.com\/wp-content\/uploads\/2023\/04\/cropped-cropped-cropped-cropped-cropped-3-1.png","width":95,"height":122,"caption":"CVI NOTICIAS"},"image":{"@id":"https:\/\/cvinoticias.com\/v3\/#\/schema\/logo\/image\/"},"sameAs":["https:\/\/www.facebook.com\/cvinoticias","https:\/\/www.instagram.com\/cvinoticias\/","https:\/\/www.youtube.com\/@CVINOTICIAS"]},{"@type":"Person","@id":"https:\/\/cvinoticias.com\/v3\/#\/schema\/person\/2db77e3c6bc03c538495d7b2b8be9b66","name":"f1000024","image":{"@type":"ImageObject","inLanguage":"es","@id":"https:\/\/secure.gravatar.com\/avatar\/d4fe7459cfc51ff5129ce1a732bbef5928568b8092d412ef95611616376bbeed?s=96&d=mm&r=g","url":"https:\/\/secure.gravatar.com\/avatar\/d4fe7459cfc51ff5129ce1a732bbef5928568b8092d412ef95611616376bbeed?s=96&d=mm&r=g","contentUrl":"https:\/\/secure.gravatar.com\/avatar\/d4fe7459cfc51ff5129ce1a732bbef5928568b8092d412ef95611616376bbeed?s=96&d=mm&r=g","caption":"f1000024"},"url":"https:\/\/cvinoticias.com\/v3\/author\/f1000024\/"}]}},"_links":{"self":[{"href":"https:\/\/cvinoticias.com\/v3\/wp-json\/wp\/v2\/posts\/51924","targetHints":{"allow":["GET"]}}],"collection":[{"href":"https:\/\/cvinoticias.com\/v3\/wp-json\/wp\/v2\/posts"}],"about":[{"href":"https:\/\/cvinoticias.com\/v3\/wp-json\/wp\/v2\/types\/post"}],"author":[{"embeddable":true,"href":"https:\/\/cvinoticias.com\/v3\/wp-json\/wp\/v2\/users\/2"}],"replies":[{"embeddable":true,"href":"https:\/\/cvinoticias.com\/v3\/wp-json\/wp\/v2\/comments?post=51924"}],"version-history":[{"count":1,"href":"https:\/\/cvinoticias.com\/v3\/wp-json\/wp\/v2\/posts\/51924\/revisions"}],"predecessor-version":[{"id":51927,"href":"https:\/\/cvinoticias.com\/v3\/wp-json\/wp\/v2\/posts\/51924\/revisions\/51927"}],"wp:featuredmedia":[{"embeddable":true,"href":"https:\/\/cvinoticias.com\/v3\/wp-json\/wp\/v2\/media\/51925"}],"wp:attachment":[{"href":"https:\/\/cvinoticias.com\/v3\/wp-json\/wp\/v2\/media?parent=51924"}],"wp:term":[{"taxonomy":"category","embeddable":true,"href":"https:\/\/cvinoticias.com\/v3\/wp-json\/wp\/v2\/categories?post=51924"},{"taxonomy":"post_tag","embeddable":true,"href":"https:\/\/cvinoticias.com\/v3\/wp-json\/wp\/v2\/tags?post=51924"}],"curies":[{"name":"wp","href":"https:\/\/api.w.org\/{rel}","templated":true}]}}