{"id":51786,"date":"2025-11-21T08:25:01","date_gmt":"2025-11-21T11:25:01","guid":{"rendered":"https:\/\/cvinoticias.com\/v3\/?p=51786"},"modified":"2025-11-21T08:25:19","modified_gmt":"2025-11-21T11:25:19","slug":"prevision-del-tiempo-en-misiones-condiciones-variables-y-descenso-de-temperaturas-hacia-el-domingo","status":"publish","type":"post","link":"https:\/\/cvinoticias.com\/v3\/prevision-del-tiempo-en-misiones-condiciones-variables-y-descenso-de-temperaturas-hacia-el-domingo\/","title":{"rendered":"Previsi\u00f3n del tiempo en Misiones: condiciones variables y descenso de temperaturas hacia el domingo"},"content":{"rendered":"\n<p>Este viernes 21 se espera tiempo bueno y nubosidad variable. Las temperaturas no registrar\u00edan grandes cambios. Un sistema de baja presi\u00f3n en el norte del pa\u00eds, junto al avance de un frente fr\u00edo, provocar\u00e1 mayor nubosidad durante la tarde. En horas de la noche el cielo podr\u00eda cubrirse por completo. No se esperan lluvias y la probabilidad se mantiene entre 0 y 15%. Los vientos soplar\u00e1n del noreste, oeste, suroeste y sureste, con velocidades de 5 a 17 km\/h y r\u00e1fagas de hasta 40 km\/h. La calidad del aire ser\u00e1 buena. La temperatura m\u00e1xima alcanzar\u00eda los 34 \u00b0C en Eldorado y la m\u00ednima ser\u00eda de 15 \u00b0C en San Pedro.<\/p>\n\n\n\n<p>El s\u00e1bado 22 se prev\u00e9 una jornada inestable y ventosa. Podr\u00edan registrarse lluvias y tormentas aisladas en las zonas Centro y Norte. En el Sur se mantendr\u00e1 nubosidad variable. El ingreso de un frente d\u00e9bil, sumado a corrientes de humedad, generar\u00e1 chaparrones irregulares en la mitad norte. Se estiman precipitaciones de entre 3 y 5 mm, con una probabilidad del 15 al 60%. Los vientos predominar\u00e1n del sur y suroeste, con r\u00e1fagas de hasta 50 km\/h. Esto provocar\u00e1 un descenso de las temperaturas durante la tarde. La m\u00e1xima ser\u00eda de 32 \u00b0C en Puerto Iguaz\u00fa, con una sensaci\u00f3n t\u00e9rmica de 34 \u00b0C, mientras que la m\u00ednima alcanzar\u00eda los 16 \u00b0C en Bernardo de Irigoyen.<\/p>\n\n\n\n<p>Para el domingo 23 continuar\u00edan algunas inestabilidades en el norte de la provincia. Se esperan chaparrones y tormentas dispersas. En el resto del territorio habr\u00eda nubosidad variable y tiempo bueno. Un sistema de baja presi\u00f3n seguir\u00e1 influyendo sobre la regi\u00f3n. Las lluvias ser\u00edan irregulares y puntuales. Los valores de precipitaci\u00f3n oscilar\u00edan entre 2 y 4 mm, con probabilidades del 10 al 53%. Los vientos soplar\u00e1n del sureste y este, con r\u00e1fagas de hasta 40 km\/h. Se espera un nuevo descenso de las temperaturas. La m\u00e1xima provincial se ubicar\u00eda en 29 \u00b0C en Puerto Iguaz\u00fa y la m\u00ednima en 15 \u00b0C en Bernardo de Irigoyen. La calidad del aire ser\u00e1 regular.<\/p>\n\n\n\n<p><strong>Fuente:<\/strong> Direcci\u00f3n General de Alerta Temprana \u2013 Subsecretar\u00eda de Ordenamiento Territorial \u2013 Ministerio de Ecolog\u00eda y RNR de la Provincia de Misiones.<\/p>\n","protected":false},"excerpt":{"rendered":"<p>Este viernes 21 se espera tiempo bueno y nubosidad variable. Las temperaturas no registrar\u00edan grandes cambios. Un sistema de baja presi\u00f3n en el norte del pa\u00eds, junto al avance de un frente fr\u00edo, provocar\u00e1 mayor nubosidad durante la tarde. En horas de la noche el cielo podr\u00eda cubrirse por completo. No se esperan lluvias y [&hellip;]<\/p>\n","protected":false},"author":2,"featured_media":51787,"comment_status":"open","ping_status":"closed","sticky":false,"template":"","format":"standard","meta":{"footnotes":""},"categories":[1146],"tags":[1148,313,278],"class_list":["post-51786","post","type-post","status-publish","format-standard","has-post-thumbnail","hentry","category-tiempo","tag-clima","tag-iguazu","tag-misiones"],"yoast_head":"<!-- This site is optimized with the Yoast SEO plugin v27.5 - https:\/\/yoast.com\/product\/yoast-seo-wordpress\/ -->\n<title>Previsi\u00f3n del tiempo en Misiones: fin de semana inestable | CVI NOTICIAS<\/title>\n<meta name=\"description\" content=\"Misiones tendr\u00e1 tiempo variable, con posibles tormentas y descenso de temperaturas entre s\u00e1bado y domingo.\" \/>\n<meta name=\"robots\" content=\"index, follow, max-snippet:-1, max-image-preview:large, max-video-preview:-1\" \/>\n<link rel=\"canonical\" href=\"https:\/\/cvinoticias.com\/v3\/prevision-del-tiempo-en-misiones-condiciones-variables-y-descenso-de-temperaturas-hacia-el-domingo\/\" \/>\n<meta property=\"og:locale\" content=\"es_ES\" \/>\n<meta property=\"og:type\" content=\"article\" \/>\n<meta property=\"og:title\" content=\"Previsi\u00f3n del tiempo en Misiones: fin de semana inestable | CVI NOTICIAS\" \/>\n<meta property=\"og:description\" content=\"Misiones tendr\u00e1 tiempo variable, con posibles tormentas y descenso de temperaturas entre s\u00e1bado y domingo.\" \/>\n<meta property=\"og:url\" content=\"https:\/\/cvinoticias.com\/v3\/prevision-del-tiempo-en-misiones-condiciones-variables-y-descenso-de-temperaturas-hacia-el-domingo\/\" \/>\n<meta property=\"og:site_name\" content=\"CVI NOTICIAS\" \/>\n<meta property=\"article:publisher\" content=\"https:\/\/www.facebook.com\/cvinoticias\" \/>\n<meta property=\"article:published_time\" content=\"2025-11-21T11:25:01+00:00\" \/>\n<meta property=\"article:modified_time\" content=\"2025-11-21T11:25:19+00:00\" \/>\n<meta property=\"og:image\" content=\"https:\/\/cvinoticias.com\/wp-content\/uploads\/2025\/11\/hito-3.jpg\" \/>\n\t<meta property=\"og:image:width\" content=\"2048\" \/>\n\t<meta property=\"og:image:height\" content=\"923\" \/>\n\t<meta property=\"og:image:type\" content=\"image\/jpeg\" \/>\n<meta name=\"author\" content=\"f1000024\" \/>\n<meta name=\"twitter:card\" content=\"summary_large_image\" \/>\n<meta name=\"twitter:label1\" content=\"Escrito por\" \/>\n\t<meta name=\"twitter:data1\" content=\"f1000024\" \/>\n\t<meta name=\"twitter:label2\" content=\"Tiempo de lectura\" \/>\n\t<meta name=\"twitter:data2\" content=\"2 minutos\" \/>\n<script type=\"application\/ld+json\" class=\"yoast-schema-graph\">{\"@context\":\"https:\\\/\\\/schema.org\",\"@graph\":[{\"@type\":\"Article\",\"@id\":\"https:\\\/\\\/cvinoticias.com\\\/v3\\\/prevision-del-tiempo-en-misiones-condiciones-variables-y-descenso-de-temperaturas-hacia-el-domingo\\\/#article\",\"isPartOf\":{\"@id\":\"https:\\\/\\\/cvinoticias.com\\\/v3\\\/prevision-del-tiempo-en-misiones-condiciones-variables-y-descenso-de-temperaturas-hacia-el-domingo\\\/\"},\"author\":{\"name\":\"f1000024\",\"@id\":\"https:\\\/\\\/cvinoticias.com\\\/v3\\\/#\\\/schema\\\/person\\\/2db77e3c6bc03c538495d7b2b8be9b66\"},\"headline\":\"Previsi\u00f3n del tiempo en Misiones: condiciones variables y descenso de temperaturas hacia el domingo\",\"datePublished\":\"2025-11-21T11:25:01+00:00\",\"dateModified\":\"2025-11-21T11:25:19+00:00\",\"mainEntityOfPage\":{\"@id\":\"https:\\\/\\\/cvinoticias.com\\\/v3\\\/prevision-del-tiempo-en-misiones-condiciones-variables-y-descenso-de-temperaturas-hacia-el-domingo\\\/\"},\"wordCount\":385,\"commentCount\":0,\"publisher\":{\"@id\":\"https:\\\/\\\/cvinoticias.com\\\/v3\\\/#organization\"},\"image\":{\"@id\":\"https:\\\/\\\/cvinoticias.com\\\/v3\\\/prevision-del-tiempo-en-misiones-condiciones-variables-y-descenso-de-temperaturas-hacia-el-domingo\\\/#primaryimage\"},\"thumbnailUrl\":\"https:\\\/\\\/cvinoticias.com\\\/wp-content\\\/uploads\\\/2025\\\/11\\\/hito-3.jpg\",\"keywords\":[\"Clima\",\"Iguaz\u00fa\",\"Misiones\"],\"articleSection\":[\"Tiempo\"],\"inLanguage\":\"es\",\"potentialAction\":[{\"@type\":\"CommentAction\",\"name\":\"Comment\",\"target\":[\"https:\\\/\\\/cvinoticias.com\\\/v3\\\/prevision-del-tiempo-en-misiones-condiciones-variables-y-descenso-de-temperaturas-hacia-el-domingo\\\/#respond\"]}]},{\"@type\":\"WebPage\",\"@id\":\"https:\\\/\\\/cvinoticias.com\\\/v3\\\/prevision-del-tiempo-en-misiones-condiciones-variables-y-descenso-de-temperaturas-hacia-el-domingo\\\/\",\"url\":\"https:\\\/\\\/cvinoticias.com\\\/v3\\\/prevision-del-tiempo-en-misiones-condiciones-variables-y-descenso-de-temperaturas-hacia-el-domingo\\\/\",\"name\":\"Previsi\u00f3n del tiempo en Misiones: fin de semana inestable | CVI NOTICIAS\",\"isPartOf\":{\"@id\":\"https:\\\/\\\/cvinoticias.com\\\/v3\\\/#website\"},\"primaryImageOfPage\":{\"@id\":\"https:\\\/\\\/cvinoticias.com\\\/v3\\\/prevision-del-tiempo-en-misiones-condiciones-variables-y-descenso-de-temperaturas-hacia-el-domingo\\\/#primaryimage\"},\"image\":{\"@id\":\"https:\\\/\\\/cvinoticias.com\\\/v3\\\/prevision-del-tiempo-en-misiones-condiciones-variables-y-descenso-de-temperaturas-hacia-el-domingo\\\/#primaryimage\"},\"thumbnailUrl\":\"https:\\\/\\\/cvinoticias.com\\\/wp-content\\\/uploads\\\/2025\\\/11\\\/hito-3.jpg\",\"datePublished\":\"2025-11-21T11:25:01+00:00\",\"dateModified\":\"2025-11-21T11:25:19+00:00\",\"description\":\"Misiones tendr\u00e1 tiempo variable, con posibles tormentas y descenso de temperaturas entre s\u00e1bado y domingo.\",\"breadcrumb\":{\"@id\":\"https:\\\/\\\/cvinoticias.com\\\/v3\\\/prevision-del-tiempo-en-misiones-condiciones-variables-y-descenso-de-temperaturas-hacia-el-domingo\\\/#breadcrumb\"},\"inLanguage\":\"es\",\"potentialAction\":[{\"@type\":\"ReadAction\",\"target\":[\"https:\\\/\\\/cvinoticias.com\\\/v3\\\/prevision-del-tiempo-en-misiones-condiciones-variables-y-descenso-de-temperaturas-hacia-el-domingo\\\/\"]}]},{\"@type\":\"ImageObject\",\"inLanguage\":\"es\",\"@id\":\"https:\\\/\\\/cvinoticias.com\\\/v3\\\/prevision-del-tiempo-en-misiones-condiciones-variables-y-descenso-de-temperaturas-hacia-el-domingo\\\/#primaryimage\",\"url\":\"https:\\\/\\\/cvinoticias.com\\\/wp-content\\\/uploads\\\/2025\\\/11\\\/hito-3.jpg\",\"contentUrl\":\"https:\\\/\\\/cvinoticias.com\\\/wp-content\\\/uploads\\\/2025\\\/11\\\/hito-3.jpg\",\"width\":2048,\"height\":923},{\"@type\":\"BreadcrumbList\",\"@id\":\"https:\\\/\\\/cvinoticias.com\\\/v3\\\/prevision-del-tiempo-en-misiones-condiciones-variables-y-descenso-de-temperaturas-hacia-el-domingo\\\/#breadcrumb\",\"itemListElement\":[{\"@type\":\"ListItem\",\"position\":1,\"name\":\"Portada\",\"item\":\"https:\\\/\\\/cvinoticias.com\\\/v3\\\/\"},{\"@type\":\"ListItem\",\"position\":2,\"name\":\"Previsi\u00f3n del tiempo en Misiones: condiciones variables y descenso de temperaturas hacia el domingo\"}]},{\"@type\":\"WebSite\",\"@id\":\"https:\\\/\\\/cvinoticias.com\\\/v3\\\/#website\",\"url\":\"https:\\\/\\\/cvinoticias.com\\\/v3\\\/\",\"name\":\"CVI NOTICIAS\",\"description\":\"\",\"publisher\":{\"@id\":\"https:\\\/\\\/cvinoticias.com\\\/v3\\\/#organization\"},\"alternateName\":\"CVI\",\"potentialAction\":[{\"@type\":\"SearchAction\",\"target\":{\"@type\":\"EntryPoint\",\"urlTemplate\":\"https:\\\/\\\/cvinoticias.com\\\/v3\\\/?s={search_term_string}\"},\"query-input\":{\"@type\":\"PropertyValueSpecification\",\"valueRequired\":true,\"valueName\":\"search_term_string\"}}],\"inLanguage\":\"es\"},{\"@type\":\"Organization\",\"@id\":\"https:\\\/\\\/cvinoticias.com\\\/v3\\\/#organization\",\"name\":\"CVI NOTICIAS\",\"url\":\"https:\\\/\\\/cvinoticias.com\\\/v3\\\/\",\"logo\":{\"@type\":\"ImageObject\",\"inLanguage\":\"es\",\"@id\":\"https:\\\/\\\/cvinoticias.com\\\/v3\\\/#\\\/schema\\\/logo\\\/image\\\/\",\"url\":\"https:\\\/\\\/cvinoticias.com\\\/wp-content\\\/uploads\\\/2023\\\/04\\\/cropped-cropped-cropped-cropped-cropped-3-1.png\",\"contentUrl\":\"https:\\\/\\\/cvinoticias.com\\\/wp-content\\\/uploads\\\/2023\\\/04\\\/cropped-cropped-cropped-cropped-cropped-3-1.png\",\"width\":95,\"height\":122,\"caption\":\"CVI NOTICIAS\"},\"image\":{\"@id\":\"https:\\\/\\\/cvinoticias.com\\\/v3\\\/#\\\/schema\\\/logo\\\/image\\\/\"},\"sameAs\":[\"https:\\\/\\\/www.facebook.com\\\/cvinoticias\",\"https:\\\/\\\/www.instagram.com\\\/cvinoticias\\\/\",\"https:\\\/\\\/www.youtube.com\\\/@CVINOTICIAS\"]},{\"@type\":\"Person\",\"@id\":\"https:\\\/\\\/cvinoticias.com\\\/v3\\\/#\\\/schema\\\/person\\\/2db77e3c6bc03c538495d7b2b8be9b66\",\"name\":\"f1000024\",\"image\":{\"@type\":\"ImageObject\",\"inLanguage\":\"es\",\"@id\":\"https:\\\/\\\/secure.gravatar.com\\\/avatar\\\/d4fe7459cfc51ff5129ce1a732bbef5928568b8092d412ef95611616376bbeed?s=96&d=mm&r=g\",\"url\":\"https:\\\/\\\/secure.gravatar.com\\\/avatar\\\/d4fe7459cfc51ff5129ce1a732bbef5928568b8092d412ef95611616376bbeed?s=96&d=mm&r=g\",\"contentUrl\":\"https:\\\/\\\/secure.gravatar.com\\\/avatar\\\/d4fe7459cfc51ff5129ce1a732bbef5928568b8092d412ef95611616376bbeed?s=96&d=mm&r=g\",\"caption\":\"f1000024\"},\"url\":\"https:\\\/\\\/cvinoticias.com\\\/v3\\\/author\\\/f1000024\\\/\"}]}<\/script>\n<!-- \/ Yoast SEO plugin. -->","yoast_head_json":{"title":"Previsi\u00f3n del tiempo en Misiones: fin de semana inestable | CVI NOTICIAS","description":"Misiones tendr\u00e1 tiempo variable, con posibles tormentas y descenso de temperaturas entre s\u00e1bado y domingo.","robots":{"index":"index","follow":"follow","max-snippet":"max-snippet:-1","max-image-preview":"max-image-preview:large","max-video-preview":"max-video-preview:-1"},"canonical":"https:\/\/cvinoticias.com\/v3\/prevision-del-tiempo-en-misiones-condiciones-variables-y-descenso-de-temperaturas-hacia-el-domingo\/","og_locale":"es_ES","og_type":"article","og_title":"Previsi\u00f3n del tiempo en Misiones: fin de semana inestable | CVI NOTICIAS","og_description":"Misiones tendr\u00e1 tiempo variable, con posibles tormentas y descenso de temperaturas entre s\u00e1bado y domingo.","og_url":"https:\/\/cvinoticias.com\/v3\/prevision-del-tiempo-en-misiones-condiciones-variables-y-descenso-de-temperaturas-hacia-el-domingo\/","og_site_name":"CVI NOTICIAS","article_publisher":"https:\/\/www.facebook.com\/cvinoticias","article_published_time":"2025-11-21T11:25:01+00:00","article_modified_time":"2025-11-21T11:25:19+00:00","og_image":[{"width":2048,"height":923,"url":"https:\/\/cvinoticias.com\/wp-content\/uploads\/2025\/11\/hito-3.jpg","type":"image\/jpeg"}],"author":"f1000024","twitter_card":"summary_large_image","twitter_misc":{"Escrito por":"f1000024","Tiempo de lectura":"2 minutos"},"schema":{"@context":"https:\/\/schema.org","@graph":[{"@type":"Article","@id":"https:\/\/cvinoticias.com\/v3\/prevision-del-tiempo-en-misiones-condiciones-variables-y-descenso-de-temperaturas-hacia-el-domingo\/#article","isPartOf":{"@id":"https:\/\/cvinoticias.com\/v3\/prevision-del-tiempo-en-misiones-condiciones-variables-y-descenso-de-temperaturas-hacia-el-domingo\/"},"author":{"name":"f1000024","@id":"https:\/\/cvinoticias.com\/v3\/#\/schema\/person\/2db77e3c6bc03c538495d7b2b8be9b66"},"headline":"Previsi\u00f3n del tiempo en Misiones: condiciones variables y descenso de temperaturas hacia el domingo","datePublished":"2025-11-21T11:25:01+00:00","dateModified":"2025-11-21T11:25:19+00:00","mainEntityOfPage":{"@id":"https:\/\/cvinoticias.com\/v3\/prevision-del-tiempo-en-misiones-condiciones-variables-y-descenso-de-temperaturas-hacia-el-domingo\/"},"wordCount":385,"commentCount":0,"publisher":{"@id":"https:\/\/cvinoticias.com\/v3\/#organization"},"image":{"@id":"https:\/\/cvinoticias.com\/v3\/prevision-del-tiempo-en-misiones-condiciones-variables-y-descenso-de-temperaturas-hacia-el-domingo\/#primaryimage"},"thumbnailUrl":"https:\/\/cvinoticias.com\/wp-content\/uploads\/2025\/11\/hito-3.jpg","keywords":["Clima","Iguaz\u00fa","Misiones"],"articleSection":["Tiempo"],"inLanguage":"es","potentialAction":[{"@type":"CommentAction","name":"Comment","target":["https:\/\/cvinoticias.com\/v3\/prevision-del-tiempo-en-misiones-condiciones-variables-y-descenso-de-temperaturas-hacia-el-domingo\/#respond"]}]},{"@type":"WebPage","@id":"https:\/\/cvinoticias.com\/v3\/prevision-del-tiempo-en-misiones-condiciones-variables-y-descenso-de-temperaturas-hacia-el-domingo\/","url":"https:\/\/cvinoticias.com\/v3\/prevision-del-tiempo-en-misiones-condiciones-variables-y-descenso-de-temperaturas-hacia-el-domingo\/","name":"Previsi\u00f3n del tiempo en Misiones: fin de semana inestable | CVI NOTICIAS","isPartOf":{"@id":"https:\/\/cvinoticias.com\/v3\/#website"},"primaryImageOfPage":{"@id":"https:\/\/cvinoticias.com\/v3\/prevision-del-tiempo-en-misiones-condiciones-variables-y-descenso-de-temperaturas-hacia-el-domingo\/#primaryimage"},"image":{"@id":"https:\/\/cvinoticias.com\/v3\/prevision-del-tiempo-en-misiones-condiciones-variables-y-descenso-de-temperaturas-hacia-el-domingo\/#primaryimage"},"thumbnailUrl":"https:\/\/cvinoticias.com\/wp-content\/uploads\/2025\/11\/hito-3.jpg","datePublished":"2025-11-21T11:25:01+00:00","dateModified":"2025-11-21T11:25:19+00:00","description":"Misiones tendr\u00e1 tiempo variable, con posibles tormentas y descenso de temperaturas entre s\u00e1bado y domingo.","breadcrumb":{"@id":"https:\/\/cvinoticias.com\/v3\/prevision-del-tiempo-en-misiones-condiciones-variables-y-descenso-de-temperaturas-hacia-el-domingo\/#breadcrumb"},"inLanguage":"es","potentialAction":[{"@type":"ReadAction","target":["https:\/\/cvinoticias.com\/v3\/prevision-del-tiempo-en-misiones-condiciones-variables-y-descenso-de-temperaturas-hacia-el-domingo\/"]}]},{"@type":"ImageObject","inLanguage":"es","@id":"https:\/\/cvinoticias.com\/v3\/prevision-del-tiempo-en-misiones-condiciones-variables-y-descenso-de-temperaturas-hacia-el-domingo\/#primaryimage","url":"https:\/\/cvinoticias.com\/wp-content\/uploads\/2025\/11\/hito-3.jpg","contentUrl":"https:\/\/cvinoticias.com\/wp-content\/uploads\/2025\/11\/hito-3.jpg","width":2048,"height":923},{"@type":"BreadcrumbList","@id":"https:\/\/cvinoticias.com\/v3\/prevision-del-tiempo-en-misiones-condiciones-variables-y-descenso-de-temperaturas-hacia-el-domingo\/#breadcrumb","itemListElement":[{"@type":"ListItem","position":1,"name":"Portada","item":"https:\/\/cvinoticias.com\/v3\/"},{"@type":"ListItem","position":2,"name":"Previsi\u00f3n del tiempo en Misiones: condiciones variables y descenso de temperaturas hacia el domingo"}]},{"@type":"WebSite","@id":"https:\/\/cvinoticias.com\/v3\/#website","url":"https:\/\/cvinoticias.com\/v3\/","name":"CVI NOTICIAS","description":"","publisher":{"@id":"https:\/\/cvinoticias.com\/v3\/#organization"},"alternateName":"CVI","potentialAction":[{"@type":"SearchAction","target":{"@type":"EntryPoint","urlTemplate":"https:\/\/cvinoticias.com\/v3\/?s={search_term_string}"},"query-input":{"@type":"PropertyValueSpecification","valueRequired":true,"valueName":"search_term_string"}}],"inLanguage":"es"},{"@type":"Organization","@id":"https:\/\/cvinoticias.com\/v3\/#organization","name":"CVI NOTICIAS","url":"https:\/\/cvinoticias.com\/v3\/","logo":{"@type":"ImageObject","inLanguage":"es","@id":"https:\/\/cvinoticias.com\/v3\/#\/schema\/logo\/image\/","url":"https:\/\/cvinoticias.com\/wp-content\/uploads\/2023\/04\/cropped-cropped-cropped-cropped-cropped-3-1.png","contentUrl":"https:\/\/cvinoticias.com\/wp-content\/uploads\/2023\/04\/cropped-cropped-cropped-cropped-cropped-3-1.png","width":95,"height":122,"caption":"CVI NOTICIAS"},"image":{"@id":"https:\/\/cvinoticias.com\/v3\/#\/schema\/logo\/image\/"},"sameAs":["https:\/\/www.facebook.com\/cvinoticias","https:\/\/www.instagram.com\/cvinoticias\/","https:\/\/www.youtube.com\/@CVINOTICIAS"]},{"@type":"Person","@id":"https:\/\/cvinoticias.com\/v3\/#\/schema\/person\/2db77e3c6bc03c538495d7b2b8be9b66","name":"f1000024","image":{"@type":"ImageObject","inLanguage":"es","@id":"https:\/\/secure.gravatar.com\/avatar\/d4fe7459cfc51ff5129ce1a732bbef5928568b8092d412ef95611616376bbeed?s=96&d=mm&r=g","url":"https:\/\/secure.gravatar.com\/avatar\/d4fe7459cfc51ff5129ce1a732bbef5928568b8092d412ef95611616376bbeed?s=96&d=mm&r=g","contentUrl":"https:\/\/secure.gravatar.com\/avatar\/d4fe7459cfc51ff5129ce1a732bbef5928568b8092d412ef95611616376bbeed?s=96&d=mm&r=g","caption":"f1000024"},"url":"https:\/\/cvinoticias.com\/v3\/author\/f1000024\/"}]}},"_links":{"self":[{"href":"https:\/\/cvinoticias.com\/v3\/wp-json\/wp\/v2\/posts\/51786","targetHints":{"allow":["GET"]}}],"collection":[{"href":"https:\/\/cvinoticias.com\/v3\/wp-json\/wp\/v2\/posts"}],"about":[{"href":"https:\/\/cvinoticias.com\/v3\/wp-json\/wp\/v2\/types\/post"}],"author":[{"embeddable":true,"href":"https:\/\/cvinoticias.com\/v3\/wp-json\/wp\/v2\/users\/2"}],"replies":[{"embeddable":true,"href":"https:\/\/cvinoticias.com\/v3\/wp-json\/wp\/v2\/comments?post=51786"}],"version-history":[{"count":1,"href":"https:\/\/cvinoticias.com\/v3\/wp-json\/wp\/v2\/posts\/51786\/revisions"}],"predecessor-version":[{"id":51788,"href":"https:\/\/cvinoticias.com\/v3\/wp-json\/wp\/v2\/posts\/51786\/revisions\/51788"}],"wp:featuredmedia":[{"embeddable":true,"href":"https:\/\/cvinoticias.com\/v3\/wp-json\/wp\/v2\/media\/51787"}],"wp:attachment":[{"href":"https:\/\/cvinoticias.com\/v3\/wp-json\/wp\/v2\/media?parent=51786"}],"wp:term":[{"taxonomy":"category","embeddable":true,"href":"https:\/\/cvinoticias.com\/v3\/wp-json\/wp\/v2\/categories?post=51786"},{"taxonomy":"post_tag","embeddable":true,"href":"https:\/\/cvinoticias.com\/v3\/wp-json\/wp\/v2\/tags?post=51786"}],"curies":[{"name":"wp","href":"https:\/\/api.w.org\/{rel}","templated":true}]}}