{"id":5177,"date":"2021-05-17T13:39:22","date_gmt":"2021-05-17T13:39:22","guid":{"rendered":"https:\/\/cvinoticias.com\/v3\/?p=5177"},"modified":"2021-05-17T13:39:22","modified_gmt":"2021-05-17T13:39:22","slug":"el-gobierno-ordeno-a-whatsapp-suspender-su-nueva-politica-de-privacidad","status":"publish","type":"post","link":"https:\/\/cvinoticias.com\/v3\/el-gobierno-ordeno-a-whatsapp-suspender-su-nueva-politica-de-privacidad\/","title":{"rendered":"El Gobierno orden\u00f3 a Whatsapp suspender su nueva pol\u00edtica de privacidad"},"content":{"rendered":"\n<p><strong><em>Despu\u00e9s que la Agencia de Acceso a la Informaci\u00f3n P\u00fablica iniciara una investigaci\u00f3n de oficio a WhatsApp por su nueva pol\u00edtica de privacidad, que entr\u00f3 en vigencia finalmente este s\u00e1bado, la secretaria de Comercio dict\u00f3 una medida cautelar contra Facebook para evitar que la compa\u00f1\u00eda de mensajer\u00eda acceda a la informaci\u00f3n privada de los usuarios.<\/em><\/strong><\/p>\n\n\n\n<p>\u201cSe dict\u00f3 una medida cautelar para que la empresa Facebook suspenda la puesta en vigor de las nuevas Condiciones del Servicio y Pol\u00edticas de Privacidad de WhatsApp, anunciadas para hoy por considerar que se incurrir\u00eda en una situaci\u00f3n de abuso de posici\u00f3n dominante\u201d, expreso la Comisi\u00f3n Nacional de Defensa de la Competencia (CNDC).<\/p>\n\n\n\n<p>Desde la secretar\u00eda de Paula Espa\u00f1ol sostienen que tales circunstancias habilitar\u00edan a WhatsApp a que recopile datos personales excesivos y que comparta la informaci\u00f3n personal \u201cde manera indebida con otras aplicaciones del grupo\u201d, como lo son Facebook e Instagram.<\/p>\n","protected":false},"excerpt":{"rendered":"<p>Despu\u00e9s que la Agencia de Acceso a la Informaci\u00f3n P\u00fablica iniciara una investigaci\u00f3n de oficio a WhatsApp por su nueva pol\u00edtica de privacidad, que entr\u00f3 en vigencia finalmente este s\u00e1bado, la secretaria de Comercio dict\u00f3 una medida cautelar contra Facebook para evitar que la compa\u00f1\u00eda de mensajer\u00eda acceda a la informaci\u00f3n privada de los usuarios. [&hellip;]<\/p>\n","protected":false},"author":2,"featured_media":5178,"comment_status":"open","ping_status":"open","sticky":false,"template":"","format":"standard","meta":{"footnotes":""},"categories":[424],"tags":[],"class_list":["post-5177","post","type-post","status-publish","format-standard","has-post-thumbnail","hentry","category-tecnologia"],"yoast_head":"<!-- This site is optimized with the Yoast SEO plugin v27.4 - https:\/\/yoast.com\/product\/yoast-seo-wordpress\/ -->\n<title>El Gobierno orden\u00f3 a Whatsapp suspender su nueva pol\u00edtica de privacidad | CVI NOTICIAS<\/title>\n<meta name=\"robots\" content=\"index, follow, max-snippet:-1, max-image-preview:large, max-video-preview:-1\" \/>\n<link rel=\"canonical\" href=\"https:\/\/cvinoticias.com\/v3\/el-gobierno-ordeno-a-whatsapp-suspender-su-nueva-politica-de-privacidad\/\" \/>\n<meta property=\"og:locale\" content=\"es_ES\" \/>\n<meta property=\"og:type\" content=\"article\" \/>\n<meta property=\"og:title\" content=\"El Gobierno orden\u00f3 a Whatsapp suspender su nueva pol\u00edtica de privacidad | CVI NOTICIAS\" \/>\n<meta property=\"og:description\" content=\"Despu\u00e9s que la Agencia de Acceso a la Informaci\u00f3n P\u00fablica iniciara una investigaci\u00f3n de oficio a WhatsApp por su nueva pol\u00edtica de privacidad, que entr\u00f3 en vigencia finalmente este s\u00e1bado, la secretaria de Comercio dict\u00f3 una medida cautelar contra Facebook para evitar que la compa\u00f1\u00eda de mensajer\u00eda acceda a la informaci\u00f3n privada de los usuarios. [&hellip;]\" \/>\n<meta property=\"og:url\" content=\"https:\/\/cvinoticias.com\/v3\/el-gobierno-ordeno-a-whatsapp-suspender-su-nueva-politica-de-privacidad\/\" \/>\n<meta property=\"og:site_name\" content=\"CVI NOTICIAS\" \/>\n<meta property=\"article:publisher\" content=\"https:\/\/www.facebook.com\/cvinoticias\" \/>\n<meta property=\"article:published_time\" content=\"2021-05-17T13:39:22+00:00\" \/>\n<meta property=\"og:image\" content=\"https:\/\/cvinoticias.com\/wp-content\/uploads\/2021\/05\/41688_1621251527.jpg_g.jpg\" \/>\n\t<meta property=\"og:image:width\" content=\"730\" \/>\n\t<meta property=\"og:image:height\" content=\"500\" \/>\n\t<meta property=\"og:image:type\" content=\"image\/jpeg\" \/>\n<meta name=\"author\" content=\"f1000024\" \/>\n<meta name=\"twitter:card\" content=\"summary_large_image\" \/>\n<meta name=\"twitter:label1\" content=\"Escrito por\" \/>\n\t<meta name=\"twitter:data1\" content=\"f1000024\" \/>\n\t<meta name=\"twitter:label2\" content=\"Tiempo de lectura\" \/>\n\t<meta name=\"twitter:data2\" content=\"1 minuto\" \/>\n<script type=\"application\/ld+json\" class=\"yoast-schema-graph\">{\"@context\":\"https:\\\/\\\/schema.org\",\"@graph\":[{\"@type\":\"Article\",\"@id\":\"https:\\\/\\\/cvinoticias.com\\\/v3\\\/el-gobierno-ordeno-a-whatsapp-suspender-su-nueva-politica-de-privacidad\\\/#article\",\"isPartOf\":{\"@id\":\"https:\\\/\\\/cvinoticias.com\\\/v3\\\/el-gobierno-ordeno-a-whatsapp-suspender-su-nueva-politica-de-privacidad\\\/\"},\"author\":{\"name\":\"f1000024\",\"@id\":\"https:\\\/\\\/cvinoticias.com\\\/v3\\\/#\\\/schema\\\/person\\\/2db77e3c6bc03c538495d7b2b8be9b66\"},\"headline\":\"El Gobierno orden\u00f3 a Whatsapp suspender su nueva pol\u00edtica de privacidad\",\"datePublished\":\"2021-05-17T13:39:22+00:00\",\"mainEntityOfPage\":{\"@id\":\"https:\\\/\\\/cvinoticias.com\\\/v3\\\/el-gobierno-ordeno-a-whatsapp-suspender-su-nueva-politica-de-privacidad\\\/\"},\"wordCount\":177,\"commentCount\":0,\"publisher\":{\"@id\":\"https:\\\/\\\/cvinoticias.com\\\/v3\\\/#organization\"},\"image\":{\"@id\":\"https:\\\/\\\/cvinoticias.com\\\/v3\\\/el-gobierno-ordeno-a-whatsapp-suspender-su-nueva-politica-de-privacidad\\\/#primaryimage\"},\"thumbnailUrl\":\"https:\\\/\\\/cvinoticias.com\\\/wp-content\\\/uploads\\\/2021\\\/05\\\/41688_1621251527.jpg_g.jpg\",\"articleSection\":[\"Tecnolog\u00eda\"],\"inLanguage\":\"es\",\"potentialAction\":[{\"@type\":\"CommentAction\",\"name\":\"Comment\",\"target\":[\"https:\\\/\\\/cvinoticias.com\\\/v3\\\/el-gobierno-ordeno-a-whatsapp-suspender-su-nueva-politica-de-privacidad\\\/#respond\"]}]},{\"@type\":\"WebPage\",\"@id\":\"https:\\\/\\\/cvinoticias.com\\\/v3\\\/el-gobierno-ordeno-a-whatsapp-suspender-su-nueva-politica-de-privacidad\\\/\",\"url\":\"https:\\\/\\\/cvinoticias.com\\\/v3\\\/el-gobierno-ordeno-a-whatsapp-suspender-su-nueva-politica-de-privacidad\\\/\",\"name\":\"El Gobierno orden\u00f3 a Whatsapp suspender su nueva pol\u00edtica de privacidad | CVI NOTICIAS\",\"isPartOf\":{\"@id\":\"https:\\\/\\\/cvinoticias.com\\\/v3\\\/#website\"},\"primaryImageOfPage\":{\"@id\":\"https:\\\/\\\/cvinoticias.com\\\/v3\\\/el-gobierno-ordeno-a-whatsapp-suspender-su-nueva-politica-de-privacidad\\\/#primaryimage\"},\"image\":{\"@id\":\"https:\\\/\\\/cvinoticias.com\\\/v3\\\/el-gobierno-ordeno-a-whatsapp-suspender-su-nueva-politica-de-privacidad\\\/#primaryimage\"},\"thumbnailUrl\":\"https:\\\/\\\/cvinoticias.com\\\/wp-content\\\/uploads\\\/2021\\\/05\\\/41688_1621251527.jpg_g.jpg\",\"datePublished\":\"2021-05-17T13:39:22+00:00\",\"breadcrumb\":{\"@id\":\"https:\\\/\\\/cvinoticias.com\\\/v3\\\/el-gobierno-ordeno-a-whatsapp-suspender-su-nueva-politica-de-privacidad\\\/#breadcrumb\"},\"inLanguage\":\"es\",\"potentialAction\":[{\"@type\":\"ReadAction\",\"target\":[\"https:\\\/\\\/cvinoticias.com\\\/v3\\\/el-gobierno-ordeno-a-whatsapp-suspender-su-nueva-politica-de-privacidad\\\/\"]}]},{\"@type\":\"ImageObject\",\"inLanguage\":\"es\",\"@id\":\"https:\\\/\\\/cvinoticias.com\\\/v3\\\/el-gobierno-ordeno-a-whatsapp-suspender-su-nueva-politica-de-privacidad\\\/#primaryimage\",\"url\":\"https:\\\/\\\/cvinoticias.com\\\/wp-content\\\/uploads\\\/2021\\\/05\\\/41688_1621251527.jpg_g.jpg\",\"contentUrl\":\"https:\\\/\\\/cvinoticias.com\\\/wp-content\\\/uploads\\\/2021\\\/05\\\/41688_1621251527.jpg_g.jpg\",\"width\":730,\"height\":500},{\"@type\":\"BreadcrumbList\",\"@id\":\"https:\\\/\\\/cvinoticias.com\\\/v3\\\/el-gobierno-ordeno-a-whatsapp-suspender-su-nueva-politica-de-privacidad\\\/#breadcrumb\",\"itemListElement\":[{\"@type\":\"ListItem\",\"position\":1,\"name\":\"Portada\",\"item\":\"https:\\\/\\\/cvinoticias.com\\\/v3\\\/\"},{\"@type\":\"ListItem\",\"position\":2,\"name\":\"El Gobierno orden\u00f3 a Whatsapp suspender su nueva pol\u00edtica de privacidad\"}]},{\"@type\":\"WebSite\",\"@id\":\"https:\\\/\\\/cvinoticias.com\\\/v3\\\/#website\",\"url\":\"https:\\\/\\\/cvinoticias.com\\\/v3\\\/\",\"name\":\"CVI NOTICIAS\",\"description\":\"\",\"publisher\":{\"@id\":\"https:\\\/\\\/cvinoticias.com\\\/v3\\\/#organization\"},\"alternateName\":\"CVI\",\"potentialAction\":[{\"@type\":\"SearchAction\",\"target\":{\"@type\":\"EntryPoint\",\"urlTemplate\":\"https:\\\/\\\/cvinoticias.com\\\/v3\\\/?s={search_term_string}\"},\"query-input\":{\"@type\":\"PropertyValueSpecification\",\"valueRequired\":true,\"valueName\":\"search_term_string\"}}],\"inLanguage\":\"es\"},{\"@type\":\"Organization\",\"@id\":\"https:\\\/\\\/cvinoticias.com\\\/v3\\\/#organization\",\"name\":\"CVI NOTICIAS\",\"url\":\"https:\\\/\\\/cvinoticias.com\\\/v3\\\/\",\"logo\":{\"@type\":\"ImageObject\",\"inLanguage\":\"es\",\"@id\":\"https:\\\/\\\/cvinoticias.com\\\/v3\\\/#\\\/schema\\\/logo\\\/image\\\/\",\"url\":\"https:\\\/\\\/cvinoticias.com\\\/wp-content\\\/uploads\\\/2023\\\/04\\\/cropped-cropped-cropped-cropped-cropped-3-1.png\",\"contentUrl\":\"https:\\\/\\\/cvinoticias.com\\\/wp-content\\\/uploads\\\/2023\\\/04\\\/cropped-cropped-cropped-cropped-cropped-3-1.png\",\"width\":95,\"height\":122,\"caption\":\"CVI NOTICIAS\"},\"image\":{\"@id\":\"https:\\\/\\\/cvinoticias.com\\\/v3\\\/#\\\/schema\\\/logo\\\/image\\\/\"},\"sameAs\":[\"https:\\\/\\\/www.facebook.com\\\/cvinoticias\",\"https:\\\/\\\/www.instagram.com\\\/cvinoticias\\\/\",\"https:\\\/\\\/www.youtube.com\\\/@CVINOTICIAS\"]},{\"@type\":\"Person\",\"@id\":\"https:\\\/\\\/cvinoticias.com\\\/v3\\\/#\\\/schema\\\/person\\\/2db77e3c6bc03c538495d7b2b8be9b66\",\"name\":\"f1000024\",\"image\":{\"@type\":\"ImageObject\",\"inLanguage\":\"es\",\"@id\":\"https:\\\/\\\/secure.gravatar.com\\\/avatar\\\/d4fe7459cfc51ff5129ce1a732bbef5928568b8092d412ef95611616376bbeed?s=96&d=mm&r=g\",\"url\":\"https:\\\/\\\/secure.gravatar.com\\\/avatar\\\/d4fe7459cfc51ff5129ce1a732bbef5928568b8092d412ef95611616376bbeed?s=96&d=mm&r=g\",\"contentUrl\":\"https:\\\/\\\/secure.gravatar.com\\\/avatar\\\/d4fe7459cfc51ff5129ce1a732bbef5928568b8092d412ef95611616376bbeed?s=96&d=mm&r=g\",\"caption\":\"f1000024\"},\"url\":\"https:\\\/\\\/cvinoticias.com\\\/v3\\\/author\\\/f1000024\\\/\"}]}<\/script>\n<!-- \/ Yoast SEO plugin. -->","yoast_head_json":{"title":"El Gobierno orden\u00f3 a Whatsapp suspender su nueva pol\u00edtica de privacidad | CVI NOTICIAS","robots":{"index":"index","follow":"follow","max-snippet":"max-snippet:-1","max-image-preview":"max-image-preview:large","max-video-preview":"max-video-preview:-1"},"canonical":"https:\/\/cvinoticias.com\/v3\/el-gobierno-ordeno-a-whatsapp-suspender-su-nueva-politica-de-privacidad\/","og_locale":"es_ES","og_type":"article","og_title":"El Gobierno orden\u00f3 a Whatsapp suspender su nueva pol\u00edtica de privacidad | CVI NOTICIAS","og_description":"Despu\u00e9s que la Agencia de Acceso a la Informaci\u00f3n P\u00fablica iniciara una investigaci\u00f3n de oficio a WhatsApp por su nueva pol\u00edtica de privacidad, que entr\u00f3 en vigencia finalmente este s\u00e1bado, la secretaria de Comercio dict\u00f3 una medida cautelar contra Facebook para evitar que la compa\u00f1\u00eda de mensajer\u00eda acceda a la informaci\u00f3n privada de los usuarios. [&hellip;]","og_url":"https:\/\/cvinoticias.com\/v3\/el-gobierno-ordeno-a-whatsapp-suspender-su-nueva-politica-de-privacidad\/","og_site_name":"CVI NOTICIAS","article_publisher":"https:\/\/www.facebook.com\/cvinoticias","article_published_time":"2021-05-17T13:39:22+00:00","og_image":[{"width":730,"height":500,"url":"https:\/\/cvinoticias.com\/wp-content\/uploads\/2021\/05\/41688_1621251527.jpg_g.jpg","type":"image\/jpeg"}],"author":"f1000024","twitter_card":"summary_large_image","twitter_misc":{"Escrito por":"f1000024","Tiempo de lectura":"1 minuto"},"schema":{"@context":"https:\/\/schema.org","@graph":[{"@type":"Article","@id":"https:\/\/cvinoticias.com\/v3\/el-gobierno-ordeno-a-whatsapp-suspender-su-nueva-politica-de-privacidad\/#article","isPartOf":{"@id":"https:\/\/cvinoticias.com\/v3\/el-gobierno-ordeno-a-whatsapp-suspender-su-nueva-politica-de-privacidad\/"},"author":{"name":"f1000024","@id":"https:\/\/cvinoticias.com\/v3\/#\/schema\/person\/2db77e3c6bc03c538495d7b2b8be9b66"},"headline":"El Gobierno orden\u00f3 a Whatsapp suspender su nueva pol\u00edtica de privacidad","datePublished":"2021-05-17T13:39:22+00:00","mainEntityOfPage":{"@id":"https:\/\/cvinoticias.com\/v3\/el-gobierno-ordeno-a-whatsapp-suspender-su-nueva-politica-de-privacidad\/"},"wordCount":177,"commentCount":0,"publisher":{"@id":"https:\/\/cvinoticias.com\/v3\/#organization"},"image":{"@id":"https:\/\/cvinoticias.com\/v3\/el-gobierno-ordeno-a-whatsapp-suspender-su-nueva-politica-de-privacidad\/#primaryimage"},"thumbnailUrl":"https:\/\/cvinoticias.com\/wp-content\/uploads\/2021\/05\/41688_1621251527.jpg_g.jpg","articleSection":["Tecnolog\u00eda"],"inLanguage":"es","potentialAction":[{"@type":"CommentAction","name":"Comment","target":["https:\/\/cvinoticias.com\/v3\/el-gobierno-ordeno-a-whatsapp-suspender-su-nueva-politica-de-privacidad\/#respond"]}]},{"@type":"WebPage","@id":"https:\/\/cvinoticias.com\/v3\/el-gobierno-ordeno-a-whatsapp-suspender-su-nueva-politica-de-privacidad\/","url":"https:\/\/cvinoticias.com\/v3\/el-gobierno-ordeno-a-whatsapp-suspender-su-nueva-politica-de-privacidad\/","name":"El Gobierno orden\u00f3 a Whatsapp suspender su nueva pol\u00edtica de privacidad | CVI NOTICIAS","isPartOf":{"@id":"https:\/\/cvinoticias.com\/v3\/#website"},"primaryImageOfPage":{"@id":"https:\/\/cvinoticias.com\/v3\/el-gobierno-ordeno-a-whatsapp-suspender-su-nueva-politica-de-privacidad\/#primaryimage"},"image":{"@id":"https:\/\/cvinoticias.com\/v3\/el-gobierno-ordeno-a-whatsapp-suspender-su-nueva-politica-de-privacidad\/#primaryimage"},"thumbnailUrl":"https:\/\/cvinoticias.com\/wp-content\/uploads\/2021\/05\/41688_1621251527.jpg_g.jpg","datePublished":"2021-05-17T13:39:22+00:00","breadcrumb":{"@id":"https:\/\/cvinoticias.com\/v3\/el-gobierno-ordeno-a-whatsapp-suspender-su-nueva-politica-de-privacidad\/#breadcrumb"},"inLanguage":"es","potentialAction":[{"@type":"ReadAction","target":["https:\/\/cvinoticias.com\/v3\/el-gobierno-ordeno-a-whatsapp-suspender-su-nueva-politica-de-privacidad\/"]}]},{"@type":"ImageObject","inLanguage":"es","@id":"https:\/\/cvinoticias.com\/v3\/el-gobierno-ordeno-a-whatsapp-suspender-su-nueva-politica-de-privacidad\/#primaryimage","url":"https:\/\/cvinoticias.com\/wp-content\/uploads\/2021\/05\/41688_1621251527.jpg_g.jpg","contentUrl":"https:\/\/cvinoticias.com\/wp-content\/uploads\/2021\/05\/41688_1621251527.jpg_g.jpg","width":730,"height":500},{"@type":"BreadcrumbList","@id":"https:\/\/cvinoticias.com\/v3\/el-gobierno-ordeno-a-whatsapp-suspender-su-nueva-politica-de-privacidad\/#breadcrumb","itemListElement":[{"@type":"ListItem","position":1,"name":"Portada","item":"https:\/\/cvinoticias.com\/v3\/"},{"@type":"ListItem","position":2,"name":"El Gobierno orden\u00f3 a Whatsapp suspender su nueva pol\u00edtica de privacidad"}]},{"@type":"WebSite","@id":"https:\/\/cvinoticias.com\/v3\/#website","url":"https:\/\/cvinoticias.com\/v3\/","name":"CVI NOTICIAS","description":"","publisher":{"@id":"https:\/\/cvinoticias.com\/v3\/#organization"},"alternateName":"CVI","potentialAction":[{"@type":"SearchAction","target":{"@type":"EntryPoint","urlTemplate":"https:\/\/cvinoticias.com\/v3\/?s={search_term_string}"},"query-input":{"@type":"PropertyValueSpecification","valueRequired":true,"valueName":"search_term_string"}}],"inLanguage":"es"},{"@type":"Organization","@id":"https:\/\/cvinoticias.com\/v3\/#organization","name":"CVI NOTICIAS","url":"https:\/\/cvinoticias.com\/v3\/","logo":{"@type":"ImageObject","inLanguage":"es","@id":"https:\/\/cvinoticias.com\/v3\/#\/schema\/logo\/image\/","url":"https:\/\/cvinoticias.com\/wp-content\/uploads\/2023\/04\/cropped-cropped-cropped-cropped-cropped-3-1.png","contentUrl":"https:\/\/cvinoticias.com\/wp-content\/uploads\/2023\/04\/cropped-cropped-cropped-cropped-cropped-3-1.png","width":95,"height":122,"caption":"CVI NOTICIAS"},"image":{"@id":"https:\/\/cvinoticias.com\/v3\/#\/schema\/logo\/image\/"},"sameAs":["https:\/\/www.facebook.com\/cvinoticias","https:\/\/www.instagram.com\/cvinoticias\/","https:\/\/www.youtube.com\/@CVINOTICIAS"]},{"@type":"Person","@id":"https:\/\/cvinoticias.com\/v3\/#\/schema\/person\/2db77e3c6bc03c538495d7b2b8be9b66","name":"f1000024","image":{"@type":"ImageObject","inLanguage":"es","@id":"https:\/\/secure.gravatar.com\/avatar\/d4fe7459cfc51ff5129ce1a732bbef5928568b8092d412ef95611616376bbeed?s=96&d=mm&r=g","url":"https:\/\/secure.gravatar.com\/avatar\/d4fe7459cfc51ff5129ce1a732bbef5928568b8092d412ef95611616376bbeed?s=96&d=mm&r=g","contentUrl":"https:\/\/secure.gravatar.com\/avatar\/d4fe7459cfc51ff5129ce1a732bbef5928568b8092d412ef95611616376bbeed?s=96&d=mm&r=g","caption":"f1000024"},"url":"https:\/\/cvinoticias.com\/v3\/author\/f1000024\/"}]}},"_links":{"self":[{"href":"https:\/\/cvinoticias.com\/v3\/wp-json\/wp\/v2\/posts\/5177","targetHints":{"allow":["GET"]}}],"collection":[{"href":"https:\/\/cvinoticias.com\/v3\/wp-json\/wp\/v2\/posts"}],"about":[{"href":"https:\/\/cvinoticias.com\/v3\/wp-json\/wp\/v2\/types\/post"}],"author":[{"embeddable":true,"href":"https:\/\/cvinoticias.com\/v3\/wp-json\/wp\/v2\/users\/2"}],"replies":[{"embeddable":true,"href":"https:\/\/cvinoticias.com\/v3\/wp-json\/wp\/v2\/comments?post=5177"}],"version-history":[{"count":1,"href":"https:\/\/cvinoticias.com\/v3\/wp-json\/wp\/v2\/posts\/5177\/revisions"}],"predecessor-version":[{"id":5179,"href":"https:\/\/cvinoticias.com\/v3\/wp-json\/wp\/v2\/posts\/5177\/revisions\/5179"}],"wp:featuredmedia":[{"embeddable":true,"href":"https:\/\/cvinoticias.com\/v3\/wp-json\/wp\/v2\/media\/5178"}],"wp:attachment":[{"href":"https:\/\/cvinoticias.com\/v3\/wp-json\/wp\/v2\/media?parent=5177"}],"wp:term":[{"taxonomy":"category","embeddable":true,"href":"https:\/\/cvinoticias.com\/v3\/wp-json\/wp\/v2\/categories?post=5177"},{"taxonomy":"post_tag","embeddable":true,"href":"https:\/\/cvinoticias.com\/v3\/wp-json\/wp\/v2\/tags?post=5177"}],"curies":[{"name":"wp","href":"https:\/\/api.w.org\/{rel}","templated":true}]}}