{"id":51760,"date":"2025-11-19T13:26:51","date_gmt":"2025-11-19T16:26:51","guid":{"rendered":"https:\/\/cvinoticias.com\/v3\/?p=51760"},"modified":"2025-11-20T09:12:14","modified_gmt":"2025-11-20T12:12:14","slug":"somos-la-selva-iguazu-sera-sede-de-un-festival-artistico-y-cultural-dedicado-al-yaguarete","status":"publish","type":"post","link":"https:\/\/cvinoticias.com\/v3\/somos-la-selva-iguazu-sera-sede-de-un-festival-artistico-y-cultural-dedicado-al-yaguarete\/","title":{"rendered":"\u201cSomos la selva\u201d: Iguaz\u00fa ser\u00e1 sede de un festival art\u00edstico y cultural dedicado al yaguaret\u00e9"},"content":{"rendered":"\n<p>El pr\u00f3ximo s\u00e1bado 29 de noviembre, de 17 a 20 h, la Plaza San Mart\u00edn recibir\u00e1 una nueva edici\u00f3n del festival \u201cSomos la Selva\u201d, una iniciativa organizada por Fundaci\u00f3n Vida Silvestre Argentina y Defensores del Yaguaret\u00e9, con apoyo del Ministerio de Ecolog\u00eda, el Parque Nacional Iguaz\u00fa y diversas organizaciones dedicadas a la conservaci\u00f3n.<\/p>\n\n\n\n<p>La actividad de entrada libre y gratuita, incluir\u00e1 shows en vivo, maquillaje art\u00edstico, propuestas interactivas, espacios de juegos y presentaciones especiales de artistas locales y regionales. Habr\u00e1 participaciones del Ballet Folkl\u00f3rico Municipal \u201cEl Mens\u00fa\u201d, Aryel con ritmos regionales, la banda Selvad\u00e9lica y espect\u00e1culos humor\u00edsticos a cargo de payasos y clowns.<\/p>\n\n\n\n<p>En di\u00e1logo con CVI Noticias, Camila Cabanes, integrante de Defensores del Yaguaret\u00e9, destac\u00f3 la importancia del encuentro:<\/p>\n\n\n\n<p>\u201cInvitamos a la comunidad a el evento que te har\u00e1 conocer el amor hacia la biodiversidad y la preservaci\u00f3n\u201d, expres\u00f3.<\/p>\n\n\n\n<p>El objetivo central contin\u00faa siendo el mismo: generar conciencia colectiva frente al desaf\u00edo de conservar la selva misionera y sus especies emblem\u00e1ticas, en especial el yaguaret\u00e9, hoy en peligro cr\u00edtico de extinci\u00f3n.<\/p>\n\n\n\n<figure class=\"wp-block-gallery has-nested-images columns-default is-cropped wp-block-gallery-1 is-layout-flex wp-block-gallery-is-layout-flex\">\n<figure class=\"wp-block-image size-large\"><a href=\"https:\/\/cvinoticias.com\/wp-content\/uploads\/2025\/11\/aa-1.jpg\"><img decoding=\"async\" width=\"1024\" height=\"768\" data-id=\"51762\" data-src=\"https:\/\/cvinoticias.com\/wp-content\/uploads\/2025\/11\/aa-1-1024x768.jpg\" alt=\"\" class=\"wp-image-51762 lazyload\" data-srcset=\"https:\/\/cvinoticias.com\/wp-content\/uploads\/2025\/11\/aa-1-1024x768.jpg 1024w, https:\/\/cvinoticias.com\/wp-content\/uploads\/2025\/11\/aa-1-300x225.jpg 300w, https:\/\/cvinoticias.com\/wp-content\/uploads\/2025\/11\/aa-1-768x576.jpg 768w, https:\/\/cvinoticias.com\/wp-content\/uploads\/2025\/11\/aa-1.jpg 1156w\" data-sizes=\"(max-width: 1024px) 100vw, 1024px\" src=\"data:image\/svg+xml;base64,PHN2ZyB3aWR0aD0iMSIgaGVpZ2h0PSIxIiB4bWxucz0iaHR0cDovL3d3dy53My5vcmcvMjAwMC9zdmciPjwvc3ZnPg==\" style=\"--smush-placeholder-width: 1024px; --smush-placeholder-aspect-ratio: 1024\/768;\" \/><\/a><\/figure>\n\n\n\n<figure class=\"wp-block-image size-large\"><a href=\"https:\/\/cvinoticias.com\/wp-content\/uploads\/2025\/11\/a-2.jpg\"><img decoding=\"async\" width=\"1024\" height=\"683\" data-id=\"51763\" data-src=\"https:\/\/cvinoticias.com\/wp-content\/uploads\/2025\/11\/a-2-1024x683.jpg\" alt=\"\" class=\"wp-image-51763 lazyload\" data-srcset=\"https:\/\/cvinoticias.com\/wp-content\/uploads\/2025\/11\/a-2-1024x683.jpg 1024w, https:\/\/cvinoticias.com\/wp-content\/uploads\/2025\/11\/a-2-300x200.jpg 300w, https:\/\/cvinoticias.com\/wp-content\/uploads\/2025\/11\/a-2-768x512.jpg 768w, https:\/\/cvinoticias.com\/wp-content\/uploads\/2025\/11\/a-2-1536x1024.jpg 1536w, https:\/\/cvinoticias.com\/wp-content\/uploads\/2025\/11\/a-2.jpg 1560w\" data-sizes=\"(max-width: 1024px) 100vw, 1024px\" src=\"data:image\/svg+xml;base64,PHN2ZyB3aWR0aD0iMSIgaGVpZ2h0PSIxIiB4bWxucz0iaHR0cDovL3d3dy53My5vcmcvMjAwMC9zdmciPjwvc3ZnPg==\" style=\"--smush-placeholder-width: 1024px; --smush-placeholder-aspect-ratio: 1024\/683;\" \/><\/a><\/figure>\n<\/figure>\n\n\n\n<p>Entrevista con: Camila Cabanes (Integrante de Defensores del Yaguaret\u00e9)<\/p>\n","protected":false},"excerpt":{"rendered":"<p>El pr\u00f3ximo s\u00e1bado 29 de noviembre, de 17 a 20 h, la Plaza San Mart\u00edn recibir\u00e1 una nueva edici\u00f3n del festival \u201cSomos la Selva\u201d, una iniciativa organizada por Fundaci\u00f3n Vida Silvestre Argentina y Defensores del Yaguaret\u00e9, con apoyo del Ministerio de Ecolog\u00eda, el Parque Nacional Iguaz\u00fa y diversas organizaciones dedicadas a la conservaci\u00f3n. La actividad [&hellip;]<\/p>\n","protected":false},"author":2,"featured_media":51761,"comment_status":"open","ping_status":"closed","sticky":false,"template":"","format":"standard","meta":{"footnotes":""},"categories":[38,47],"tags":[471,313,2514,4495],"class_list":["post-51760","post","type-post","status-publish","format-standard","has-post-thumbnail","hentry","category-medio-ambiente","category-sociedad","tag-festival","tag-iguazu","tag-sede","tag-somos-la-selva"],"yoast_head":"<!-- This site is optimized with the Yoast SEO plugin v27.5 - https:\/\/yoast.com\/product\/yoast-seo-wordpress\/ -->\n<title>Somos la Selva: festival por el yaguaret\u00e9 en Iguaz\u00fa | CVI NOTICIAS<\/title>\n<meta name=\"description\" content=\"Iguaz\u00fa ser\u00e1 sede del festival Somos la Selva con propuestas gratuitas por el cuidado del yaguaret\u00e9.\" \/>\n<meta name=\"robots\" content=\"index, follow, max-snippet:-1, max-image-preview:large, max-video-preview:-1\" \/>\n<link rel=\"canonical\" href=\"https:\/\/cvinoticias.com\/v3\/somos-la-selva-iguazu-sera-sede-de-un-festival-artistico-y-cultural-dedicado-al-yaguarete\/\" \/>\n<meta property=\"og:locale\" content=\"es_ES\" \/>\n<meta property=\"og:type\" content=\"article\" \/>\n<meta property=\"og:title\" content=\"Somos la Selva: festival por el yaguaret\u00e9 en Iguaz\u00fa | CVI NOTICIAS\" \/>\n<meta property=\"og:description\" content=\"Iguaz\u00fa ser\u00e1 sede del festival Somos la Selva con propuestas gratuitas por el cuidado del yaguaret\u00e9.\" \/>\n<meta property=\"og:url\" content=\"https:\/\/cvinoticias.com\/v3\/somos-la-selva-iguazu-sera-sede-de-un-festival-artistico-y-cultural-dedicado-al-yaguarete\/\" \/>\n<meta property=\"og:site_name\" content=\"CVI NOTICIAS\" \/>\n<meta property=\"article:publisher\" content=\"https:\/\/www.facebook.com\/cvinoticias\" \/>\n<meta property=\"article:published_time\" content=\"2025-11-19T16:26:51+00:00\" \/>\n<meta property=\"article:modified_time\" content=\"2025-11-20T12:12:14+00:00\" \/>\n<meta property=\"og:image\" content=\"https:\/\/cvinoticias.com\/wp-content\/uploads\/2025\/11\/cuidemos.jpg\" \/>\n\t<meta property=\"og:image:width\" content=\"1600\" \/>\n\t<meta property=\"og:image:height\" content=\"1066\" \/>\n\t<meta property=\"og:image:type\" content=\"image\/jpeg\" \/>\n<meta name=\"author\" content=\"f1000024\" \/>\n<meta name=\"twitter:card\" content=\"summary_large_image\" \/>\n<meta name=\"twitter:label1\" content=\"Escrito por\" \/>\n\t<meta name=\"twitter:data1\" content=\"f1000024\" \/>\n\t<meta name=\"twitter:label2\" content=\"Tiempo de lectura\" \/>\n\t<meta name=\"twitter:data2\" content=\"2 minutos\" \/>\n<script type=\"application\/ld+json\" class=\"yoast-schema-graph\">{\"@context\":\"https:\\\/\\\/schema.org\",\"@graph\":[{\"@type\":\"Article\",\"@id\":\"https:\\\/\\\/cvinoticias.com\\\/v3\\\/somos-la-selva-iguazu-sera-sede-de-un-festival-artistico-y-cultural-dedicado-al-yaguarete\\\/#article\",\"isPartOf\":{\"@id\":\"https:\\\/\\\/cvinoticias.com\\\/v3\\\/somos-la-selva-iguazu-sera-sede-de-un-festival-artistico-y-cultural-dedicado-al-yaguarete\\\/\"},\"author\":{\"name\":\"f1000024\",\"@id\":\"https:\\\/\\\/cvinoticias.com\\\/v3\\\/#\\\/schema\\\/person\\\/2db77e3c6bc03c538495d7b2b8be9b66\"},\"headline\":\"\u201cSomos la selva\u201d: Iguaz\u00fa ser\u00e1 sede de un festival art\u00edstico y cultural dedicado al yaguaret\u00e9\",\"datePublished\":\"2025-11-19T16:26:51+00:00\",\"dateModified\":\"2025-11-20T12:12:14+00:00\",\"mainEntityOfPage\":{\"@id\":\"https:\\\/\\\/cvinoticias.com\\\/v3\\\/somos-la-selva-iguazu-sera-sede-de-un-festival-artistico-y-cultural-dedicado-al-yaguarete\\\/\"},\"wordCount\":213,\"commentCount\":0,\"publisher\":{\"@id\":\"https:\\\/\\\/cvinoticias.com\\\/v3\\\/#organization\"},\"image\":{\"@id\":\"https:\\\/\\\/cvinoticias.com\\\/v3\\\/somos-la-selva-iguazu-sera-sede-de-un-festival-artistico-y-cultural-dedicado-al-yaguarete\\\/#primaryimage\"},\"thumbnailUrl\":\"https:\\\/\\\/cvinoticias.com\\\/wp-content\\\/uploads\\\/2025\\\/11\\\/cuidemos.jpg\",\"keywords\":[\"Festival\",\"Iguaz\u00fa\",\"sede\",\"Somos la Selva\"],\"articleSection\":[\"Medio Ambiente\",\"Sociedad\"],\"inLanguage\":\"es\",\"potentialAction\":[{\"@type\":\"CommentAction\",\"name\":\"Comment\",\"target\":[\"https:\\\/\\\/cvinoticias.com\\\/v3\\\/somos-la-selva-iguazu-sera-sede-de-un-festival-artistico-y-cultural-dedicado-al-yaguarete\\\/#respond\"]}]},{\"@type\":\"WebPage\",\"@id\":\"https:\\\/\\\/cvinoticias.com\\\/v3\\\/somos-la-selva-iguazu-sera-sede-de-un-festival-artistico-y-cultural-dedicado-al-yaguarete\\\/\",\"url\":\"https:\\\/\\\/cvinoticias.com\\\/v3\\\/somos-la-selva-iguazu-sera-sede-de-un-festival-artistico-y-cultural-dedicado-al-yaguarete\\\/\",\"name\":\"Somos la Selva: festival por el yaguaret\u00e9 en Iguaz\u00fa | CVI NOTICIAS\",\"isPartOf\":{\"@id\":\"https:\\\/\\\/cvinoticias.com\\\/v3\\\/#website\"},\"primaryImageOfPage\":{\"@id\":\"https:\\\/\\\/cvinoticias.com\\\/v3\\\/somos-la-selva-iguazu-sera-sede-de-un-festival-artistico-y-cultural-dedicado-al-yaguarete\\\/#primaryimage\"},\"image\":{\"@id\":\"https:\\\/\\\/cvinoticias.com\\\/v3\\\/somos-la-selva-iguazu-sera-sede-de-un-festival-artistico-y-cultural-dedicado-al-yaguarete\\\/#primaryimage\"},\"thumbnailUrl\":\"https:\\\/\\\/cvinoticias.com\\\/wp-content\\\/uploads\\\/2025\\\/11\\\/cuidemos.jpg\",\"datePublished\":\"2025-11-19T16:26:51+00:00\",\"dateModified\":\"2025-11-20T12:12:14+00:00\",\"description\":\"Iguaz\u00fa ser\u00e1 sede del festival Somos la Selva con propuestas gratuitas por el cuidado del yaguaret\u00e9.\",\"breadcrumb\":{\"@id\":\"https:\\\/\\\/cvinoticias.com\\\/v3\\\/somos-la-selva-iguazu-sera-sede-de-un-festival-artistico-y-cultural-dedicado-al-yaguarete\\\/#breadcrumb\"},\"inLanguage\":\"es\",\"potentialAction\":[{\"@type\":\"ReadAction\",\"target\":[\"https:\\\/\\\/cvinoticias.com\\\/v3\\\/somos-la-selva-iguazu-sera-sede-de-un-festival-artistico-y-cultural-dedicado-al-yaguarete\\\/\"]}]},{\"@type\":\"ImageObject\",\"inLanguage\":\"es\",\"@id\":\"https:\\\/\\\/cvinoticias.com\\\/v3\\\/somos-la-selva-iguazu-sera-sede-de-un-festival-artistico-y-cultural-dedicado-al-yaguarete\\\/#primaryimage\",\"url\":\"https:\\\/\\\/cvinoticias.com\\\/wp-content\\\/uploads\\\/2025\\\/11\\\/cuidemos.jpg\",\"contentUrl\":\"https:\\\/\\\/cvinoticias.com\\\/wp-content\\\/uploads\\\/2025\\\/11\\\/cuidemos.jpg\",\"width\":1600,\"height\":1066},{\"@type\":\"BreadcrumbList\",\"@id\":\"https:\\\/\\\/cvinoticias.com\\\/v3\\\/somos-la-selva-iguazu-sera-sede-de-un-festival-artistico-y-cultural-dedicado-al-yaguarete\\\/#breadcrumb\",\"itemListElement\":[{\"@type\":\"ListItem\",\"position\":1,\"name\":\"Portada\",\"item\":\"https:\\\/\\\/cvinoticias.com\\\/v3\\\/\"},{\"@type\":\"ListItem\",\"position\":2,\"name\":\"\u201cSomos la selva\u201d: Iguaz\u00fa ser\u00e1 sede de un festival art\u00edstico y cultural dedicado al yaguaret\u00e9\"}]},{\"@type\":\"WebSite\",\"@id\":\"https:\\\/\\\/cvinoticias.com\\\/v3\\\/#website\",\"url\":\"https:\\\/\\\/cvinoticias.com\\\/v3\\\/\",\"name\":\"CVI NOTICIAS\",\"description\":\"\",\"publisher\":{\"@id\":\"https:\\\/\\\/cvinoticias.com\\\/v3\\\/#organization\"},\"alternateName\":\"CVI\",\"potentialAction\":[{\"@type\":\"SearchAction\",\"target\":{\"@type\":\"EntryPoint\",\"urlTemplate\":\"https:\\\/\\\/cvinoticias.com\\\/v3\\\/?s={search_term_string}\"},\"query-input\":{\"@type\":\"PropertyValueSpecification\",\"valueRequired\":true,\"valueName\":\"search_term_string\"}}],\"inLanguage\":\"es\"},{\"@type\":\"Organization\",\"@id\":\"https:\\\/\\\/cvinoticias.com\\\/v3\\\/#organization\",\"name\":\"CVI NOTICIAS\",\"url\":\"https:\\\/\\\/cvinoticias.com\\\/v3\\\/\",\"logo\":{\"@type\":\"ImageObject\",\"inLanguage\":\"es\",\"@id\":\"https:\\\/\\\/cvinoticias.com\\\/v3\\\/#\\\/schema\\\/logo\\\/image\\\/\",\"url\":\"https:\\\/\\\/cvinoticias.com\\\/wp-content\\\/uploads\\\/2023\\\/04\\\/cropped-cropped-cropped-cropped-cropped-3-1.png\",\"contentUrl\":\"https:\\\/\\\/cvinoticias.com\\\/wp-content\\\/uploads\\\/2023\\\/04\\\/cropped-cropped-cropped-cropped-cropped-3-1.png\",\"width\":95,\"height\":122,\"caption\":\"CVI NOTICIAS\"},\"image\":{\"@id\":\"https:\\\/\\\/cvinoticias.com\\\/v3\\\/#\\\/schema\\\/logo\\\/image\\\/\"},\"sameAs\":[\"https:\\\/\\\/www.facebook.com\\\/cvinoticias\",\"https:\\\/\\\/www.instagram.com\\\/cvinoticias\\\/\",\"https:\\\/\\\/www.youtube.com\\\/@CVINOTICIAS\"]},{\"@type\":\"Person\",\"@id\":\"https:\\\/\\\/cvinoticias.com\\\/v3\\\/#\\\/schema\\\/person\\\/2db77e3c6bc03c538495d7b2b8be9b66\",\"name\":\"f1000024\",\"image\":{\"@type\":\"ImageObject\",\"inLanguage\":\"es\",\"@id\":\"https:\\\/\\\/secure.gravatar.com\\\/avatar\\\/d4fe7459cfc51ff5129ce1a732bbef5928568b8092d412ef95611616376bbeed?s=96&d=mm&r=g\",\"url\":\"https:\\\/\\\/secure.gravatar.com\\\/avatar\\\/d4fe7459cfc51ff5129ce1a732bbef5928568b8092d412ef95611616376bbeed?s=96&d=mm&r=g\",\"contentUrl\":\"https:\\\/\\\/secure.gravatar.com\\\/avatar\\\/d4fe7459cfc51ff5129ce1a732bbef5928568b8092d412ef95611616376bbeed?s=96&d=mm&r=g\",\"caption\":\"f1000024\"},\"url\":\"https:\\\/\\\/cvinoticias.com\\\/v3\\\/author\\\/f1000024\\\/\"}]}<\/script>\n<!-- \/ Yoast SEO plugin. -->","yoast_head_json":{"title":"Somos la Selva: festival por el yaguaret\u00e9 en Iguaz\u00fa | CVI NOTICIAS","description":"Iguaz\u00fa ser\u00e1 sede del festival Somos la Selva con propuestas gratuitas por el cuidado del yaguaret\u00e9.","robots":{"index":"index","follow":"follow","max-snippet":"max-snippet:-1","max-image-preview":"max-image-preview:large","max-video-preview":"max-video-preview:-1"},"canonical":"https:\/\/cvinoticias.com\/v3\/somos-la-selva-iguazu-sera-sede-de-un-festival-artistico-y-cultural-dedicado-al-yaguarete\/","og_locale":"es_ES","og_type":"article","og_title":"Somos la Selva: festival por el yaguaret\u00e9 en Iguaz\u00fa | CVI NOTICIAS","og_description":"Iguaz\u00fa ser\u00e1 sede del festival Somos la Selva con propuestas gratuitas por el cuidado del yaguaret\u00e9.","og_url":"https:\/\/cvinoticias.com\/v3\/somos-la-selva-iguazu-sera-sede-de-un-festival-artistico-y-cultural-dedicado-al-yaguarete\/","og_site_name":"CVI NOTICIAS","article_publisher":"https:\/\/www.facebook.com\/cvinoticias","article_published_time":"2025-11-19T16:26:51+00:00","article_modified_time":"2025-11-20T12:12:14+00:00","og_image":[{"width":1600,"height":1066,"url":"https:\/\/cvinoticias.com\/wp-content\/uploads\/2025\/11\/cuidemos.jpg","type":"image\/jpeg"}],"author":"f1000024","twitter_card":"summary_large_image","twitter_misc":{"Escrito por":"f1000024","Tiempo de lectura":"2 minutos"},"schema":{"@context":"https:\/\/schema.org","@graph":[{"@type":"Article","@id":"https:\/\/cvinoticias.com\/v3\/somos-la-selva-iguazu-sera-sede-de-un-festival-artistico-y-cultural-dedicado-al-yaguarete\/#article","isPartOf":{"@id":"https:\/\/cvinoticias.com\/v3\/somos-la-selva-iguazu-sera-sede-de-un-festival-artistico-y-cultural-dedicado-al-yaguarete\/"},"author":{"name":"f1000024","@id":"https:\/\/cvinoticias.com\/v3\/#\/schema\/person\/2db77e3c6bc03c538495d7b2b8be9b66"},"headline":"\u201cSomos la selva\u201d: Iguaz\u00fa ser\u00e1 sede de un festival art\u00edstico y cultural dedicado al yaguaret\u00e9","datePublished":"2025-11-19T16:26:51+00:00","dateModified":"2025-11-20T12:12:14+00:00","mainEntityOfPage":{"@id":"https:\/\/cvinoticias.com\/v3\/somos-la-selva-iguazu-sera-sede-de-un-festival-artistico-y-cultural-dedicado-al-yaguarete\/"},"wordCount":213,"commentCount":0,"publisher":{"@id":"https:\/\/cvinoticias.com\/v3\/#organization"},"image":{"@id":"https:\/\/cvinoticias.com\/v3\/somos-la-selva-iguazu-sera-sede-de-un-festival-artistico-y-cultural-dedicado-al-yaguarete\/#primaryimage"},"thumbnailUrl":"https:\/\/cvinoticias.com\/wp-content\/uploads\/2025\/11\/cuidemos.jpg","keywords":["Festival","Iguaz\u00fa","sede","Somos la Selva"],"articleSection":["Medio Ambiente","Sociedad"],"inLanguage":"es","potentialAction":[{"@type":"CommentAction","name":"Comment","target":["https:\/\/cvinoticias.com\/v3\/somos-la-selva-iguazu-sera-sede-de-un-festival-artistico-y-cultural-dedicado-al-yaguarete\/#respond"]}]},{"@type":"WebPage","@id":"https:\/\/cvinoticias.com\/v3\/somos-la-selva-iguazu-sera-sede-de-un-festival-artistico-y-cultural-dedicado-al-yaguarete\/","url":"https:\/\/cvinoticias.com\/v3\/somos-la-selva-iguazu-sera-sede-de-un-festival-artistico-y-cultural-dedicado-al-yaguarete\/","name":"Somos la Selva: festival por el yaguaret\u00e9 en Iguaz\u00fa | CVI NOTICIAS","isPartOf":{"@id":"https:\/\/cvinoticias.com\/v3\/#website"},"primaryImageOfPage":{"@id":"https:\/\/cvinoticias.com\/v3\/somos-la-selva-iguazu-sera-sede-de-un-festival-artistico-y-cultural-dedicado-al-yaguarete\/#primaryimage"},"image":{"@id":"https:\/\/cvinoticias.com\/v3\/somos-la-selva-iguazu-sera-sede-de-un-festival-artistico-y-cultural-dedicado-al-yaguarete\/#primaryimage"},"thumbnailUrl":"https:\/\/cvinoticias.com\/wp-content\/uploads\/2025\/11\/cuidemos.jpg","datePublished":"2025-11-19T16:26:51+00:00","dateModified":"2025-11-20T12:12:14+00:00","description":"Iguaz\u00fa ser\u00e1 sede del festival Somos la Selva con propuestas gratuitas por el cuidado del yaguaret\u00e9.","breadcrumb":{"@id":"https:\/\/cvinoticias.com\/v3\/somos-la-selva-iguazu-sera-sede-de-un-festival-artistico-y-cultural-dedicado-al-yaguarete\/#breadcrumb"},"inLanguage":"es","potentialAction":[{"@type":"ReadAction","target":["https:\/\/cvinoticias.com\/v3\/somos-la-selva-iguazu-sera-sede-de-un-festival-artistico-y-cultural-dedicado-al-yaguarete\/"]}]},{"@type":"ImageObject","inLanguage":"es","@id":"https:\/\/cvinoticias.com\/v3\/somos-la-selva-iguazu-sera-sede-de-un-festival-artistico-y-cultural-dedicado-al-yaguarete\/#primaryimage","url":"https:\/\/cvinoticias.com\/wp-content\/uploads\/2025\/11\/cuidemos.jpg","contentUrl":"https:\/\/cvinoticias.com\/wp-content\/uploads\/2025\/11\/cuidemos.jpg","width":1600,"height":1066},{"@type":"BreadcrumbList","@id":"https:\/\/cvinoticias.com\/v3\/somos-la-selva-iguazu-sera-sede-de-un-festival-artistico-y-cultural-dedicado-al-yaguarete\/#breadcrumb","itemListElement":[{"@type":"ListItem","position":1,"name":"Portada","item":"https:\/\/cvinoticias.com\/v3\/"},{"@type":"ListItem","position":2,"name":"\u201cSomos la selva\u201d: Iguaz\u00fa ser\u00e1 sede de un festival art\u00edstico y cultural dedicado al yaguaret\u00e9"}]},{"@type":"WebSite","@id":"https:\/\/cvinoticias.com\/v3\/#website","url":"https:\/\/cvinoticias.com\/v3\/","name":"CVI NOTICIAS","description":"","publisher":{"@id":"https:\/\/cvinoticias.com\/v3\/#organization"},"alternateName":"CVI","potentialAction":[{"@type":"SearchAction","target":{"@type":"EntryPoint","urlTemplate":"https:\/\/cvinoticias.com\/v3\/?s={search_term_string}"},"query-input":{"@type":"PropertyValueSpecification","valueRequired":true,"valueName":"search_term_string"}}],"inLanguage":"es"},{"@type":"Organization","@id":"https:\/\/cvinoticias.com\/v3\/#organization","name":"CVI NOTICIAS","url":"https:\/\/cvinoticias.com\/v3\/","logo":{"@type":"ImageObject","inLanguage":"es","@id":"https:\/\/cvinoticias.com\/v3\/#\/schema\/logo\/image\/","url":"https:\/\/cvinoticias.com\/wp-content\/uploads\/2023\/04\/cropped-cropped-cropped-cropped-cropped-3-1.png","contentUrl":"https:\/\/cvinoticias.com\/wp-content\/uploads\/2023\/04\/cropped-cropped-cropped-cropped-cropped-3-1.png","width":95,"height":122,"caption":"CVI NOTICIAS"},"image":{"@id":"https:\/\/cvinoticias.com\/v3\/#\/schema\/logo\/image\/"},"sameAs":["https:\/\/www.facebook.com\/cvinoticias","https:\/\/www.instagram.com\/cvinoticias\/","https:\/\/www.youtube.com\/@CVINOTICIAS"]},{"@type":"Person","@id":"https:\/\/cvinoticias.com\/v3\/#\/schema\/person\/2db77e3c6bc03c538495d7b2b8be9b66","name":"f1000024","image":{"@type":"ImageObject","inLanguage":"es","@id":"https:\/\/secure.gravatar.com\/avatar\/d4fe7459cfc51ff5129ce1a732bbef5928568b8092d412ef95611616376bbeed?s=96&d=mm&r=g","url":"https:\/\/secure.gravatar.com\/avatar\/d4fe7459cfc51ff5129ce1a732bbef5928568b8092d412ef95611616376bbeed?s=96&d=mm&r=g","contentUrl":"https:\/\/secure.gravatar.com\/avatar\/d4fe7459cfc51ff5129ce1a732bbef5928568b8092d412ef95611616376bbeed?s=96&d=mm&r=g","caption":"f1000024"},"url":"https:\/\/cvinoticias.com\/v3\/author\/f1000024\/"}]}},"_links":{"self":[{"href":"https:\/\/cvinoticias.com\/v3\/wp-json\/wp\/v2\/posts\/51760","targetHints":{"allow":["GET"]}}],"collection":[{"href":"https:\/\/cvinoticias.com\/v3\/wp-json\/wp\/v2\/posts"}],"about":[{"href":"https:\/\/cvinoticias.com\/v3\/wp-json\/wp\/v2\/types\/post"}],"author":[{"embeddable":true,"href":"https:\/\/cvinoticias.com\/v3\/wp-json\/wp\/v2\/users\/2"}],"replies":[{"embeddable":true,"href":"https:\/\/cvinoticias.com\/v3\/wp-json\/wp\/v2\/comments?post=51760"}],"version-history":[{"count":1,"href":"https:\/\/cvinoticias.com\/v3\/wp-json\/wp\/v2\/posts\/51760\/revisions"}],"predecessor-version":[{"id":51764,"href":"https:\/\/cvinoticias.com\/v3\/wp-json\/wp\/v2\/posts\/51760\/revisions\/51764"}],"wp:featuredmedia":[{"embeddable":true,"href":"https:\/\/cvinoticias.com\/v3\/wp-json\/wp\/v2\/media\/51761"}],"wp:attachment":[{"href":"https:\/\/cvinoticias.com\/v3\/wp-json\/wp\/v2\/media?parent=51760"}],"wp:term":[{"taxonomy":"category","embeddable":true,"href":"https:\/\/cvinoticias.com\/v3\/wp-json\/wp\/v2\/categories?post=51760"},{"taxonomy":"post_tag","embeddable":true,"href":"https:\/\/cvinoticias.com\/v3\/wp-json\/wp\/v2\/tags?post=51760"}],"curies":[{"name":"wp","href":"https:\/\/api.w.org\/{rel}","templated":true}]}}