{"id":51713,"date":"2025-11-20T08:20:23","date_gmt":"2025-11-20T11:20:23","guid":{"rendered":"https:\/\/cvinoticias.com\/v3\/?p=51713"},"modified":"2025-11-20T08:20:24","modified_gmt":"2025-11-20T11:20:24","slug":"jueves-caluroso-en-misiones-maxima-de-34-c-y-aumento-de-nubosidad-en-el-sur","status":"publish","type":"post","link":"https:\/\/cvinoticias.com\/v3\/jueves-caluroso-en-misiones-maxima-de-34-c-y-aumento-de-nubosidad-en-el-sur\/","title":{"rendered":"Jueves caluroso en Misiones: m\u00e1xima de 34 \u00b0C y aumento de nubosidad en el sur"},"content":{"rendered":"\n<p>El tiempo en Misiones tendr\u00e1 un marcado cambio a partir de este jueves, con el regreso del aire c\u00e1lido y h\u00famedo desde la cuenca amaz\u00f3nica. La Direcci\u00f3n General de Alerta Temprana inform\u00f3 que el sistema anticicl\u00f3nico se retira hacia el este, permitiendo un brusco aumento de temperaturas y un progresivo incremento de nubosidad, especialmente en la mitad sur del territorio.<\/p>\n\n\n\n<h3 class=\"wp-block-heading\"><strong>Jueves 20: vuelve el calor y aumenta la nubosidad en el sur<\/strong><\/h3>\n\n\n\n<p>La jornada comienza estable y con buenas condiciones, aunque por la tarde se espera mayor nubosidad en el sur provincial. Las temperaturas m\u00e1ximas experimentar\u00e1n un fuerte aumento, alcanzando entre 32\u00b0C y 34\u00b0C en varias localidades, con San Javier como el punto m\u00e1s c\u00e1lido.<br>No se prev\u00e9n precipitaciones y los vientos del noreste predominar\u00e1n con intensidades entre 2 y 17 km\/h y r\u00e1fagas que podr\u00edan llegar a 40 km\/h. La calidad del aire ser\u00e1 regular. La m\u00ednima estimada para la provincia ser\u00e1 de 14\u00b0C en Bernardo de Irigoyen.<\/p>\n","protected":false},"excerpt":{"rendered":"<p>El tiempo en Misiones tendr\u00e1 un marcado cambio a partir de este jueves, con el regreso del aire c\u00e1lido y h\u00famedo desde la cuenca amaz\u00f3nica. La Direcci\u00f3n General de Alerta Temprana inform\u00f3 que el sistema anticicl\u00f3nico se retira hacia el este, permitiendo un brusco aumento de temperaturas y un progresivo incremento de nubosidad, especialmente en [&hellip;]<\/p>\n","protected":false},"author":2,"featured_media":51714,"comment_status":"open","ping_status":"closed","sticky":false,"template":"","format":"standard","meta":{"footnotes":""},"categories":[1146],"tags":[1148,313,278],"class_list":["post-51713","post","type-post","status-publish","format-standard","has-post-thumbnail","hentry","category-tiempo","tag-clima","tag-iguazu","tag-misiones"],"yoast_head":"<!-- This site is optimized with the Yoast SEO plugin v27.5 - https:\/\/yoast.com\/product\/yoast-seo-wordpress\/ -->\n<title>Jueves caluroso en Misiones | CVI NOTICIAS<\/title>\n<meta name=\"description\" content=\"La provincia tendr\u00e1 un jueves con temperaturas que trepar\u00e1n hasta los 34\u00b0C\" \/>\n<meta name=\"robots\" content=\"index, follow, max-snippet:-1, max-image-preview:large, max-video-preview:-1\" \/>\n<link rel=\"canonical\" href=\"https:\/\/cvinoticias.com\/v3\/jueves-caluroso-en-misiones-maxima-de-34-c-y-aumento-de-nubosidad-en-el-sur\/\" \/>\n<meta property=\"og:locale\" content=\"es_ES\" \/>\n<meta property=\"og:type\" content=\"article\" \/>\n<meta property=\"og:title\" content=\"Jueves caluroso en Misiones | CVI NOTICIAS\" \/>\n<meta property=\"og:description\" content=\"La provincia tendr\u00e1 un jueves con temperaturas que trepar\u00e1n hasta los 34\u00b0C\" \/>\n<meta property=\"og:url\" content=\"https:\/\/cvinoticias.com\/v3\/jueves-caluroso-en-misiones-maxima-de-34-c-y-aumento-de-nubosidad-en-el-sur\/\" \/>\n<meta property=\"og:site_name\" content=\"CVI NOTICIAS\" \/>\n<meta property=\"article:publisher\" content=\"https:\/\/www.facebook.com\/cvinoticias\" \/>\n<meta property=\"article:published_time\" content=\"2025-11-20T11:20:23+00:00\" \/>\n<meta property=\"article:modified_time\" content=\"2025-11-20T11:20:24+00:00\" \/>\n<meta property=\"og:image\" content=\"https:\/\/cvinoticias.com\/wp-content\/uploads\/2025\/11\/hito-2.png\" \/>\n\t<meta property=\"og:image:width\" content=\"808\" \/>\n\t<meta property=\"og:image:height\" content=\"463\" \/>\n\t<meta property=\"og:image:type\" content=\"image\/png\" \/>\n<meta name=\"author\" content=\"f1000024\" \/>\n<meta name=\"twitter:card\" content=\"summary_large_image\" \/>\n<meta name=\"twitter:label1\" content=\"Escrito por\" \/>\n\t<meta name=\"twitter:data1\" content=\"f1000024\" \/>\n\t<meta name=\"twitter:label2\" content=\"Tiempo de lectura\" \/>\n\t<meta name=\"twitter:data2\" content=\"1 minuto\" \/>\n<script type=\"application\/ld+json\" class=\"yoast-schema-graph\">{\"@context\":\"https:\\\/\\\/schema.org\",\"@graph\":[{\"@type\":\"Article\",\"@id\":\"https:\\\/\\\/cvinoticias.com\\\/v3\\\/jueves-caluroso-en-misiones-maxima-de-34-c-y-aumento-de-nubosidad-en-el-sur\\\/#article\",\"isPartOf\":{\"@id\":\"https:\\\/\\\/cvinoticias.com\\\/v3\\\/jueves-caluroso-en-misiones-maxima-de-34-c-y-aumento-de-nubosidad-en-el-sur\\\/\"},\"author\":{\"name\":\"f1000024\",\"@id\":\"https:\\\/\\\/cvinoticias.com\\\/v3\\\/#\\\/schema\\\/person\\\/2db77e3c6bc03c538495d7b2b8be9b66\"},\"headline\":\"Jueves caluroso en Misiones: m\u00e1xima de 34 \u00b0C y aumento de nubosidad en el sur\",\"datePublished\":\"2025-11-20T11:20:23+00:00\",\"dateModified\":\"2025-11-20T11:20:24+00:00\",\"mainEntityOfPage\":{\"@id\":\"https:\\\/\\\/cvinoticias.com\\\/v3\\\/jueves-caluroso-en-misiones-maxima-de-34-c-y-aumento-de-nubosidad-en-el-sur\\\/\"},\"wordCount\":186,\"commentCount\":0,\"publisher\":{\"@id\":\"https:\\\/\\\/cvinoticias.com\\\/v3\\\/#organization\"},\"image\":{\"@id\":\"https:\\\/\\\/cvinoticias.com\\\/v3\\\/jueves-caluroso-en-misiones-maxima-de-34-c-y-aumento-de-nubosidad-en-el-sur\\\/#primaryimage\"},\"thumbnailUrl\":\"https:\\\/\\\/cvinoticias.com\\\/wp-content\\\/uploads\\\/2025\\\/11\\\/hito-2.png\",\"keywords\":[\"Clima\",\"Iguaz\u00fa\",\"Misiones\"],\"articleSection\":[\"Tiempo\"],\"inLanguage\":\"es\",\"potentialAction\":[{\"@type\":\"CommentAction\",\"name\":\"Comment\",\"target\":[\"https:\\\/\\\/cvinoticias.com\\\/v3\\\/jueves-caluroso-en-misiones-maxima-de-34-c-y-aumento-de-nubosidad-en-el-sur\\\/#respond\"]}]},{\"@type\":\"WebPage\",\"@id\":\"https:\\\/\\\/cvinoticias.com\\\/v3\\\/jueves-caluroso-en-misiones-maxima-de-34-c-y-aumento-de-nubosidad-en-el-sur\\\/\",\"url\":\"https:\\\/\\\/cvinoticias.com\\\/v3\\\/jueves-caluroso-en-misiones-maxima-de-34-c-y-aumento-de-nubosidad-en-el-sur\\\/\",\"name\":\"Jueves caluroso en Misiones | CVI NOTICIAS\",\"isPartOf\":{\"@id\":\"https:\\\/\\\/cvinoticias.com\\\/v3\\\/#website\"},\"primaryImageOfPage\":{\"@id\":\"https:\\\/\\\/cvinoticias.com\\\/v3\\\/jueves-caluroso-en-misiones-maxima-de-34-c-y-aumento-de-nubosidad-en-el-sur\\\/#primaryimage\"},\"image\":{\"@id\":\"https:\\\/\\\/cvinoticias.com\\\/v3\\\/jueves-caluroso-en-misiones-maxima-de-34-c-y-aumento-de-nubosidad-en-el-sur\\\/#primaryimage\"},\"thumbnailUrl\":\"https:\\\/\\\/cvinoticias.com\\\/wp-content\\\/uploads\\\/2025\\\/11\\\/hito-2.png\",\"datePublished\":\"2025-11-20T11:20:23+00:00\",\"dateModified\":\"2025-11-20T11:20:24+00:00\",\"description\":\"La provincia tendr\u00e1 un jueves con temperaturas que trepar\u00e1n hasta los 34\u00b0C\",\"breadcrumb\":{\"@id\":\"https:\\\/\\\/cvinoticias.com\\\/v3\\\/jueves-caluroso-en-misiones-maxima-de-34-c-y-aumento-de-nubosidad-en-el-sur\\\/#breadcrumb\"},\"inLanguage\":\"es\",\"potentialAction\":[{\"@type\":\"ReadAction\",\"target\":[\"https:\\\/\\\/cvinoticias.com\\\/v3\\\/jueves-caluroso-en-misiones-maxima-de-34-c-y-aumento-de-nubosidad-en-el-sur\\\/\"]}]},{\"@type\":\"ImageObject\",\"inLanguage\":\"es\",\"@id\":\"https:\\\/\\\/cvinoticias.com\\\/v3\\\/jueves-caluroso-en-misiones-maxima-de-34-c-y-aumento-de-nubosidad-en-el-sur\\\/#primaryimage\",\"url\":\"https:\\\/\\\/cvinoticias.com\\\/wp-content\\\/uploads\\\/2025\\\/11\\\/hito-2.png\",\"contentUrl\":\"https:\\\/\\\/cvinoticias.com\\\/wp-content\\\/uploads\\\/2025\\\/11\\\/hito-2.png\",\"width\":808,\"height\":463},{\"@type\":\"BreadcrumbList\",\"@id\":\"https:\\\/\\\/cvinoticias.com\\\/v3\\\/jueves-caluroso-en-misiones-maxima-de-34-c-y-aumento-de-nubosidad-en-el-sur\\\/#breadcrumb\",\"itemListElement\":[{\"@type\":\"ListItem\",\"position\":1,\"name\":\"Portada\",\"item\":\"https:\\\/\\\/cvinoticias.com\\\/v3\\\/\"},{\"@type\":\"ListItem\",\"position\":2,\"name\":\"Jueves caluroso en Misiones: m\u00e1xima de 34 \u00b0C y aumento de nubosidad en el sur\"}]},{\"@type\":\"WebSite\",\"@id\":\"https:\\\/\\\/cvinoticias.com\\\/v3\\\/#website\",\"url\":\"https:\\\/\\\/cvinoticias.com\\\/v3\\\/\",\"name\":\"CVI NOTICIAS\",\"description\":\"\",\"publisher\":{\"@id\":\"https:\\\/\\\/cvinoticias.com\\\/v3\\\/#organization\"},\"alternateName\":\"CVI\",\"potentialAction\":[{\"@type\":\"SearchAction\",\"target\":{\"@type\":\"EntryPoint\",\"urlTemplate\":\"https:\\\/\\\/cvinoticias.com\\\/v3\\\/?s={search_term_string}\"},\"query-input\":{\"@type\":\"PropertyValueSpecification\",\"valueRequired\":true,\"valueName\":\"search_term_string\"}}],\"inLanguage\":\"es\"},{\"@type\":\"Organization\",\"@id\":\"https:\\\/\\\/cvinoticias.com\\\/v3\\\/#organization\",\"name\":\"CVI NOTICIAS\",\"url\":\"https:\\\/\\\/cvinoticias.com\\\/v3\\\/\",\"logo\":{\"@type\":\"ImageObject\",\"inLanguage\":\"es\",\"@id\":\"https:\\\/\\\/cvinoticias.com\\\/v3\\\/#\\\/schema\\\/logo\\\/image\\\/\",\"url\":\"https:\\\/\\\/cvinoticias.com\\\/wp-content\\\/uploads\\\/2023\\\/04\\\/cropped-cropped-cropped-cropped-cropped-3-1.png\",\"contentUrl\":\"https:\\\/\\\/cvinoticias.com\\\/wp-content\\\/uploads\\\/2023\\\/04\\\/cropped-cropped-cropped-cropped-cropped-3-1.png\",\"width\":95,\"height\":122,\"caption\":\"CVI NOTICIAS\"},\"image\":{\"@id\":\"https:\\\/\\\/cvinoticias.com\\\/v3\\\/#\\\/schema\\\/logo\\\/image\\\/\"},\"sameAs\":[\"https:\\\/\\\/www.facebook.com\\\/cvinoticias\",\"https:\\\/\\\/www.instagram.com\\\/cvinoticias\\\/\",\"https:\\\/\\\/www.youtube.com\\\/@CVINOTICIAS\"]},{\"@type\":\"Person\",\"@id\":\"https:\\\/\\\/cvinoticias.com\\\/v3\\\/#\\\/schema\\\/person\\\/2db77e3c6bc03c538495d7b2b8be9b66\",\"name\":\"f1000024\",\"image\":{\"@type\":\"ImageObject\",\"inLanguage\":\"es\",\"@id\":\"https:\\\/\\\/secure.gravatar.com\\\/avatar\\\/d4fe7459cfc51ff5129ce1a732bbef5928568b8092d412ef95611616376bbeed?s=96&d=mm&r=g\",\"url\":\"https:\\\/\\\/secure.gravatar.com\\\/avatar\\\/d4fe7459cfc51ff5129ce1a732bbef5928568b8092d412ef95611616376bbeed?s=96&d=mm&r=g\",\"contentUrl\":\"https:\\\/\\\/secure.gravatar.com\\\/avatar\\\/d4fe7459cfc51ff5129ce1a732bbef5928568b8092d412ef95611616376bbeed?s=96&d=mm&r=g\",\"caption\":\"f1000024\"},\"url\":\"https:\\\/\\\/cvinoticias.com\\\/v3\\\/author\\\/f1000024\\\/\"}]}<\/script>\n<!-- \/ Yoast SEO plugin. -->","yoast_head_json":{"title":"Jueves caluroso en Misiones | CVI NOTICIAS","description":"La provincia tendr\u00e1 un jueves con temperaturas que trepar\u00e1n hasta los 34\u00b0C","robots":{"index":"index","follow":"follow","max-snippet":"max-snippet:-1","max-image-preview":"max-image-preview:large","max-video-preview":"max-video-preview:-1"},"canonical":"https:\/\/cvinoticias.com\/v3\/jueves-caluroso-en-misiones-maxima-de-34-c-y-aumento-de-nubosidad-en-el-sur\/","og_locale":"es_ES","og_type":"article","og_title":"Jueves caluroso en Misiones | CVI NOTICIAS","og_description":"La provincia tendr\u00e1 un jueves con temperaturas que trepar\u00e1n hasta los 34\u00b0C","og_url":"https:\/\/cvinoticias.com\/v3\/jueves-caluroso-en-misiones-maxima-de-34-c-y-aumento-de-nubosidad-en-el-sur\/","og_site_name":"CVI NOTICIAS","article_publisher":"https:\/\/www.facebook.com\/cvinoticias","article_published_time":"2025-11-20T11:20:23+00:00","article_modified_time":"2025-11-20T11:20:24+00:00","og_image":[{"width":808,"height":463,"url":"https:\/\/cvinoticias.com\/wp-content\/uploads\/2025\/11\/hito-2.png","type":"image\/png"}],"author":"f1000024","twitter_card":"summary_large_image","twitter_misc":{"Escrito por":"f1000024","Tiempo de lectura":"1 minuto"},"schema":{"@context":"https:\/\/schema.org","@graph":[{"@type":"Article","@id":"https:\/\/cvinoticias.com\/v3\/jueves-caluroso-en-misiones-maxima-de-34-c-y-aumento-de-nubosidad-en-el-sur\/#article","isPartOf":{"@id":"https:\/\/cvinoticias.com\/v3\/jueves-caluroso-en-misiones-maxima-de-34-c-y-aumento-de-nubosidad-en-el-sur\/"},"author":{"name":"f1000024","@id":"https:\/\/cvinoticias.com\/v3\/#\/schema\/person\/2db77e3c6bc03c538495d7b2b8be9b66"},"headline":"Jueves caluroso en Misiones: m\u00e1xima de 34 \u00b0C y aumento de nubosidad en el sur","datePublished":"2025-11-20T11:20:23+00:00","dateModified":"2025-11-20T11:20:24+00:00","mainEntityOfPage":{"@id":"https:\/\/cvinoticias.com\/v3\/jueves-caluroso-en-misiones-maxima-de-34-c-y-aumento-de-nubosidad-en-el-sur\/"},"wordCount":186,"commentCount":0,"publisher":{"@id":"https:\/\/cvinoticias.com\/v3\/#organization"},"image":{"@id":"https:\/\/cvinoticias.com\/v3\/jueves-caluroso-en-misiones-maxima-de-34-c-y-aumento-de-nubosidad-en-el-sur\/#primaryimage"},"thumbnailUrl":"https:\/\/cvinoticias.com\/wp-content\/uploads\/2025\/11\/hito-2.png","keywords":["Clima","Iguaz\u00fa","Misiones"],"articleSection":["Tiempo"],"inLanguage":"es","potentialAction":[{"@type":"CommentAction","name":"Comment","target":["https:\/\/cvinoticias.com\/v3\/jueves-caluroso-en-misiones-maxima-de-34-c-y-aumento-de-nubosidad-en-el-sur\/#respond"]}]},{"@type":"WebPage","@id":"https:\/\/cvinoticias.com\/v3\/jueves-caluroso-en-misiones-maxima-de-34-c-y-aumento-de-nubosidad-en-el-sur\/","url":"https:\/\/cvinoticias.com\/v3\/jueves-caluroso-en-misiones-maxima-de-34-c-y-aumento-de-nubosidad-en-el-sur\/","name":"Jueves caluroso en Misiones | CVI NOTICIAS","isPartOf":{"@id":"https:\/\/cvinoticias.com\/v3\/#website"},"primaryImageOfPage":{"@id":"https:\/\/cvinoticias.com\/v3\/jueves-caluroso-en-misiones-maxima-de-34-c-y-aumento-de-nubosidad-en-el-sur\/#primaryimage"},"image":{"@id":"https:\/\/cvinoticias.com\/v3\/jueves-caluroso-en-misiones-maxima-de-34-c-y-aumento-de-nubosidad-en-el-sur\/#primaryimage"},"thumbnailUrl":"https:\/\/cvinoticias.com\/wp-content\/uploads\/2025\/11\/hito-2.png","datePublished":"2025-11-20T11:20:23+00:00","dateModified":"2025-11-20T11:20:24+00:00","description":"La provincia tendr\u00e1 un jueves con temperaturas que trepar\u00e1n hasta los 34\u00b0C","breadcrumb":{"@id":"https:\/\/cvinoticias.com\/v3\/jueves-caluroso-en-misiones-maxima-de-34-c-y-aumento-de-nubosidad-en-el-sur\/#breadcrumb"},"inLanguage":"es","potentialAction":[{"@type":"ReadAction","target":["https:\/\/cvinoticias.com\/v3\/jueves-caluroso-en-misiones-maxima-de-34-c-y-aumento-de-nubosidad-en-el-sur\/"]}]},{"@type":"ImageObject","inLanguage":"es","@id":"https:\/\/cvinoticias.com\/v3\/jueves-caluroso-en-misiones-maxima-de-34-c-y-aumento-de-nubosidad-en-el-sur\/#primaryimage","url":"https:\/\/cvinoticias.com\/wp-content\/uploads\/2025\/11\/hito-2.png","contentUrl":"https:\/\/cvinoticias.com\/wp-content\/uploads\/2025\/11\/hito-2.png","width":808,"height":463},{"@type":"BreadcrumbList","@id":"https:\/\/cvinoticias.com\/v3\/jueves-caluroso-en-misiones-maxima-de-34-c-y-aumento-de-nubosidad-en-el-sur\/#breadcrumb","itemListElement":[{"@type":"ListItem","position":1,"name":"Portada","item":"https:\/\/cvinoticias.com\/v3\/"},{"@type":"ListItem","position":2,"name":"Jueves caluroso en Misiones: m\u00e1xima de 34 \u00b0C y aumento de nubosidad en el sur"}]},{"@type":"WebSite","@id":"https:\/\/cvinoticias.com\/v3\/#website","url":"https:\/\/cvinoticias.com\/v3\/","name":"CVI NOTICIAS","description":"","publisher":{"@id":"https:\/\/cvinoticias.com\/v3\/#organization"},"alternateName":"CVI","potentialAction":[{"@type":"SearchAction","target":{"@type":"EntryPoint","urlTemplate":"https:\/\/cvinoticias.com\/v3\/?s={search_term_string}"},"query-input":{"@type":"PropertyValueSpecification","valueRequired":true,"valueName":"search_term_string"}}],"inLanguage":"es"},{"@type":"Organization","@id":"https:\/\/cvinoticias.com\/v3\/#organization","name":"CVI NOTICIAS","url":"https:\/\/cvinoticias.com\/v3\/","logo":{"@type":"ImageObject","inLanguage":"es","@id":"https:\/\/cvinoticias.com\/v3\/#\/schema\/logo\/image\/","url":"https:\/\/cvinoticias.com\/wp-content\/uploads\/2023\/04\/cropped-cropped-cropped-cropped-cropped-3-1.png","contentUrl":"https:\/\/cvinoticias.com\/wp-content\/uploads\/2023\/04\/cropped-cropped-cropped-cropped-cropped-3-1.png","width":95,"height":122,"caption":"CVI NOTICIAS"},"image":{"@id":"https:\/\/cvinoticias.com\/v3\/#\/schema\/logo\/image\/"},"sameAs":["https:\/\/www.facebook.com\/cvinoticias","https:\/\/www.instagram.com\/cvinoticias\/","https:\/\/www.youtube.com\/@CVINOTICIAS"]},{"@type":"Person","@id":"https:\/\/cvinoticias.com\/v3\/#\/schema\/person\/2db77e3c6bc03c538495d7b2b8be9b66","name":"f1000024","image":{"@type":"ImageObject","inLanguage":"es","@id":"https:\/\/secure.gravatar.com\/avatar\/d4fe7459cfc51ff5129ce1a732bbef5928568b8092d412ef95611616376bbeed?s=96&d=mm&r=g","url":"https:\/\/secure.gravatar.com\/avatar\/d4fe7459cfc51ff5129ce1a732bbef5928568b8092d412ef95611616376bbeed?s=96&d=mm&r=g","contentUrl":"https:\/\/secure.gravatar.com\/avatar\/d4fe7459cfc51ff5129ce1a732bbef5928568b8092d412ef95611616376bbeed?s=96&d=mm&r=g","caption":"f1000024"},"url":"https:\/\/cvinoticias.com\/v3\/author\/f1000024\/"}]}},"_links":{"self":[{"href":"https:\/\/cvinoticias.com\/v3\/wp-json\/wp\/v2\/posts\/51713","targetHints":{"allow":["GET"]}}],"collection":[{"href":"https:\/\/cvinoticias.com\/v3\/wp-json\/wp\/v2\/posts"}],"about":[{"href":"https:\/\/cvinoticias.com\/v3\/wp-json\/wp\/v2\/types\/post"}],"author":[{"embeddable":true,"href":"https:\/\/cvinoticias.com\/v3\/wp-json\/wp\/v2\/users\/2"}],"replies":[{"embeddable":true,"href":"https:\/\/cvinoticias.com\/v3\/wp-json\/wp\/v2\/comments?post=51713"}],"version-history":[{"count":1,"href":"https:\/\/cvinoticias.com\/v3\/wp-json\/wp\/v2\/posts\/51713\/revisions"}],"predecessor-version":[{"id":51715,"href":"https:\/\/cvinoticias.com\/v3\/wp-json\/wp\/v2\/posts\/51713\/revisions\/51715"}],"wp:featuredmedia":[{"embeddable":true,"href":"https:\/\/cvinoticias.com\/v3\/wp-json\/wp\/v2\/media\/51714"}],"wp:attachment":[{"href":"https:\/\/cvinoticias.com\/v3\/wp-json\/wp\/v2\/media?parent=51713"}],"wp:term":[{"taxonomy":"category","embeddable":true,"href":"https:\/\/cvinoticias.com\/v3\/wp-json\/wp\/v2\/categories?post=51713"},{"taxonomy":"post_tag","embeddable":true,"href":"https:\/\/cvinoticias.com\/v3\/wp-json\/wp\/v2\/tags?post=51713"}],"curies":[{"name":"wp","href":"https:\/\/api.w.org\/{rel}","templated":true}]}}