{"id":51673,"date":"2025-11-19T08:28:39","date_gmt":"2025-11-19T11:28:39","guid":{"rendered":"https:\/\/cvinoticias.com\/v3\/?p=51673"},"modified":"2025-11-19T08:28:40","modified_gmt":"2025-11-19T11:28:40","slug":"dia-mundial-para-la-prevencion-del-abuso-contra-los-ninos-un-llamado-global-a-la-proteccion-y-el-acompanamiento","status":"publish","type":"post","link":"https:\/\/cvinoticias.com\/v3\/dia-mundial-para-la-prevencion-del-abuso-contra-los-ninos-un-llamado-global-a-la-proteccion-y-el-acompanamiento\/","title":{"rendered":"D\u00eda Mundial para la Prevenci\u00f3n del Abuso contra los Ni\u00f1os: un llamado global a la protecci\u00f3n y el acompa\u00f1amiento"},"content":{"rendered":"\n<p>Cada 19 de noviembre se conmemora el <strong>D\u00eda Mundial para la Prevenci\u00f3n del Abuso contra los Ni\u00f1os<\/strong>, una fecha destinada a visibilizar todas las formas de violencia que afectan a la infancia y a reforzar el compromiso de los Estados, las instituciones y la sociedad en su conjunto para garantizar la protecci\u00f3n integral de ni\u00f1as, ni\u00f1os y adolescentes.<\/p>\n\n\n\n<p>La jornada surge como una iniciativa internacional orientada a promover pol\u00edticas p\u00fablicas, fortalecer los sistemas de prevenci\u00f3n y fomentar el desarrollo de acciones comunitarias que permitan detectar, asistir y contener situaciones de vulneraci\u00f3n de derechos. La Organizaci\u00f3n de las Naciones Unidas se\u00f1ala que el abuso infantil puede manifestarse de manera f\u00edsica, emocional, sexual o a trav\u00e9s de la negligencia, y que sus efectos pueden perdurar durante toda la vida si no existe una intervenci\u00f3n adecuada.<\/p>\n\n\n\n<p>En Argentina, distintos organismos trabajan de manera articulada para prevenir este tipo de violencia, entre ellos los sistemas de protecci\u00f3n de la ni\u00f1ez, los centros de atenci\u00f3n territorial y las l\u00edneas de comunicaci\u00f3n destinadas a recibir denuncias o consultas. Especialistas remarcan que la prevenci\u00f3n requiere no solo la respuesta institucional, sino tambi\u00e9n la participaci\u00f3n activa de las familias, las escuelas y las comunidades, \u00e1mbitos fundamentales para detectar se\u00f1ales tempranas de abuso o maltrato.<\/p>\n\n\n\n<p>A lo largo del pa\u00eds, diversas organizaciones impulsan campa\u00f1as de concientizaci\u00f3n, talleres y actividades educativas para promover entornos seguros y brindar herramientas que permitan abordar el tema con responsabilidad, perspectiva de derechos y sensibilidad social. El mensaje central de esta fecha apunta a recordar que la protecci\u00f3n de la infancia es una responsabilidad colectiva y que cualquier vulneraci\u00f3n debe ser acompa\u00f1ada con mecanismos efectivos de intervenci\u00f3n y contenci\u00f3n.<\/p>\n\n\n\n<p><strong>Fuente principal: Organizaci\u00f3n de las Naciones Unidas (ONU).<\/strong><\/p>\n","protected":false},"excerpt":{"rendered":"<p>Cada 19 de noviembre se conmemora el D\u00eda Mundial para la Prevenci\u00f3n del Abuso contra los Ni\u00f1os, una fecha destinada a visibilizar todas las formas de violencia que afectan a la infancia y a reforzar el compromiso de los Estados, las instituciones y la sociedad en su conjunto para garantizar la protecci\u00f3n integral de ni\u00f1as, [&hellip;]<\/p>\n","protected":false},"author":2,"featured_media":51674,"comment_status":"open","ping_status":"closed","sticky":false,"template":"","format":"standard","meta":{"footnotes":""},"categories":[442],"tags":[4412,554,4473,326],"class_list":["post-51673","post","type-post","status-publish","format-standard","has-post-thumbnail","hentry","category-efemerides-2","tag-abuso","tag-dia","tag-nonos","tag-prevencion-2"],"yoast_head":"<!-- This site is optimized with the Yoast SEO plugin v27.4 - https:\/\/yoast.com\/product\/yoast-seo-wordpress\/ -->\n<title>D\u00eda Mundial para la Prevenci\u00f3n del Abuso contra los Ni\u00f1os | CVI NOTICIAS<\/title>\n<meta name=\"description\" content=\"Cada 19 de noviembre se conmemora el D\u00eda Mundial para la Prevenci\u00f3n del Abuso contra los Ni\u00f1os, una fecha destinada a visibilizar todas las formas de violencia que afectan a la infancia\" \/>\n<meta name=\"robots\" content=\"index, follow, max-snippet:-1, max-image-preview:large, max-video-preview:-1\" \/>\n<link rel=\"canonical\" href=\"https:\/\/cvinoticias.com\/v3\/dia-mundial-para-la-prevencion-del-abuso-contra-los-ninos-un-llamado-global-a-la-proteccion-y-el-acompanamiento\/\" \/>\n<meta property=\"og:locale\" content=\"es_ES\" \/>\n<meta property=\"og:type\" content=\"article\" \/>\n<meta property=\"og:title\" content=\"D\u00eda Mundial para la Prevenci\u00f3n del Abuso contra los Ni\u00f1os | CVI NOTICIAS\" \/>\n<meta property=\"og:description\" content=\"Cada 19 de noviembre se conmemora el D\u00eda Mundial para la Prevenci\u00f3n del Abuso contra los Ni\u00f1os, una fecha destinada a visibilizar todas las formas de violencia que afectan a la infancia\" \/>\n<meta property=\"og:url\" content=\"https:\/\/cvinoticias.com\/v3\/dia-mundial-para-la-prevencion-del-abuso-contra-los-ninos-un-llamado-global-a-la-proteccion-y-el-acompanamiento\/\" \/>\n<meta property=\"og:site_name\" content=\"CVI NOTICIAS\" \/>\n<meta property=\"article:publisher\" content=\"https:\/\/www.facebook.com\/cvinoticias\" \/>\n<meta property=\"article:published_time\" content=\"2025-11-19T11:28:39+00:00\" \/>\n<meta property=\"article:modified_time\" content=\"2025-11-19T11:28:40+00:00\" \/>\n<meta property=\"og:image\" content=\"https:\/\/cvinoticias.com\/wp-content\/uploads\/2025\/11\/L7KMEYPHNNGINNJLF4PJN3GC4A.jpg\" \/>\n\t<meta property=\"og:image:width\" content=\"1456\" \/>\n\t<meta property=\"og:image:height\" content=\"816\" \/>\n\t<meta property=\"og:image:type\" content=\"image\/jpeg\" \/>\n<meta name=\"author\" content=\"f1000024\" \/>\n<meta name=\"twitter:card\" content=\"summary_large_image\" \/>\n<meta name=\"twitter:label1\" content=\"Escrito por\" \/>\n\t<meta name=\"twitter:data1\" content=\"f1000024\" \/>\n\t<meta name=\"twitter:label2\" content=\"Tiempo de lectura\" \/>\n\t<meta name=\"twitter:data2\" content=\"2 minutos\" \/>\n<script type=\"application\/ld+json\" class=\"yoast-schema-graph\">{\"@context\":\"https:\\\/\\\/schema.org\",\"@graph\":[{\"@type\":\"Article\",\"@id\":\"https:\\\/\\\/cvinoticias.com\\\/v3\\\/dia-mundial-para-la-prevencion-del-abuso-contra-los-ninos-un-llamado-global-a-la-proteccion-y-el-acompanamiento\\\/#article\",\"isPartOf\":{\"@id\":\"https:\\\/\\\/cvinoticias.com\\\/v3\\\/dia-mundial-para-la-prevencion-del-abuso-contra-los-ninos-un-llamado-global-a-la-proteccion-y-el-acompanamiento\\\/\"},\"author\":{\"name\":\"f1000024\",\"@id\":\"https:\\\/\\\/cvinoticias.com\\\/v3\\\/#\\\/schema\\\/person\\\/2db77e3c6bc03c538495d7b2b8be9b66\"},\"headline\":\"D\u00eda Mundial para la Prevenci\u00f3n del Abuso contra los Ni\u00f1os: un llamado global a la protecci\u00f3n y el acompa\u00f1amiento\",\"datePublished\":\"2025-11-19T11:28:39+00:00\",\"dateModified\":\"2025-11-19T11:28:40+00:00\",\"mainEntityOfPage\":{\"@id\":\"https:\\\/\\\/cvinoticias.com\\\/v3\\\/dia-mundial-para-la-prevencion-del-abuso-contra-los-ninos-un-llamado-global-a-la-proteccion-y-el-acompanamiento\\\/\"},\"wordCount\":338,\"commentCount\":0,\"publisher\":{\"@id\":\"https:\\\/\\\/cvinoticias.com\\\/v3\\\/#organization\"},\"image\":{\"@id\":\"https:\\\/\\\/cvinoticias.com\\\/v3\\\/dia-mundial-para-la-prevencion-del-abuso-contra-los-ninos-un-llamado-global-a-la-proteccion-y-el-acompanamiento\\\/#primaryimage\"},\"thumbnailUrl\":\"https:\\\/\\\/cvinoticias.com\\\/wp-content\\\/uploads\\\/2025\\\/11\\\/L7KMEYPHNNGINNJLF4PJN3GC4A.jpg\",\"keywords\":[\"abuso\",\"D\u00eda\",\"no\u00f1os\",\"Prevenci\u00f3n\"],\"articleSection\":[\"EFEMERIDES\"],\"inLanguage\":\"es\",\"potentialAction\":[{\"@type\":\"CommentAction\",\"name\":\"Comment\",\"target\":[\"https:\\\/\\\/cvinoticias.com\\\/v3\\\/dia-mundial-para-la-prevencion-del-abuso-contra-los-ninos-un-llamado-global-a-la-proteccion-y-el-acompanamiento\\\/#respond\"]}]},{\"@type\":\"WebPage\",\"@id\":\"https:\\\/\\\/cvinoticias.com\\\/v3\\\/dia-mundial-para-la-prevencion-del-abuso-contra-los-ninos-un-llamado-global-a-la-proteccion-y-el-acompanamiento\\\/\",\"url\":\"https:\\\/\\\/cvinoticias.com\\\/v3\\\/dia-mundial-para-la-prevencion-del-abuso-contra-los-ninos-un-llamado-global-a-la-proteccion-y-el-acompanamiento\\\/\",\"name\":\"D\u00eda Mundial para la Prevenci\u00f3n del Abuso contra los Ni\u00f1os | CVI NOTICIAS\",\"isPartOf\":{\"@id\":\"https:\\\/\\\/cvinoticias.com\\\/v3\\\/#website\"},\"primaryImageOfPage\":{\"@id\":\"https:\\\/\\\/cvinoticias.com\\\/v3\\\/dia-mundial-para-la-prevencion-del-abuso-contra-los-ninos-un-llamado-global-a-la-proteccion-y-el-acompanamiento\\\/#primaryimage\"},\"image\":{\"@id\":\"https:\\\/\\\/cvinoticias.com\\\/v3\\\/dia-mundial-para-la-prevencion-del-abuso-contra-los-ninos-un-llamado-global-a-la-proteccion-y-el-acompanamiento\\\/#primaryimage\"},\"thumbnailUrl\":\"https:\\\/\\\/cvinoticias.com\\\/wp-content\\\/uploads\\\/2025\\\/11\\\/L7KMEYPHNNGINNJLF4PJN3GC4A.jpg\",\"datePublished\":\"2025-11-19T11:28:39+00:00\",\"dateModified\":\"2025-11-19T11:28:40+00:00\",\"description\":\"Cada 19 de noviembre se conmemora el D\u00eda Mundial para la Prevenci\u00f3n del Abuso contra los Ni\u00f1os, una fecha destinada a visibilizar todas las formas de violencia que afectan a la infancia\",\"breadcrumb\":{\"@id\":\"https:\\\/\\\/cvinoticias.com\\\/v3\\\/dia-mundial-para-la-prevencion-del-abuso-contra-los-ninos-un-llamado-global-a-la-proteccion-y-el-acompanamiento\\\/#breadcrumb\"},\"inLanguage\":\"es\",\"potentialAction\":[{\"@type\":\"ReadAction\",\"target\":[\"https:\\\/\\\/cvinoticias.com\\\/v3\\\/dia-mundial-para-la-prevencion-del-abuso-contra-los-ninos-un-llamado-global-a-la-proteccion-y-el-acompanamiento\\\/\"]}]},{\"@type\":\"ImageObject\",\"inLanguage\":\"es\",\"@id\":\"https:\\\/\\\/cvinoticias.com\\\/v3\\\/dia-mundial-para-la-prevencion-del-abuso-contra-los-ninos-un-llamado-global-a-la-proteccion-y-el-acompanamiento\\\/#primaryimage\",\"url\":\"https:\\\/\\\/cvinoticias.com\\\/wp-content\\\/uploads\\\/2025\\\/11\\\/L7KMEYPHNNGINNJLF4PJN3GC4A.jpg\",\"contentUrl\":\"https:\\\/\\\/cvinoticias.com\\\/wp-content\\\/uploads\\\/2025\\\/11\\\/L7KMEYPHNNGINNJLF4PJN3GC4A.jpg\",\"width\":1456,\"height\":816},{\"@type\":\"BreadcrumbList\",\"@id\":\"https:\\\/\\\/cvinoticias.com\\\/v3\\\/dia-mundial-para-la-prevencion-del-abuso-contra-los-ninos-un-llamado-global-a-la-proteccion-y-el-acompanamiento\\\/#breadcrumb\",\"itemListElement\":[{\"@type\":\"ListItem\",\"position\":1,\"name\":\"Portada\",\"item\":\"https:\\\/\\\/cvinoticias.com\\\/v3\\\/\"},{\"@type\":\"ListItem\",\"position\":2,\"name\":\"D\u00eda Mundial para la Prevenci\u00f3n del Abuso contra los Ni\u00f1os: un llamado global a la protecci\u00f3n y el acompa\u00f1amiento\"}]},{\"@type\":\"WebSite\",\"@id\":\"https:\\\/\\\/cvinoticias.com\\\/v3\\\/#website\",\"url\":\"https:\\\/\\\/cvinoticias.com\\\/v3\\\/\",\"name\":\"CVI NOTICIAS\",\"description\":\"\",\"publisher\":{\"@id\":\"https:\\\/\\\/cvinoticias.com\\\/v3\\\/#organization\"},\"alternateName\":\"CVI\",\"potentialAction\":[{\"@type\":\"SearchAction\",\"target\":{\"@type\":\"EntryPoint\",\"urlTemplate\":\"https:\\\/\\\/cvinoticias.com\\\/v3\\\/?s={search_term_string}\"},\"query-input\":{\"@type\":\"PropertyValueSpecification\",\"valueRequired\":true,\"valueName\":\"search_term_string\"}}],\"inLanguage\":\"es\"},{\"@type\":\"Organization\",\"@id\":\"https:\\\/\\\/cvinoticias.com\\\/v3\\\/#organization\",\"name\":\"CVI NOTICIAS\",\"url\":\"https:\\\/\\\/cvinoticias.com\\\/v3\\\/\",\"logo\":{\"@type\":\"ImageObject\",\"inLanguage\":\"es\",\"@id\":\"https:\\\/\\\/cvinoticias.com\\\/v3\\\/#\\\/schema\\\/logo\\\/image\\\/\",\"url\":\"https:\\\/\\\/cvinoticias.com\\\/wp-content\\\/uploads\\\/2023\\\/04\\\/cropped-cropped-cropped-cropped-cropped-3-1.png\",\"contentUrl\":\"https:\\\/\\\/cvinoticias.com\\\/wp-content\\\/uploads\\\/2023\\\/04\\\/cropped-cropped-cropped-cropped-cropped-3-1.png\",\"width\":95,\"height\":122,\"caption\":\"CVI NOTICIAS\"},\"image\":{\"@id\":\"https:\\\/\\\/cvinoticias.com\\\/v3\\\/#\\\/schema\\\/logo\\\/image\\\/\"},\"sameAs\":[\"https:\\\/\\\/www.facebook.com\\\/cvinoticias\",\"https:\\\/\\\/www.instagram.com\\\/cvinoticias\\\/\",\"https:\\\/\\\/www.youtube.com\\\/@CVINOTICIAS\"]},{\"@type\":\"Person\",\"@id\":\"https:\\\/\\\/cvinoticias.com\\\/v3\\\/#\\\/schema\\\/person\\\/2db77e3c6bc03c538495d7b2b8be9b66\",\"name\":\"f1000024\",\"image\":{\"@type\":\"ImageObject\",\"inLanguage\":\"es\",\"@id\":\"https:\\\/\\\/secure.gravatar.com\\\/avatar\\\/d4fe7459cfc51ff5129ce1a732bbef5928568b8092d412ef95611616376bbeed?s=96&d=mm&r=g\",\"url\":\"https:\\\/\\\/secure.gravatar.com\\\/avatar\\\/d4fe7459cfc51ff5129ce1a732bbef5928568b8092d412ef95611616376bbeed?s=96&d=mm&r=g\",\"contentUrl\":\"https:\\\/\\\/secure.gravatar.com\\\/avatar\\\/d4fe7459cfc51ff5129ce1a732bbef5928568b8092d412ef95611616376bbeed?s=96&d=mm&r=g\",\"caption\":\"f1000024\"},\"url\":\"https:\\\/\\\/cvinoticias.com\\\/v3\\\/author\\\/f1000024\\\/\"}]}<\/script>\n<!-- \/ Yoast SEO plugin. -->","yoast_head_json":{"title":"D\u00eda Mundial para la Prevenci\u00f3n del Abuso contra los Ni\u00f1os | CVI NOTICIAS","description":"Cada 19 de noviembre se conmemora el D\u00eda Mundial para la Prevenci\u00f3n del Abuso contra los Ni\u00f1os, una fecha destinada a visibilizar todas las formas de violencia que afectan a la infancia","robots":{"index":"index","follow":"follow","max-snippet":"max-snippet:-1","max-image-preview":"max-image-preview:large","max-video-preview":"max-video-preview:-1"},"canonical":"https:\/\/cvinoticias.com\/v3\/dia-mundial-para-la-prevencion-del-abuso-contra-los-ninos-un-llamado-global-a-la-proteccion-y-el-acompanamiento\/","og_locale":"es_ES","og_type":"article","og_title":"D\u00eda Mundial para la Prevenci\u00f3n del Abuso contra los Ni\u00f1os | CVI NOTICIAS","og_description":"Cada 19 de noviembre se conmemora el D\u00eda Mundial para la Prevenci\u00f3n del Abuso contra los Ni\u00f1os, una fecha destinada a visibilizar todas las formas de violencia que afectan a la infancia","og_url":"https:\/\/cvinoticias.com\/v3\/dia-mundial-para-la-prevencion-del-abuso-contra-los-ninos-un-llamado-global-a-la-proteccion-y-el-acompanamiento\/","og_site_name":"CVI NOTICIAS","article_publisher":"https:\/\/www.facebook.com\/cvinoticias","article_published_time":"2025-11-19T11:28:39+00:00","article_modified_time":"2025-11-19T11:28:40+00:00","og_image":[{"width":1456,"height":816,"url":"https:\/\/cvinoticias.com\/wp-content\/uploads\/2025\/11\/L7KMEYPHNNGINNJLF4PJN3GC4A.jpg","type":"image\/jpeg"}],"author":"f1000024","twitter_card":"summary_large_image","twitter_misc":{"Escrito por":"f1000024","Tiempo de lectura":"2 minutos"},"schema":{"@context":"https:\/\/schema.org","@graph":[{"@type":"Article","@id":"https:\/\/cvinoticias.com\/v3\/dia-mundial-para-la-prevencion-del-abuso-contra-los-ninos-un-llamado-global-a-la-proteccion-y-el-acompanamiento\/#article","isPartOf":{"@id":"https:\/\/cvinoticias.com\/v3\/dia-mundial-para-la-prevencion-del-abuso-contra-los-ninos-un-llamado-global-a-la-proteccion-y-el-acompanamiento\/"},"author":{"name":"f1000024","@id":"https:\/\/cvinoticias.com\/v3\/#\/schema\/person\/2db77e3c6bc03c538495d7b2b8be9b66"},"headline":"D\u00eda Mundial para la Prevenci\u00f3n del Abuso contra los Ni\u00f1os: un llamado global a la protecci\u00f3n y el acompa\u00f1amiento","datePublished":"2025-11-19T11:28:39+00:00","dateModified":"2025-11-19T11:28:40+00:00","mainEntityOfPage":{"@id":"https:\/\/cvinoticias.com\/v3\/dia-mundial-para-la-prevencion-del-abuso-contra-los-ninos-un-llamado-global-a-la-proteccion-y-el-acompanamiento\/"},"wordCount":338,"commentCount":0,"publisher":{"@id":"https:\/\/cvinoticias.com\/v3\/#organization"},"image":{"@id":"https:\/\/cvinoticias.com\/v3\/dia-mundial-para-la-prevencion-del-abuso-contra-los-ninos-un-llamado-global-a-la-proteccion-y-el-acompanamiento\/#primaryimage"},"thumbnailUrl":"https:\/\/cvinoticias.com\/wp-content\/uploads\/2025\/11\/L7KMEYPHNNGINNJLF4PJN3GC4A.jpg","keywords":["abuso","D\u00eda","no\u00f1os","Prevenci\u00f3n"],"articleSection":["EFEMERIDES"],"inLanguage":"es","potentialAction":[{"@type":"CommentAction","name":"Comment","target":["https:\/\/cvinoticias.com\/v3\/dia-mundial-para-la-prevencion-del-abuso-contra-los-ninos-un-llamado-global-a-la-proteccion-y-el-acompanamiento\/#respond"]}]},{"@type":"WebPage","@id":"https:\/\/cvinoticias.com\/v3\/dia-mundial-para-la-prevencion-del-abuso-contra-los-ninos-un-llamado-global-a-la-proteccion-y-el-acompanamiento\/","url":"https:\/\/cvinoticias.com\/v3\/dia-mundial-para-la-prevencion-del-abuso-contra-los-ninos-un-llamado-global-a-la-proteccion-y-el-acompanamiento\/","name":"D\u00eda Mundial para la Prevenci\u00f3n del Abuso contra los Ni\u00f1os | CVI NOTICIAS","isPartOf":{"@id":"https:\/\/cvinoticias.com\/v3\/#website"},"primaryImageOfPage":{"@id":"https:\/\/cvinoticias.com\/v3\/dia-mundial-para-la-prevencion-del-abuso-contra-los-ninos-un-llamado-global-a-la-proteccion-y-el-acompanamiento\/#primaryimage"},"image":{"@id":"https:\/\/cvinoticias.com\/v3\/dia-mundial-para-la-prevencion-del-abuso-contra-los-ninos-un-llamado-global-a-la-proteccion-y-el-acompanamiento\/#primaryimage"},"thumbnailUrl":"https:\/\/cvinoticias.com\/wp-content\/uploads\/2025\/11\/L7KMEYPHNNGINNJLF4PJN3GC4A.jpg","datePublished":"2025-11-19T11:28:39+00:00","dateModified":"2025-11-19T11:28:40+00:00","description":"Cada 19 de noviembre se conmemora el D\u00eda Mundial para la Prevenci\u00f3n del Abuso contra los Ni\u00f1os, una fecha destinada a visibilizar todas las formas de violencia que afectan a la infancia","breadcrumb":{"@id":"https:\/\/cvinoticias.com\/v3\/dia-mundial-para-la-prevencion-del-abuso-contra-los-ninos-un-llamado-global-a-la-proteccion-y-el-acompanamiento\/#breadcrumb"},"inLanguage":"es","potentialAction":[{"@type":"ReadAction","target":["https:\/\/cvinoticias.com\/v3\/dia-mundial-para-la-prevencion-del-abuso-contra-los-ninos-un-llamado-global-a-la-proteccion-y-el-acompanamiento\/"]}]},{"@type":"ImageObject","inLanguage":"es","@id":"https:\/\/cvinoticias.com\/v3\/dia-mundial-para-la-prevencion-del-abuso-contra-los-ninos-un-llamado-global-a-la-proteccion-y-el-acompanamiento\/#primaryimage","url":"https:\/\/cvinoticias.com\/wp-content\/uploads\/2025\/11\/L7KMEYPHNNGINNJLF4PJN3GC4A.jpg","contentUrl":"https:\/\/cvinoticias.com\/wp-content\/uploads\/2025\/11\/L7KMEYPHNNGINNJLF4PJN3GC4A.jpg","width":1456,"height":816},{"@type":"BreadcrumbList","@id":"https:\/\/cvinoticias.com\/v3\/dia-mundial-para-la-prevencion-del-abuso-contra-los-ninos-un-llamado-global-a-la-proteccion-y-el-acompanamiento\/#breadcrumb","itemListElement":[{"@type":"ListItem","position":1,"name":"Portada","item":"https:\/\/cvinoticias.com\/v3\/"},{"@type":"ListItem","position":2,"name":"D\u00eda Mundial para la Prevenci\u00f3n del Abuso contra los Ni\u00f1os: un llamado global a la protecci\u00f3n y el acompa\u00f1amiento"}]},{"@type":"WebSite","@id":"https:\/\/cvinoticias.com\/v3\/#website","url":"https:\/\/cvinoticias.com\/v3\/","name":"CVI NOTICIAS","description":"","publisher":{"@id":"https:\/\/cvinoticias.com\/v3\/#organization"},"alternateName":"CVI","potentialAction":[{"@type":"SearchAction","target":{"@type":"EntryPoint","urlTemplate":"https:\/\/cvinoticias.com\/v3\/?s={search_term_string}"},"query-input":{"@type":"PropertyValueSpecification","valueRequired":true,"valueName":"search_term_string"}}],"inLanguage":"es"},{"@type":"Organization","@id":"https:\/\/cvinoticias.com\/v3\/#organization","name":"CVI NOTICIAS","url":"https:\/\/cvinoticias.com\/v3\/","logo":{"@type":"ImageObject","inLanguage":"es","@id":"https:\/\/cvinoticias.com\/v3\/#\/schema\/logo\/image\/","url":"https:\/\/cvinoticias.com\/wp-content\/uploads\/2023\/04\/cropped-cropped-cropped-cropped-cropped-3-1.png","contentUrl":"https:\/\/cvinoticias.com\/wp-content\/uploads\/2023\/04\/cropped-cropped-cropped-cropped-cropped-3-1.png","width":95,"height":122,"caption":"CVI NOTICIAS"},"image":{"@id":"https:\/\/cvinoticias.com\/v3\/#\/schema\/logo\/image\/"},"sameAs":["https:\/\/www.facebook.com\/cvinoticias","https:\/\/www.instagram.com\/cvinoticias\/","https:\/\/www.youtube.com\/@CVINOTICIAS"]},{"@type":"Person","@id":"https:\/\/cvinoticias.com\/v3\/#\/schema\/person\/2db77e3c6bc03c538495d7b2b8be9b66","name":"f1000024","image":{"@type":"ImageObject","inLanguage":"es","@id":"https:\/\/secure.gravatar.com\/avatar\/d4fe7459cfc51ff5129ce1a732bbef5928568b8092d412ef95611616376bbeed?s=96&d=mm&r=g","url":"https:\/\/secure.gravatar.com\/avatar\/d4fe7459cfc51ff5129ce1a732bbef5928568b8092d412ef95611616376bbeed?s=96&d=mm&r=g","contentUrl":"https:\/\/secure.gravatar.com\/avatar\/d4fe7459cfc51ff5129ce1a732bbef5928568b8092d412ef95611616376bbeed?s=96&d=mm&r=g","caption":"f1000024"},"url":"https:\/\/cvinoticias.com\/v3\/author\/f1000024\/"}]}},"_links":{"self":[{"href":"https:\/\/cvinoticias.com\/v3\/wp-json\/wp\/v2\/posts\/51673","targetHints":{"allow":["GET"]}}],"collection":[{"href":"https:\/\/cvinoticias.com\/v3\/wp-json\/wp\/v2\/posts"}],"about":[{"href":"https:\/\/cvinoticias.com\/v3\/wp-json\/wp\/v2\/types\/post"}],"author":[{"embeddable":true,"href":"https:\/\/cvinoticias.com\/v3\/wp-json\/wp\/v2\/users\/2"}],"replies":[{"embeddable":true,"href":"https:\/\/cvinoticias.com\/v3\/wp-json\/wp\/v2\/comments?post=51673"}],"version-history":[{"count":1,"href":"https:\/\/cvinoticias.com\/v3\/wp-json\/wp\/v2\/posts\/51673\/revisions"}],"predecessor-version":[{"id":51675,"href":"https:\/\/cvinoticias.com\/v3\/wp-json\/wp\/v2\/posts\/51673\/revisions\/51675"}],"wp:featuredmedia":[{"embeddable":true,"href":"https:\/\/cvinoticias.com\/v3\/wp-json\/wp\/v2\/media\/51674"}],"wp:attachment":[{"href":"https:\/\/cvinoticias.com\/v3\/wp-json\/wp\/v2\/media?parent=51673"}],"wp:term":[{"taxonomy":"category","embeddable":true,"href":"https:\/\/cvinoticias.com\/v3\/wp-json\/wp\/v2\/categories?post=51673"},{"taxonomy":"post_tag","embeddable":true,"href":"https:\/\/cvinoticias.com\/v3\/wp-json\/wp\/v2\/tags?post=51673"}],"curies":[{"name":"wp","href":"https:\/\/api.w.org\/{rel}","templated":true}]}}