{"id":51651,"date":"2025-11-17T15:59:34","date_gmt":"2025-11-17T18:59:34","guid":{"rendered":"https:\/\/cvinoticias.com\/v3\/?p=51651"},"modified":"2025-11-18T09:05:50","modified_gmt":"2025-11-18T12:05:50","slug":"la-directora-de-la-escuela-no-954-aclaro-las-acusaciones-por-designaciones-y-uso-de-mobiliario-escolar","status":"publish","type":"post","link":"https:\/\/cvinoticias.com\/v3\/la-directora-de-la-escuela-no-954-aclaro-las-acusaciones-por-designaciones-y-uso-de-mobiliario-escolar\/","title":{"rendered":"La directora de la Escuela N\u00ba 954 aclar\u00f3 las acusaciones por designaciones y uso de mobiliario escolar"},"content":{"rendered":"\n<p>Tras la difusi\u00f3n de acusaciones sobre presuntas irregularidades en designaciones docentes y falsificaci\u00f3n de t\u00edtulos en la Escuela N.\u00ba 954 de Puerto Iguaz\u00fa, as\u00ed como la circulaci\u00f3n de un video que mostraba el movimiento de mobiliario en horario nocturno, CVI Noticias dialog\u00f3 con la directora del establecimiento, Patricia Moreno, quien ofreci\u00f3 precisiones sobre ambos temas.<\/p>\n\n\n\n<p>Moreno explic\u00f3 que las designaciones docentes no dependen de la instituci\u00f3n, sino que se realizan a trav\u00e9s de los canales oficiales del Consejo General de Educaci\u00f3n (CGE), se\u00f1al\u00f3 que las publicaciones son realizadas por prosecretar\u00eda y que las designaciones se concretan durante los actos correspondientes, por lo que \u201cno existe injerencia de la direcci\u00f3n de la escuela en esos procesos\u201d, asever\u00f3.<\/p>\n\n\n\n<p>Asimismo, agreg\u00f3 que toda la informaci\u00f3n del plantel docente es p\u00fablica, accesible a trav\u00e9s de la p\u00e1gina del CGE, donde es posible verificar cargos, funciones y horas asignadas. Indic\u00f3 que en el buscador institucional, ingresando el n\u00famero de escuela (954), cualquier ciudadano puede consultar los datos oficiales.<\/p>\n\n\n\n<p>En las \u00faltimas horas se viraliz\u00f3 un video que acusaba a directivos de retirar \u00fatiles y elementos escolares durante la noche. La directora explic\u00f3 que el registro corresponde a la devoluci\u00f3n de mobiliarios prestados a una instituci\u00f3n religiosa, tr\u00e1mite que se formaliz\u00f3 mediante acta.<\/p>\n\n\n\n<p>Por \u00faltimo, se\u00f1al\u00f3 que siente que existe una \u201cpersecuci\u00f3n\u201d hacia su persona y hacia la instituci\u00f3n, dado que, seg\u00fan explic\u00f3, toda la informaci\u00f3n administrativa es verificable de manera p\u00fablica.<\/p>\n\n\n\n<p>En consecuencia, reiter\u00f3 la disposici\u00f3n a brindar informaci\u00f3n oficial y pidi\u00f3 que, ante cualquier duda, se contacten directamente con la instituci\u00f3n para evitar malentendidos.<\/p>\n\n\n\n<p>Entrevista con: Patricia Moreno (Directora)<\/p>\n","protected":false},"excerpt":{"rendered":"<p>Tras la difusi\u00f3n de acusaciones sobre presuntas irregularidades en designaciones docentes y falsificaci\u00f3n de t\u00edtulos en la Escuela N.\u00ba 954 de Puerto Iguaz\u00fa, as\u00ed como la circulaci\u00f3n de un video que mostraba el movimiento de mobiliario en horario nocturno, CVI Noticias dialog\u00f3 con la directora del establecimiento, Patricia Moreno, quien ofreci\u00f3 precisiones sobre ambos temas. [&hellip;]<\/p>\n","protected":false},"author":2,"featured_media":51652,"comment_status":"open","ping_status":"closed","sticky":false,"template":"","format":"standard","meta":{"footnotes":""},"categories":[47],"tags":[4465,4466,591,313],"class_list":["post-51651","post","type-post","status-publish","format-standard","has-post-thumbnail","hentry","category-sociedad","tag-aclaraciones","tag-designaciones","tag-escuela-954","tag-iguazu"],"yoast_head":"<!-- This site is optimized with the Yoast SEO plugin v27.5 - https:\/\/yoast.com\/product\/yoast-seo-wordpress\/ -->\n<title>Aclaraciones por designaciones y uso de mobiliario escolar en la Escuela 954 | CVI NOTICIAS<\/title>\n<meta name=\"description\" content=\"La directora de la Escuela 954 aclar\u00f3 acusaciones por designaciones y uso de mobiliario escolar.\" \/>\n<meta name=\"robots\" content=\"index, follow, max-snippet:-1, max-image-preview:large, max-video-preview:-1\" \/>\n<link rel=\"canonical\" href=\"https:\/\/cvinoticias.com\/v3\/la-directora-de-la-escuela-no-954-aclaro-las-acusaciones-por-designaciones-y-uso-de-mobiliario-escolar\/\" \/>\n<meta property=\"og:locale\" content=\"es_ES\" \/>\n<meta property=\"og:type\" content=\"article\" \/>\n<meta property=\"og:title\" content=\"Aclaraciones por designaciones y uso de mobiliario escolar en la Escuela 954 | CVI NOTICIAS\" \/>\n<meta property=\"og:description\" content=\"La directora de la Escuela 954 aclar\u00f3 acusaciones por designaciones y uso de mobiliario escolar.\" \/>\n<meta property=\"og:url\" content=\"https:\/\/cvinoticias.com\/v3\/la-directora-de-la-escuela-no-954-aclaro-las-acusaciones-por-designaciones-y-uso-de-mobiliario-escolar\/\" \/>\n<meta property=\"og:site_name\" content=\"CVI NOTICIAS\" \/>\n<meta property=\"article:publisher\" content=\"https:\/\/www.facebook.com\/cvinoticias\" \/>\n<meta property=\"article:published_time\" content=\"2025-11-17T18:59:34+00:00\" \/>\n<meta property=\"article:modified_time\" content=\"2025-11-18T12:05:50+00:00\" \/>\n<meta property=\"og:image\" content=\"https:\/\/cvinoticias.com\/wp-content\/uploads\/2025\/11\/209f3358-d965-41e1-b708-b1471f2a564e.jpg\" \/>\n\t<meta property=\"og:image:width\" content=\"960\" \/>\n\t<meta property=\"og:image:height\" content=\"1280\" \/>\n\t<meta property=\"og:image:type\" content=\"image\/jpeg\" \/>\n<meta name=\"author\" content=\"f1000024\" \/>\n<meta name=\"twitter:card\" content=\"summary_large_image\" \/>\n<meta name=\"twitter:label1\" content=\"Escrito por\" \/>\n\t<meta name=\"twitter:data1\" content=\"f1000024\" \/>\n\t<meta name=\"twitter:label2\" content=\"Tiempo de lectura\" \/>\n\t<meta name=\"twitter:data2\" content=\"2 minutos\" \/>\n<script type=\"application\/ld+json\" class=\"yoast-schema-graph\">{\"@context\":\"https:\\\/\\\/schema.org\",\"@graph\":[{\"@type\":\"Article\",\"@id\":\"https:\\\/\\\/cvinoticias.com\\\/v3\\\/la-directora-de-la-escuela-no-954-aclaro-las-acusaciones-por-designaciones-y-uso-de-mobiliario-escolar\\\/#article\",\"isPartOf\":{\"@id\":\"https:\\\/\\\/cvinoticias.com\\\/v3\\\/la-directora-de-la-escuela-no-954-aclaro-las-acusaciones-por-designaciones-y-uso-de-mobiliario-escolar\\\/\"},\"author\":{\"name\":\"f1000024\",\"@id\":\"https:\\\/\\\/cvinoticias.com\\\/v3\\\/#\\\/schema\\\/person\\\/2db77e3c6bc03c538495d7b2b8be9b66\"},\"headline\":\"La directora de la Escuela N\u00ba 954 aclar\u00f3 las acusaciones por designaciones y uso de mobiliario escolar\",\"datePublished\":\"2025-11-17T18:59:34+00:00\",\"dateModified\":\"2025-11-18T12:05:50+00:00\",\"mainEntityOfPage\":{\"@id\":\"https:\\\/\\\/cvinoticias.com\\\/v3\\\/la-directora-de-la-escuela-no-954-aclaro-las-acusaciones-por-designaciones-y-uso-de-mobiliario-escolar\\\/\"},\"wordCount\":306,\"commentCount\":0,\"publisher\":{\"@id\":\"https:\\\/\\\/cvinoticias.com\\\/v3\\\/#organization\"},\"image\":{\"@id\":\"https:\\\/\\\/cvinoticias.com\\\/v3\\\/la-directora-de-la-escuela-no-954-aclaro-las-acusaciones-por-designaciones-y-uso-de-mobiliario-escolar\\\/#primaryimage\"},\"thumbnailUrl\":\"https:\\\/\\\/cvinoticias.com\\\/wp-content\\\/uploads\\\/2025\\\/11\\\/209f3358-d965-41e1-b708-b1471f2a564e.jpg\",\"keywords\":[\"aclaraciones\",\"designaciones\",\"Escuela 954\",\"Iguaz\u00fa\"],\"articleSection\":[\"Sociedad\"],\"inLanguage\":\"es\",\"potentialAction\":[{\"@type\":\"CommentAction\",\"name\":\"Comment\",\"target\":[\"https:\\\/\\\/cvinoticias.com\\\/v3\\\/la-directora-de-la-escuela-no-954-aclaro-las-acusaciones-por-designaciones-y-uso-de-mobiliario-escolar\\\/#respond\"]}]},{\"@type\":\"WebPage\",\"@id\":\"https:\\\/\\\/cvinoticias.com\\\/v3\\\/la-directora-de-la-escuela-no-954-aclaro-las-acusaciones-por-designaciones-y-uso-de-mobiliario-escolar\\\/\",\"url\":\"https:\\\/\\\/cvinoticias.com\\\/v3\\\/la-directora-de-la-escuela-no-954-aclaro-las-acusaciones-por-designaciones-y-uso-de-mobiliario-escolar\\\/\",\"name\":\"Aclaraciones por designaciones y uso de mobiliario escolar en la Escuela 954 | CVI NOTICIAS\",\"isPartOf\":{\"@id\":\"https:\\\/\\\/cvinoticias.com\\\/v3\\\/#website\"},\"primaryImageOfPage\":{\"@id\":\"https:\\\/\\\/cvinoticias.com\\\/v3\\\/la-directora-de-la-escuela-no-954-aclaro-las-acusaciones-por-designaciones-y-uso-de-mobiliario-escolar\\\/#primaryimage\"},\"image\":{\"@id\":\"https:\\\/\\\/cvinoticias.com\\\/v3\\\/la-directora-de-la-escuela-no-954-aclaro-las-acusaciones-por-designaciones-y-uso-de-mobiliario-escolar\\\/#primaryimage\"},\"thumbnailUrl\":\"https:\\\/\\\/cvinoticias.com\\\/wp-content\\\/uploads\\\/2025\\\/11\\\/209f3358-d965-41e1-b708-b1471f2a564e.jpg\",\"datePublished\":\"2025-11-17T18:59:34+00:00\",\"dateModified\":\"2025-11-18T12:05:50+00:00\",\"description\":\"La directora de la Escuela 954 aclar\u00f3 acusaciones por designaciones y uso de mobiliario escolar.\",\"breadcrumb\":{\"@id\":\"https:\\\/\\\/cvinoticias.com\\\/v3\\\/la-directora-de-la-escuela-no-954-aclaro-las-acusaciones-por-designaciones-y-uso-de-mobiliario-escolar\\\/#breadcrumb\"},\"inLanguage\":\"es\",\"potentialAction\":[{\"@type\":\"ReadAction\",\"target\":[\"https:\\\/\\\/cvinoticias.com\\\/v3\\\/la-directora-de-la-escuela-no-954-aclaro-las-acusaciones-por-designaciones-y-uso-de-mobiliario-escolar\\\/\"]}]},{\"@type\":\"ImageObject\",\"inLanguage\":\"es\",\"@id\":\"https:\\\/\\\/cvinoticias.com\\\/v3\\\/la-directora-de-la-escuela-no-954-aclaro-las-acusaciones-por-designaciones-y-uso-de-mobiliario-escolar\\\/#primaryimage\",\"url\":\"https:\\\/\\\/cvinoticias.com\\\/wp-content\\\/uploads\\\/2025\\\/11\\\/209f3358-d965-41e1-b708-b1471f2a564e.jpg\",\"contentUrl\":\"https:\\\/\\\/cvinoticias.com\\\/wp-content\\\/uploads\\\/2025\\\/11\\\/209f3358-d965-41e1-b708-b1471f2a564e.jpg\",\"width\":960,\"height\":1280},{\"@type\":\"BreadcrumbList\",\"@id\":\"https:\\\/\\\/cvinoticias.com\\\/v3\\\/la-directora-de-la-escuela-no-954-aclaro-las-acusaciones-por-designaciones-y-uso-de-mobiliario-escolar\\\/#breadcrumb\",\"itemListElement\":[{\"@type\":\"ListItem\",\"position\":1,\"name\":\"Portada\",\"item\":\"https:\\\/\\\/cvinoticias.com\\\/v3\\\/\"},{\"@type\":\"ListItem\",\"position\":2,\"name\":\"La directora de la Escuela N\u00ba 954 aclar\u00f3 las acusaciones por designaciones y uso de mobiliario escolar\"}]},{\"@type\":\"WebSite\",\"@id\":\"https:\\\/\\\/cvinoticias.com\\\/v3\\\/#website\",\"url\":\"https:\\\/\\\/cvinoticias.com\\\/v3\\\/\",\"name\":\"CVI NOTICIAS\",\"description\":\"\",\"publisher\":{\"@id\":\"https:\\\/\\\/cvinoticias.com\\\/v3\\\/#organization\"},\"alternateName\":\"CVI\",\"potentialAction\":[{\"@type\":\"SearchAction\",\"target\":{\"@type\":\"EntryPoint\",\"urlTemplate\":\"https:\\\/\\\/cvinoticias.com\\\/v3\\\/?s={search_term_string}\"},\"query-input\":{\"@type\":\"PropertyValueSpecification\",\"valueRequired\":true,\"valueName\":\"search_term_string\"}}],\"inLanguage\":\"es\"},{\"@type\":\"Organization\",\"@id\":\"https:\\\/\\\/cvinoticias.com\\\/v3\\\/#organization\",\"name\":\"CVI NOTICIAS\",\"url\":\"https:\\\/\\\/cvinoticias.com\\\/v3\\\/\",\"logo\":{\"@type\":\"ImageObject\",\"inLanguage\":\"es\",\"@id\":\"https:\\\/\\\/cvinoticias.com\\\/v3\\\/#\\\/schema\\\/logo\\\/image\\\/\",\"url\":\"https:\\\/\\\/cvinoticias.com\\\/wp-content\\\/uploads\\\/2023\\\/04\\\/cropped-cropped-cropped-cropped-cropped-3-1.png\",\"contentUrl\":\"https:\\\/\\\/cvinoticias.com\\\/wp-content\\\/uploads\\\/2023\\\/04\\\/cropped-cropped-cropped-cropped-cropped-3-1.png\",\"width\":95,\"height\":122,\"caption\":\"CVI NOTICIAS\"},\"image\":{\"@id\":\"https:\\\/\\\/cvinoticias.com\\\/v3\\\/#\\\/schema\\\/logo\\\/image\\\/\"},\"sameAs\":[\"https:\\\/\\\/www.facebook.com\\\/cvinoticias\",\"https:\\\/\\\/www.instagram.com\\\/cvinoticias\\\/\",\"https:\\\/\\\/www.youtube.com\\\/@CVINOTICIAS\"]},{\"@type\":\"Person\",\"@id\":\"https:\\\/\\\/cvinoticias.com\\\/v3\\\/#\\\/schema\\\/person\\\/2db77e3c6bc03c538495d7b2b8be9b66\",\"name\":\"f1000024\",\"image\":{\"@type\":\"ImageObject\",\"inLanguage\":\"es\",\"@id\":\"https:\\\/\\\/secure.gravatar.com\\\/avatar\\\/d4fe7459cfc51ff5129ce1a732bbef5928568b8092d412ef95611616376bbeed?s=96&d=mm&r=g\",\"url\":\"https:\\\/\\\/secure.gravatar.com\\\/avatar\\\/d4fe7459cfc51ff5129ce1a732bbef5928568b8092d412ef95611616376bbeed?s=96&d=mm&r=g\",\"contentUrl\":\"https:\\\/\\\/secure.gravatar.com\\\/avatar\\\/d4fe7459cfc51ff5129ce1a732bbef5928568b8092d412ef95611616376bbeed?s=96&d=mm&r=g\",\"caption\":\"f1000024\"},\"url\":\"https:\\\/\\\/cvinoticias.com\\\/v3\\\/author\\\/f1000024\\\/\"}]}<\/script>\n<!-- \/ Yoast SEO plugin. -->","yoast_head_json":{"title":"Aclaraciones por designaciones y uso de mobiliario escolar en la Escuela 954 | CVI NOTICIAS","description":"La directora de la Escuela 954 aclar\u00f3 acusaciones por designaciones y uso de mobiliario escolar.","robots":{"index":"index","follow":"follow","max-snippet":"max-snippet:-1","max-image-preview":"max-image-preview:large","max-video-preview":"max-video-preview:-1"},"canonical":"https:\/\/cvinoticias.com\/v3\/la-directora-de-la-escuela-no-954-aclaro-las-acusaciones-por-designaciones-y-uso-de-mobiliario-escolar\/","og_locale":"es_ES","og_type":"article","og_title":"Aclaraciones por designaciones y uso de mobiliario escolar en la Escuela 954 | CVI NOTICIAS","og_description":"La directora de la Escuela 954 aclar\u00f3 acusaciones por designaciones y uso de mobiliario escolar.","og_url":"https:\/\/cvinoticias.com\/v3\/la-directora-de-la-escuela-no-954-aclaro-las-acusaciones-por-designaciones-y-uso-de-mobiliario-escolar\/","og_site_name":"CVI NOTICIAS","article_publisher":"https:\/\/www.facebook.com\/cvinoticias","article_published_time":"2025-11-17T18:59:34+00:00","article_modified_time":"2025-11-18T12:05:50+00:00","og_image":[{"width":960,"height":1280,"url":"https:\/\/cvinoticias.com\/wp-content\/uploads\/2025\/11\/209f3358-d965-41e1-b708-b1471f2a564e.jpg","type":"image\/jpeg"}],"author":"f1000024","twitter_card":"summary_large_image","twitter_misc":{"Escrito por":"f1000024","Tiempo de lectura":"2 minutos"},"schema":{"@context":"https:\/\/schema.org","@graph":[{"@type":"Article","@id":"https:\/\/cvinoticias.com\/v3\/la-directora-de-la-escuela-no-954-aclaro-las-acusaciones-por-designaciones-y-uso-de-mobiliario-escolar\/#article","isPartOf":{"@id":"https:\/\/cvinoticias.com\/v3\/la-directora-de-la-escuela-no-954-aclaro-las-acusaciones-por-designaciones-y-uso-de-mobiliario-escolar\/"},"author":{"name":"f1000024","@id":"https:\/\/cvinoticias.com\/v3\/#\/schema\/person\/2db77e3c6bc03c538495d7b2b8be9b66"},"headline":"La directora de la Escuela N\u00ba 954 aclar\u00f3 las acusaciones por designaciones y uso de mobiliario escolar","datePublished":"2025-11-17T18:59:34+00:00","dateModified":"2025-11-18T12:05:50+00:00","mainEntityOfPage":{"@id":"https:\/\/cvinoticias.com\/v3\/la-directora-de-la-escuela-no-954-aclaro-las-acusaciones-por-designaciones-y-uso-de-mobiliario-escolar\/"},"wordCount":306,"commentCount":0,"publisher":{"@id":"https:\/\/cvinoticias.com\/v3\/#organization"},"image":{"@id":"https:\/\/cvinoticias.com\/v3\/la-directora-de-la-escuela-no-954-aclaro-las-acusaciones-por-designaciones-y-uso-de-mobiliario-escolar\/#primaryimage"},"thumbnailUrl":"https:\/\/cvinoticias.com\/wp-content\/uploads\/2025\/11\/209f3358-d965-41e1-b708-b1471f2a564e.jpg","keywords":["aclaraciones","designaciones","Escuela 954","Iguaz\u00fa"],"articleSection":["Sociedad"],"inLanguage":"es","potentialAction":[{"@type":"CommentAction","name":"Comment","target":["https:\/\/cvinoticias.com\/v3\/la-directora-de-la-escuela-no-954-aclaro-las-acusaciones-por-designaciones-y-uso-de-mobiliario-escolar\/#respond"]}]},{"@type":"WebPage","@id":"https:\/\/cvinoticias.com\/v3\/la-directora-de-la-escuela-no-954-aclaro-las-acusaciones-por-designaciones-y-uso-de-mobiliario-escolar\/","url":"https:\/\/cvinoticias.com\/v3\/la-directora-de-la-escuela-no-954-aclaro-las-acusaciones-por-designaciones-y-uso-de-mobiliario-escolar\/","name":"Aclaraciones por designaciones y uso de mobiliario escolar en la Escuela 954 | CVI NOTICIAS","isPartOf":{"@id":"https:\/\/cvinoticias.com\/v3\/#website"},"primaryImageOfPage":{"@id":"https:\/\/cvinoticias.com\/v3\/la-directora-de-la-escuela-no-954-aclaro-las-acusaciones-por-designaciones-y-uso-de-mobiliario-escolar\/#primaryimage"},"image":{"@id":"https:\/\/cvinoticias.com\/v3\/la-directora-de-la-escuela-no-954-aclaro-las-acusaciones-por-designaciones-y-uso-de-mobiliario-escolar\/#primaryimage"},"thumbnailUrl":"https:\/\/cvinoticias.com\/wp-content\/uploads\/2025\/11\/209f3358-d965-41e1-b708-b1471f2a564e.jpg","datePublished":"2025-11-17T18:59:34+00:00","dateModified":"2025-11-18T12:05:50+00:00","description":"La directora de la Escuela 954 aclar\u00f3 acusaciones por designaciones y uso de mobiliario escolar.","breadcrumb":{"@id":"https:\/\/cvinoticias.com\/v3\/la-directora-de-la-escuela-no-954-aclaro-las-acusaciones-por-designaciones-y-uso-de-mobiliario-escolar\/#breadcrumb"},"inLanguage":"es","potentialAction":[{"@type":"ReadAction","target":["https:\/\/cvinoticias.com\/v3\/la-directora-de-la-escuela-no-954-aclaro-las-acusaciones-por-designaciones-y-uso-de-mobiliario-escolar\/"]}]},{"@type":"ImageObject","inLanguage":"es","@id":"https:\/\/cvinoticias.com\/v3\/la-directora-de-la-escuela-no-954-aclaro-las-acusaciones-por-designaciones-y-uso-de-mobiliario-escolar\/#primaryimage","url":"https:\/\/cvinoticias.com\/wp-content\/uploads\/2025\/11\/209f3358-d965-41e1-b708-b1471f2a564e.jpg","contentUrl":"https:\/\/cvinoticias.com\/wp-content\/uploads\/2025\/11\/209f3358-d965-41e1-b708-b1471f2a564e.jpg","width":960,"height":1280},{"@type":"BreadcrumbList","@id":"https:\/\/cvinoticias.com\/v3\/la-directora-de-la-escuela-no-954-aclaro-las-acusaciones-por-designaciones-y-uso-de-mobiliario-escolar\/#breadcrumb","itemListElement":[{"@type":"ListItem","position":1,"name":"Portada","item":"https:\/\/cvinoticias.com\/v3\/"},{"@type":"ListItem","position":2,"name":"La directora de la Escuela N\u00ba 954 aclar\u00f3 las acusaciones por designaciones y uso de mobiliario escolar"}]},{"@type":"WebSite","@id":"https:\/\/cvinoticias.com\/v3\/#website","url":"https:\/\/cvinoticias.com\/v3\/","name":"CVI NOTICIAS","description":"","publisher":{"@id":"https:\/\/cvinoticias.com\/v3\/#organization"},"alternateName":"CVI","potentialAction":[{"@type":"SearchAction","target":{"@type":"EntryPoint","urlTemplate":"https:\/\/cvinoticias.com\/v3\/?s={search_term_string}"},"query-input":{"@type":"PropertyValueSpecification","valueRequired":true,"valueName":"search_term_string"}}],"inLanguage":"es"},{"@type":"Organization","@id":"https:\/\/cvinoticias.com\/v3\/#organization","name":"CVI NOTICIAS","url":"https:\/\/cvinoticias.com\/v3\/","logo":{"@type":"ImageObject","inLanguage":"es","@id":"https:\/\/cvinoticias.com\/v3\/#\/schema\/logo\/image\/","url":"https:\/\/cvinoticias.com\/wp-content\/uploads\/2023\/04\/cropped-cropped-cropped-cropped-cropped-3-1.png","contentUrl":"https:\/\/cvinoticias.com\/wp-content\/uploads\/2023\/04\/cropped-cropped-cropped-cropped-cropped-3-1.png","width":95,"height":122,"caption":"CVI NOTICIAS"},"image":{"@id":"https:\/\/cvinoticias.com\/v3\/#\/schema\/logo\/image\/"},"sameAs":["https:\/\/www.facebook.com\/cvinoticias","https:\/\/www.instagram.com\/cvinoticias\/","https:\/\/www.youtube.com\/@CVINOTICIAS"]},{"@type":"Person","@id":"https:\/\/cvinoticias.com\/v3\/#\/schema\/person\/2db77e3c6bc03c538495d7b2b8be9b66","name":"f1000024","image":{"@type":"ImageObject","inLanguage":"es","@id":"https:\/\/secure.gravatar.com\/avatar\/d4fe7459cfc51ff5129ce1a732bbef5928568b8092d412ef95611616376bbeed?s=96&d=mm&r=g","url":"https:\/\/secure.gravatar.com\/avatar\/d4fe7459cfc51ff5129ce1a732bbef5928568b8092d412ef95611616376bbeed?s=96&d=mm&r=g","contentUrl":"https:\/\/secure.gravatar.com\/avatar\/d4fe7459cfc51ff5129ce1a732bbef5928568b8092d412ef95611616376bbeed?s=96&d=mm&r=g","caption":"f1000024"},"url":"https:\/\/cvinoticias.com\/v3\/author\/f1000024\/"}]}},"_links":{"self":[{"href":"https:\/\/cvinoticias.com\/v3\/wp-json\/wp\/v2\/posts\/51651","targetHints":{"allow":["GET"]}}],"collection":[{"href":"https:\/\/cvinoticias.com\/v3\/wp-json\/wp\/v2\/posts"}],"about":[{"href":"https:\/\/cvinoticias.com\/v3\/wp-json\/wp\/v2\/types\/post"}],"author":[{"embeddable":true,"href":"https:\/\/cvinoticias.com\/v3\/wp-json\/wp\/v2\/users\/2"}],"replies":[{"embeddable":true,"href":"https:\/\/cvinoticias.com\/v3\/wp-json\/wp\/v2\/comments?post=51651"}],"version-history":[{"count":1,"href":"https:\/\/cvinoticias.com\/v3\/wp-json\/wp\/v2\/posts\/51651\/revisions"}],"predecessor-version":[{"id":51653,"href":"https:\/\/cvinoticias.com\/v3\/wp-json\/wp\/v2\/posts\/51651\/revisions\/51653"}],"wp:featuredmedia":[{"embeddable":true,"href":"https:\/\/cvinoticias.com\/v3\/wp-json\/wp\/v2\/media\/51652"}],"wp:attachment":[{"href":"https:\/\/cvinoticias.com\/v3\/wp-json\/wp\/v2\/media?parent=51651"}],"wp:term":[{"taxonomy":"category","embeddable":true,"href":"https:\/\/cvinoticias.com\/v3\/wp-json\/wp\/v2\/categories?post=51651"},{"taxonomy":"post_tag","embeddable":true,"href":"https:\/\/cvinoticias.com\/v3\/wp-json\/wp\/v2\/tags?post=51651"}],"curies":[{"name":"wp","href":"https:\/\/api.w.org\/{rel}","templated":true}]}}