{"id":51551,"date":"2025-11-17T07:39:25","date_gmt":"2025-11-17T10:39:25","guid":{"rendered":"https:\/\/cvinoticias.com\/v3\/?p=51551"},"modified":"2025-11-17T07:39:27","modified_gmt":"2025-11-17T10:39:27","slug":"pronostico-del-tiempo-en-misiones-inestabilidad-al-comienzo-de-la-semana-y-mejoras-hacia-el-miercoles","status":"publish","type":"post","link":"https:\/\/cvinoticias.com\/v3\/pronostico-del-tiempo-en-misiones-inestabilidad-al-comienzo-de-la-semana-y-mejoras-hacia-el-miercoles\/","title":{"rendered":"Pron\u00f3stico del tiempo en Misiones: inestabilidad al comienzo de la semana y mejoras hacia el mi\u00e9rcoles"},"content":{"rendered":"\n<p>La Direcci\u00f3n General de Alerta Temprana inform\u00f3 que Misiones arrancar\u00e1 la semana con tiempo inestable, especialmente en las zonas Centro y Norte, donde este lunes 17 de noviembre se esperan lluvias, descargas el\u00e9ctricas y lloviznas durante las primeras horas. En el Sur, el cielo permanecer\u00eda cubierto, pero sin precipitaciones. Con el avance de un sistema de alta presi\u00f3n, la nubosidad ir\u00e1 disminuyendo y la humedad tambi\u00e9n bajar\u00e1, mientras los vientos del suroeste soplar\u00e1n moderados, con algunas r\u00e1fagas. Las precipitaciones estimadas van de 1 a 36 mil\u00edmetros, y la m\u00e1xima prevista para la provincia ser\u00e1 de 26 \u00b0C en Puerto Iguaz\u00fa, con m\u00ednima de 15 \u00b0C en Ap\u00f3stoles.<\/p>\n\n\n\n<p>Para el martes 18, la mitad norte seguir\u00eda inestable hasta cerca del mediod\u00eda, con lluvias leves entre la madrugada y la ma\u00f1ana. Hacia la tarde, el tiempo mejorar\u00e1 en toda la provincia. Se anticipa menor nubosidad e incluso cielo despejado en el Sur desde temprano, con ambiente fresco a templado y vientos del oeste. Se estiman entre 2 y 11 mil\u00edmetros de lluvia para el Norte y parte del Centro. La m\u00e1xima provincial rondar\u00eda los 26 \u00b0C en Posadas, mientras que la m\u00ednima descender\u00eda a 13 \u00b0C en San Pedro.<\/p>\n\n\n\n<p>Ya el mi\u00e9rcoles 19 se espera buen tiempo en todo Misiones, con muy poca nubosidad. El d\u00eda comenzar\u00e1 fresco, pero la rotaci\u00f3n de los vientos al sector norte favorecer\u00e1 un marcado ascenso de las temperaturas, tendencia que se sostendr\u00eda durante los pr\u00f3ximos d\u00edas, incluso con valores superiores a los habituales para noviembre. No se prev\u00e9n lluvias. Las m\u00ednimas oscilar\u00e1n entre 12 \u00b0C y 17 \u00b0C, y las m\u00e1ximas entre 27 \u00b0C y 31 \u00b0C. Eldorado registrar\u00eda la temperatura m\u00e1s alta con 31 \u00b0C, mientras que Bernardo de Irigoyen tendr\u00eda la m\u00ednima m\u00e1s baja, de 12 \u00b0C.<\/p>\n\n\n\n<p>La informaci\u00f3n fue proporcionada por la Direcci\u00f3n General de Alerta Temprana, dependiente de la Subsecretar\u00eda de Ordenamiento Territorial del Ministerio de Ecolog\u00eda de Misiones.<\/p>\n","protected":false},"excerpt":{"rendered":"<p>La Direcci\u00f3n General de Alerta Temprana inform\u00f3 que Misiones arrancar\u00e1 la semana con tiempo inestable, especialmente en las zonas Centro y Norte, donde este lunes 17 de noviembre se esperan lluvias, descargas el\u00e9ctricas y lloviznas durante las primeras horas. En el Sur, el cielo permanecer\u00eda cubierto, pero sin precipitaciones. Con el avance de un sistema [&hellip;]<\/p>\n","protected":false},"author":2,"featured_media":51509,"comment_status":"open","ping_status":"closed","sticky":false,"template":"","format":"standard","meta":{"footnotes":""},"categories":[1146],"tags":[1148,313,278],"class_list":["post-51551","post","type-post","status-publish","format-standard","has-post-thumbnail","hentry","category-tiempo","tag-clima","tag-iguazu","tag-misiones"],"yoast_head":"<!-- This site is optimized with the Yoast SEO plugin v27.4 - https:\/\/yoast.com\/product\/yoast-seo-wordpress\/ -->\n<title>Pron\u00f3stico del tiempo en Misiones: c\u00f3mo estar\u00e1 hasta el mi\u00e9rcoles | CVI NOTICIAS<\/title>\n<meta name=\"description\" content=\"Pron\u00f3stico del tiempo en Misiones con inestabilidad lunes y martes y mejoras desde el mi\u00e9rcoles.\" \/>\n<meta name=\"robots\" content=\"index, follow, max-snippet:-1, max-image-preview:large, max-video-preview:-1\" \/>\n<link rel=\"canonical\" href=\"https:\/\/cvinoticias.com\/v3\/pronostico-del-tiempo-en-misiones-inestabilidad-al-comienzo-de-la-semana-y-mejoras-hacia-el-miercoles\/\" \/>\n<meta property=\"og:locale\" content=\"es_ES\" \/>\n<meta property=\"og:type\" content=\"article\" \/>\n<meta property=\"og:title\" content=\"Pron\u00f3stico del tiempo en Misiones: c\u00f3mo estar\u00e1 hasta el mi\u00e9rcoles | CVI NOTICIAS\" \/>\n<meta property=\"og:description\" content=\"Pron\u00f3stico del tiempo en Misiones con inestabilidad lunes y martes y mejoras desde el mi\u00e9rcoles.\" \/>\n<meta property=\"og:url\" content=\"https:\/\/cvinoticias.com\/v3\/pronostico-del-tiempo-en-misiones-inestabilidad-al-comienzo-de-la-semana-y-mejoras-hacia-el-miercoles\/\" \/>\n<meta property=\"og:site_name\" content=\"CVI NOTICIAS\" \/>\n<meta property=\"article:publisher\" content=\"https:\/\/www.facebook.com\/cvinoticias\" \/>\n<meta property=\"article:published_time\" content=\"2025-11-17T10:39:25+00:00\" \/>\n<meta property=\"article:modified_time\" content=\"2025-11-17T10:39:27+00:00\" \/>\n<meta property=\"og:image\" content=\"https:\/\/cvinoticias.com\/wp-content\/uploads\/2025\/11\/hito-1.jpg\" \/>\n\t<meta property=\"og:image:width\" content=\"2048\" \/>\n\t<meta property=\"og:image:height\" content=\"923\" \/>\n\t<meta property=\"og:image:type\" content=\"image\/jpeg\" \/>\n<meta name=\"author\" content=\"f1000024\" \/>\n<meta name=\"twitter:card\" content=\"summary_large_image\" \/>\n<meta name=\"twitter:label1\" content=\"Escrito por\" \/>\n\t<meta name=\"twitter:data1\" content=\"f1000024\" \/>\n\t<meta name=\"twitter:label2\" content=\"Tiempo de lectura\" \/>\n\t<meta name=\"twitter:data2\" content=\"2 minutos\" \/>\n<script type=\"application\/ld+json\" class=\"yoast-schema-graph\">{\"@context\":\"https:\\\/\\\/schema.org\",\"@graph\":[{\"@type\":\"Article\",\"@id\":\"https:\\\/\\\/cvinoticias.com\\\/v3\\\/pronostico-del-tiempo-en-misiones-inestabilidad-al-comienzo-de-la-semana-y-mejoras-hacia-el-miercoles\\\/#article\",\"isPartOf\":{\"@id\":\"https:\\\/\\\/cvinoticias.com\\\/v3\\\/pronostico-del-tiempo-en-misiones-inestabilidad-al-comienzo-de-la-semana-y-mejoras-hacia-el-miercoles\\\/\"},\"author\":{\"name\":\"f1000024\",\"@id\":\"https:\\\/\\\/cvinoticias.com\\\/v3\\\/#\\\/schema\\\/person\\\/2db77e3c6bc03c538495d7b2b8be9b66\"},\"headline\":\"Pron\u00f3stico del tiempo en Misiones: inestabilidad al comienzo de la semana y mejoras hacia el mi\u00e9rcoles\",\"datePublished\":\"2025-11-17T10:39:25+00:00\",\"dateModified\":\"2025-11-17T10:39:27+00:00\",\"mainEntityOfPage\":{\"@id\":\"https:\\\/\\\/cvinoticias.com\\\/v3\\\/pronostico-del-tiempo-en-misiones-inestabilidad-al-comienzo-de-la-semana-y-mejoras-hacia-el-miercoles\\\/\"},\"wordCount\":356,\"commentCount\":0,\"publisher\":{\"@id\":\"https:\\\/\\\/cvinoticias.com\\\/v3\\\/#organization\"},\"image\":{\"@id\":\"https:\\\/\\\/cvinoticias.com\\\/v3\\\/pronostico-del-tiempo-en-misiones-inestabilidad-al-comienzo-de-la-semana-y-mejoras-hacia-el-miercoles\\\/#primaryimage\"},\"thumbnailUrl\":\"https:\\\/\\\/cvinoticias.com\\\/wp-content\\\/uploads\\\/2025\\\/11\\\/hito-1.jpg\",\"keywords\":[\"Clima\",\"Iguaz\u00fa\",\"Misiones\"],\"articleSection\":[\"Tiempo\"],\"inLanguage\":\"es\",\"potentialAction\":[{\"@type\":\"CommentAction\",\"name\":\"Comment\",\"target\":[\"https:\\\/\\\/cvinoticias.com\\\/v3\\\/pronostico-del-tiempo-en-misiones-inestabilidad-al-comienzo-de-la-semana-y-mejoras-hacia-el-miercoles\\\/#respond\"]}]},{\"@type\":\"WebPage\",\"@id\":\"https:\\\/\\\/cvinoticias.com\\\/v3\\\/pronostico-del-tiempo-en-misiones-inestabilidad-al-comienzo-de-la-semana-y-mejoras-hacia-el-miercoles\\\/\",\"url\":\"https:\\\/\\\/cvinoticias.com\\\/v3\\\/pronostico-del-tiempo-en-misiones-inestabilidad-al-comienzo-de-la-semana-y-mejoras-hacia-el-miercoles\\\/\",\"name\":\"Pron\u00f3stico del tiempo en Misiones: c\u00f3mo estar\u00e1 hasta el mi\u00e9rcoles | CVI NOTICIAS\",\"isPartOf\":{\"@id\":\"https:\\\/\\\/cvinoticias.com\\\/v3\\\/#website\"},\"primaryImageOfPage\":{\"@id\":\"https:\\\/\\\/cvinoticias.com\\\/v3\\\/pronostico-del-tiempo-en-misiones-inestabilidad-al-comienzo-de-la-semana-y-mejoras-hacia-el-miercoles\\\/#primaryimage\"},\"image\":{\"@id\":\"https:\\\/\\\/cvinoticias.com\\\/v3\\\/pronostico-del-tiempo-en-misiones-inestabilidad-al-comienzo-de-la-semana-y-mejoras-hacia-el-miercoles\\\/#primaryimage\"},\"thumbnailUrl\":\"https:\\\/\\\/cvinoticias.com\\\/wp-content\\\/uploads\\\/2025\\\/11\\\/hito-1.jpg\",\"datePublished\":\"2025-11-17T10:39:25+00:00\",\"dateModified\":\"2025-11-17T10:39:27+00:00\",\"description\":\"Pron\u00f3stico del tiempo en Misiones con inestabilidad lunes y martes y mejoras desde el mi\u00e9rcoles.\",\"breadcrumb\":{\"@id\":\"https:\\\/\\\/cvinoticias.com\\\/v3\\\/pronostico-del-tiempo-en-misiones-inestabilidad-al-comienzo-de-la-semana-y-mejoras-hacia-el-miercoles\\\/#breadcrumb\"},\"inLanguage\":\"es\",\"potentialAction\":[{\"@type\":\"ReadAction\",\"target\":[\"https:\\\/\\\/cvinoticias.com\\\/v3\\\/pronostico-del-tiempo-en-misiones-inestabilidad-al-comienzo-de-la-semana-y-mejoras-hacia-el-miercoles\\\/\"]}]},{\"@type\":\"ImageObject\",\"inLanguage\":\"es\",\"@id\":\"https:\\\/\\\/cvinoticias.com\\\/v3\\\/pronostico-del-tiempo-en-misiones-inestabilidad-al-comienzo-de-la-semana-y-mejoras-hacia-el-miercoles\\\/#primaryimage\",\"url\":\"https:\\\/\\\/cvinoticias.com\\\/wp-content\\\/uploads\\\/2025\\\/11\\\/hito-1.jpg\",\"contentUrl\":\"https:\\\/\\\/cvinoticias.com\\\/wp-content\\\/uploads\\\/2025\\\/11\\\/hito-1.jpg\",\"width\":2048,\"height\":923},{\"@type\":\"BreadcrumbList\",\"@id\":\"https:\\\/\\\/cvinoticias.com\\\/v3\\\/pronostico-del-tiempo-en-misiones-inestabilidad-al-comienzo-de-la-semana-y-mejoras-hacia-el-miercoles\\\/#breadcrumb\",\"itemListElement\":[{\"@type\":\"ListItem\",\"position\":1,\"name\":\"Portada\",\"item\":\"https:\\\/\\\/cvinoticias.com\\\/v3\\\/\"},{\"@type\":\"ListItem\",\"position\":2,\"name\":\"Pron\u00f3stico del tiempo en Misiones: inestabilidad al comienzo de la semana y mejoras hacia el mi\u00e9rcoles\"}]},{\"@type\":\"WebSite\",\"@id\":\"https:\\\/\\\/cvinoticias.com\\\/v3\\\/#website\",\"url\":\"https:\\\/\\\/cvinoticias.com\\\/v3\\\/\",\"name\":\"CVI NOTICIAS\",\"description\":\"\",\"publisher\":{\"@id\":\"https:\\\/\\\/cvinoticias.com\\\/v3\\\/#organization\"},\"alternateName\":\"CVI\",\"potentialAction\":[{\"@type\":\"SearchAction\",\"target\":{\"@type\":\"EntryPoint\",\"urlTemplate\":\"https:\\\/\\\/cvinoticias.com\\\/v3\\\/?s={search_term_string}\"},\"query-input\":{\"@type\":\"PropertyValueSpecification\",\"valueRequired\":true,\"valueName\":\"search_term_string\"}}],\"inLanguage\":\"es\"},{\"@type\":\"Organization\",\"@id\":\"https:\\\/\\\/cvinoticias.com\\\/v3\\\/#organization\",\"name\":\"CVI NOTICIAS\",\"url\":\"https:\\\/\\\/cvinoticias.com\\\/v3\\\/\",\"logo\":{\"@type\":\"ImageObject\",\"inLanguage\":\"es\",\"@id\":\"https:\\\/\\\/cvinoticias.com\\\/v3\\\/#\\\/schema\\\/logo\\\/image\\\/\",\"url\":\"https:\\\/\\\/cvinoticias.com\\\/wp-content\\\/uploads\\\/2023\\\/04\\\/cropped-cropped-cropped-cropped-cropped-3-1.png\",\"contentUrl\":\"https:\\\/\\\/cvinoticias.com\\\/wp-content\\\/uploads\\\/2023\\\/04\\\/cropped-cropped-cropped-cropped-cropped-3-1.png\",\"width\":95,\"height\":122,\"caption\":\"CVI NOTICIAS\"},\"image\":{\"@id\":\"https:\\\/\\\/cvinoticias.com\\\/v3\\\/#\\\/schema\\\/logo\\\/image\\\/\"},\"sameAs\":[\"https:\\\/\\\/www.facebook.com\\\/cvinoticias\",\"https:\\\/\\\/www.instagram.com\\\/cvinoticias\\\/\",\"https:\\\/\\\/www.youtube.com\\\/@CVINOTICIAS\"]},{\"@type\":\"Person\",\"@id\":\"https:\\\/\\\/cvinoticias.com\\\/v3\\\/#\\\/schema\\\/person\\\/2db77e3c6bc03c538495d7b2b8be9b66\",\"name\":\"f1000024\",\"image\":{\"@type\":\"ImageObject\",\"inLanguage\":\"es\",\"@id\":\"https:\\\/\\\/secure.gravatar.com\\\/avatar\\\/d4fe7459cfc51ff5129ce1a732bbef5928568b8092d412ef95611616376bbeed?s=96&d=mm&r=g\",\"url\":\"https:\\\/\\\/secure.gravatar.com\\\/avatar\\\/d4fe7459cfc51ff5129ce1a732bbef5928568b8092d412ef95611616376bbeed?s=96&d=mm&r=g\",\"contentUrl\":\"https:\\\/\\\/secure.gravatar.com\\\/avatar\\\/d4fe7459cfc51ff5129ce1a732bbef5928568b8092d412ef95611616376bbeed?s=96&d=mm&r=g\",\"caption\":\"f1000024\"},\"url\":\"https:\\\/\\\/cvinoticias.com\\\/v3\\\/author\\\/f1000024\\\/\"}]}<\/script>\n<!-- \/ Yoast SEO plugin. -->","yoast_head_json":{"title":"Pron\u00f3stico del tiempo en Misiones: c\u00f3mo estar\u00e1 hasta el mi\u00e9rcoles | CVI NOTICIAS","description":"Pron\u00f3stico del tiempo en Misiones con inestabilidad lunes y martes y mejoras desde el mi\u00e9rcoles.","robots":{"index":"index","follow":"follow","max-snippet":"max-snippet:-1","max-image-preview":"max-image-preview:large","max-video-preview":"max-video-preview:-1"},"canonical":"https:\/\/cvinoticias.com\/v3\/pronostico-del-tiempo-en-misiones-inestabilidad-al-comienzo-de-la-semana-y-mejoras-hacia-el-miercoles\/","og_locale":"es_ES","og_type":"article","og_title":"Pron\u00f3stico del tiempo en Misiones: c\u00f3mo estar\u00e1 hasta el mi\u00e9rcoles | CVI NOTICIAS","og_description":"Pron\u00f3stico del tiempo en Misiones con inestabilidad lunes y martes y mejoras desde el mi\u00e9rcoles.","og_url":"https:\/\/cvinoticias.com\/v3\/pronostico-del-tiempo-en-misiones-inestabilidad-al-comienzo-de-la-semana-y-mejoras-hacia-el-miercoles\/","og_site_name":"CVI NOTICIAS","article_publisher":"https:\/\/www.facebook.com\/cvinoticias","article_published_time":"2025-11-17T10:39:25+00:00","article_modified_time":"2025-11-17T10:39:27+00:00","og_image":[{"width":2048,"height":923,"url":"https:\/\/cvinoticias.com\/wp-content\/uploads\/2025\/11\/hito-1.jpg","type":"image\/jpeg"}],"author":"f1000024","twitter_card":"summary_large_image","twitter_misc":{"Escrito por":"f1000024","Tiempo de lectura":"2 minutos"},"schema":{"@context":"https:\/\/schema.org","@graph":[{"@type":"Article","@id":"https:\/\/cvinoticias.com\/v3\/pronostico-del-tiempo-en-misiones-inestabilidad-al-comienzo-de-la-semana-y-mejoras-hacia-el-miercoles\/#article","isPartOf":{"@id":"https:\/\/cvinoticias.com\/v3\/pronostico-del-tiempo-en-misiones-inestabilidad-al-comienzo-de-la-semana-y-mejoras-hacia-el-miercoles\/"},"author":{"name":"f1000024","@id":"https:\/\/cvinoticias.com\/v3\/#\/schema\/person\/2db77e3c6bc03c538495d7b2b8be9b66"},"headline":"Pron\u00f3stico del tiempo en Misiones: inestabilidad al comienzo de la semana y mejoras hacia el mi\u00e9rcoles","datePublished":"2025-11-17T10:39:25+00:00","dateModified":"2025-11-17T10:39:27+00:00","mainEntityOfPage":{"@id":"https:\/\/cvinoticias.com\/v3\/pronostico-del-tiempo-en-misiones-inestabilidad-al-comienzo-de-la-semana-y-mejoras-hacia-el-miercoles\/"},"wordCount":356,"commentCount":0,"publisher":{"@id":"https:\/\/cvinoticias.com\/v3\/#organization"},"image":{"@id":"https:\/\/cvinoticias.com\/v3\/pronostico-del-tiempo-en-misiones-inestabilidad-al-comienzo-de-la-semana-y-mejoras-hacia-el-miercoles\/#primaryimage"},"thumbnailUrl":"https:\/\/cvinoticias.com\/wp-content\/uploads\/2025\/11\/hito-1.jpg","keywords":["Clima","Iguaz\u00fa","Misiones"],"articleSection":["Tiempo"],"inLanguage":"es","potentialAction":[{"@type":"CommentAction","name":"Comment","target":["https:\/\/cvinoticias.com\/v3\/pronostico-del-tiempo-en-misiones-inestabilidad-al-comienzo-de-la-semana-y-mejoras-hacia-el-miercoles\/#respond"]}]},{"@type":"WebPage","@id":"https:\/\/cvinoticias.com\/v3\/pronostico-del-tiempo-en-misiones-inestabilidad-al-comienzo-de-la-semana-y-mejoras-hacia-el-miercoles\/","url":"https:\/\/cvinoticias.com\/v3\/pronostico-del-tiempo-en-misiones-inestabilidad-al-comienzo-de-la-semana-y-mejoras-hacia-el-miercoles\/","name":"Pron\u00f3stico del tiempo en Misiones: c\u00f3mo estar\u00e1 hasta el mi\u00e9rcoles | CVI NOTICIAS","isPartOf":{"@id":"https:\/\/cvinoticias.com\/v3\/#website"},"primaryImageOfPage":{"@id":"https:\/\/cvinoticias.com\/v3\/pronostico-del-tiempo-en-misiones-inestabilidad-al-comienzo-de-la-semana-y-mejoras-hacia-el-miercoles\/#primaryimage"},"image":{"@id":"https:\/\/cvinoticias.com\/v3\/pronostico-del-tiempo-en-misiones-inestabilidad-al-comienzo-de-la-semana-y-mejoras-hacia-el-miercoles\/#primaryimage"},"thumbnailUrl":"https:\/\/cvinoticias.com\/wp-content\/uploads\/2025\/11\/hito-1.jpg","datePublished":"2025-11-17T10:39:25+00:00","dateModified":"2025-11-17T10:39:27+00:00","description":"Pron\u00f3stico del tiempo en Misiones con inestabilidad lunes y martes y mejoras desde el mi\u00e9rcoles.","breadcrumb":{"@id":"https:\/\/cvinoticias.com\/v3\/pronostico-del-tiempo-en-misiones-inestabilidad-al-comienzo-de-la-semana-y-mejoras-hacia-el-miercoles\/#breadcrumb"},"inLanguage":"es","potentialAction":[{"@type":"ReadAction","target":["https:\/\/cvinoticias.com\/v3\/pronostico-del-tiempo-en-misiones-inestabilidad-al-comienzo-de-la-semana-y-mejoras-hacia-el-miercoles\/"]}]},{"@type":"ImageObject","inLanguage":"es","@id":"https:\/\/cvinoticias.com\/v3\/pronostico-del-tiempo-en-misiones-inestabilidad-al-comienzo-de-la-semana-y-mejoras-hacia-el-miercoles\/#primaryimage","url":"https:\/\/cvinoticias.com\/wp-content\/uploads\/2025\/11\/hito-1.jpg","contentUrl":"https:\/\/cvinoticias.com\/wp-content\/uploads\/2025\/11\/hito-1.jpg","width":2048,"height":923},{"@type":"BreadcrumbList","@id":"https:\/\/cvinoticias.com\/v3\/pronostico-del-tiempo-en-misiones-inestabilidad-al-comienzo-de-la-semana-y-mejoras-hacia-el-miercoles\/#breadcrumb","itemListElement":[{"@type":"ListItem","position":1,"name":"Portada","item":"https:\/\/cvinoticias.com\/v3\/"},{"@type":"ListItem","position":2,"name":"Pron\u00f3stico del tiempo en Misiones: inestabilidad al comienzo de la semana y mejoras hacia el mi\u00e9rcoles"}]},{"@type":"WebSite","@id":"https:\/\/cvinoticias.com\/v3\/#website","url":"https:\/\/cvinoticias.com\/v3\/","name":"CVI NOTICIAS","description":"","publisher":{"@id":"https:\/\/cvinoticias.com\/v3\/#organization"},"alternateName":"CVI","potentialAction":[{"@type":"SearchAction","target":{"@type":"EntryPoint","urlTemplate":"https:\/\/cvinoticias.com\/v3\/?s={search_term_string}"},"query-input":{"@type":"PropertyValueSpecification","valueRequired":true,"valueName":"search_term_string"}}],"inLanguage":"es"},{"@type":"Organization","@id":"https:\/\/cvinoticias.com\/v3\/#organization","name":"CVI NOTICIAS","url":"https:\/\/cvinoticias.com\/v3\/","logo":{"@type":"ImageObject","inLanguage":"es","@id":"https:\/\/cvinoticias.com\/v3\/#\/schema\/logo\/image\/","url":"https:\/\/cvinoticias.com\/wp-content\/uploads\/2023\/04\/cropped-cropped-cropped-cropped-cropped-3-1.png","contentUrl":"https:\/\/cvinoticias.com\/wp-content\/uploads\/2023\/04\/cropped-cropped-cropped-cropped-cropped-3-1.png","width":95,"height":122,"caption":"CVI NOTICIAS"},"image":{"@id":"https:\/\/cvinoticias.com\/v3\/#\/schema\/logo\/image\/"},"sameAs":["https:\/\/www.facebook.com\/cvinoticias","https:\/\/www.instagram.com\/cvinoticias\/","https:\/\/www.youtube.com\/@CVINOTICIAS"]},{"@type":"Person","@id":"https:\/\/cvinoticias.com\/v3\/#\/schema\/person\/2db77e3c6bc03c538495d7b2b8be9b66","name":"f1000024","image":{"@type":"ImageObject","inLanguage":"es","@id":"https:\/\/secure.gravatar.com\/avatar\/d4fe7459cfc51ff5129ce1a732bbef5928568b8092d412ef95611616376bbeed?s=96&d=mm&r=g","url":"https:\/\/secure.gravatar.com\/avatar\/d4fe7459cfc51ff5129ce1a732bbef5928568b8092d412ef95611616376bbeed?s=96&d=mm&r=g","contentUrl":"https:\/\/secure.gravatar.com\/avatar\/d4fe7459cfc51ff5129ce1a732bbef5928568b8092d412ef95611616376bbeed?s=96&d=mm&r=g","caption":"f1000024"},"url":"https:\/\/cvinoticias.com\/v3\/author\/f1000024\/"}]}},"_links":{"self":[{"href":"https:\/\/cvinoticias.com\/v3\/wp-json\/wp\/v2\/posts\/51551","targetHints":{"allow":["GET"]}}],"collection":[{"href":"https:\/\/cvinoticias.com\/v3\/wp-json\/wp\/v2\/posts"}],"about":[{"href":"https:\/\/cvinoticias.com\/v3\/wp-json\/wp\/v2\/types\/post"}],"author":[{"embeddable":true,"href":"https:\/\/cvinoticias.com\/v3\/wp-json\/wp\/v2\/users\/2"}],"replies":[{"embeddable":true,"href":"https:\/\/cvinoticias.com\/v3\/wp-json\/wp\/v2\/comments?post=51551"}],"version-history":[{"count":1,"href":"https:\/\/cvinoticias.com\/v3\/wp-json\/wp\/v2\/posts\/51551\/revisions"}],"predecessor-version":[{"id":51552,"href":"https:\/\/cvinoticias.com\/v3\/wp-json\/wp\/v2\/posts\/51551\/revisions\/51552"}],"wp:featuredmedia":[{"embeddable":true,"href":"https:\/\/cvinoticias.com\/v3\/wp-json\/wp\/v2\/media\/51509"}],"wp:attachment":[{"href":"https:\/\/cvinoticias.com\/v3\/wp-json\/wp\/v2\/media?parent=51551"}],"wp:term":[{"taxonomy":"category","embeddable":true,"href":"https:\/\/cvinoticias.com\/v3\/wp-json\/wp\/v2\/categories?post=51551"},{"taxonomy":"post_tag","embeddable":true,"href":"https:\/\/cvinoticias.com\/v3\/wp-json\/wp\/v2\/tags?post=51551"}],"curies":[{"name":"wp","href":"https:\/\/api.w.org\/{rel}","templated":true}]}}