{"id":51527,"date":"2025-11-13T14:44:35","date_gmt":"2025-11-13T17:44:35","guid":{"rendered":"https:\/\/cvinoticias.com\/v3\/?p=51527"},"modified":"2025-11-14T08:46:54","modified_gmt":"2025-11-14T11:46:54","slug":"la-campana-atropellarlos-es-extinguirlos-fue-reconocida-a-nivel-nacional","status":"publish","type":"post","link":"https:\/\/cvinoticias.com\/v3\/la-campana-atropellarlos-es-extinguirlos-fue-reconocida-a-nivel-nacional\/","title":{"rendered":"La campa\u00f1a \u201cAtropellarlos es extinguirlos\u201d fue reconocida a nivel nacional"},"content":{"rendered":"\n<p>La Fundaci\u00f3n Vida Silvestre Argentina recibi\u00f3 un importante reconocimiento en los Premios Eikon a la Excelencia en Comunicaci\u00f3n Institucional, donde su campa\u00f1a \u201cAtropellarlos es extinguirlos\u201d obtuvo el galard\u00f3n en la categor\u00eda Marketing Digital para ONG\u2019s.<\/p>\n\n\n\n<p>El premio resalta la eficacia de la comunicaci\u00f3n como herramienta de conservaci\u00f3n y pone nuevamente en agenda la problem\u00e1tica del atropellamiento de fauna, un tema cr\u00edtico en Misiones y, particularmente, en la zona de influencia del Parque Nacional Iguaz\u00fa.<\/p>\n\n\n\n<p>La iniciativa desarrollada en 2024 tuvo una fuerte presencia en la ciudad, donde se trabaj\u00f3 junto a conductores, gu\u00edas de turismo, empresas del sector y la comunidad local para generar conciencia sobre la necesidad de una conducci\u00f3n segura y responsable.<\/p>\n\n\n\n<p>A trav\u00e9s de videos, jingles radiales, mensajes en rutas y alianzas con medios, se busc\u00f3 reducir la velocidad en zonas sensibles y proteger la biodiversidad misionera.<\/p>\n\n\n\n<p>En di\u00e1logo con CVI Noticias, Emiliano Salvador del \u00e1rea de comunicaci\u00f3n de la Fundaci\u00f3n Vida Silvestre, destac\u00f3 el orgullo por el reconocimiento y el compromiso asumido desde lo local: \u201cSimplemente pusimos nuestro grano de arena para abordar esta situaci\u00f3n, pensando en nuestro entorno, nuestro destino y la fuente de trabajo para muchas personas. La protecci\u00f3n de nuestra fauna es fundamental, pero tambi\u00e9n la concientizaci\u00f3n para quienes transitan las rutas nacionales en \u00e1reas protegidas.\u201d<\/p>\n\n\n\n<p>Desde la Fundaci\u00f3n Vida Silvestre remarcaron que continuar\u00e1n fortaleciendo acciones de prevenci\u00f3n y educaci\u00f3n ambiental, haciendo hincapi\u00e9 en que comunicar tambi\u00e9n es conservar.<\/p>\n\n\n\n<p>Entrevista con: Emiliano Salvador (\u00c1rea de comunicaci\u00f3n de la Fundaci\u00f3n Vida Silvestre)<\/p>\n","protected":false},"excerpt":{"rendered":"<p>La Fundaci\u00f3n Vida Silvestre Argentina recibi\u00f3 un importante reconocimiento en los Premios Eikon a la Excelencia en Comunicaci\u00f3n Institucional, donde su campa\u00f1a \u201cAtropellarlos es extinguirlos\u201d obtuvo el galard\u00f3n en la categor\u00eda Marketing Digital para ONG\u2019s. El premio resalta la eficacia de la comunicaci\u00f3n como herramienta de conservaci\u00f3n y pone nuevamente en agenda la problem\u00e1tica del [&hellip;]<\/p>\n","protected":false},"author":2,"featured_media":51528,"comment_status":"open","ping_status":"closed","sticky":false,"template":"","format":"standard","meta":{"footnotes":""},"categories":[1672],"tags":[692,71,4435],"class_list":["post-51527","post","type-post","status-publish","format-standard","has-post-thumbnail","hentry","category-ecologia-3","tag-campana","tag-nacional","tag-reconocida"],"yoast_head":"<!-- This site is optimized with the Yoast SEO plugin v27.5 - https:\/\/yoast.com\/product\/yoast-seo-wordpress\/ -->\n<title>Reconocimiento nacional a la campa\u00f1a Atropellarlos es extinguirlos | CVI NOTICIAS<\/title>\n<meta name=\"description\" content=\"La campa\u00f1a Atropellarlos es extinguirlos fue premiada por su aporte a la conservaci\u00f3n.\" \/>\n<meta name=\"robots\" content=\"index, follow, max-snippet:-1, max-image-preview:large, max-video-preview:-1\" \/>\n<link rel=\"canonical\" href=\"https:\/\/cvinoticias.com\/v3\/la-campana-atropellarlos-es-extinguirlos-fue-reconocida-a-nivel-nacional\/\" \/>\n<meta property=\"og:locale\" content=\"es_ES\" \/>\n<meta property=\"og:type\" content=\"article\" \/>\n<meta property=\"og:title\" content=\"Reconocimiento nacional a la campa\u00f1a Atropellarlos es extinguirlos | CVI NOTICIAS\" \/>\n<meta property=\"og:description\" content=\"La campa\u00f1a Atropellarlos es extinguirlos fue premiada por su aporte a la conservaci\u00f3n.\" \/>\n<meta property=\"og:url\" content=\"https:\/\/cvinoticias.com\/v3\/la-campana-atropellarlos-es-extinguirlos-fue-reconocida-a-nivel-nacional\/\" \/>\n<meta property=\"og:site_name\" content=\"CVI NOTICIAS\" \/>\n<meta property=\"article:publisher\" content=\"https:\/\/www.facebook.com\/cvinoticias\" \/>\n<meta property=\"article:published_time\" content=\"2025-11-13T17:44:35+00:00\" \/>\n<meta property=\"article:modified_time\" content=\"2025-11-14T11:46:54+00:00\" \/>\n<meta property=\"og:image\" content=\"https:\/\/cvinoticias.com\/wp-content\/uploads\/2025\/11\/atropellados.jpg\" \/>\n\t<meta property=\"og:image:width\" content=\"981\" \/>\n\t<meta property=\"og:image:height\" content=\"1117\" \/>\n\t<meta property=\"og:image:type\" content=\"image\/jpeg\" \/>\n<meta name=\"author\" content=\"f1000024\" \/>\n<meta name=\"twitter:card\" content=\"summary_large_image\" \/>\n<meta name=\"twitter:label1\" content=\"Escrito por\" \/>\n\t<meta name=\"twitter:data1\" content=\"f1000024\" \/>\n\t<meta name=\"twitter:label2\" content=\"Tiempo de lectura\" \/>\n\t<meta name=\"twitter:data2\" content=\"2 minutos\" \/>\n<script type=\"application\/ld+json\" class=\"yoast-schema-graph\">{\"@context\":\"https:\\\/\\\/schema.org\",\"@graph\":[{\"@type\":\"Article\",\"@id\":\"https:\\\/\\\/cvinoticias.com\\\/v3\\\/la-campana-atropellarlos-es-extinguirlos-fue-reconocida-a-nivel-nacional\\\/#article\",\"isPartOf\":{\"@id\":\"https:\\\/\\\/cvinoticias.com\\\/v3\\\/la-campana-atropellarlos-es-extinguirlos-fue-reconocida-a-nivel-nacional\\\/\"},\"author\":{\"name\":\"f1000024\",\"@id\":\"https:\\\/\\\/cvinoticias.com\\\/v3\\\/#\\\/schema\\\/person\\\/2db77e3c6bc03c538495d7b2b8be9b66\"},\"headline\":\"La campa\u00f1a \u201cAtropellarlos es extinguirlos\u201d fue reconocida a nivel nacional\",\"datePublished\":\"2025-11-13T17:44:35+00:00\",\"dateModified\":\"2025-11-14T11:46:54+00:00\",\"mainEntityOfPage\":{\"@id\":\"https:\\\/\\\/cvinoticias.com\\\/v3\\\/la-campana-atropellarlos-es-extinguirlos-fue-reconocida-a-nivel-nacional\\\/\"},\"wordCount\":285,\"commentCount\":0,\"publisher\":{\"@id\":\"https:\\\/\\\/cvinoticias.com\\\/v3\\\/#organization\"},\"image\":{\"@id\":\"https:\\\/\\\/cvinoticias.com\\\/v3\\\/la-campana-atropellarlos-es-extinguirlos-fue-reconocida-a-nivel-nacional\\\/#primaryimage\"},\"thumbnailUrl\":\"https:\\\/\\\/cvinoticias.com\\\/wp-content\\\/uploads\\\/2025\\\/11\\\/atropellados.jpg\",\"keywords\":[\"Campa\u00f1a\",\"nacional\",\"reconocida\"],\"articleSection\":[\"Ecolog\u00eda\"],\"inLanguage\":\"es\",\"potentialAction\":[{\"@type\":\"CommentAction\",\"name\":\"Comment\",\"target\":[\"https:\\\/\\\/cvinoticias.com\\\/v3\\\/la-campana-atropellarlos-es-extinguirlos-fue-reconocida-a-nivel-nacional\\\/#respond\"]}]},{\"@type\":\"WebPage\",\"@id\":\"https:\\\/\\\/cvinoticias.com\\\/v3\\\/la-campana-atropellarlos-es-extinguirlos-fue-reconocida-a-nivel-nacional\\\/\",\"url\":\"https:\\\/\\\/cvinoticias.com\\\/v3\\\/la-campana-atropellarlos-es-extinguirlos-fue-reconocida-a-nivel-nacional\\\/\",\"name\":\"Reconocimiento nacional a la campa\u00f1a Atropellarlos es extinguirlos | CVI NOTICIAS\",\"isPartOf\":{\"@id\":\"https:\\\/\\\/cvinoticias.com\\\/v3\\\/#website\"},\"primaryImageOfPage\":{\"@id\":\"https:\\\/\\\/cvinoticias.com\\\/v3\\\/la-campana-atropellarlos-es-extinguirlos-fue-reconocida-a-nivel-nacional\\\/#primaryimage\"},\"image\":{\"@id\":\"https:\\\/\\\/cvinoticias.com\\\/v3\\\/la-campana-atropellarlos-es-extinguirlos-fue-reconocida-a-nivel-nacional\\\/#primaryimage\"},\"thumbnailUrl\":\"https:\\\/\\\/cvinoticias.com\\\/wp-content\\\/uploads\\\/2025\\\/11\\\/atropellados.jpg\",\"datePublished\":\"2025-11-13T17:44:35+00:00\",\"dateModified\":\"2025-11-14T11:46:54+00:00\",\"description\":\"La campa\u00f1a Atropellarlos es extinguirlos fue premiada por su aporte a la conservaci\u00f3n.\",\"breadcrumb\":{\"@id\":\"https:\\\/\\\/cvinoticias.com\\\/v3\\\/la-campana-atropellarlos-es-extinguirlos-fue-reconocida-a-nivel-nacional\\\/#breadcrumb\"},\"inLanguage\":\"es\",\"potentialAction\":[{\"@type\":\"ReadAction\",\"target\":[\"https:\\\/\\\/cvinoticias.com\\\/v3\\\/la-campana-atropellarlos-es-extinguirlos-fue-reconocida-a-nivel-nacional\\\/\"]}]},{\"@type\":\"ImageObject\",\"inLanguage\":\"es\",\"@id\":\"https:\\\/\\\/cvinoticias.com\\\/v3\\\/la-campana-atropellarlos-es-extinguirlos-fue-reconocida-a-nivel-nacional\\\/#primaryimage\",\"url\":\"https:\\\/\\\/cvinoticias.com\\\/wp-content\\\/uploads\\\/2025\\\/11\\\/atropellados.jpg\",\"contentUrl\":\"https:\\\/\\\/cvinoticias.com\\\/wp-content\\\/uploads\\\/2025\\\/11\\\/atropellados.jpg\",\"width\":981,\"height\":1117},{\"@type\":\"BreadcrumbList\",\"@id\":\"https:\\\/\\\/cvinoticias.com\\\/v3\\\/la-campana-atropellarlos-es-extinguirlos-fue-reconocida-a-nivel-nacional\\\/#breadcrumb\",\"itemListElement\":[{\"@type\":\"ListItem\",\"position\":1,\"name\":\"Portada\",\"item\":\"https:\\\/\\\/cvinoticias.com\\\/v3\\\/\"},{\"@type\":\"ListItem\",\"position\":2,\"name\":\"La campa\u00f1a \u201cAtropellarlos es extinguirlos\u201d fue reconocida a nivel nacional\"}]},{\"@type\":\"WebSite\",\"@id\":\"https:\\\/\\\/cvinoticias.com\\\/v3\\\/#website\",\"url\":\"https:\\\/\\\/cvinoticias.com\\\/v3\\\/\",\"name\":\"CVI NOTICIAS\",\"description\":\"\",\"publisher\":{\"@id\":\"https:\\\/\\\/cvinoticias.com\\\/v3\\\/#organization\"},\"alternateName\":\"CVI\",\"potentialAction\":[{\"@type\":\"SearchAction\",\"target\":{\"@type\":\"EntryPoint\",\"urlTemplate\":\"https:\\\/\\\/cvinoticias.com\\\/v3\\\/?s={search_term_string}\"},\"query-input\":{\"@type\":\"PropertyValueSpecification\",\"valueRequired\":true,\"valueName\":\"search_term_string\"}}],\"inLanguage\":\"es\"},{\"@type\":\"Organization\",\"@id\":\"https:\\\/\\\/cvinoticias.com\\\/v3\\\/#organization\",\"name\":\"CVI NOTICIAS\",\"url\":\"https:\\\/\\\/cvinoticias.com\\\/v3\\\/\",\"logo\":{\"@type\":\"ImageObject\",\"inLanguage\":\"es\",\"@id\":\"https:\\\/\\\/cvinoticias.com\\\/v3\\\/#\\\/schema\\\/logo\\\/image\\\/\",\"url\":\"https:\\\/\\\/cvinoticias.com\\\/wp-content\\\/uploads\\\/2023\\\/04\\\/cropped-cropped-cropped-cropped-cropped-3-1.png\",\"contentUrl\":\"https:\\\/\\\/cvinoticias.com\\\/wp-content\\\/uploads\\\/2023\\\/04\\\/cropped-cropped-cropped-cropped-cropped-3-1.png\",\"width\":95,\"height\":122,\"caption\":\"CVI NOTICIAS\"},\"image\":{\"@id\":\"https:\\\/\\\/cvinoticias.com\\\/v3\\\/#\\\/schema\\\/logo\\\/image\\\/\"},\"sameAs\":[\"https:\\\/\\\/www.facebook.com\\\/cvinoticias\",\"https:\\\/\\\/www.instagram.com\\\/cvinoticias\\\/\",\"https:\\\/\\\/www.youtube.com\\\/@CVINOTICIAS\"]},{\"@type\":\"Person\",\"@id\":\"https:\\\/\\\/cvinoticias.com\\\/v3\\\/#\\\/schema\\\/person\\\/2db77e3c6bc03c538495d7b2b8be9b66\",\"name\":\"f1000024\",\"image\":{\"@type\":\"ImageObject\",\"inLanguage\":\"es\",\"@id\":\"https:\\\/\\\/secure.gravatar.com\\\/avatar\\\/d4fe7459cfc51ff5129ce1a732bbef5928568b8092d412ef95611616376bbeed?s=96&d=mm&r=g\",\"url\":\"https:\\\/\\\/secure.gravatar.com\\\/avatar\\\/d4fe7459cfc51ff5129ce1a732bbef5928568b8092d412ef95611616376bbeed?s=96&d=mm&r=g\",\"contentUrl\":\"https:\\\/\\\/secure.gravatar.com\\\/avatar\\\/d4fe7459cfc51ff5129ce1a732bbef5928568b8092d412ef95611616376bbeed?s=96&d=mm&r=g\",\"caption\":\"f1000024\"},\"url\":\"https:\\\/\\\/cvinoticias.com\\\/v3\\\/author\\\/f1000024\\\/\"}]}<\/script>\n<!-- \/ Yoast SEO plugin. -->","yoast_head_json":{"title":"Reconocimiento nacional a la campa\u00f1a Atropellarlos es extinguirlos | CVI NOTICIAS","description":"La campa\u00f1a Atropellarlos es extinguirlos fue premiada por su aporte a la conservaci\u00f3n.","robots":{"index":"index","follow":"follow","max-snippet":"max-snippet:-1","max-image-preview":"max-image-preview:large","max-video-preview":"max-video-preview:-1"},"canonical":"https:\/\/cvinoticias.com\/v3\/la-campana-atropellarlos-es-extinguirlos-fue-reconocida-a-nivel-nacional\/","og_locale":"es_ES","og_type":"article","og_title":"Reconocimiento nacional a la campa\u00f1a Atropellarlos es extinguirlos | CVI NOTICIAS","og_description":"La campa\u00f1a Atropellarlos es extinguirlos fue premiada por su aporte a la conservaci\u00f3n.","og_url":"https:\/\/cvinoticias.com\/v3\/la-campana-atropellarlos-es-extinguirlos-fue-reconocida-a-nivel-nacional\/","og_site_name":"CVI NOTICIAS","article_publisher":"https:\/\/www.facebook.com\/cvinoticias","article_published_time":"2025-11-13T17:44:35+00:00","article_modified_time":"2025-11-14T11:46:54+00:00","og_image":[{"width":981,"height":1117,"url":"https:\/\/cvinoticias.com\/wp-content\/uploads\/2025\/11\/atropellados.jpg","type":"image\/jpeg"}],"author":"f1000024","twitter_card":"summary_large_image","twitter_misc":{"Escrito por":"f1000024","Tiempo de lectura":"2 minutos"},"schema":{"@context":"https:\/\/schema.org","@graph":[{"@type":"Article","@id":"https:\/\/cvinoticias.com\/v3\/la-campana-atropellarlos-es-extinguirlos-fue-reconocida-a-nivel-nacional\/#article","isPartOf":{"@id":"https:\/\/cvinoticias.com\/v3\/la-campana-atropellarlos-es-extinguirlos-fue-reconocida-a-nivel-nacional\/"},"author":{"name":"f1000024","@id":"https:\/\/cvinoticias.com\/v3\/#\/schema\/person\/2db77e3c6bc03c538495d7b2b8be9b66"},"headline":"La campa\u00f1a \u201cAtropellarlos es extinguirlos\u201d fue reconocida a nivel nacional","datePublished":"2025-11-13T17:44:35+00:00","dateModified":"2025-11-14T11:46:54+00:00","mainEntityOfPage":{"@id":"https:\/\/cvinoticias.com\/v3\/la-campana-atropellarlos-es-extinguirlos-fue-reconocida-a-nivel-nacional\/"},"wordCount":285,"commentCount":0,"publisher":{"@id":"https:\/\/cvinoticias.com\/v3\/#organization"},"image":{"@id":"https:\/\/cvinoticias.com\/v3\/la-campana-atropellarlos-es-extinguirlos-fue-reconocida-a-nivel-nacional\/#primaryimage"},"thumbnailUrl":"https:\/\/cvinoticias.com\/wp-content\/uploads\/2025\/11\/atropellados.jpg","keywords":["Campa\u00f1a","nacional","reconocida"],"articleSection":["Ecolog\u00eda"],"inLanguage":"es","potentialAction":[{"@type":"CommentAction","name":"Comment","target":["https:\/\/cvinoticias.com\/v3\/la-campana-atropellarlos-es-extinguirlos-fue-reconocida-a-nivel-nacional\/#respond"]}]},{"@type":"WebPage","@id":"https:\/\/cvinoticias.com\/v3\/la-campana-atropellarlos-es-extinguirlos-fue-reconocida-a-nivel-nacional\/","url":"https:\/\/cvinoticias.com\/v3\/la-campana-atropellarlos-es-extinguirlos-fue-reconocida-a-nivel-nacional\/","name":"Reconocimiento nacional a la campa\u00f1a Atropellarlos es extinguirlos | CVI NOTICIAS","isPartOf":{"@id":"https:\/\/cvinoticias.com\/v3\/#website"},"primaryImageOfPage":{"@id":"https:\/\/cvinoticias.com\/v3\/la-campana-atropellarlos-es-extinguirlos-fue-reconocida-a-nivel-nacional\/#primaryimage"},"image":{"@id":"https:\/\/cvinoticias.com\/v3\/la-campana-atropellarlos-es-extinguirlos-fue-reconocida-a-nivel-nacional\/#primaryimage"},"thumbnailUrl":"https:\/\/cvinoticias.com\/wp-content\/uploads\/2025\/11\/atropellados.jpg","datePublished":"2025-11-13T17:44:35+00:00","dateModified":"2025-11-14T11:46:54+00:00","description":"La campa\u00f1a Atropellarlos es extinguirlos fue premiada por su aporte a la conservaci\u00f3n.","breadcrumb":{"@id":"https:\/\/cvinoticias.com\/v3\/la-campana-atropellarlos-es-extinguirlos-fue-reconocida-a-nivel-nacional\/#breadcrumb"},"inLanguage":"es","potentialAction":[{"@type":"ReadAction","target":["https:\/\/cvinoticias.com\/v3\/la-campana-atropellarlos-es-extinguirlos-fue-reconocida-a-nivel-nacional\/"]}]},{"@type":"ImageObject","inLanguage":"es","@id":"https:\/\/cvinoticias.com\/v3\/la-campana-atropellarlos-es-extinguirlos-fue-reconocida-a-nivel-nacional\/#primaryimage","url":"https:\/\/cvinoticias.com\/wp-content\/uploads\/2025\/11\/atropellados.jpg","contentUrl":"https:\/\/cvinoticias.com\/wp-content\/uploads\/2025\/11\/atropellados.jpg","width":981,"height":1117},{"@type":"BreadcrumbList","@id":"https:\/\/cvinoticias.com\/v3\/la-campana-atropellarlos-es-extinguirlos-fue-reconocida-a-nivel-nacional\/#breadcrumb","itemListElement":[{"@type":"ListItem","position":1,"name":"Portada","item":"https:\/\/cvinoticias.com\/v3\/"},{"@type":"ListItem","position":2,"name":"La campa\u00f1a \u201cAtropellarlos es extinguirlos\u201d fue reconocida a nivel nacional"}]},{"@type":"WebSite","@id":"https:\/\/cvinoticias.com\/v3\/#website","url":"https:\/\/cvinoticias.com\/v3\/","name":"CVI NOTICIAS","description":"","publisher":{"@id":"https:\/\/cvinoticias.com\/v3\/#organization"},"alternateName":"CVI","potentialAction":[{"@type":"SearchAction","target":{"@type":"EntryPoint","urlTemplate":"https:\/\/cvinoticias.com\/v3\/?s={search_term_string}"},"query-input":{"@type":"PropertyValueSpecification","valueRequired":true,"valueName":"search_term_string"}}],"inLanguage":"es"},{"@type":"Organization","@id":"https:\/\/cvinoticias.com\/v3\/#organization","name":"CVI NOTICIAS","url":"https:\/\/cvinoticias.com\/v3\/","logo":{"@type":"ImageObject","inLanguage":"es","@id":"https:\/\/cvinoticias.com\/v3\/#\/schema\/logo\/image\/","url":"https:\/\/cvinoticias.com\/wp-content\/uploads\/2023\/04\/cropped-cropped-cropped-cropped-cropped-3-1.png","contentUrl":"https:\/\/cvinoticias.com\/wp-content\/uploads\/2023\/04\/cropped-cropped-cropped-cropped-cropped-3-1.png","width":95,"height":122,"caption":"CVI NOTICIAS"},"image":{"@id":"https:\/\/cvinoticias.com\/v3\/#\/schema\/logo\/image\/"},"sameAs":["https:\/\/www.facebook.com\/cvinoticias","https:\/\/www.instagram.com\/cvinoticias\/","https:\/\/www.youtube.com\/@CVINOTICIAS"]},{"@type":"Person","@id":"https:\/\/cvinoticias.com\/v3\/#\/schema\/person\/2db77e3c6bc03c538495d7b2b8be9b66","name":"f1000024","image":{"@type":"ImageObject","inLanguage":"es","@id":"https:\/\/secure.gravatar.com\/avatar\/d4fe7459cfc51ff5129ce1a732bbef5928568b8092d412ef95611616376bbeed?s=96&d=mm&r=g","url":"https:\/\/secure.gravatar.com\/avatar\/d4fe7459cfc51ff5129ce1a732bbef5928568b8092d412ef95611616376bbeed?s=96&d=mm&r=g","contentUrl":"https:\/\/secure.gravatar.com\/avatar\/d4fe7459cfc51ff5129ce1a732bbef5928568b8092d412ef95611616376bbeed?s=96&d=mm&r=g","caption":"f1000024"},"url":"https:\/\/cvinoticias.com\/v3\/author\/f1000024\/"}]}},"_links":{"self":[{"href":"https:\/\/cvinoticias.com\/v3\/wp-json\/wp\/v2\/posts\/51527","targetHints":{"allow":["GET"]}}],"collection":[{"href":"https:\/\/cvinoticias.com\/v3\/wp-json\/wp\/v2\/posts"}],"about":[{"href":"https:\/\/cvinoticias.com\/v3\/wp-json\/wp\/v2\/types\/post"}],"author":[{"embeddable":true,"href":"https:\/\/cvinoticias.com\/v3\/wp-json\/wp\/v2\/users\/2"}],"replies":[{"embeddable":true,"href":"https:\/\/cvinoticias.com\/v3\/wp-json\/wp\/v2\/comments?post=51527"}],"version-history":[{"count":1,"href":"https:\/\/cvinoticias.com\/v3\/wp-json\/wp\/v2\/posts\/51527\/revisions"}],"predecessor-version":[{"id":51529,"href":"https:\/\/cvinoticias.com\/v3\/wp-json\/wp\/v2\/posts\/51527\/revisions\/51529"}],"wp:featuredmedia":[{"embeddable":true,"href":"https:\/\/cvinoticias.com\/v3\/wp-json\/wp\/v2\/media\/51528"}],"wp:attachment":[{"href":"https:\/\/cvinoticias.com\/v3\/wp-json\/wp\/v2\/media?parent=51527"}],"wp:term":[{"taxonomy":"category","embeddable":true,"href":"https:\/\/cvinoticias.com\/v3\/wp-json\/wp\/v2\/categories?post=51527"},{"taxonomy":"post_tag","embeddable":true,"href":"https:\/\/cvinoticias.com\/v3\/wp-json\/wp\/v2\/tags?post=51527"}],"curies":[{"name":"wp","href":"https:\/\/api.w.org\/{rel}","templated":true}]}}