{"id":51512,"date":"2025-11-14T08:23:28","date_gmt":"2025-11-14T11:23:28","guid":{"rendered":"https:\/\/cvinoticias.com\/v3\/?p=51512"},"modified":"2025-11-14T08:23:29","modified_gmt":"2025-11-14T11:23:29","slug":"ataque-armado-y-un-comerciante-herido-en-la-av-misiones","status":"publish","type":"post","link":"https:\/\/cvinoticias.com\/v3\/ataque-armado-y-un-comerciante-herido-en-la-av-misiones\/","title":{"rendered":"Ataque armado y un comerciante herido en la Av. Misiones"},"content":{"rendered":"\n<p>Un comerciante result\u00f3 herido tras ser v\u00edctima de un violento intento de robo ocurrido sobre la avenida Misiones, frente al local \u00abEl Kiosquito\u00bb.<\/p>\n\n\n\n<p>Seg\u00fan fuentes policiales, dos hombres a\u00fan no identificados, moviliz\u00e1ndose en una motocicleta color azul \u2014similar a una Honda Tit\u00e1n o CG\u2014 se detuvieron frente al comercio y, tras descender, efectuaron disparos al suelo mientras intentaban sustraer una mochila que conten\u00eda aproximadamente $4.000.000.<\/p>\n\n\n\n<p>En medio del forcejeo, uno de los proyectiles impact\u00f3 en la pierna izquierda del propietario. El m\u00e9dico policial diagnostic\u00f3 una incapacidad laboral de 10 d\u00edas.<\/p>\n\n\n\n<p>En el lugar del hecho, la Polic\u00eda secuestr\u00f3 dos proyectiles y contin\u00faa con las diligencias correspondientes, incluida la b\u00fasqueda de c\u00e1maras de seguridad que permitan identificar a los agresores y avanzar en el esclarecimiento del caso.<\/p>\n\n\n\n<p>El hecho se encuentra en plena investigaci\u00f3n.<\/p>\n","protected":false},"excerpt":{"rendered":"<p>Un comerciante result\u00f3 herido tras ser v\u00edctima de un violento intento de robo ocurrido sobre la avenida Misiones, frente al local \u00abEl Kiosquito\u00bb. Seg\u00fan fuentes policiales, dos hombres a\u00fan no identificados, moviliz\u00e1ndose en una motocicleta color azul \u2014similar a una Honda Tit\u00e1n o CG\u2014 se detuvieron frente al comercio y, tras descender, efectuaron disparos al [&hellip;]<\/p>\n","protected":false},"author":2,"featured_media":51513,"comment_status":"open","ping_status":"closed","sticky":false,"template":"","format":"standard","meta":{"footnotes":""},"categories":[41],"tags":[4432,2970,313],"class_list":["post-51512","post","type-post","status-publish","format-standard","has-post-thumbnail","hentry","category-policiales","tag-armado","tag-ataque","tag-iguazu"],"yoast_head":"<!-- This site is optimized with the Yoast SEO plugin v27.4 - https:\/\/yoast.com\/product\/yoast-seo-wordpress\/ -->\n<title>Ataque armado en la avenida Misiones y un comerciante herido | CVI NOTICIAS<\/title>\n<meta name=\"description\" content=\"Comerciante herido en un intento de robo en la avenida Misiones; la Polic\u00eda investiga y busca identificar a los agresores.\" \/>\n<meta name=\"robots\" content=\"index, follow, max-snippet:-1, max-image-preview:large, max-video-preview:-1\" \/>\n<link rel=\"canonical\" href=\"https:\/\/cvinoticias.com\/v3\/ataque-armado-y-un-comerciante-herido-en-la-av-misiones\/\" \/>\n<meta property=\"og:locale\" content=\"es_ES\" \/>\n<meta property=\"og:type\" content=\"article\" \/>\n<meta property=\"og:title\" content=\"Ataque armado en la avenida Misiones y un comerciante herido | CVI NOTICIAS\" \/>\n<meta property=\"og:description\" content=\"Comerciante herido en un intento de robo en la avenida Misiones; la Polic\u00eda investiga y busca identificar a los agresores.\" \/>\n<meta property=\"og:url\" content=\"https:\/\/cvinoticias.com\/v3\/ataque-armado-y-un-comerciante-herido-en-la-av-misiones\/\" \/>\n<meta property=\"og:site_name\" content=\"CVI NOTICIAS\" \/>\n<meta property=\"article:publisher\" content=\"https:\/\/www.facebook.com\/cvinoticias\" \/>\n<meta property=\"article:published_time\" content=\"2025-11-14T11:23:28+00:00\" \/>\n<meta property=\"article:modified_time\" content=\"2025-11-14T11:23:29+00:00\" \/>\n<meta property=\"og:image\" content=\"https:\/\/cvinoticias.com\/wp-content\/uploads\/2025\/11\/policia.jpg\" \/>\n\t<meta property=\"og:image:width\" content=\"1089\" \/>\n\t<meta property=\"og:image:height\" content=\"730\" \/>\n\t<meta property=\"og:image:type\" content=\"image\/jpeg\" \/>\n<meta name=\"author\" content=\"f1000024\" \/>\n<meta name=\"twitter:card\" content=\"summary_large_image\" \/>\n<meta name=\"twitter:label1\" content=\"Escrito por\" \/>\n\t<meta name=\"twitter:data1\" content=\"f1000024\" \/>\n\t<meta name=\"twitter:label2\" content=\"Tiempo de lectura\" \/>\n\t<meta name=\"twitter:data2\" content=\"1 minuto\" \/>\n<script type=\"application\/ld+json\" class=\"yoast-schema-graph\">{\"@context\":\"https:\\\/\\\/schema.org\",\"@graph\":[{\"@type\":\"Article\",\"@id\":\"https:\\\/\\\/cvinoticias.com\\\/v3\\\/ataque-armado-y-un-comerciante-herido-en-la-av-misiones\\\/#article\",\"isPartOf\":{\"@id\":\"https:\\\/\\\/cvinoticias.com\\\/v3\\\/ataque-armado-y-un-comerciante-herido-en-la-av-misiones\\\/\"},\"author\":{\"name\":\"f1000024\",\"@id\":\"https:\\\/\\\/cvinoticias.com\\\/v3\\\/#\\\/schema\\\/person\\\/2db77e3c6bc03c538495d7b2b8be9b66\"},\"headline\":\"Ataque armado y un comerciante herido en la Av. Misiones\",\"datePublished\":\"2025-11-14T11:23:28+00:00\",\"dateModified\":\"2025-11-14T11:23:29+00:00\",\"mainEntityOfPage\":{\"@id\":\"https:\\\/\\\/cvinoticias.com\\\/v3\\\/ataque-armado-y-un-comerciante-herido-en-la-av-misiones\\\/\"},\"wordCount\":154,\"commentCount\":0,\"publisher\":{\"@id\":\"https:\\\/\\\/cvinoticias.com\\\/v3\\\/#organization\"},\"image\":{\"@id\":\"https:\\\/\\\/cvinoticias.com\\\/v3\\\/ataque-armado-y-un-comerciante-herido-en-la-av-misiones\\\/#primaryimage\"},\"thumbnailUrl\":\"https:\\\/\\\/cvinoticias.com\\\/wp-content\\\/uploads\\\/2025\\\/11\\\/policia.jpg\",\"keywords\":[\"armado\",\"ataque\",\"Iguaz\u00fa\"],\"articleSection\":[\"Policiales\"],\"inLanguage\":\"es\",\"potentialAction\":[{\"@type\":\"CommentAction\",\"name\":\"Comment\",\"target\":[\"https:\\\/\\\/cvinoticias.com\\\/v3\\\/ataque-armado-y-un-comerciante-herido-en-la-av-misiones\\\/#respond\"]}]},{\"@type\":\"WebPage\",\"@id\":\"https:\\\/\\\/cvinoticias.com\\\/v3\\\/ataque-armado-y-un-comerciante-herido-en-la-av-misiones\\\/\",\"url\":\"https:\\\/\\\/cvinoticias.com\\\/v3\\\/ataque-armado-y-un-comerciante-herido-en-la-av-misiones\\\/\",\"name\":\"Ataque armado en la avenida Misiones y un comerciante herido | CVI NOTICIAS\",\"isPartOf\":{\"@id\":\"https:\\\/\\\/cvinoticias.com\\\/v3\\\/#website\"},\"primaryImageOfPage\":{\"@id\":\"https:\\\/\\\/cvinoticias.com\\\/v3\\\/ataque-armado-y-un-comerciante-herido-en-la-av-misiones\\\/#primaryimage\"},\"image\":{\"@id\":\"https:\\\/\\\/cvinoticias.com\\\/v3\\\/ataque-armado-y-un-comerciante-herido-en-la-av-misiones\\\/#primaryimage\"},\"thumbnailUrl\":\"https:\\\/\\\/cvinoticias.com\\\/wp-content\\\/uploads\\\/2025\\\/11\\\/policia.jpg\",\"datePublished\":\"2025-11-14T11:23:28+00:00\",\"dateModified\":\"2025-11-14T11:23:29+00:00\",\"description\":\"Comerciante herido en un intento de robo en la avenida Misiones; la Polic\u00eda investiga y busca identificar a los agresores.\",\"breadcrumb\":{\"@id\":\"https:\\\/\\\/cvinoticias.com\\\/v3\\\/ataque-armado-y-un-comerciante-herido-en-la-av-misiones\\\/#breadcrumb\"},\"inLanguage\":\"es\",\"potentialAction\":[{\"@type\":\"ReadAction\",\"target\":[\"https:\\\/\\\/cvinoticias.com\\\/v3\\\/ataque-armado-y-un-comerciante-herido-en-la-av-misiones\\\/\"]}]},{\"@type\":\"ImageObject\",\"inLanguage\":\"es\",\"@id\":\"https:\\\/\\\/cvinoticias.com\\\/v3\\\/ataque-armado-y-un-comerciante-herido-en-la-av-misiones\\\/#primaryimage\",\"url\":\"https:\\\/\\\/cvinoticias.com\\\/wp-content\\\/uploads\\\/2025\\\/11\\\/policia.jpg\",\"contentUrl\":\"https:\\\/\\\/cvinoticias.com\\\/wp-content\\\/uploads\\\/2025\\\/11\\\/policia.jpg\",\"width\":1089,\"height\":730},{\"@type\":\"BreadcrumbList\",\"@id\":\"https:\\\/\\\/cvinoticias.com\\\/v3\\\/ataque-armado-y-un-comerciante-herido-en-la-av-misiones\\\/#breadcrumb\",\"itemListElement\":[{\"@type\":\"ListItem\",\"position\":1,\"name\":\"Portada\",\"item\":\"https:\\\/\\\/cvinoticias.com\\\/v3\\\/\"},{\"@type\":\"ListItem\",\"position\":2,\"name\":\"Ataque armado y un comerciante herido en la Av. Misiones\"}]},{\"@type\":\"WebSite\",\"@id\":\"https:\\\/\\\/cvinoticias.com\\\/v3\\\/#website\",\"url\":\"https:\\\/\\\/cvinoticias.com\\\/v3\\\/\",\"name\":\"CVI NOTICIAS\",\"description\":\"\",\"publisher\":{\"@id\":\"https:\\\/\\\/cvinoticias.com\\\/v3\\\/#organization\"},\"alternateName\":\"CVI\",\"potentialAction\":[{\"@type\":\"SearchAction\",\"target\":{\"@type\":\"EntryPoint\",\"urlTemplate\":\"https:\\\/\\\/cvinoticias.com\\\/v3\\\/?s={search_term_string}\"},\"query-input\":{\"@type\":\"PropertyValueSpecification\",\"valueRequired\":true,\"valueName\":\"search_term_string\"}}],\"inLanguage\":\"es\"},{\"@type\":\"Organization\",\"@id\":\"https:\\\/\\\/cvinoticias.com\\\/v3\\\/#organization\",\"name\":\"CVI NOTICIAS\",\"url\":\"https:\\\/\\\/cvinoticias.com\\\/v3\\\/\",\"logo\":{\"@type\":\"ImageObject\",\"inLanguage\":\"es\",\"@id\":\"https:\\\/\\\/cvinoticias.com\\\/v3\\\/#\\\/schema\\\/logo\\\/image\\\/\",\"url\":\"https:\\\/\\\/cvinoticias.com\\\/wp-content\\\/uploads\\\/2023\\\/04\\\/cropped-cropped-cropped-cropped-cropped-3-1.png\",\"contentUrl\":\"https:\\\/\\\/cvinoticias.com\\\/wp-content\\\/uploads\\\/2023\\\/04\\\/cropped-cropped-cropped-cropped-cropped-3-1.png\",\"width\":95,\"height\":122,\"caption\":\"CVI NOTICIAS\"},\"image\":{\"@id\":\"https:\\\/\\\/cvinoticias.com\\\/v3\\\/#\\\/schema\\\/logo\\\/image\\\/\"},\"sameAs\":[\"https:\\\/\\\/www.facebook.com\\\/cvinoticias\",\"https:\\\/\\\/www.instagram.com\\\/cvinoticias\\\/\",\"https:\\\/\\\/www.youtube.com\\\/@CVINOTICIAS\"]},{\"@type\":\"Person\",\"@id\":\"https:\\\/\\\/cvinoticias.com\\\/v3\\\/#\\\/schema\\\/person\\\/2db77e3c6bc03c538495d7b2b8be9b66\",\"name\":\"f1000024\",\"image\":{\"@type\":\"ImageObject\",\"inLanguage\":\"es\",\"@id\":\"https:\\\/\\\/secure.gravatar.com\\\/avatar\\\/d4fe7459cfc51ff5129ce1a732bbef5928568b8092d412ef95611616376bbeed?s=96&d=mm&r=g\",\"url\":\"https:\\\/\\\/secure.gravatar.com\\\/avatar\\\/d4fe7459cfc51ff5129ce1a732bbef5928568b8092d412ef95611616376bbeed?s=96&d=mm&r=g\",\"contentUrl\":\"https:\\\/\\\/secure.gravatar.com\\\/avatar\\\/d4fe7459cfc51ff5129ce1a732bbef5928568b8092d412ef95611616376bbeed?s=96&d=mm&r=g\",\"caption\":\"f1000024\"},\"url\":\"https:\\\/\\\/cvinoticias.com\\\/v3\\\/author\\\/f1000024\\\/\"}]}<\/script>\n<!-- \/ Yoast SEO plugin. -->","yoast_head_json":{"title":"Ataque armado en la avenida Misiones y un comerciante herido | CVI NOTICIAS","description":"Comerciante herido en un intento de robo en la avenida Misiones; la Polic\u00eda investiga y busca identificar a los agresores.","robots":{"index":"index","follow":"follow","max-snippet":"max-snippet:-1","max-image-preview":"max-image-preview:large","max-video-preview":"max-video-preview:-1"},"canonical":"https:\/\/cvinoticias.com\/v3\/ataque-armado-y-un-comerciante-herido-en-la-av-misiones\/","og_locale":"es_ES","og_type":"article","og_title":"Ataque armado en la avenida Misiones y un comerciante herido | CVI NOTICIAS","og_description":"Comerciante herido en un intento de robo en la avenida Misiones; la Polic\u00eda investiga y busca identificar a los agresores.","og_url":"https:\/\/cvinoticias.com\/v3\/ataque-armado-y-un-comerciante-herido-en-la-av-misiones\/","og_site_name":"CVI NOTICIAS","article_publisher":"https:\/\/www.facebook.com\/cvinoticias","article_published_time":"2025-11-14T11:23:28+00:00","article_modified_time":"2025-11-14T11:23:29+00:00","og_image":[{"width":1089,"height":730,"url":"https:\/\/cvinoticias.com\/wp-content\/uploads\/2025\/11\/policia.jpg","type":"image\/jpeg"}],"author":"f1000024","twitter_card":"summary_large_image","twitter_misc":{"Escrito por":"f1000024","Tiempo de lectura":"1 minuto"},"schema":{"@context":"https:\/\/schema.org","@graph":[{"@type":"Article","@id":"https:\/\/cvinoticias.com\/v3\/ataque-armado-y-un-comerciante-herido-en-la-av-misiones\/#article","isPartOf":{"@id":"https:\/\/cvinoticias.com\/v3\/ataque-armado-y-un-comerciante-herido-en-la-av-misiones\/"},"author":{"name":"f1000024","@id":"https:\/\/cvinoticias.com\/v3\/#\/schema\/person\/2db77e3c6bc03c538495d7b2b8be9b66"},"headline":"Ataque armado y un comerciante herido en la Av. Misiones","datePublished":"2025-11-14T11:23:28+00:00","dateModified":"2025-11-14T11:23:29+00:00","mainEntityOfPage":{"@id":"https:\/\/cvinoticias.com\/v3\/ataque-armado-y-un-comerciante-herido-en-la-av-misiones\/"},"wordCount":154,"commentCount":0,"publisher":{"@id":"https:\/\/cvinoticias.com\/v3\/#organization"},"image":{"@id":"https:\/\/cvinoticias.com\/v3\/ataque-armado-y-un-comerciante-herido-en-la-av-misiones\/#primaryimage"},"thumbnailUrl":"https:\/\/cvinoticias.com\/wp-content\/uploads\/2025\/11\/policia.jpg","keywords":["armado","ataque","Iguaz\u00fa"],"articleSection":["Policiales"],"inLanguage":"es","potentialAction":[{"@type":"CommentAction","name":"Comment","target":["https:\/\/cvinoticias.com\/v3\/ataque-armado-y-un-comerciante-herido-en-la-av-misiones\/#respond"]}]},{"@type":"WebPage","@id":"https:\/\/cvinoticias.com\/v3\/ataque-armado-y-un-comerciante-herido-en-la-av-misiones\/","url":"https:\/\/cvinoticias.com\/v3\/ataque-armado-y-un-comerciante-herido-en-la-av-misiones\/","name":"Ataque armado en la avenida Misiones y un comerciante herido | CVI NOTICIAS","isPartOf":{"@id":"https:\/\/cvinoticias.com\/v3\/#website"},"primaryImageOfPage":{"@id":"https:\/\/cvinoticias.com\/v3\/ataque-armado-y-un-comerciante-herido-en-la-av-misiones\/#primaryimage"},"image":{"@id":"https:\/\/cvinoticias.com\/v3\/ataque-armado-y-un-comerciante-herido-en-la-av-misiones\/#primaryimage"},"thumbnailUrl":"https:\/\/cvinoticias.com\/wp-content\/uploads\/2025\/11\/policia.jpg","datePublished":"2025-11-14T11:23:28+00:00","dateModified":"2025-11-14T11:23:29+00:00","description":"Comerciante herido en un intento de robo en la avenida Misiones; la Polic\u00eda investiga y busca identificar a los agresores.","breadcrumb":{"@id":"https:\/\/cvinoticias.com\/v3\/ataque-armado-y-un-comerciante-herido-en-la-av-misiones\/#breadcrumb"},"inLanguage":"es","potentialAction":[{"@type":"ReadAction","target":["https:\/\/cvinoticias.com\/v3\/ataque-armado-y-un-comerciante-herido-en-la-av-misiones\/"]}]},{"@type":"ImageObject","inLanguage":"es","@id":"https:\/\/cvinoticias.com\/v3\/ataque-armado-y-un-comerciante-herido-en-la-av-misiones\/#primaryimage","url":"https:\/\/cvinoticias.com\/wp-content\/uploads\/2025\/11\/policia.jpg","contentUrl":"https:\/\/cvinoticias.com\/wp-content\/uploads\/2025\/11\/policia.jpg","width":1089,"height":730},{"@type":"BreadcrumbList","@id":"https:\/\/cvinoticias.com\/v3\/ataque-armado-y-un-comerciante-herido-en-la-av-misiones\/#breadcrumb","itemListElement":[{"@type":"ListItem","position":1,"name":"Portada","item":"https:\/\/cvinoticias.com\/v3\/"},{"@type":"ListItem","position":2,"name":"Ataque armado y un comerciante herido en la Av. Misiones"}]},{"@type":"WebSite","@id":"https:\/\/cvinoticias.com\/v3\/#website","url":"https:\/\/cvinoticias.com\/v3\/","name":"CVI NOTICIAS","description":"","publisher":{"@id":"https:\/\/cvinoticias.com\/v3\/#organization"},"alternateName":"CVI","potentialAction":[{"@type":"SearchAction","target":{"@type":"EntryPoint","urlTemplate":"https:\/\/cvinoticias.com\/v3\/?s={search_term_string}"},"query-input":{"@type":"PropertyValueSpecification","valueRequired":true,"valueName":"search_term_string"}}],"inLanguage":"es"},{"@type":"Organization","@id":"https:\/\/cvinoticias.com\/v3\/#organization","name":"CVI NOTICIAS","url":"https:\/\/cvinoticias.com\/v3\/","logo":{"@type":"ImageObject","inLanguage":"es","@id":"https:\/\/cvinoticias.com\/v3\/#\/schema\/logo\/image\/","url":"https:\/\/cvinoticias.com\/wp-content\/uploads\/2023\/04\/cropped-cropped-cropped-cropped-cropped-3-1.png","contentUrl":"https:\/\/cvinoticias.com\/wp-content\/uploads\/2023\/04\/cropped-cropped-cropped-cropped-cropped-3-1.png","width":95,"height":122,"caption":"CVI NOTICIAS"},"image":{"@id":"https:\/\/cvinoticias.com\/v3\/#\/schema\/logo\/image\/"},"sameAs":["https:\/\/www.facebook.com\/cvinoticias","https:\/\/www.instagram.com\/cvinoticias\/","https:\/\/www.youtube.com\/@CVINOTICIAS"]},{"@type":"Person","@id":"https:\/\/cvinoticias.com\/v3\/#\/schema\/person\/2db77e3c6bc03c538495d7b2b8be9b66","name":"f1000024","image":{"@type":"ImageObject","inLanguage":"es","@id":"https:\/\/secure.gravatar.com\/avatar\/d4fe7459cfc51ff5129ce1a732bbef5928568b8092d412ef95611616376bbeed?s=96&d=mm&r=g","url":"https:\/\/secure.gravatar.com\/avatar\/d4fe7459cfc51ff5129ce1a732bbef5928568b8092d412ef95611616376bbeed?s=96&d=mm&r=g","contentUrl":"https:\/\/secure.gravatar.com\/avatar\/d4fe7459cfc51ff5129ce1a732bbef5928568b8092d412ef95611616376bbeed?s=96&d=mm&r=g","caption":"f1000024"},"url":"https:\/\/cvinoticias.com\/v3\/author\/f1000024\/"}]}},"_links":{"self":[{"href":"https:\/\/cvinoticias.com\/v3\/wp-json\/wp\/v2\/posts\/51512","targetHints":{"allow":["GET"]}}],"collection":[{"href":"https:\/\/cvinoticias.com\/v3\/wp-json\/wp\/v2\/posts"}],"about":[{"href":"https:\/\/cvinoticias.com\/v3\/wp-json\/wp\/v2\/types\/post"}],"author":[{"embeddable":true,"href":"https:\/\/cvinoticias.com\/v3\/wp-json\/wp\/v2\/users\/2"}],"replies":[{"embeddable":true,"href":"https:\/\/cvinoticias.com\/v3\/wp-json\/wp\/v2\/comments?post=51512"}],"version-history":[{"count":1,"href":"https:\/\/cvinoticias.com\/v3\/wp-json\/wp\/v2\/posts\/51512\/revisions"}],"predecessor-version":[{"id":51514,"href":"https:\/\/cvinoticias.com\/v3\/wp-json\/wp\/v2\/posts\/51512\/revisions\/51514"}],"wp:featuredmedia":[{"embeddable":true,"href":"https:\/\/cvinoticias.com\/v3\/wp-json\/wp\/v2\/media\/51513"}],"wp:attachment":[{"href":"https:\/\/cvinoticias.com\/v3\/wp-json\/wp\/v2\/media?parent=51512"}],"wp:term":[{"taxonomy":"category","embeddable":true,"href":"https:\/\/cvinoticias.com\/v3\/wp-json\/wp\/v2\/categories?post=51512"},{"taxonomy":"post_tag","embeddable":true,"href":"https:\/\/cvinoticias.com\/v3\/wp-json\/wp\/v2\/tags?post=51512"}],"curies":[{"name":"wp","href":"https:\/\/api.w.org\/{rel}","templated":true}]}}