{"id":51508,"date":"2025-11-14T08:21:02","date_gmt":"2025-11-14T11:21:02","guid":{"rendered":"https:\/\/cvinoticias.com\/v3\/?p=51508"},"modified":"2025-11-14T08:21:03","modified_gmt":"2025-11-14T11:21:03","slug":"prevision-del-tiempo-en-misiones-vuelve-la-inestabilidad-con-lluvias-y-tormentas","status":"publish","type":"post","link":"https:\/\/cvinoticias.com\/v3\/prevision-del-tiempo-en-misiones-vuelve-la-inestabilidad-con-lluvias-y-tormentas\/","title":{"rendered":"Previsi\u00f3n del tiempo en Misiones: vuelve la inestabilidad con lluvias y tormentas"},"content":{"rendered":"\n<p>La Direcci\u00f3n General de Alerta Temprana anticip\u00f3 que Misiones atravesar\u00e1 un fin de semana marcado por la inestabilidad, las lluvias y el aumento de la humedad, con variaciones t\u00e9rmicas y la presencia de tormentas de distinta intensidad.<\/p>\n\n\n\n<p><strong>Viernes 14 de noviembre<\/strong><\/p>\n\n\n\n<p>Durante el viernes regresar\u00e1 la inestabilidad a la provincia. La presencia de nuevos sistemas meteorol\u00f3gicos, sumada a una atm\u00f3sfera saturada de humedad, dar\u00e1 lugar al retorno de las precipitaciones. Una zona de baja presi\u00f3n en distintos niveles seguir\u00e1 influyendo en el territorio misionero, favoreciendo el desarrollo de nubes de tormenta especialmente por la tarde, junto a chaparrones en las zonas Norte y Centro.<\/p>\n\n\n\n<p>Los vientos soplar\u00e1n del noreste despu\u00e9s del mediod\u00eda, elevando a\u00fan m\u00e1s la sensaci\u00f3n t\u00e9rmica. Se prev\u00e9n entre 2 y 10 mil\u00edmetros de lluvia para el Centro y el Norte, con probabilidades de precipitaci\u00f3n de entre 10 y 45%. La probabilidad de nieblas y neblinas ser\u00e1 alta. Las temperaturas oscilar\u00e1n entre una m\u00ednima de 17\u00b0C en San Pedro y una m\u00e1xima estimada de 31\u00b0C en Posadas, con 34\u00b0C de sensaci\u00f3n t\u00e9rmica.<\/p>\n\n\n\n<p><strong>S\u00e1bado 15 de noviembre<\/strong><\/p>\n\n\n\n<p>El s\u00e1bado persistir\u00e1 el ambiente inestable y muy h\u00famedo. El ingreso de aire c\u00e1lido a caluroso y h\u00famedo proveniente del norte, asociado a la regi\u00f3n amaz\u00f3nica, ser\u00e1 el principal impulsor de nuevas lluvias. Ese calentamiento podr\u00eda favorecer la formaci\u00f3n de tormentas por la tarde, con la posibilidad de r\u00e1fagas intensas y n\u00facleos capaces de generar granizo aislado. La mejora llegar\u00eda de manera temporaria por la noche.<\/p>\n\n\n\n<p>Se esperan acumulados de entre 5 y 15 mil\u00edmetros y probabilidades de lluvia de entre 10 y 50%. La presencia de nieblas y neblinas volver\u00e1 a ser alta. Los vientos llegar\u00e1n del noreste y norte, con velocidades de 7 a 14 km\/h y r\u00e1fagas que podr\u00edan alcanzar entre 20 y 70 km\/h. La m\u00e1xima se ubicar\u00eda en los 30\u00b0C para Ap\u00f3stoles, con sensaci\u00f3n t\u00e9rmica de 34\u00b0C, mientras que la m\u00ednima ser\u00eda de 18\u00b0C en San Pedro.<\/p>\n\n\n\n<p><strong>Domingo 16 de noviembre<\/strong><\/p>\n\n\n\n<p>Para el domingo se prev\u00e9 un panorama a\u00fan m\u00e1s inestable, con lluvias y tormentas que avanzar\u00edan desde las primeras horas sobre la zona Sur y el borde Oeste, extendi\u00e9ndose luego al resto de la provincia. La combinaci\u00f3n de aire muy c\u00e1lido y extremadamente h\u00famedo podr\u00eda generar tormentas de variada intensidad, con r\u00e1fagas, granizo y actividad el\u00e9ctrica.<\/p>\n\n\n\n<p>La llegada de un frente fr\u00edo por la tarde sostendr\u00e1 la inestabilidad y provocar\u00e1 un marcado descenso de temperatura hacia la noche. Se estiman entre 8 y 80 mil\u00edmetros de precipitaci\u00f3n para toda la provincia, con probabilidades que oscilan entre 40 y 70%. La probabilidad de nieblas ser\u00e1 baja. Los vientos rotar\u00e1n del noreste y norte hacia el suroeste, con velocidades de 6 a 22 km\/h y r\u00e1fagas de entre 30 y 70 km\/h.<\/p>\n\n\n\n<p>La temperatura m\u00e1xima prevista ser\u00e1 de 28\u00b0C en Puerto Iguaz\u00fa, con 31\u00b0C de sensaci\u00f3n t\u00e9rmica, mientras que la m\u00ednima podr\u00eda descender a 16\u00b0C en Arist\u00f3bulo del Valle.<\/p>\n\n\n\n<p><em>Fuente: Direcci\u00f3n General de Alerta Temprana \u2013 Subsecretar\u00eda de Ordenamiento Territorial \u2013 Ministerio de Ecolog\u00eda y RNR de Misiones.<\/em><\/p>\n","protected":false},"excerpt":{"rendered":"<p>La Direcci\u00f3n General de Alerta Temprana anticip\u00f3 que Misiones atravesar\u00e1 un fin de semana marcado por la inestabilidad, las lluvias y el aumento de la humedad, con variaciones t\u00e9rmicas y la presencia de tormentas de distinta intensidad. Viernes 14 de noviembre Durante el viernes regresar\u00e1 la inestabilidad a la provincia. La presencia de nuevos sistemas [&hellip;]<\/p>\n","protected":false},"author":2,"featured_media":51509,"comment_status":"open","ping_status":"closed","sticky":false,"template":"","format":"standard","meta":{"footnotes":""},"categories":[1146],"tags":[1148,313,278],"class_list":["post-51508","post","type-post","status-publish","format-standard","has-post-thumbnail","hentry","category-tiempo","tag-clima","tag-iguazu","tag-misiones"],"yoast_head":"<!-- This site is optimized with the Yoast SEO plugin v27.4 - https:\/\/yoast.com\/product\/yoast-seo-wordpress\/ -->\n<title>Previsi\u00f3n del tiempo en Misiones: lluvias y tormentas | CVI NOTICIAS<\/title>\n<meta name=\"description\" content=\"Fin de semana inestable en Misiones con lluvias, tormentas y variaci\u00f3n t\u00e9rmica seg\u00fan Alerta Temprana.\" \/>\n<meta name=\"robots\" content=\"index, follow, max-snippet:-1, max-image-preview:large, max-video-preview:-1\" \/>\n<link rel=\"canonical\" href=\"https:\/\/cvinoticias.com\/v3\/prevision-del-tiempo-en-misiones-vuelve-la-inestabilidad-con-lluvias-y-tormentas\/\" \/>\n<meta property=\"og:locale\" content=\"es_ES\" \/>\n<meta property=\"og:type\" content=\"article\" \/>\n<meta property=\"og:title\" content=\"Previsi\u00f3n del tiempo en Misiones: lluvias y tormentas | CVI NOTICIAS\" \/>\n<meta property=\"og:description\" content=\"Fin de semana inestable en Misiones con lluvias, tormentas y variaci\u00f3n t\u00e9rmica seg\u00fan Alerta Temprana.\" \/>\n<meta property=\"og:url\" content=\"https:\/\/cvinoticias.com\/v3\/prevision-del-tiempo-en-misiones-vuelve-la-inestabilidad-con-lluvias-y-tormentas\/\" \/>\n<meta property=\"og:site_name\" content=\"CVI NOTICIAS\" \/>\n<meta property=\"article:publisher\" content=\"https:\/\/www.facebook.com\/cvinoticias\" \/>\n<meta property=\"article:published_time\" content=\"2025-11-14T11:21:02+00:00\" \/>\n<meta property=\"article:modified_time\" content=\"2025-11-14T11:21:03+00:00\" \/>\n<meta property=\"og:image\" content=\"https:\/\/cvinoticias.com\/wp-content\/uploads\/2025\/11\/hito-1.jpg\" \/>\n\t<meta property=\"og:image:width\" content=\"2048\" \/>\n\t<meta property=\"og:image:height\" content=\"923\" \/>\n\t<meta property=\"og:image:type\" content=\"image\/jpeg\" \/>\n<meta name=\"author\" content=\"f1000024\" \/>\n<meta name=\"twitter:card\" content=\"summary_large_image\" \/>\n<meta name=\"twitter:label1\" content=\"Escrito por\" \/>\n\t<meta name=\"twitter:data1\" content=\"f1000024\" \/>\n\t<meta name=\"twitter:label2\" content=\"Tiempo de lectura\" \/>\n\t<meta name=\"twitter:data2\" content=\"3 minutos\" \/>\n<script type=\"application\/ld+json\" class=\"yoast-schema-graph\">{\"@context\":\"https:\\\/\\\/schema.org\",\"@graph\":[{\"@type\":\"Article\",\"@id\":\"https:\\\/\\\/cvinoticias.com\\\/v3\\\/prevision-del-tiempo-en-misiones-vuelve-la-inestabilidad-con-lluvias-y-tormentas\\\/#article\",\"isPartOf\":{\"@id\":\"https:\\\/\\\/cvinoticias.com\\\/v3\\\/prevision-del-tiempo-en-misiones-vuelve-la-inestabilidad-con-lluvias-y-tormentas\\\/\"},\"author\":{\"name\":\"f1000024\",\"@id\":\"https:\\\/\\\/cvinoticias.com\\\/v3\\\/#\\\/schema\\\/person\\\/2db77e3c6bc03c538495d7b2b8be9b66\"},\"headline\":\"Previsi\u00f3n del tiempo en Misiones: vuelve la inestabilidad con lluvias y tormentas\",\"datePublished\":\"2025-11-14T11:21:02+00:00\",\"dateModified\":\"2025-11-14T11:21:03+00:00\",\"mainEntityOfPage\":{\"@id\":\"https:\\\/\\\/cvinoticias.com\\\/v3\\\/prevision-del-tiempo-en-misiones-vuelve-la-inestabilidad-con-lluvias-y-tormentas\\\/\"},\"wordCount\":559,\"commentCount\":0,\"publisher\":{\"@id\":\"https:\\\/\\\/cvinoticias.com\\\/v3\\\/#organization\"},\"image\":{\"@id\":\"https:\\\/\\\/cvinoticias.com\\\/v3\\\/prevision-del-tiempo-en-misiones-vuelve-la-inestabilidad-con-lluvias-y-tormentas\\\/#primaryimage\"},\"thumbnailUrl\":\"https:\\\/\\\/cvinoticias.com\\\/wp-content\\\/uploads\\\/2025\\\/11\\\/hito-1.jpg\",\"keywords\":[\"Clima\",\"Iguaz\u00fa\",\"Misiones\"],\"articleSection\":[\"Tiempo\"],\"inLanguage\":\"es\",\"potentialAction\":[{\"@type\":\"CommentAction\",\"name\":\"Comment\",\"target\":[\"https:\\\/\\\/cvinoticias.com\\\/v3\\\/prevision-del-tiempo-en-misiones-vuelve-la-inestabilidad-con-lluvias-y-tormentas\\\/#respond\"]}]},{\"@type\":\"WebPage\",\"@id\":\"https:\\\/\\\/cvinoticias.com\\\/v3\\\/prevision-del-tiempo-en-misiones-vuelve-la-inestabilidad-con-lluvias-y-tormentas\\\/\",\"url\":\"https:\\\/\\\/cvinoticias.com\\\/v3\\\/prevision-del-tiempo-en-misiones-vuelve-la-inestabilidad-con-lluvias-y-tormentas\\\/\",\"name\":\"Previsi\u00f3n del tiempo en Misiones: lluvias y tormentas | CVI NOTICIAS\",\"isPartOf\":{\"@id\":\"https:\\\/\\\/cvinoticias.com\\\/v3\\\/#website\"},\"primaryImageOfPage\":{\"@id\":\"https:\\\/\\\/cvinoticias.com\\\/v3\\\/prevision-del-tiempo-en-misiones-vuelve-la-inestabilidad-con-lluvias-y-tormentas\\\/#primaryimage\"},\"image\":{\"@id\":\"https:\\\/\\\/cvinoticias.com\\\/v3\\\/prevision-del-tiempo-en-misiones-vuelve-la-inestabilidad-con-lluvias-y-tormentas\\\/#primaryimage\"},\"thumbnailUrl\":\"https:\\\/\\\/cvinoticias.com\\\/wp-content\\\/uploads\\\/2025\\\/11\\\/hito-1.jpg\",\"datePublished\":\"2025-11-14T11:21:02+00:00\",\"dateModified\":\"2025-11-14T11:21:03+00:00\",\"description\":\"Fin de semana inestable en Misiones con lluvias, tormentas y variaci\u00f3n t\u00e9rmica seg\u00fan Alerta Temprana.\",\"breadcrumb\":{\"@id\":\"https:\\\/\\\/cvinoticias.com\\\/v3\\\/prevision-del-tiempo-en-misiones-vuelve-la-inestabilidad-con-lluvias-y-tormentas\\\/#breadcrumb\"},\"inLanguage\":\"es\",\"potentialAction\":[{\"@type\":\"ReadAction\",\"target\":[\"https:\\\/\\\/cvinoticias.com\\\/v3\\\/prevision-del-tiempo-en-misiones-vuelve-la-inestabilidad-con-lluvias-y-tormentas\\\/\"]}]},{\"@type\":\"ImageObject\",\"inLanguage\":\"es\",\"@id\":\"https:\\\/\\\/cvinoticias.com\\\/v3\\\/prevision-del-tiempo-en-misiones-vuelve-la-inestabilidad-con-lluvias-y-tormentas\\\/#primaryimage\",\"url\":\"https:\\\/\\\/cvinoticias.com\\\/wp-content\\\/uploads\\\/2025\\\/11\\\/hito-1.jpg\",\"contentUrl\":\"https:\\\/\\\/cvinoticias.com\\\/wp-content\\\/uploads\\\/2025\\\/11\\\/hito-1.jpg\",\"width\":2048,\"height\":923},{\"@type\":\"BreadcrumbList\",\"@id\":\"https:\\\/\\\/cvinoticias.com\\\/v3\\\/prevision-del-tiempo-en-misiones-vuelve-la-inestabilidad-con-lluvias-y-tormentas\\\/#breadcrumb\",\"itemListElement\":[{\"@type\":\"ListItem\",\"position\":1,\"name\":\"Portada\",\"item\":\"https:\\\/\\\/cvinoticias.com\\\/v3\\\/\"},{\"@type\":\"ListItem\",\"position\":2,\"name\":\"Previsi\u00f3n del tiempo en Misiones: vuelve la inestabilidad con lluvias y tormentas\"}]},{\"@type\":\"WebSite\",\"@id\":\"https:\\\/\\\/cvinoticias.com\\\/v3\\\/#website\",\"url\":\"https:\\\/\\\/cvinoticias.com\\\/v3\\\/\",\"name\":\"CVI NOTICIAS\",\"description\":\"\",\"publisher\":{\"@id\":\"https:\\\/\\\/cvinoticias.com\\\/v3\\\/#organization\"},\"alternateName\":\"CVI\",\"potentialAction\":[{\"@type\":\"SearchAction\",\"target\":{\"@type\":\"EntryPoint\",\"urlTemplate\":\"https:\\\/\\\/cvinoticias.com\\\/v3\\\/?s={search_term_string}\"},\"query-input\":{\"@type\":\"PropertyValueSpecification\",\"valueRequired\":true,\"valueName\":\"search_term_string\"}}],\"inLanguage\":\"es\"},{\"@type\":\"Organization\",\"@id\":\"https:\\\/\\\/cvinoticias.com\\\/v3\\\/#organization\",\"name\":\"CVI NOTICIAS\",\"url\":\"https:\\\/\\\/cvinoticias.com\\\/v3\\\/\",\"logo\":{\"@type\":\"ImageObject\",\"inLanguage\":\"es\",\"@id\":\"https:\\\/\\\/cvinoticias.com\\\/v3\\\/#\\\/schema\\\/logo\\\/image\\\/\",\"url\":\"https:\\\/\\\/cvinoticias.com\\\/wp-content\\\/uploads\\\/2023\\\/04\\\/cropped-cropped-cropped-cropped-cropped-3-1.png\",\"contentUrl\":\"https:\\\/\\\/cvinoticias.com\\\/wp-content\\\/uploads\\\/2023\\\/04\\\/cropped-cropped-cropped-cropped-cropped-3-1.png\",\"width\":95,\"height\":122,\"caption\":\"CVI NOTICIAS\"},\"image\":{\"@id\":\"https:\\\/\\\/cvinoticias.com\\\/v3\\\/#\\\/schema\\\/logo\\\/image\\\/\"},\"sameAs\":[\"https:\\\/\\\/www.facebook.com\\\/cvinoticias\",\"https:\\\/\\\/www.instagram.com\\\/cvinoticias\\\/\",\"https:\\\/\\\/www.youtube.com\\\/@CVINOTICIAS\"]},{\"@type\":\"Person\",\"@id\":\"https:\\\/\\\/cvinoticias.com\\\/v3\\\/#\\\/schema\\\/person\\\/2db77e3c6bc03c538495d7b2b8be9b66\",\"name\":\"f1000024\",\"image\":{\"@type\":\"ImageObject\",\"inLanguage\":\"es\",\"@id\":\"https:\\\/\\\/secure.gravatar.com\\\/avatar\\\/d4fe7459cfc51ff5129ce1a732bbef5928568b8092d412ef95611616376bbeed?s=96&d=mm&r=g\",\"url\":\"https:\\\/\\\/secure.gravatar.com\\\/avatar\\\/d4fe7459cfc51ff5129ce1a732bbef5928568b8092d412ef95611616376bbeed?s=96&d=mm&r=g\",\"contentUrl\":\"https:\\\/\\\/secure.gravatar.com\\\/avatar\\\/d4fe7459cfc51ff5129ce1a732bbef5928568b8092d412ef95611616376bbeed?s=96&d=mm&r=g\",\"caption\":\"f1000024\"},\"url\":\"https:\\\/\\\/cvinoticias.com\\\/v3\\\/author\\\/f1000024\\\/\"}]}<\/script>\n<!-- \/ Yoast SEO plugin. -->","yoast_head_json":{"title":"Previsi\u00f3n del tiempo en Misiones: lluvias y tormentas | CVI NOTICIAS","description":"Fin de semana inestable en Misiones con lluvias, tormentas y variaci\u00f3n t\u00e9rmica seg\u00fan Alerta Temprana.","robots":{"index":"index","follow":"follow","max-snippet":"max-snippet:-1","max-image-preview":"max-image-preview:large","max-video-preview":"max-video-preview:-1"},"canonical":"https:\/\/cvinoticias.com\/v3\/prevision-del-tiempo-en-misiones-vuelve-la-inestabilidad-con-lluvias-y-tormentas\/","og_locale":"es_ES","og_type":"article","og_title":"Previsi\u00f3n del tiempo en Misiones: lluvias y tormentas | CVI NOTICIAS","og_description":"Fin de semana inestable en Misiones con lluvias, tormentas y variaci\u00f3n t\u00e9rmica seg\u00fan Alerta Temprana.","og_url":"https:\/\/cvinoticias.com\/v3\/prevision-del-tiempo-en-misiones-vuelve-la-inestabilidad-con-lluvias-y-tormentas\/","og_site_name":"CVI NOTICIAS","article_publisher":"https:\/\/www.facebook.com\/cvinoticias","article_published_time":"2025-11-14T11:21:02+00:00","article_modified_time":"2025-11-14T11:21:03+00:00","og_image":[{"width":2048,"height":923,"url":"https:\/\/cvinoticias.com\/wp-content\/uploads\/2025\/11\/hito-1.jpg","type":"image\/jpeg"}],"author":"f1000024","twitter_card":"summary_large_image","twitter_misc":{"Escrito por":"f1000024","Tiempo de lectura":"3 minutos"},"schema":{"@context":"https:\/\/schema.org","@graph":[{"@type":"Article","@id":"https:\/\/cvinoticias.com\/v3\/prevision-del-tiempo-en-misiones-vuelve-la-inestabilidad-con-lluvias-y-tormentas\/#article","isPartOf":{"@id":"https:\/\/cvinoticias.com\/v3\/prevision-del-tiempo-en-misiones-vuelve-la-inestabilidad-con-lluvias-y-tormentas\/"},"author":{"name":"f1000024","@id":"https:\/\/cvinoticias.com\/v3\/#\/schema\/person\/2db77e3c6bc03c538495d7b2b8be9b66"},"headline":"Previsi\u00f3n del tiempo en Misiones: vuelve la inestabilidad con lluvias y tormentas","datePublished":"2025-11-14T11:21:02+00:00","dateModified":"2025-11-14T11:21:03+00:00","mainEntityOfPage":{"@id":"https:\/\/cvinoticias.com\/v3\/prevision-del-tiempo-en-misiones-vuelve-la-inestabilidad-con-lluvias-y-tormentas\/"},"wordCount":559,"commentCount":0,"publisher":{"@id":"https:\/\/cvinoticias.com\/v3\/#organization"},"image":{"@id":"https:\/\/cvinoticias.com\/v3\/prevision-del-tiempo-en-misiones-vuelve-la-inestabilidad-con-lluvias-y-tormentas\/#primaryimage"},"thumbnailUrl":"https:\/\/cvinoticias.com\/wp-content\/uploads\/2025\/11\/hito-1.jpg","keywords":["Clima","Iguaz\u00fa","Misiones"],"articleSection":["Tiempo"],"inLanguage":"es","potentialAction":[{"@type":"CommentAction","name":"Comment","target":["https:\/\/cvinoticias.com\/v3\/prevision-del-tiempo-en-misiones-vuelve-la-inestabilidad-con-lluvias-y-tormentas\/#respond"]}]},{"@type":"WebPage","@id":"https:\/\/cvinoticias.com\/v3\/prevision-del-tiempo-en-misiones-vuelve-la-inestabilidad-con-lluvias-y-tormentas\/","url":"https:\/\/cvinoticias.com\/v3\/prevision-del-tiempo-en-misiones-vuelve-la-inestabilidad-con-lluvias-y-tormentas\/","name":"Previsi\u00f3n del tiempo en Misiones: lluvias y tormentas | CVI NOTICIAS","isPartOf":{"@id":"https:\/\/cvinoticias.com\/v3\/#website"},"primaryImageOfPage":{"@id":"https:\/\/cvinoticias.com\/v3\/prevision-del-tiempo-en-misiones-vuelve-la-inestabilidad-con-lluvias-y-tormentas\/#primaryimage"},"image":{"@id":"https:\/\/cvinoticias.com\/v3\/prevision-del-tiempo-en-misiones-vuelve-la-inestabilidad-con-lluvias-y-tormentas\/#primaryimage"},"thumbnailUrl":"https:\/\/cvinoticias.com\/wp-content\/uploads\/2025\/11\/hito-1.jpg","datePublished":"2025-11-14T11:21:02+00:00","dateModified":"2025-11-14T11:21:03+00:00","description":"Fin de semana inestable en Misiones con lluvias, tormentas y variaci\u00f3n t\u00e9rmica seg\u00fan Alerta Temprana.","breadcrumb":{"@id":"https:\/\/cvinoticias.com\/v3\/prevision-del-tiempo-en-misiones-vuelve-la-inestabilidad-con-lluvias-y-tormentas\/#breadcrumb"},"inLanguage":"es","potentialAction":[{"@type":"ReadAction","target":["https:\/\/cvinoticias.com\/v3\/prevision-del-tiempo-en-misiones-vuelve-la-inestabilidad-con-lluvias-y-tormentas\/"]}]},{"@type":"ImageObject","inLanguage":"es","@id":"https:\/\/cvinoticias.com\/v3\/prevision-del-tiempo-en-misiones-vuelve-la-inestabilidad-con-lluvias-y-tormentas\/#primaryimage","url":"https:\/\/cvinoticias.com\/wp-content\/uploads\/2025\/11\/hito-1.jpg","contentUrl":"https:\/\/cvinoticias.com\/wp-content\/uploads\/2025\/11\/hito-1.jpg","width":2048,"height":923},{"@type":"BreadcrumbList","@id":"https:\/\/cvinoticias.com\/v3\/prevision-del-tiempo-en-misiones-vuelve-la-inestabilidad-con-lluvias-y-tormentas\/#breadcrumb","itemListElement":[{"@type":"ListItem","position":1,"name":"Portada","item":"https:\/\/cvinoticias.com\/v3\/"},{"@type":"ListItem","position":2,"name":"Previsi\u00f3n del tiempo en Misiones: vuelve la inestabilidad con lluvias y tormentas"}]},{"@type":"WebSite","@id":"https:\/\/cvinoticias.com\/v3\/#website","url":"https:\/\/cvinoticias.com\/v3\/","name":"CVI NOTICIAS","description":"","publisher":{"@id":"https:\/\/cvinoticias.com\/v3\/#organization"},"alternateName":"CVI","potentialAction":[{"@type":"SearchAction","target":{"@type":"EntryPoint","urlTemplate":"https:\/\/cvinoticias.com\/v3\/?s={search_term_string}"},"query-input":{"@type":"PropertyValueSpecification","valueRequired":true,"valueName":"search_term_string"}}],"inLanguage":"es"},{"@type":"Organization","@id":"https:\/\/cvinoticias.com\/v3\/#organization","name":"CVI NOTICIAS","url":"https:\/\/cvinoticias.com\/v3\/","logo":{"@type":"ImageObject","inLanguage":"es","@id":"https:\/\/cvinoticias.com\/v3\/#\/schema\/logo\/image\/","url":"https:\/\/cvinoticias.com\/wp-content\/uploads\/2023\/04\/cropped-cropped-cropped-cropped-cropped-3-1.png","contentUrl":"https:\/\/cvinoticias.com\/wp-content\/uploads\/2023\/04\/cropped-cropped-cropped-cropped-cropped-3-1.png","width":95,"height":122,"caption":"CVI NOTICIAS"},"image":{"@id":"https:\/\/cvinoticias.com\/v3\/#\/schema\/logo\/image\/"},"sameAs":["https:\/\/www.facebook.com\/cvinoticias","https:\/\/www.instagram.com\/cvinoticias\/","https:\/\/www.youtube.com\/@CVINOTICIAS"]},{"@type":"Person","@id":"https:\/\/cvinoticias.com\/v3\/#\/schema\/person\/2db77e3c6bc03c538495d7b2b8be9b66","name":"f1000024","image":{"@type":"ImageObject","inLanguage":"es","@id":"https:\/\/secure.gravatar.com\/avatar\/d4fe7459cfc51ff5129ce1a732bbef5928568b8092d412ef95611616376bbeed?s=96&d=mm&r=g","url":"https:\/\/secure.gravatar.com\/avatar\/d4fe7459cfc51ff5129ce1a732bbef5928568b8092d412ef95611616376bbeed?s=96&d=mm&r=g","contentUrl":"https:\/\/secure.gravatar.com\/avatar\/d4fe7459cfc51ff5129ce1a732bbef5928568b8092d412ef95611616376bbeed?s=96&d=mm&r=g","caption":"f1000024"},"url":"https:\/\/cvinoticias.com\/v3\/author\/f1000024\/"}]}},"_links":{"self":[{"href":"https:\/\/cvinoticias.com\/v3\/wp-json\/wp\/v2\/posts\/51508","targetHints":{"allow":["GET"]}}],"collection":[{"href":"https:\/\/cvinoticias.com\/v3\/wp-json\/wp\/v2\/posts"}],"about":[{"href":"https:\/\/cvinoticias.com\/v3\/wp-json\/wp\/v2\/types\/post"}],"author":[{"embeddable":true,"href":"https:\/\/cvinoticias.com\/v3\/wp-json\/wp\/v2\/users\/2"}],"replies":[{"embeddable":true,"href":"https:\/\/cvinoticias.com\/v3\/wp-json\/wp\/v2\/comments?post=51508"}],"version-history":[{"count":1,"href":"https:\/\/cvinoticias.com\/v3\/wp-json\/wp\/v2\/posts\/51508\/revisions"}],"predecessor-version":[{"id":51510,"href":"https:\/\/cvinoticias.com\/v3\/wp-json\/wp\/v2\/posts\/51508\/revisions\/51510"}],"wp:featuredmedia":[{"embeddable":true,"href":"https:\/\/cvinoticias.com\/v3\/wp-json\/wp\/v2\/media\/51509"}],"wp:attachment":[{"href":"https:\/\/cvinoticias.com\/v3\/wp-json\/wp\/v2\/media?parent=51508"}],"wp:term":[{"taxonomy":"category","embeddable":true,"href":"https:\/\/cvinoticias.com\/v3\/wp-json\/wp\/v2\/categories?post=51508"},{"taxonomy":"post_tag","embeddable":true,"href":"https:\/\/cvinoticias.com\/v3\/wp-json\/wp\/v2\/tags?post=51508"}],"curies":[{"name":"wp","href":"https:\/\/api.w.org\/{rel}","templated":true}]}}