{"id":51405,"date":"2025-11-11T14:30:54","date_gmt":"2025-11-11T17:30:54","guid":{"rendered":"https:\/\/cvinoticias.com\/v3\/?p=51405"},"modified":"2025-11-12T09:25:10","modified_gmt":"2025-11-12T12:25:10","slug":"capacitacion-en-abordaje-integral-del-suicidio-reunio-a-referentes-locales-en-iguazu","status":"publish","type":"post","link":"https:\/\/cvinoticias.com\/v3\/capacitacion-en-abordaje-integral-del-suicidio-reunio-a-referentes-locales-en-iguazu\/","title":{"rendered":"Capacitaci\u00f3n en abordaje integral del suicidio reuni\u00f3 a referentes locales en Iguaz\u00fa"},"content":{"rendered":"\n<p>En el marco del trabajo articulado entre la Municipalidad de Puerto Iguaz\u00fa, el CAIS Misiones (Comisi\u00f3n de Abordaje Integral del Suicidio) y el Ministerio de Salud P\u00fablica, se llev\u00f3 adelante una importante capacitaci\u00f3n sobre prevenci\u00f3n y abordaje integral del suicidio, dirigida a agentes territoriales y referentes comunitarios.<\/p>\n\n\n\n<p>La jornada tuvo lugar en las instalaciones del ITUREM, y cont\u00f3 con la participaci\u00f3n de profesionales de distintas \u00e1reas, instituciones locales y representantes de organismos de salud, quienes se sumaron a esta propuesta orientada a fortalecer la red de contenci\u00f3n y acompa\u00f1amiento en la comunidad.<\/p>\n\n\n\n<p>En di\u00e1logo con CVI Noticias, la Lic. D\u00e9bora Vallejos, integrante de la Coordinaci\u00f3n de la Comisi\u00f3n de Abordaje Integral del Suicidio, explic\u00f3 que la actividad forma parte de una estrategia provincial que busca generar mesas t\u00e9cnicas locales en cada municipio: \u201cEn cada localidad trabajamos con referentes comunitarios que puedan abordar esta tem\u00e1tica de forma integral. Es lo que nos trae a Iguaz\u00fa: trabajar junto a los referentes locales. Por suerte hubo una excelente convocatoria de diferentes sectores y estamos muy contentos\u201d, destac\u00f3.<\/p>\n\n\n\n<p>Por otro lado, la profesional subray\u00f3 la importancia de la formaci\u00f3n y la sensibilizaci\u00f3n en la tem\u00e1tica: \u201cComo comunidad debemos abordar esto cada uno desde su lugar. La idea es poder brindar herramientas para un mejor abordaje y fortalecer la prevenci\u00f3n\u201d, expres\u00f3.<\/p>\n\n\n\n<p>La capacitaci\u00f3n se enmarca en la pol\u00edtica provincial de salud mental y prevenci\u00f3n, promoviendo el trabajo en red y el compromiso de todos los sectores para acompa\u00f1ar, contener y actuar ante situaciones de riesgo.<\/p>\n\n\n\n<figure class=\"wp-block-image size-large\"><a href=\"https:\/\/cvinoticias.com\/wp-content\/uploads\/2025\/11\/1-6.jpg\"><img decoding=\"async\" width=\"1024\" height=\"576\" data-src=\"https:\/\/cvinoticias.com\/wp-content\/uploads\/2025\/11\/1-6-1024x576.jpg\" alt=\"\" class=\"wp-image-51407 lazyload\" data-srcset=\"https:\/\/cvinoticias.com\/wp-content\/uploads\/2025\/11\/1-6-1024x576.jpg 1024w, https:\/\/cvinoticias.com\/wp-content\/uploads\/2025\/11\/1-6-300x169.jpg 300w, https:\/\/cvinoticias.com\/wp-content\/uploads\/2025\/11\/1-6-768x432.jpg 768w, https:\/\/cvinoticias.com\/wp-content\/uploads\/2025\/11\/1-6.jpg 1280w\" data-sizes=\"(max-width: 1024px) 100vw, 1024px\" src=\"data:image\/svg+xml;base64,PHN2ZyB3aWR0aD0iMSIgaGVpZ2h0PSIxIiB4bWxucz0iaHR0cDovL3d3dy53My5vcmcvMjAwMC9zdmciPjwvc3ZnPg==\" style=\"--smush-placeholder-width: 1024px; --smush-placeholder-aspect-ratio: 1024\/576;\" \/><\/a><\/figure>\n\n\n\n<p>Entrevista con: Lic. D\u00e9bora Vallejos &#8211; Integrante de la Coordinaci\u00f3n de la Comisi\u00f3n de Abordaje Integral del Suicidio (CAIS)<\/p>\n","protected":false},"excerpt":{"rendered":"<p>En el marco del trabajo articulado entre la Municipalidad de Puerto Iguaz\u00fa, el CAIS Misiones (Comisi\u00f3n de Abordaje Integral del Suicidio) y el Ministerio de Salud P\u00fablica, se llev\u00f3 adelante una importante capacitaci\u00f3n sobre prevenci\u00f3n y abordaje integral del suicidio, dirigida a agentes territoriales y referentes comunitarios. La jornada tuvo lugar en las instalaciones del [&hellip;]<\/p>\n","protected":false},"author":2,"featured_media":51406,"comment_status":"open","ping_status":"closed","sticky":false,"template":"","format":"standard","meta":{"footnotes":""},"categories":[47],"tags":[4413,131,313,1391],"class_list":["post-51405","post","type-post","status-publish","format-standard","has-post-thumbnail","hentry","category-sociedad","tag-abordaje","tag-capacitacion","tag-iguazu","tag-suicidio"],"yoast_head":"<!-- This site is optimized with the Yoast SEO plugin v27.4 - https:\/\/yoast.com\/product\/yoast-seo-wordpress\/ -->\n<title>Capacitaci\u00f3n sobre prevenci\u00f3n del suicidio en Iguaz\u00fa | CVI NOTICIAS<\/title>\n<meta name=\"description\" content=\"Referentes locales participaron en una jornada de capacitaci\u00f3n sobre prevenci\u00f3n y abordaje integral del suicidio.\" \/>\n<meta name=\"robots\" content=\"index, follow, max-snippet:-1, max-image-preview:large, max-video-preview:-1\" \/>\n<link rel=\"canonical\" href=\"https:\/\/cvinoticias.com\/v3\/capacitacion-en-abordaje-integral-del-suicidio-reunio-a-referentes-locales-en-iguazu\/\" \/>\n<meta property=\"og:locale\" content=\"es_ES\" \/>\n<meta property=\"og:type\" content=\"article\" \/>\n<meta property=\"og:title\" content=\"Capacitaci\u00f3n sobre prevenci\u00f3n del suicidio en Iguaz\u00fa | CVI NOTICIAS\" \/>\n<meta property=\"og:description\" content=\"Referentes locales participaron en una jornada de capacitaci\u00f3n sobre prevenci\u00f3n y abordaje integral del suicidio.\" \/>\n<meta property=\"og:url\" content=\"https:\/\/cvinoticias.com\/v3\/capacitacion-en-abordaje-integral-del-suicidio-reunio-a-referentes-locales-en-iguazu\/\" \/>\n<meta property=\"og:site_name\" content=\"CVI NOTICIAS\" \/>\n<meta property=\"article:publisher\" content=\"https:\/\/www.facebook.com\/cvinoticias\" \/>\n<meta property=\"article:published_time\" content=\"2025-11-11T17:30:54+00:00\" \/>\n<meta property=\"article:modified_time\" content=\"2025-11-12T12:25:10+00:00\" \/>\n<meta property=\"og:image\" content=\"https:\/\/cvinoticias.com\/wp-content\/uploads\/2025\/11\/6487c028-b73f-4827-9392-8757713616af.jpg\" \/>\n\t<meta property=\"og:image:width\" content=\"1280\" \/>\n\t<meta property=\"og:image:height\" content=\"720\" \/>\n\t<meta property=\"og:image:type\" content=\"image\/jpeg\" \/>\n<meta name=\"author\" content=\"f1000024\" \/>\n<meta name=\"twitter:card\" content=\"summary_large_image\" \/>\n<meta name=\"twitter:label1\" content=\"Escrito por\" \/>\n\t<meta name=\"twitter:data1\" content=\"f1000024\" \/>\n\t<meta name=\"twitter:label2\" content=\"Tiempo de lectura\" \/>\n\t<meta name=\"twitter:data2\" content=\"2 minutos\" \/>\n<script type=\"application\/ld+json\" class=\"yoast-schema-graph\">{\"@context\":\"https:\\\/\\\/schema.org\",\"@graph\":[{\"@type\":\"Article\",\"@id\":\"https:\\\/\\\/cvinoticias.com\\\/v3\\\/capacitacion-en-abordaje-integral-del-suicidio-reunio-a-referentes-locales-en-iguazu\\\/#article\",\"isPartOf\":{\"@id\":\"https:\\\/\\\/cvinoticias.com\\\/v3\\\/capacitacion-en-abordaje-integral-del-suicidio-reunio-a-referentes-locales-en-iguazu\\\/\"},\"author\":{\"name\":\"f1000024\",\"@id\":\"https:\\\/\\\/cvinoticias.com\\\/v3\\\/#\\\/schema\\\/person\\\/2db77e3c6bc03c538495d7b2b8be9b66\"},\"headline\":\"Capacitaci\u00f3n en abordaje integral del suicidio reuni\u00f3 a referentes locales en Iguaz\u00fa\",\"datePublished\":\"2025-11-11T17:30:54+00:00\",\"dateModified\":\"2025-11-12T12:25:10+00:00\",\"mainEntityOfPage\":{\"@id\":\"https:\\\/\\\/cvinoticias.com\\\/v3\\\/capacitacion-en-abordaje-integral-del-suicidio-reunio-a-referentes-locales-en-iguazu\\\/\"},\"wordCount\":306,\"commentCount\":0,\"publisher\":{\"@id\":\"https:\\\/\\\/cvinoticias.com\\\/v3\\\/#organization\"},\"image\":{\"@id\":\"https:\\\/\\\/cvinoticias.com\\\/v3\\\/capacitacion-en-abordaje-integral-del-suicidio-reunio-a-referentes-locales-en-iguazu\\\/#primaryimage\"},\"thumbnailUrl\":\"https:\\\/\\\/cvinoticias.com\\\/wp-content\\\/uploads\\\/2025\\\/11\\\/6487c028-b73f-4827-9392-8757713616af.jpg\",\"keywords\":[\"abordaje\",\"capacitacion\",\"Iguaz\u00fa\",\"Suicidio\"],\"articleSection\":[\"Sociedad\"],\"inLanguage\":\"es\",\"potentialAction\":[{\"@type\":\"CommentAction\",\"name\":\"Comment\",\"target\":[\"https:\\\/\\\/cvinoticias.com\\\/v3\\\/capacitacion-en-abordaje-integral-del-suicidio-reunio-a-referentes-locales-en-iguazu\\\/#respond\"]}]},{\"@type\":\"WebPage\",\"@id\":\"https:\\\/\\\/cvinoticias.com\\\/v3\\\/capacitacion-en-abordaje-integral-del-suicidio-reunio-a-referentes-locales-en-iguazu\\\/\",\"url\":\"https:\\\/\\\/cvinoticias.com\\\/v3\\\/capacitacion-en-abordaje-integral-del-suicidio-reunio-a-referentes-locales-en-iguazu\\\/\",\"name\":\"Capacitaci\u00f3n sobre prevenci\u00f3n del suicidio en Iguaz\u00fa | CVI NOTICIAS\",\"isPartOf\":{\"@id\":\"https:\\\/\\\/cvinoticias.com\\\/v3\\\/#website\"},\"primaryImageOfPage\":{\"@id\":\"https:\\\/\\\/cvinoticias.com\\\/v3\\\/capacitacion-en-abordaje-integral-del-suicidio-reunio-a-referentes-locales-en-iguazu\\\/#primaryimage\"},\"image\":{\"@id\":\"https:\\\/\\\/cvinoticias.com\\\/v3\\\/capacitacion-en-abordaje-integral-del-suicidio-reunio-a-referentes-locales-en-iguazu\\\/#primaryimage\"},\"thumbnailUrl\":\"https:\\\/\\\/cvinoticias.com\\\/wp-content\\\/uploads\\\/2025\\\/11\\\/6487c028-b73f-4827-9392-8757713616af.jpg\",\"datePublished\":\"2025-11-11T17:30:54+00:00\",\"dateModified\":\"2025-11-12T12:25:10+00:00\",\"description\":\"Referentes locales participaron en una jornada de capacitaci\u00f3n sobre prevenci\u00f3n y abordaje integral del suicidio.\",\"breadcrumb\":{\"@id\":\"https:\\\/\\\/cvinoticias.com\\\/v3\\\/capacitacion-en-abordaje-integral-del-suicidio-reunio-a-referentes-locales-en-iguazu\\\/#breadcrumb\"},\"inLanguage\":\"es\",\"potentialAction\":[{\"@type\":\"ReadAction\",\"target\":[\"https:\\\/\\\/cvinoticias.com\\\/v3\\\/capacitacion-en-abordaje-integral-del-suicidio-reunio-a-referentes-locales-en-iguazu\\\/\"]}]},{\"@type\":\"ImageObject\",\"inLanguage\":\"es\",\"@id\":\"https:\\\/\\\/cvinoticias.com\\\/v3\\\/capacitacion-en-abordaje-integral-del-suicidio-reunio-a-referentes-locales-en-iguazu\\\/#primaryimage\",\"url\":\"https:\\\/\\\/cvinoticias.com\\\/wp-content\\\/uploads\\\/2025\\\/11\\\/6487c028-b73f-4827-9392-8757713616af.jpg\",\"contentUrl\":\"https:\\\/\\\/cvinoticias.com\\\/wp-content\\\/uploads\\\/2025\\\/11\\\/6487c028-b73f-4827-9392-8757713616af.jpg\",\"width\":1280,\"height\":720},{\"@type\":\"BreadcrumbList\",\"@id\":\"https:\\\/\\\/cvinoticias.com\\\/v3\\\/capacitacion-en-abordaje-integral-del-suicidio-reunio-a-referentes-locales-en-iguazu\\\/#breadcrumb\",\"itemListElement\":[{\"@type\":\"ListItem\",\"position\":1,\"name\":\"Portada\",\"item\":\"https:\\\/\\\/cvinoticias.com\\\/v3\\\/\"},{\"@type\":\"ListItem\",\"position\":2,\"name\":\"Capacitaci\u00f3n en abordaje integral del suicidio reuni\u00f3 a referentes locales en Iguaz\u00fa\"}]},{\"@type\":\"WebSite\",\"@id\":\"https:\\\/\\\/cvinoticias.com\\\/v3\\\/#website\",\"url\":\"https:\\\/\\\/cvinoticias.com\\\/v3\\\/\",\"name\":\"CVI NOTICIAS\",\"description\":\"\",\"publisher\":{\"@id\":\"https:\\\/\\\/cvinoticias.com\\\/v3\\\/#organization\"},\"alternateName\":\"CVI\",\"potentialAction\":[{\"@type\":\"SearchAction\",\"target\":{\"@type\":\"EntryPoint\",\"urlTemplate\":\"https:\\\/\\\/cvinoticias.com\\\/v3\\\/?s={search_term_string}\"},\"query-input\":{\"@type\":\"PropertyValueSpecification\",\"valueRequired\":true,\"valueName\":\"search_term_string\"}}],\"inLanguage\":\"es\"},{\"@type\":\"Organization\",\"@id\":\"https:\\\/\\\/cvinoticias.com\\\/v3\\\/#organization\",\"name\":\"CVI NOTICIAS\",\"url\":\"https:\\\/\\\/cvinoticias.com\\\/v3\\\/\",\"logo\":{\"@type\":\"ImageObject\",\"inLanguage\":\"es\",\"@id\":\"https:\\\/\\\/cvinoticias.com\\\/v3\\\/#\\\/schema\\\/logo\\\/image\\\/\",\"url\":\"https:\\\/\\\/cvinoticias.com\\\/wp-content\\\/uploads\\\/2023\\\/04\\\/cropped-cropped-cropped-cropped-cropped-3-1.png\",\"contentUrl\":\"https:\\\/\\\/cvinoticias.com\\\/wp-content\\\/uploads\\\/2023\\\/04\\\/cropped-cropped-cropped-cropped-cropped-3-1.png\",\"width\":95,\"height\":122,\"caption\":\"CVI NOTICIAS\"},\"image\":{\"@id\":\"https:\\\/\\\/cvinoticias.com\\\/v3\\\/#\\\/schema\\\/logo\\\/image\\\/\"},\"sameAs\":[\"https:\\\/\\\/www.facebook.com\\\/cvinoticias\",\"https:\\\/\\\/www.instagram.com\\\/cvinoticias\\\/\",\"https:\\\/\\\/www.youtube.com\\\/@CVINOTICIAS\"]},{\"@type\":\"Person\",\"@id\":\"https:\\\/\\\/cvinoticias.com\\\/v3\\\/#\\\/schema\\\/person\\\/2db77e3c6bc03c538495d7b2b8be9b66\",\"name\":\"f1000024\",\"image\":{\"@type\":\"ImageObject\",\"inLanguage\":\"es\",\"@id\":\"https:\\\/\\\/secure.gravatar.com\\\/avatar\\\/d4fe7459cfc51ff5129ce1a732bbef5928568b8092d412ef95611616376bbeed?s=96&d=mm&r=g\",\"url\":\"https:\\\/\\\/secure.gravatar.com\\\/avatar\\\/d4fe7459cfc51ff5129ce1a732bbef5928568b8092d412ef95611616376bbeed?s=96&d=mm&r=g\",\"contentUrl\":\"https:\\\/\\\/secure.gravatar.com\\\/avatar\\\/d4fe7459cfc51ff5129ce1a732bbef5928568b8092d412ef95611616376bbeed?s=96&d=mm&r=g\",\"caption\":\"f1000024\"},\"url\":\"https:\\\/\\\/cvinoticias.com\\\/v3\\\/author\\\/f1000024\\\/\"}]}<\/script>\n<!-- \/ Yoast SEO plugin. -->","yoast_head_json":{"title":"Capacitaci\u00f3n sobre prevenci\u00f3n del suicidio en Iguaz\u00fa | CVI NOTICIAS","description":"Referentes locales participaron en una jornada de capacitaci\u00f3n sobre prevenci\u00f3n y abordaje integral del suicidio.","robots":{"index":"index","follow":"follow","max-snippet":"max-snippet:-1","max-image-preview":"max-image-preview:large","max-video-preview":"max-video-preview:-1"},"canonical":"https:\/\/cvinoticias.com\/v3\/capacitacion-en-abordaje-integral-del-suicidio-reunio-a-referentes-locales-en-iguazu\/","og_locale":"es_ES","og_type":"article","og_title":"Capacitaci\u00f3n sobre prevenci\u00f3n del suicidio en Iguaz\u00fa | CVI NOTICIAS","og_description":"Referentes locales participaron en una jornada de capacitaci\u00f3n sobre prevenci\u00f3n y abordaje integral del suicidio.","og_url":"https:\/\/cvinoticias.com\/v3\/capacitacion-en-abordaje-integral-del-suicidio-reunio-a-referentes-locales-en-iguazu\/","og_site_name":"CVI NOTICIAS","article_publisher":"https:\/\/www.facebook.com\/cvinoticias","article_published_time":"2025-11-11T17:30:54+00:00","article_modified_time":"2025-11-12T12:25:10+00:00","og_image":[{"width":1280,"height":720,"url":"https:\/\/cvinoticias.com\/wp-content\/uploads\/2025\/11\/6487c028-b73f-4827-9392-8757713616af.jpg","type":"image\/jpeg"}],"author":"f1000024","twitter_card":"summary_large_image","twitter_misc":{"Escrito por":"f1000024","Tiempo de lectura":"2 minutos"},"schema":{"@context":"https:\/\/schema.org","@graph":[{"@type":"Article","@id":"https:\/\/cvinoticias.com\/v3\/capacitacion-en-abordaje-integral-del-suicidio-reunio-a-referentes-locales-en-iguazu\/#article","isPartOf":{"@id":"https:\/\/cvinoticias.com\/v3\/capacitacion-en-abordaje-integral-del-suicidio-reunio-a-referentes-locales-en-iguazu\/"},"author":{"name":"f1000024","@id":"https:\/\/cvinoticias.com\/v3\/#\/schema\/person\/2db77e3c6bc03c538495d7b2b8be9b66"},"headline":"Capacitaci\u00f3n en abordaje integral del suicidio reuni\u00f3 a referentes locales en Iguaz\u00fa","datePublished":"2025-11-11T17:30:54+00:00","dateModified":"2025-11-12T12:25:10+00:00","mainEntityOfPage":{"@id":"https:\/\/cvinoticias.com\/v3\/capacitacion-en-abordaje-integral-del-suicidio-reunio-a-referentes-locales-en-iguazu\/"},"wordCount":306,"commentCount":0,"publisher":{"@id":"https:\/\/cvinoticias.com\/v3\/#organization"},"image":{"@id":"https:\/\/cvinoticias.com\/v3\/capacitacion-en-abordaje-integral-del-suicidio-reunio-a-referentes-locales-en-iguazu\/#primaryimage"},"thumbnailUrl":"https:\/\/cvinoticias.com\/wp-content\/uploads\/2025\/11\/6487c028-b73f-4827-9392-8757713616af.jpg","keywords":["abordaje","capacitacion","Iguaz\u00fa","Suicidio"],"articleSection":["Sociedad"],"inLanguage":"es","potentialAction":[{"@type":"CommentAction","name":"Comment","target":["https:\/\/cvinoticias.com\/v3\/capacitacion-en-abordaje-integral-del-suicidio-reunio-a-referentes-locales-en-iguazu\/#respond"]}]},{"@type":"WebPage","@id":"https:\/\/cvinoticias.com\/v3\/capacitacion-en-abordaje-integral-del-suicidio-reunio-a-referentes-locales-en-iguazu\/","url":"https:\/\/cvinoticias.com\/v3\/capacitacion-en-abordaje-integral-del-suicidio-reunio-a-referentes-locales-en-iguazu\/","name":"Capacitaci\u00f3n sobre prevenci\u00f3n del suicidio en Iguaz\u00fa | CVI NOTICIAS","isPartOf":{"@id":"https:\/\/cvinoticias.com\/v3\/#website"},"primaryImageOfPage":{"@id":"https:\/\/cvinoticias.com\/v3\/capacitacion-en-abordaje-integral-del-suicidio-reunio-a-referentes-locales-en-iguazu\/#primaryimage"},"image":{"@id":"https:\/\/cvinoticias.com\/v3\/capacitacion-en-abordaje-integral-del-suicidio-reunio-a-referentes-locales-en-iguazu\/#primaryimage"},"thumbnailUrl":"https:\/\/cvinoticias.com\/wp-content\/uploads\/2025\/11\/6487c028-b73f-4827-9392-8757713616af.jpg","datePublished":"2025-11-11T17:30:54+00:00","dateModified":"2025-11-12T12:25:10+00:00","description":"Referentes locales participaron en una jornada de capacitaci\u00f3n sobre prevenci\u00f3n y abordaje integral del suicidio.","breadcrumb":{"@id":"https:\/\/cvinoticias.com\/v3\/capacitacion-en-abordaje-integral-del-suicidio-reunio-a-referentes-locales-en-iguazu\/#breadcrumb"},"inLanguage":"es","potentialAction":[{"@type":"ReadAction","target":["https:\/\/cvinoticias.com\/v3\/capacitacion-en-abordaje-integral-del-suicidio-reunio-a-referentes-locales-en-iguazu\/"]}]},{"@type":"ImageObject","inLanguage":"es","@id":"https:\/\/cvinoticias.com\/v3\/capacitacion-en-abordaje-integral-del-suicidio-reunio-a-referentes-locales-en-iguazu\/#primaryimage","url":"https:\/\/cvinoticias.com\/wp-content\/uploads\/2025\/11\/6487c028-b73f-4827-9392-8757713616af.jpg","contentUrl":"https:\/\/cvinoticias.com\/wp-content\/uploads\/2025\/11\/6487c028-b73f-4827-9392-8757713616af.jpg","width":1280,"height":720},{"@type":"BreadcrumbList","@id":"https:\/\/cvinoticias.com\/v3\/capacitacion-en-abordaje-integral-del-suicidio-reunio-a-referentes-locales-en-iguazu\/#breadcrumb","itemListElement":[{"@type":"ListItem","position":1,"name":"Portada","item":"https:\/\/cvinoticias.com\/v3\/"},{"@type":"ListItem","position":2,"name":"Capacitaci\u00f3n en abordaje integral del suicidio reuni\u00f3 a referentes locales en Iguaz\u00fa"}]},{"@type":"WebSite","@id":"https:\/\/cvinoticias.com\/v3\/#website","url":"https:\/\/cvinoticias.com\/v3\/","name":"CVI NOTICIAS","description":"","publisher":{"@id":"https:\/\/cvinoticias.com\/v3\/#organization"},"alternateName":"CVI","potentialAction":[{"@type":"SearchAction","target":{"@type":"EntryPoint","urlTemplate":"https:\/\/cvinoticias.com\/v3\/?s={search_term_string}"},"query-input":{"@type":"PropertyValueSpecification","valueRequired":true,"valueName":"search_term_string"}}],"inLanguage":"es"},{"@type":"Organization","@id":"https:\/\/cvinoticias.com\/v3\/#organization","name":"CVI NOTICIAS","url":"https:\/\/cvinoticias.com\/v3\/","logo":{"@type":"ImageObject","inLanguage":"es","@id":"https:\/\/cvinoticias.com\/v3\/#\/schema\/logo\/image\/","url":"https:\/\/cvinoticias.com\/wp-content\/uploads\/2023\/04\/cropped-cropped-cropped-cropped-cropped-3-1.png","contentUrl":"https:\/\/cvinoticias.com\/wp-content\/uploads\/2023\/04\/cropped-cropped-cropped-cropped-cropped-3-1.png","width":95,"height":122,"caption":"CVI NOTICIAS"},"image":{"@id":"https:\/\/cvinoticias.com\/v3\/#\/schema\/logo\/image\/"},"sameAs":["https:\/\/www.facebook.com\/cvinoticias","https:\/\/www.instagram.com\/cvinoticias\/","https:\/\/www.youtube.com\/@CVINOTICIAS"]},{"@type":"Person","@id":"https:\/\/cvinoticias.com\/v3\/#\/schema\/person\/2db77e3c6bc03c538495d7b2b8be9b66","name":"f1000024","image":{"@type":"ImageObject","inLanguage":"es","@id":"https:\/\/secure.gravatar.com\/avatar\/d4fe7459cfc51ff5129ce1a732bbef5928568b8092d412ef95611616376bbeed?s=96&d=mm&r=g","url":"https:\/\/secure.gravatar.com\/avatar\/d4fe7459cfc51ff5129ce1a732bbef5928568b8092d412ef95611616376bbeed?s=96&d=mm&r=g","contentUrl":"https:\/\/secure.gravatar.com\/avatar\/d4fe7459cfc51ff5129ce1a732bbef5928568b8092d412ef95611616376bbeed?s=96&d=mm&r=g","caption":"f1000024"},"url":"https:\/\/cvinoticias.com\/v3\/author\/f1000024\/"}]}},"_links":{"self":[{"href":"https:\/\/cvinoticias.com\/v3\/wp-json\/wp\/v2\/posts\/51405","targetHints":{"allow":["GET"]}}],"collection":[{"href":"https:\/\/cvinoticias.com\/v3\/wp-json\/wp\/v2\/posts"}],"about":[{"href":"https:\/\/cvinoticias.com\/v3\/wp-json\/wp\/v2\/types\/post"}],"author":[{"embeddable":true,"href":"https:\/\/cvinoticias.com\/v3\/wp-json\/wp\/v2\/users\/2"}],"replies":[{"embeddable":true,"href":"https:\/\/cvinoticias.com\/v3\/wp-json\/wp\/v2\/comments?post=51405"}],"version-history":[{"count":1,"href":"https:\/\/cvinoticias.com\/v3\/wp-json\/wp\/v2\/posts\/51405\/revisions"}],"predecessor-version":[{"id":51408,"href":"https:\/\/cvinoticias.com\/v3\/wp-json\/wp\/v2\/posts\/51405\/revisions\/51408"}],"wp:featuredmedia":[{"embeddable":true,"href":"https:\/\/cvinoticias.com\/v3\/wp-json\/wp\/v2\/media\/51406"}],"wp:attachment":[{"href":"https:\/\/cvinoticias.com\/v3\/wp-json\/wp\/v2\/media?parent=51405"}],"wp:term":[{"taxonomy":"category","embeddable":true,"href":"https:\/\/cvinoticias.com\/v3\/wp-json\/wp\/v2\/categories?post=51405"},{"taxonomy":"post_tag","embeddable":true,"href":"https:\/\/cvinoticias.com\/v3\/wp-json\/wp\/v2\/tags?post=51405"}],"curies":[{"name":"wp","href":"https:\/\/api.w.org\/{rel}","templated":true}]}}