{"id":51276,"date":"2025-11-10T08:50:44","date_gmt":"2025-11-10T11:50:44","guid":{"rendered":"https:\/\/cvinoticias.com\/v3\/?p=51276"},"modified":"2025-11-10T08:50:45","modified_gmt":"2025-11-10T11:50:45","slug":"futbolista-juvenil-de-mitre-desaparecio-tras-sumergirse-en-el-rio-parana-este-lunes-retomaran-su-busqueda","status":"publish","type":"post","link":"https:\/\/cvinoticias.com\/v3\/futbolista-juvenil-de-mitre-desaparecio-tras-sumergirse-en-el-rio-parana-este-lunes-retomaran-su-busqueda\/","title":{"rendered":"Futbolista juvenil de Mitre desapareci\u00f3 tras sumergirse en el r\u00edo Paran\u00e1: este lunes retomar\u00e1n su b\u00fasqueda"},"content":{"rendered":"\n<p>Un joven futbolista del club Bartolom\u00e9 Mitre de Posadas desapareci\u00f3 el domingo por la tarde, luego de meterse al r\u00edo Paran\u00e1 en una zona no habilitada para el ba\u00f1o. Desde entonces, efectivos de Prefectura Naval, bomberos voluntarios y la Polic\u00eda de Misiones trabajan en su b\u00fasqueda.<\/p>\n\n\n\n<p>Seg\u00fan testigos, el chico se encontraba junto a un grupo de amigos cuando decidi\u00f3 meterse al agua y no volvi\u00f3 a salir. Las tareas de rastrillaje se suspendieron al caer la noche por falta de visibilidad y se retomar\u00e1n este lunes por la ma\u00f1ana.<\/p>\n\n\n\n<p>Las autoridades solicitaron evitar circular por el \u00e1rea para no entorpecer el operativo y recordaron la importancia de no ingresar al r\u00edo en sectores sin guardavidas.<\/p>\n\n\n\n<p>Fuente: Misiones Online<\/p>\n","protected":false},"excerpt":{"rendered":"<p>Un joven futbolista del club Bartolom\u00e9 Mitre de Posadas desapareci\u00f3 el domingo por la tarde, luego de meterse al r\u00edo Paran\u00e1 en una zona no habilitada para el ba\u00f1o. Desde entonces, efectivos de Prefectura Naval, bomberos voluntarios y la Polic\u00eda de Misiones trabajan en su b\u00fasqueda. Seg\u00fan testigos, el chico se encontraba junto a un [&hellip;]<\/p>\n","protected":false},"author":2,"featured_media":51277,"comment_status":"open","ping_status":"closed","sticky":false,"template":"","format":"standard","meta":{"footnotes":""},"categories":[41],"tags":[4391,4392,2913,405],"class_list":["post-51276","post","type-post","status-publish","format-standard","has-post-thumbnail","hentry","category-policiales","tag-futbolista","tag-mitre","tag-parana","tag-posadas"],"yoast_head":"<!-- This site is optimized with the Yoast SEO plugin v27.4 - https:\/\/yoast.com\/product\/yoast-seo-wordpress\/ -->\n<title>Futbolista juvenil desapareci\u00f3 en el r\u00edo Paran\u00e1 | CVI NOTICIAS<\/title>\n<meta name=\"description\" content=\"Buscan a un joven futbolista de Mitre que desapareci\u00f3 tras meterse al r\u00edo Paran\u00e1 en Posadas.\" \/>\n<meta name=\"robots\" content=\"index, follow, max-snippet:-1, max-image-preview:large, max-video-preview:-1\" \/>\n<link rel=\"canonical\" href=\"https:\/\/cvinoticias.com\/v3\/futbolista-juvenil-de-mitre-desaparecio-tras-sumergirse-en-el-rio-parana-este-lunes-retomaran-su-busqueda\/\" \/>\n<meta property=\"og:locale\" content=\"es_ES\" \/>\n<meta property=\"og:type\" content=\"article\" \/>\n<meta property=\"og:title\" content=\"Futbolista juvenil desapareci\u00f3 en el r\u00edo Paran\u00e1 | CVI NOTICIAS\" \/>\n<meta property=\"og:description\" content=\"Buscan a un joven futbolista de Mitre que desapareci\u00f3 tras meterse al r\u00edo Paran\u00e1 en Posadas.\" \/>\n<meta property=\"og:url\" content=\"https:\/\/cvinoticias.com\/v3\/futbolista-juvenil-de-mitre-desaparecio-tras-sumergirse-en-el-rio-parana-este-lunes-retomaran-su-busqueda\/\" \/>\n<meta property=\"og:site_name\" content=\"CVI NOTICIAS\" \/>\n<meta property=\"article:publisher\" content=\"https:\/\/www.facebook.com\/cvinoticias\" \/>\n<meta property=\"article:published_time\" content=\"2025-11-10T11:50:44+00:00\" \/>\n<meta property=\"article:modified_time\" content=\"2025-11-10T11:50:45+00:00\" \/>\n<meta property=\"og:image\" content=\"https:\/\/cvinoticias.com\/wp-content\/uploads\/2025\/11\/busqueda-en-rio-parana.jpg\" \/>\n\t<meta property=\"og:image:width\" content=\"1033\" \/>\n\t<meta property=\"og:image:height\" content=\"544\" \/>\n\t<meta property=\"og:image:type\" content=\"image\/jpeg\" \/>\n<meta name=\"author\" content=\"f1000024\" \/>\n<meta name=\"twitter:card\" content=\"summary_large_image\" \/>\n<meta name=\"twitter:label1\" content=\"Escrito por\" \/>\n\t<meta name=\"twitter:data1\" content=\"f1000024\" \/>\n\t<meta name=\"twitter:label2\" content=\"Tiempo de lectura\" \/>\n\t<meta name=\"twitter:data2\" content=\"1 minuto\" \/>\n<script type=\"application\/ld+json\" class=\"yoast-schema-graph\">{\"@context\":\"https:\\\/\\\/schema.org\",\"@graph\":[{\"@type\":\"Article\",\"@id\":\"https:\\\/\\\/cvinoticias.com\\\/v3\\\/futbolista-juvenil-de-mitre-desaparecio-tras-sumergirse-en-el-rio-parana-este-lunes-retomaran-su-busqueda\\\/#article\",\"isPartOf\":{\"@id\":\"https:\\\/\\\/cvinoticias.com\\\/v3\\\/futbolista-juvenil-de-mitre-desaparecio-tras-sumergirse-en-el-rio-parana-este-lunes-retomaran-su-busqueda\\\/\"},\"author\":{\"name\":\"f1000024\",\"@id\":\"https:\\\/\\\/cvinoticias.com\\\/v3\\\/#\\\/schema\\\/person\\\/2db77e3c6bc03c538495d7b2b8be9b66\"},\"headline\":\"Futbolista juvenil de Mitre desapareci\u00f3 tras sumergirse en el r\u00edo Paran\u00e1: este lunes retomar\u00e1n su b\u00fasqueda\",\"datePublished\":\"2025-11-10T11:50:44+00:00\",\"dateModified\":\"2025-11-10T11:50:45+00:00\",\"mainEntityOfPage\":{\"@id\":\"https:\\\/\\\/cvinoticias.com\\\/v3\\\/futbolista-juvenil-de-mitre-desaparecio-tras-sumergirse-en-el-rio-parana-este-lunes-retomaran-su-busqueda\\\/\"},\"wordCount\":146,\"commentCount\":0,\"publisher\":{\"@id\":\"https:\\\/\\\/cvinoticias.com\\\/v3\\\/#organization\"},\"image\":{\"@id\":\"https:\\\/\\\/cvinoticias.com\\\/v3\\\/futbolista-juvenil-de-mitre-desaparecio-tras-sumergirse-en-el-rio-parana-este-lunes-retomaran-su-busqueda\\\/#primaryimage\"},\"thumbnailUrl\":\"https:\\\/\\\/cvinoticias.com\\\/wp-content\\\/uploads\\\/2025\\\/11\\\/busqueda-en-rio-parana.jpg\",\"keywords\":[\"Futbolista\",\"Mitre\",\"Paran\u00e1\",\"Posadas\"],\"articleSection\":[\"Policiales\"],\"inLanguage\":\"es\",\"potentialAction\":[{\"@type\":\"CommentAction\",\"name\":\"Comment\",\"target\":[\"https:\\\/\\\/cvinoticias.com\\\/v3\\\/futbolista-juvenil-de-mitre-desaparecio-tras-sumergirse-en-el-rio-parana-este-lunes-retomaran-su-busqueda\\\/#respond\"]}]},{\"@type\":\"WebPage\",\"@id\":\"https:\\\/\\\/cvinoticias.com\\\/v3\\\/futbolista-juvenil-de-mitre-desaparecio-tras-sumergirse-en-el-rio-parana-este-lunes-retomaran-su-busqueda\\\/\",\"url\":\"https:\\\/\\\/cvinoticias.com\\\/v3\\\/futbolista-juvenil-de-mitre-desaparecio-tras-sumergirse-en-el-rio-parana-este-lunes-retomaran-su-busqueda\\\/\",\"name\":\"Futbolista juvenil desapareci\u00f3 en el r\u00edo Paran\u00e1 | CVI NOTICIAS\",\"isPartOf\":{\"@id\":\"https:\\\/\\\/cvinoticias.com\\\/v3\\\/#website\"},\"primaryImageOfPage\":{\"@id\":\"https:\\\/\\\/cvinoticias.com\\\/v3\\\/futbolista-juvenil-de-mitre-desaparecio-tras-sumergirse-en-el-rio-parana-este-lunes-retomaran-su-busqueda\\\/#primaryimage\"},\"image\":{\"@id\":\"https:\\\/\\\/cvinoticias.com\\\/v3\\\/futbolista-juvenil-de-mitre-desaparecio-tras-sumergirse-en-el-rio-parana-este-lunes-retomaran-su-busqueda\\\/#primaryimage\"},\"thumbnailUrl\":\"https:\\\/\\\/cvinoticias.com\\\/wp-content\\\/uploads\\\/2025\\\/11\\\/busqueda-en-rio-parana.jpg\",\"datePublished\":\"2025-11-10T11:50:44+00:00\",\"dateModified\":\"2025-11-10T11:50:45+00:00\",\"description\":\"Buscan a un joven futbolista de Mitre que desapareci\u00f3 tras meterse al r\u00edo Paran\u00e1 en Posadas.\",\"breadcrumb\":{\"@id\":\"https:\\\/\\\/cvinoticias.com\\\/v3\\\/futbolista-juvenil-de-mitre-desaparecio-tras-sumergirse-en-el-rio-parana-este-lunes-retomaran-su-busqueda\\\/#breadcrumb\"},\"inLanguage\":\"es\",\"potentialAction\":[{\"@type\":\"ReadAction\",\"target\":[\"https:\\\/\\\/cvinoticias.com\\\/v3\\\/futbolista-juvenil-de-mitre-desaparecio-tras-sumergirse-en-el-rio-parana-este-lunes-retomaran-su-busqueda\\\/\"]}]},{\"@type\":\"ImageObject\",\"inLanguage\":\"es\",\"@id\":\"https:\\\/\\\/cvinoticias.com\\\/v3\\\/futbolista-juvenil-de-mitre-desaparecio-tras-sumergirse-en-el-rio-parana-este-lunes-retomaran-su-busqueda\\\/#primaryimage\",\"url\":\"https:\\\/\\\/cvinoticias.com\\\/wp-content\\\/uploads\\\/2025\\\/11\\\/busqueda-en-rio-parana.jpg\",\"contentUrl\":\"https:\\\/\\\/cvinoticias.com\\\/wp-content\\\/uploads\\\/2025\\\/11\\\/busqueda-en-rio-parana.jpg\",\"width\":1033,\"height\":544},{\"@type\":\"BreadcrumbList\",\"@id\":\"https:\\\/\\\/cvinoticias.com\\\/v3\\\/futbolista-juvenil-de-mitre-desaparecio-tras-sumergirse-en-el-rio-parana-este-lunes-retomaran-su-busqueda\\\/#breadcrumb\",\"itemListElement\":[{\"@type\":\"ListItem\",\"position\":1,\"name\":\"Portada\",\"item\":\"https:\\\/\\\/cvinoticias.com\\\/v3\\\/\"},{\"@type\":\"ListItem\",\"position\":2,\"name\":\"Futbolista juvenil de Mitre desapareci\u00f3 tras sumergirse en el r\u00edo Paran\u00e1: este lunes retomar\u00e1n su b\u00fasqueda\"}]},{\"@type\":\"WebSite\",\"@id\":\"https:\\\/\\\/cvinoticias.com\\\/v3\\\/#website\",\"url\":\"https:\\\/\\\/cvinoticias.com\\\/v3\\\/\",\"name\":\"CVI NOTICIAS\",\"description\":\"\",\"publisher\":{\"@id\":\"https:\\\/\\\/cvinoticias.com\\\/v3\\\/#organization\"},\"alternateName\":\"CVI\",\"potentialAction\":[{\"@type\":\"SearchAction\",\"target\":{\"@type\":\"EntryPoint\",\"urlTemplate\":\"https:\\\/\\\/cvinoticias.com\\\/v3\\\/?s={search_term_string}\"},\"query-input\":{\"@type\":\"PropertyValueSpecification\",\"valueRequired\":true,\"valueName\":\"search_term_string\"}}],\"inLanguage\":\"es\"},{\"@type\":\"Organization\",\"@id\":\"https:\\\/\\\/cvinoticias.com\\\/v3\\\/#organization\",\"name\":\"CVI NOTICIAS\",\"url\":\"https:\\\/\\\/cvinoticias.com\\\/v3\\\/\",\"logo\":{\"@type\":\"ImageObject\",\"inLanguage\":\"es\",\"@id\":\"https:\\\/\\\/cvinoticias.com\\\/v3\\\/#\\\/schema\\\/logo\\\/image\\\/\",\"url\":\"https:\\\/\\\/cvinoticias.com\\\/wp-content\\\/uploads\\\/2023\\\/04\\\/cropped-cropped-cropped-cropped-cropped-3-1.png\",\"contentUrl\":\"https:\\\/\\\/cvinoticias.com\\\/wp-content\\\/uploads\\\/2023\\\/04\\\/cropped-cropped-cropped-cropped-cropped-3-1.png\",\"width\":95,\"height\":122,\"caption\":\"CVI NOTICIAS\"},\"image\":{\"@id\":\"https:\\\/\\\/cvinoticias.com\\\/v3\\\/#\\\/schema\\\/logo\\\/image\\\/\"},\"sameAs\":[\"https:\\\/\\\/www.facebook.com\\\/cvinoticias\",\"https:\\\/\\\/www.instagram.com\\\/cvinoticias\\\/\",\"https:\\\/\\\/www.youtube.com\\\/@CVINOTICIAS\"]},{\"@type\":\"Person\",\"@id\":\"https:\\\/\\\/cvinoticias.com\\\/v3\\\/#\\\/schema\\\/person\\\/2db77e3c6bc03c538495d7b2b8be9b66\",\"name\":\"f1000024\",\"image\":{\"@type\":\"ImageObject\",\"inLanguage\":\"es\",\"@id\":\"https:\\\/\\\/secure.gravatar.com\\\/avatar\\\/d4fe7459cfc51ff5129ce1a732bbef5928568b8092d412ef95611616376bbeed?s=96&d=mm&r=g\",\"url\":\"https:\\\/\\\/secure.gravatar.com\\\/avatar\\\/d4fe7459cfc51ff5129ce1a732bbef5928568b8092d412ef95611616376bbeed?s=96&d=mm&r=g\",\"contentUrl\":\"https:\\\/\\\/secure.gravatar.com\\\/avatar\\\/d4fe7459cfc51ff5129ce1a732bbef5928568b8092d412ef95611616376bbeed?s=96&d=mm&r=g\",\"caption\":\"f1000024\"},\"url\":\"https:\\\/\\\/cvinoticias.com\\\/v3\\\/author\\\/f1000024\\\/\"}]}<\/script>\n<!-- \/ Yoast SEO plugin. -->","yoast_head_json":{"title":"Futbolista juvenil desapareci\u00f3 en el r\u00edo Paran\u00e1 | CVI NOTICIAS","description":"Buscan a un joven futbolista de Mitre que desapareci\u00f3 tras meterse al r\u00edo Paran\u00e1 en Posadas.","robots":{"index":"index","follow":"follow","max-snippet":"max-snippet:-1","max-image-preview":"max-image-preview:large","max-video-preview":"max-video-preview:-1"},"canonical":"https:\/\/cvinoticias.com\/v3\/futbolista-juvenil-de-mitre-desaparecio-tras-sumergirse-en-el-rio-parana-este-lunes-retomaran-su-busqueda\/","og_locale":"es_ES","og_type":"article","og_title":"Futbolista juvenil desapareci\u00f3 en el r\u00edo Paran\u00e1 | CVI NOTICIAS","og_description":"Buscan a un joven futbolista de Mitre que desapareci\u00f3 tras meterse al r\u00edo Paran\u00e1 en Posadas.","og_url":"https:\/\/cvinoticias.com\/v3\/futbolista-juvenil-de-mitre-desaparecio-tras-sumergirse-en-el-rio-parana-este-lunes-retomaran-su-busqueda\/","og_site_name":"CVI NOTICIAS","article_publisher":"https:\/\/www.facebook.com\/cvinoticias","article_published_time":"2025-11-10T11:50:44+00:00","article_modified_time":"2025-11-10T11:50:45+00:00","og_image":[{"width":1033,"height":544,"url":"https:\/\/cvinoticias.com\/wp-content\/uploads\/2025\/11\/busqueda-en-rio-parana.jpg","type":"image\/jpeg"}],"author":"f1000024","twitter_card":"summary_large_image","twitter_misc":{"Escrito por":"f1000024","Tiempo de lectura":"1 minuto"},"schema":{"@context":"https:\/\/schema.org","@graph":[{"@type":"Article","@id":"https:\/\/cvinoticias.com\/v3\/futbolista-juvenil-de-mitre-desaparecio-tras-sumergirse-en-el-rio-parana-este-lunes-retomaran-su-busqueda\/#article","isPartOf":{"@id":"https:\/\/cvinoticias.com\/v3\/futbolista-juvenil-de-mitre-desaparecio-tras-sumergirse-en-el-rio-parana-este-lunes-retomaran-su-busqueda\/"},"author":{"name":"f1000024","@id":"https:\/\/cvinoticias.com\/v3\/#\/schema\/person\/2db77e3c6bc03c538495d7b2b8be9b66"},"headline":"Futbolista juvenil de Mitre desapareci\u00f3 tras sumergirse en el r\u00edo Paran\u00e1: este lunes retomar\u00e1n su b\u00fasqueda","datePublished":"2025-11-10T11:50:44+00:00","dateModified":"2025-11-10T11:50:45+00:00","mainEntityOfPage":{"@id":"https:\/\/cvinoticias.com\/v3\/futbolista-juvenil-de-mitre-desaparecio-tras-sumergirse-en-el-rio-parana-este-lunes-retomaran-su-busqueda\/"},"wordCount":146,"commentCount":0,"publisher":{"@id":"https:\/\/cvinoticias.com\/v3\/#organization"},"image":{"@id":"https:\/\/cvinoticias.com\/v3\/futbolista-juvenil-de-mitre-desaparecio-tras-sumergirse-en-el-rio-parana-este-lunes-retomaran-su-busqueda\/#primaryimage"},"thumbnailUrl":"https:\/\/cvinoticias.com\/wp-content\/uploads\/2025\/11\/busqueda-en-rio-parana.jpg","keywords":["Futbolista","Mitre","Paran\u00e1","Posadas"],"articleSection":["Policiales"],"inLanguage":"es","potentialAction":[{"@type":"CommentAction","name":"Comment","target":["https:\/\/cvinoticias.com\/v3\/futbolista-juvenil-de-mitre-desaparecio-tras-sumergirse-en-el-rio-parana-este-lunes-retomaran-su-busqueda\/#respond"]}]},{"@type":"WebPage","@id":"https:\/\/cvinoticias.com\/v3\/futbolista-juvenil-de-mitre-desaparecio-tras-sumergirse-en-el-rio-parana-este-lunes-retomaran-su-busqueda\/","url":"https:\/\/cvinoticias.com\/v3\/futbolista-juvenil-de-mitre-desaparecio-tras-sumergirse-en-el-rio-parana-este-lunes-retomaran-su-busqueda\/","name":"Futbolista juvenil desapareci\u00f3 en el r\u00edo Paran\u00e1 | CVI NOTICIAS","isPartOf":{"@id":"https:\/\/cvinoticias.com\/v3\/#website"},"primaryImageOfPage":{"@id":"https:\/\/cvinoticias.com\/v3\/futbolista-juvenil-de-mitre-desaparecio-tras-sumergirse-en-el-rio-parana-este-lunes-retomaran-su-busqueda\/#primaryimage"},"image":{"@id":"https:\/\/cvinoticias.com\/v3\/futbolista-juvenil-de-mitre-desaparecio-tras-sumergirse-en-el-rio-parana-este-lunes-retomaran-su-busqueda\/#primaryimage"},"thumbnailUrl":"https:\/\/cvinoticias.com\/wp-content\/uploads\/2025\/11\/busqueda-en-rio-parana.jpg","datePublished":"2025-11-10T11:50:44+00:00","dateModified":"2025-11-10T11:50:45+00:00","description":"Buscan a un joven futbolista de Mitre que desapareci\u00f3 tras meterse al r\u00edo Paran\u00e1 en Posadas.","breadcrumb":{"@id":"https:\/\/cvinoticias.com\/v3\/futbolista-juvenil-de-mitre-desaparecio-tras-sumergirse-en-el-rio-parana-este-lunes-retomaran-su-busqueda\/#breadcrumb"},"inLanguage":"es","potentialAction":[{"@type":"ReadAction","target":["https:\/\/cvinoticias.com\/v3\/futbolista-juvenil-de-mitre-desaparecio-tras-sumergirse-en-el-rio-parana-este-lunes-retomaran-su-busqueda\/"]}]},{"@type":"ImageObject","inLanguage":"es","@id":"https:\/\/cvinoticias.com\/v3\/futbolista-juvenil-de-mitre-desaparecio-tras-sumergirse-en-el-rio-parana-este-lunes-retomaran-su-busqueda\/#primaryimage","url":"https:\/\/cvinoticias.com\/wp-content\/uploads\/2025\/11\/busqueda-en-rio-parana.jpg","contentUrl":"https:\/\/cvinoticias.com\/wp-content\/uploads\/2025\/11\/busqueda-en-rio-parana.jpg","width":1033,"height":544},{"@type":"BreadcrumbList","@id":"https:\/\/cvinoticias.com\/v3\/futbolista-juvenil-de-mitre-desaparecio-tras-sumergirse-en-el-rio-parana-este-lunes-retomaran-su-busqueda\/#breadcrumb","itemListElement":[{"@type":"ListItem","position":1,"name":"Portada","item":"https:\/\/cvinoticias.com\/v3\/"},{"@type":"ListItem","position":2,"name":"Futbolista juvenil de Mitre desapareci\u00f3 tras sumergirse en el r\u00edo Paran\u00e1: este lunes retomar\u00e1n su b\u00fasqueda"}]},{"@type":"WebSite","@id":"https:\/\/cvinoticias.com\/v3\/#website","url":"https:\/\/cvinoticias.com\/v3\/","name":"CVI NOTICIAS","description":"","publisher":{"@id":"https:\/\/cvinoticias.com\/v3\/#organization"},"alternateName":"CVI","potentialAction":[{"@type":"SearchAction","target":{"@type":"EntryPoint","urlTemplate":"https:\/\/cvinoticias.com\/v3\/?s={search_term_string}"},"query-input":{"@type":"PropertyValueSpecification","valueRequired":true,"valueName":"search_term_string"}}],"inLanguage":"es"},{"@type":"Organization","@id":"https:\/\/cvinoticias.com\/v3\/#organization","name":"CVI NOTICIAS","url":"https:\/\/cvinoticias.com\/v3\/","logo":{"@type":"ImageObject","inLanguage":"es","@id":"https:\/\/cvinoticias.com\/v3\/#\/schema\/logo\/image\/","url":"https:\/\/cvinoticias.com\/wp-content\/uploads\/2023\/04\/cropped-cropped-cropped-cropped-cropped-3-1.png","contentUrl":"https:\/\/cvinoticias.com\/wp-content\/uploads\/2023\/04\/cropped-cropped-cropped-cropped-cropped-3-1.png","width":95,"height":122,"caption":"CVI NOTICIAS"},"image":{"@id":"https:\/\/cvinoticias.com\/v3\/#\/schema\/logo\/image\/"},"sameAs":["https:\/\/www.facebook.com\/cvinoticias","https:\/\/www.instagram.com\/cvinoticias\/","https:\/\/www.youtube.com\/@CVINOTICIAS"]},{"@type":"Person","@id":"https:\/\/cvinoticias.com\/v3\/#\/schema\/person\/2db77e3c6bc03c538495d7b2b8be9b66","name":"f1000024","image":{"@type":"ImageObject","inLanguage":"es","@id":"https:\/\/secure.gravatar.com\/avatar\/d4fe7459cfc51ff5129ce1a732bbef5928568b8092d412ef95611616376bbeed?s=96&d=mm&r=g","url":"https:\/\/secure.gravatar.com\/avatar\/d4fe7459cfc51ff5129ce1a732bbef5928568b8092d412ef95611616376bbeed?s=96&d=mm&r=g","contentUrl":"https:\/\/secure.gravatar.com\/avatar\/d4fe7459cfc51ff5129ce1a732bbef5928568b8092d412ef95611616376bbeed?s=96&d=mm&r=g","caption":"f1000024"},"url":"https:\/\/cvinoticias.com\/v3\/author\/f1000024\/"}]}},"_links":{"self":[{"href":"https:\/\/cvinoticias.com\/v3\/wp-json\/wp\/v2\/posts\/51276","targetHints":{"allow":["GET"]}}],"collection":[{"href":"https:\/\/cvinoticias.com\/v3\/wp-json\/wp\/v2\/posts"}],"about":[{"href":"https:\/\/cvinoticias.com\/v3\/wp-json\/wp\/v2\/types\/post"}],"author":[{"embeddable":true,"href":"https:\/\/cvinoticias.com\/v3\/wp-json\/wp\/v2\/users\/2"}],"replies":[{"embeddable":true,"href":"https:\/\/cvinoticias.com\/v3\/wp-json\/wp\/v2\/comments?post=51276"}],"version-history":[{"count":1,"href":"https:\/\/cvinoticias.com\/v3\/wp-json\/wp\/v2\/posts\/51276\/revisions"}],"predecessor-version":[{"id":51278,"href":"https:\/\/cvinoticias.com\/v3\/wp-json\/wp\/v2\/posts\/51276\/revisions\/51278"}],"wp:featuredmedia":[{"embeddable":true,"href":"https:\/\/cvinoticias.com\/v3\/wp-json\/wp\/v2\/media\/51277"}],"wp:attachment":[{"href":"https:\/\/cvinoticias.com\/v3\/wp-json\/wp\/v2\/media?parent=51276"}],"wp:term":[{"taxonomy":"category","embeddable":true,"href":"https:\/\/cvinoticias.com\/v3\/wp-json\/wp\/v2\/categories?post=51276"},{"taxonomy":"post_tag","embeddable":true,"href":"https:\/\/cvinoticias.com\/v3\/wp-json\/wp\/v2\/tags?post=51276"}],"curies":[{"name":"wp","href":"https:\/\/api.w.org\/{rel}","templated":true}]}}