{"id":51185,"date":"2025-11-06T13:19:01","date_gmt":"2025-11-06T16:19:01","guid":{"rendered":"https:\/\/cvinoticias.com\/v3\/?p=51185"},"modified":"2025-11-06T13:19:02","modified_gmt":"2025-11-06T16:19:02","slug":"el-indio-solari-volvio-a-sacudir-las-redes-fotos-de-un-ensayo-y-miles-de-voces-pidiendo-su-regreso","status":"publish","type":"post","link":"https:\/\/cvinoticias.com\/v3\/el-indio-solari-volvio-a-sacudir-las-redes-fotos-de-un-ensayo-y-miles-de-voces-pidiendo-su-regreso\/","title":{"rendered":"El Indio Solari volvi\u00f3 a sacudir las redes: fotos de un ensayo y miles de voces pidiendo su regreso"},"content":{"rendered":"\n<p>El Indio Solari volvi\u00f3 a generar furor en las redes sociales. Public\u00f3 una serie de fotos en pleno ensayo junto a su banda en el estudio Luzbola y desat\u00f3 una ola de reacciones. En pocos minutos, su publicaci\u00f3n acumul\u00f3 m\u00e1s de sesenta mil \u201cme gusta\u201d y miles de comentarios. \u201cQu\u00e9 alegr\u00eda verte, Indio\u201d, \u201cSe viene algo grande\u201d, \u201cEl Mister no se detiene\u201d, fueron algunos de los mensajes que reflejaron la emoci\u00f3n de sus seguidores.<\/p>\n\n\n\n<p>El lugar elegido no es casual. Luzbola es el estudio de grabaci\u00f3n que el Indio construy\u00f3 en su casa de Parque Leloir, en Ituzaing\u00f3, al oeste del Gran Buenos Aires. All\u00ed cre\u00f3 sus \u00faltimos discos y los nuevos himnos de <strong>Los Fundamentalistas del Aire Acondicionado<\/strong>. Cada vez que menciona el estudio, los fans lo asocian con nuevos proyectos o con la ilusi\u00f3n de verlo nuevamente en un escenario.<\/p>\n\n\n\n<p>En esta oportunidad, la publicaci\u00f3n no dio detalles sobre la grabaci\u00f3n ni dej\u00f3 pistas sobre fechas concretas. Su estilo enigm\u00e1tico se mantiene intacto. Aun as\u00ed, las im\u00e1genes bastaron para reavivar las expectativas. Muchos interpretaron el posteo como la antesala de un nuevo disco. Otros sue\u00f1an con una aparici\u00f3n sorpresa en los pr\u00f3ximos shows de Los Fundamentalistas, previstos para los primeros d\u00edas de diciembre.<\/p>\n\n\n\n<p>Cada aparici\u00f3n del Indio Solari se vuelve un acontecimiento. Cada palabra o foto suya despierta esperanza entre sus seguidores. Ni su reserva ni los problemas de salud logran apagar su conexi\u00f3n con el p\u00fablico. Estas nuevas im\u00e1genes demuestran que sigue creando, ensayando y dejando huella, aunque no prometa nada.<\/p>\n\n\n\n<p>Fuente: Infobae<\/p>\n","protected":false},"excerpt":{"rendered":"<p>El Indio Solari volvi\u00f3 a generar furor en las redes sociales. Public\u00f3 una serie de fotos en pleno ensayo junto a su banda en el estudio Luzbola y desat\u00f3 una ola de reacciones. En pocos minutos, su publicaci\u00f3n acumul\u00f3 m\u00e1s de sesenta mil \u201cme gusta\u201d y miles de comentarios. \u201cQu\u00e9 alegr\u00eda verte, Indio\u201d, \u201cSe viene [&hellip;]<\/p>\n","protected":false},"author":2,"featured_media":51186,"comment_status":"open","ping_status":"closed","sticky":false,"template":"","format":"standard","meta":{"footnotes":""},"categories":[34],"tags":[4366,4365],"class_list":["post-51185","post","type-post","status-publish","format-standard","has-post-thumbnail","hentry","category-espectaculos","tag-ensayo","tag-indio-solari"],"yoast_head":"<!-- This site is optimized with the Yoast SEO plugin v27.5 - https:\/\/yoast.com\/product\/yoast-seo-wordpress\/ -->\n<title>El Indio Solari sorprendi\u00f3 con fotos de un ensayo | CVI NOTICIAS<\/title>\n<meta name=\"description\" content=\"El Indio Solari comparti\u00f3 fotos de un ensayo y desat\u00f3 furor entre sus seguidores en redes sociales.\" \/>\n<meta name=\"robots\" content=\"index, follow, max-snippet:-1, max-image-preview:large, max-video-preview:-1\" \/>\n<link rel=\"canonical\" href=\"https:\/\/cvinoticias.com\/v3\/el-indio-solari-volvio-a-sacudir-las-redes-fotos-de-un-ensayo-y-miles-de-voces-pidiendo-su-regreso\/\" \/>\n<meta property=\"og:locale\" content=\"es_ES\" \/>\n<meta property=\"og:type\" content=\"article\" \/>\n<meta property=\"og:title\" content=\"El Indio Solari sorprendi\u00f3 con fotos de un ensayo | CVI NOTICIAS\" \/>\n<meta property=\"og:description\" content=\"El Indio Solari comparti\u00f3 fotos de un ensayo y desat\u00f3 furor entre sus seguidores en redes sociales.\" \/>\n<meta property=\"og:url\" content=\"https:\/\/cvinoticias.com\/v3\/el-indio-solari-volvio-a-sacudir-las-redes-fotos-de-un-ensayo-y-miles-de-voces-pidiendo-su-regreso\/\" \/>\n<meta property=\"og:site_name\" content=\"CVI NOTICIAS\" \/>\n<meta property=\"article:publisher\" content=\"https:\/\/www.facebook.com\/cvinoticias\" \/>\n<meta property=\"article:published_time\" content=\"2025-11-06T16:19:01+00:00\" \/>\n<meta property=\"article:modified_time\" content=\"2025-11-06T16:19:02+00:00\" \/>\n<meta property=\"og:image\" content=\"https:\/\/cvinoticias.com\/wp-content\/uploads\/2025\/11\/multimedia.normal.b666e2694ae006d2.bm9ybWFsLndlYnA.webp\" \/>\n\t<meta property=\"og:image:width\" content=\"1000\" \/>\n\t<meta property=\"og:image:height\" content=\"600\" \/>\n\t<meta property=\"og:image:type\" content=\"image\/webp\" \/>\n<meta name=\"author\" content=\"f1000024\" \/>\n<meta name=\"twitter:card\" content=\"summary_large_image\" \/>\n<meta name=\"twitter:label1\" content=\"Escrito por\" \/>\n\t<meta name=\"twitter:data1\" content=\"f1000024\" \/>\n\t<meta name=\"twitter:label2\" content=\"Tiempo de lectura\" \/>\n\t<meta name=\"twitter:data2\" content=\"2 minutos\" \/>\n<script type=\"application\/ld+json\" class=\"yoast-schema-graph\">{\"@context\":\"https:\\\/\\\/schema.org\",\"@graph\":[{\"@type\":\"Article\",\"@id\":\"https:\\\/\\\/cvinoticias.com\\\/v3\\\/el-indio-solari-volvio-a-sacudir-las-redes-fotos-de-un-ensayo-y-miles-de-voces-pidiendo-su-regreso\\\/#article\",\"isPartOf\":{\"@id\":\"https:\\\/\\\/cvinoticias.com\\\/v3\\\/el-indio-solari-volvio-a-sacudir-las-redes-fotos-de-un-ensayo-y-miles-de-voces-pidiendo-su-regreso\\\/\"},\"author\":{\"name\":\"f1000024\",\"@id\":\"https:\\\/\\\/cvinoticias.com\\\/v3\\\/#\\\/schema\\\/person\\\/2db77e3c6bc03c538495d7b2b8be9b66\"},\"headline\":\"El Indio Solari volvi\u00f3 a sacudir las redes: fotos de un ensayo y miles de voces pidiendo su regreso\",\"datePublished\":\"2025-11-06T16:19:01+00:00\",\"dateModified\":\"2025-11-06T16:19:02+00:00\",\"mainEntityOfPage\":{\"@id\":\"https:\\\/\\\/cvinoticias.com\\\/v3\\\/el-indio-solari-volvio-a-sacudir-las-redes-fotos-de-un-ensayo-y-miles-de-voces-pidiendo-su-regreso\\\/\"},\"wordCount\":293,\"commentCount\":0,\"publisher\":{\"@id\":\"https:\\\/\\\/cvinoticias.com\\\/v3\\\/#organization\"},\"image\":{\"@id\":\"https:\\\/\\\/cvinoticias.com\\\/v3\\\/el-indio-solari-volvio-a-sacudir-las-redes-fotos-de-un-ensayo-y-miles-de-voces-pidiendo-su-regreso\\\/#primaryimage\"},\"thumbnailUrl\":\"https:\\\/\\\/cvinoticias.com\\\/wp-content\\\/uploads\\\/2025\\\/11\\\/multimedia.normal.b666e2694ae006d2.bm9ybWFsLndlYnA.webp\",\"keywords\":[\"ensayo\",\"Indio Solari\"],\"articleSection\":[\"Espect\u00e1culos\"],\"inLanguage\":\"es\",\"potentialAction\":[{\"@type\":\"CommentAction\",\"name\":\"Comment\",\"target\":[\"https:\\\/\\\/cvinoticias.com\\\/v3\\\/el-indio-solari-volvio-a-sacudir-las-redes-fotos-de-un-ensayo-y-miles-de-voces-pidiendo-su-regreso\\\/#respond\"]}]},{\"@type\":\"WebPage\",\"@id\":\"https:\\\/\\\/cvinoticias.com\\\/v3\\\/el-indio-solari-volvio-a-sacudir-las-redes-fotos-de-un-ensayo-y-miles-de-voces-pidiendo-su-regreso\\\/\",\"url\":\"https:\\\/\\\/cvinoticias.com\\\/v3\\\/el-indio-solari-volvio-a-sacudir-las-redes-fotos-de-un-ensayo-y-miles-de-voces-pidiendo-su-regreso\\\/\",\"name\":\"El Indio Solari sorprendi\u00f3 con fotos de un ensayo | CVI NOTICIAS\",\"isPartOf\":{\"@id\":\"https:\\\/\\\/cvinoticias.com\\\/v3\\\/#website\"},\"primaryImageOfPage\":{\"@id\":\"https:\\\/\\\/cvinoticias.com\\\/v3\\\/el-indio-solari-volvio-a-sacudir-las-redes-fotos-de-un-ensayo-y-miles-de-voces-pidiendo-su-regreso\\\/#primaryimage\"},\"image\":{\"@id\":\"https:\\\/\\\/cvinoticias.com\\\/v3\\\/el-indio-solari-volvio-a-sacudir-las-redes-fotos-de-un-ensayo-y-miles-de-voces-pidiendo-su-regreso\\\/#primaryimage\"},\"thumbnailUrl\":\"https:\\\/\\\/cvinoticias.com\\\/wp-content\\\/uploads\\\/2025\\\/11\\\/multimedia.normal.b666e2694ae006d2.bm9ybWFsLndlYnA.webp\",\"datePublished\":\"2025-11-06T16:19:01+00:00\",\"dateModified\":\"2025-11-06T16:19:02+00:00\",\"description\":\"El Indio Solari comparti\u00f3 fotos de un ensayo y desat\u00f3 furor entre sus seguidores en redes sociales.\",\"breadcrumb\":{\"@id\":\"https:\\\/\\\/cvinoticias.com\\\/v3\\\/el-indio-solari-volvio-a-sacudir-las-redes-fotos-de-un-ensayo-y-miles-de-voces-pidiendo-su-regreso\\\/#breadcrumb\"},\"inLanguage\":\"es\",\"potentialAction\":[{\"@type\":\"ReadAction\",\"target\":[\"https:\\\/\\\/cvinoticias.com\\\/v3\\\/el-indio-solari-volvio-a-sacudir-las-redes-fotos-de-un-ensayo-y-miles-de-voces-pidiendo-su-regreso\\\/\"]}]},{\"@type\":\"ImageObject\",\"inLanguage\":\"es\",\"@id\":\"https:\\\/\\\/cvinoticias.com\\\/v3\\\/el-indio-solari-volvio-a-sacudir-las-redes-fotos-de-un-ensayo-y-miles-de-voces-pidiendo-su-regreso\\\/#primaryimage\",\"url\":\"https:\\\/\\\/cvinoticias.com\\\/wp-content\\\/uploads\\\/2025\\\/11\\\/multimedia.normal.b666e2694ae006d2.bm9ybWFsLndlYnA.webp\",\"contentUrl\":\"https:\\\/\\\/cvinoticias.com\\\/wp-content\\\/uploads\\\/2025\\\/11\\\/multimedia.normal.b666e2694ae006d2.bm9ybWFsLndlYnA.webp\",\"width\":1000,\"height\":600},{\"@type\":\"BreadcrumbList\",\"@id\":\"https:\\\/\\\/cvinoticias.com\\\/v3\\\/el-indio-solari-volvio-a-sacudir-las-redes-fotos-de-un-ensayo-y-miles-de-voces-pidiendo-su-regreso\\\/#breadcrumb\",\"itemListElement\":[{\"@type\":\"ListItem\",\"position\":1,\"name\":\"Portada\",\"item\":\"https:\\\/\\\/cvinoticias.com\\\/v3\\\/\"},{\"@type\":\"ListItem\",\"position\":2,\"name\":\"El Indio Solari volvi\u00f3 a sacudir las redes: fotos de un ensayo y miles de voces pidiendo su regreso\"}]},{\"@type\":\"WebSite\",\"@id\":\"https:\\\/\\\/cvinoticias.com\\\/v3\\\/#website\",\"url\":\"https:\\\/\\\/cvinoticias.com\\\/v3\\\/\",\"name\":\"CVI NOTICIAS\",\"description\":\"\",\"publisher\":{\"@id\":\"https:\\\/\\\/cvinoticias.com\\\/v3\\\/#organization\"},\"alternateName\":\"CVI\",\"potentialAction\":[{\"@type\":\"SearchAction\",\"target\":{\"@type\":\"EntryPoint\",\"urlTemplate\":\"https:\\\/\\\/cvinoticias.com\\\/v3\\\/?s={search_term_string}\"},\"query-input\":{\"@type\":\"PropertyValueSpecification\",\"valueRequired\":true,\"valueName\":\"search_term_string\"}}],\"inLanguage\":\"es\"},{\"@type\":\"Organization\",\"@id\":\"https:\\\/\\\/cvinoticias.com\\\/v3\\\/#organization\",\"name\":\"CVI NOTICIAS\",\"url\":\"https:\\\/\\\/cvinoticias.com\\\/v3\\\/\",\"logo\":{\"@type\":\"ImageObject\",\"inLanguage\":\"es\",\"@id\":\"https:\\\/\\\/cvinoticias.com\\\/v3\\\/#\\\/schema\\\/logo\\\/image\\\/\",\"url\":\"https:\\\/\\\/cvinoticias.com\\\/wp-content\\\/uploads\\\/2023\\\/04\\\/cropped-cropped-cropped-cropped-cropped-3-1.png\",\"contentUrl\":\"https:\\\/\\\/cvinoticias.com\\\/wp-content\\\/uploads\\\/2023\\\/04\\\/cropped-cropped-cropped-cropped-cropped-3-1.png\",\"width\":95,\"height\":122,\"caption\":\"CVI NOTICIAS\"},\"image\":{\"@id\":\"https:\\\/\\\/cvinoticias.com\\\/v3\\\/#\\\/schema\\\/logo\\\/image\\\/\"},\"sameAs\":[\"https:\\\/\\\/www.facebook.com\\\/cvinoticias\",\"https:\\\/\\\/www.instagram.com\\\/cvinoticias\\\/\",\"https:\\\/\\\/www.youtube.com\\\/@CVINOTICIAS\"]},{\"@type\":\"Person\",\"@id\":\"https:\\\/\\\/cvinoticias.com\\\/v3\\\/#\\\/schema\\\/person\\\/2db77e3c6bc03c538495d7b2b8be9b66\",\"name\":\"f1000024\",\"image\":{\"@type\":\"ImageObject\",\"inLanguage\":\"es\",\"@id\":\"https:\\\/\\\/secure.gravatar.com\\\/avatar\\\/d4fe7459cfc51ff5129ce1a732bbef5928568b8092d412ef95611616376bbeed?s=96&d=mm&r=g\",\"url\":\"https:\\\/\\\/secure.gravatar.com\\\/avatar\\\/d4fe7459cfc51ff5129ce1a732bbef5928568b8092d412ef95611616376bbeed?s=96&d=mm&r=g\",\"contentUrl\":\"https:\\\/\\\/secure.gravatar.com\\\/avatar\\\/d4fe7459cfc51ff5129ce1a732bbef5928568b8092d412ef95611616376bbeed?s=96&d=mm&r=g\",\"caption\":\"f1000024\"},\"url\":\"https:\\\/\\\/cvinoticias.com\\\/v3\\\/author\\\/f1000024\\\/\"}]}<\/script>\n<!-- \/ Yoast SEO plugin. -->","yoast_head_json":{"title":"El Indio Solari sorprendi\u00f3 con fotos de un ensayo | CVI NOTICIAS","description":"El Indio Solari comparti\u00f3 fotos de un ensayo y desat\u00f3 furor entre sus seguidores en redes sociales.","robots":{"index":"index","follow":"follow","max-snippet":"max-snippet:-1","max-image-preview":"max-image-preview:large","max-video-preview":"max-video-preview:-1"},"canonical":"https:\/\/cvinoticias.com\/v3\/el-indio-solari-volvio-a-sacudir-las-redes-fotos-de-un-ensayo-y-miles-de-voces-pidiendo-su-regreso\/","og_locale":"es_ES","og_type":"article","og_title":"El Indio Solari sorprendi\u00f3 con fotos de un ensayo | CVI NOTICIAS","og_description":"El Indio Solari comparti\u00f3 fotos de un ensayo y desat\u00f3 furor entre sus seguidores en redes sociales.","og_url":"https:\/\/cvinoticias.com\/v3\/el-indio-solari-volvio-a-sacudir-las-redes-fotos-de-un-ensayo-y-miles-de-voces-pidiendo-su-regreso\/","og_site_name":"CVI NOTICIAS","article_publisher":"https:\/\/www.facebook.com\/cvinoticias","article_published_time":"2025-11-06T16:19:01+00:00","article_modified_time":"2025-11-06T16:19:02+00:00","og_image":[{"width":1000,"height":600,"url":"https:\/\/cvinoticias.com\/wp-content\/uploads\/2025\/11\/multimedia.normal.b666e2694ae006d2.bm9ybWFsLndlYnA.webp","type":"image\/webp"}],"author":"f1000024","twitter_card":"summary_large_image","twitter_misc":{"Escrito por":"f1000024","Tiempo de lectura":"2 minutos"},"schema":{"@context":"https:\/\/schema.org","@graph":[{"@type":"Article","@id":"https:\/\/cvinoticias.com\/v3\/el-indio-solari-volvio-a-sacudir-las-redes-fotos-de-un-ensayo-y-miles-de-voces-pidiendo-su-regreso\/#article","isPartOf":{"@id":"https:\/\/cvinoticias.com\/v3\/el-indio-solari-volvio-a-sacudir-las-redes-fotos-de-un-ensayo-y-miles-de-voces-pidiendo-su-regreso\/"},"author":{"name":"f1000024","@id":"https:\/\/cvinoticias.com\/v3\/#\/schema\/person\/2db77e3c6bc03c538495d7b2b8be9b66"},"headline":"El Indio Solari volvi\u00f3 a sacudir las redes: fotos de un ensayo y miles de voces pidiendo su regreso","datePublished":"2025-11-06T16:19:01+00:00","dateModified":"2025-11-06T16:19:02+00:00","mainEntityOfPage":{"@id":"https:\/\/cvinoticias.com\/v3\/el-indio-solari-volvio-a-sacudir-las-redes-fotos-de-un-ensayo-y-miles-de-voces-pidiendo-su-regreso\/"},"wordCount":293,"commentCount":0,"publisher":{"@id":"https:\/\/cvinoticias.com\/v3\/#organization"},"image":{"@id":"https:\/\/cvinoticias.com\/v3\/el-indio-solari-volvio-a-sacudir-las-redes-fotos-de-un-ensayo-y-miles-de-voces-pidiendo-su-regreso\/#primaryimage"},"thumbnailUrl":"https:\/\/cvinoticias.com\/wp-content\/uploads\/2025\/11\/multimedia.normal.b666e2694ae006d2.bm9ybWFsLndlYnA.webp","keywords":["ensayo","Indio Solari"],"articleSection":["Espect\u00e1culos"],"inLanguage":"es","potentialAction":[{"@type":"CommentAction","name":"Comment","target":["https:\/\/cvinoticias.com\/v3\/el-indio-solari-volvio-a-sacudir-las-redes-fotos-de-un-ensayo-y-miles-de-voces-pidiendo-su-regreso\/#respond"]}]},{"@type":"WebPage","@id":"https:\/\/cvinoticias.com\/v3\/el-indio-solari-volvio-a-sacudir-las-redes-fotos-de-un-ensayo-y-miles-de-voces-pidiendo-su-regreso\/","url":"https:\/\/cvinoticias.com\/v3\/el-indio-solari-volvio-a-sacudir-las-redes-fotos-de-un-ensayo-y-miles-de-voces-pidiendo-su-regreso\/","name":"El Indio Solari sorprendi\u00f3 con fotos de un ensayo | CVI NOTICIAS","isPartOf":{"@id":"https:\/\/cvinoticias.com\/v3\/#website"},"primaryImageOfPage":{"@id":"https:\/\/cvinoticias.com\/v3\/el-indio-solari-volvio-a-sacudir-las-redes-fotos-de-un-ensayo-y-miles-de-voces-pidiendo-su-regreso\/#primaryimage"},"image":{"@id":"https:\/\/cvinoticias.com\/v3\/el-indio-solari-volvio-a-sacudir-las-redes-fotos-de-un-ensayo-y-miles-de-voces-pidiendo-su-regreso\/#primaryimage"},"thumbnailUrl":"https:\/\/cvinoticias.com\/wp-content\/uploads\/2025\/11\/multimedia.normal.b666e2694ae006d2.bm9ybWFsLndlYnA.webp","datePublished":"2025-11-06T16:19:01+00:00","dateModified":"2025-11-06T16:19:02+00:00","description":"El Indio Solari comparti\u00f3 fotos de un ensayo y desat\u00f3 furor entre sus seguidores en redes sociales.","breadcrumb":{"@id":"https:\/\/cvinoticias.com\/v3\/el-indio-solari-volvio-a-sacudir-las-redes-fotos-de-un-ensayo-y-miles-de-voces-pidiendo-su-regreso\/#breadcrumb"},"inLanguage":"es","potentialAction":[{"@type":"ReadAction","target":["https:\/\/cvinoticias.com\/v3\/el-indio-solari-volvio-a-sacudir-las-redes-fotos-de-un-ensayo-y-miles-de-voces-pidiendo-su-regreso\/"]}]},{"@type":"ImageObject","inLanguage":"es","@id":"https:\/\/cvinoticias.com\/v3\/el-indio-solari-volvio-a-sacudir-las-redes-fotos-de-un-ensayo-y-miles-de-voces-pidiendo-su-regreso\/#primaryimage","url":"https:\/\/cvinoticias.com\/wp-content\/uploads\/2025\/11\/multimedia.normal.b666e2694ae006d2.bm9ybWFsLndlYnA.webp","contentUrl":"https:\/\/cvinoticias.com\/wp-content\/uploads\/2025\/11\/multimedia.normal.b666e2694ae006d2.bm9ybWFsLndlYnA.webp","width":1000,"height":600},{"@type":"BreadcrumbList","@id":"https:\/\/cvinoticias.com\/v3\/el-indio-solari-volvio-a-sacudir-las-redes-fotos-de-un-ensayo-y-miles-de-voces-pidiendo-su-regreso\/#breadcrumb","itemListElement":[{"@type":"ListItem","position":1,"name":"Portada","item":"https:\/\/cvinoticias.com\/v3\/"},{"@type":"ListItem","position":2,"name":"El Indio Solari volvi\u00f3 a sacudir las redes: fotos de un ensayo y miles de voces pidiendo su regreso"}]},{"@type":"WebSite","@id":"https:\/\/cvinoticias.com\/v3\/#website","url":"https:\/\/cvinoticias.com\/v3\/","name":"CVI NOTICIAS","description":"","publisher":{"@id":"https:\/\/cvinoticias.com\/v3\/#organization"},"alternateName":"CVI","potentialAction":[{"@type":"SearchAction","target":{"@type":"EntryPoint","urlTemplate":"https:\/\/cvinoticias.com\/v3\/?s={search_term_string}"},"query-input":{"@type":"PropertyValueSpecification","valueRequired":true,"valueName":"search_term_string"}}],"inLanguage":"es"},{"@type":"Organization","@id":"https:\/\/cvinoticias.com\/v3\/#organization","name":"CVI NOTICIAS","url":"https:\/\/cvinoticias.com\/v3\/","logo":{"@type":"ImageObject","inLanguage":"es","@id":"https:\/\/cvinoticias.com\/v3\/#\/schema\/logo\/image\/","url":"https:\/\/cvinoticias.com\/wp-content\/uploads\/2023\/04\/cropped-cropped-cropped-cropped-cropped-3-1.png","contentUrl":"https:\/\/cvinoticias.com\/wp-content\/uploads\/2023\/04\/cropped-cropped-cropped-cropped-cropped-3-1.png","width":95,"height":122,"caption":"CVI NOTICIAS"},"image":{"@id":"https:\/\/cvinoticias.com\/v3\/#\/schema\/logo\/image\/"},"sameAs":["https:\/\/www.facebook.com\/cvinoticias","https:\/\/www.instagram.com\/cvinoticias\/","https:\/\/www.youtube.com\/@CVINOTICIAS"]},{"@type":"Person","@id":"https:\/\/cvinoticias.com\/v3\/#\/schema\/person\/2db77e3c6bc03c538495d7b2b8be9b66","name":"f1000024","image":{"@type":"ImageObject","inLanguage":"es","@id":"https:\/\/secure.gravatar.com\/avatar\/d4fe7459cfc51ff5129ce1a732bbef5928568b8092d412ef95611616376bbeed?s=96&d=mm&r=g","url":"https:\/\/secure.gravatar.com\/avatar\/d4fe7459cfc51ff5129ce1a732bbef5928568b8092d412ef95611616376bbeed?s=96&d=mm&r=g","contentUrl":"https:\/\/secure.gravatar.com\/avatar\/d4fe7459cfc51ff5129ce1a732bbef5928568b8092d412ef95611616376bbeed?s=96&d=mm&r=g","caption":"f1000024"},"url":"https:\/\/cvinoticias.com\/v3\/author\/f1000024\/"}]}},"_links":{"self":[{"href":"https:\/\/cvinoticias.com\/v3\/wp-json\/wp\/v2\/posts\/51185","targetHints":{"allow":["GET"]}}],"collection":[{"href":"https:\/\/cvinoticias.com\/v3\/wp-json\/wp\/v2\/posts"}],"about":[{"href":"https:\/\/cvinoticias.com\/v3\/wp-json\/wp\/v2\/types\/post"}],"author":[{"embeddable":true,"href":"https:\/\/cvinoticias.com\/v3\/wp-json\/wp\/v2\/users\/2"}],"replies":[{"embeddable":true,"href":"https:\/\/cvinoticias.com\/v3\/wp-json\/wp\/v2\/comments?post=51185"}],"version-history":[{"count":1,"href":"https:\/\/cvinoticias.com\/v3\/wp-json\/wp\/v2\/posts\/51185\/revisions"}],"predecessor-version":[{"id":51187,"href":"https:\/\/cvinoticias.com\/v3\/wp-json\/wp\/v2\/posts\/51185\/revisions\/51187"}],"wp:featuredmedia":[{"embeddable":true,"href":"https:\/\/cvinoticias.com\/v3\/wp-json\/wp\/v2\/media\/51186"}],"wp:attachment":[{"href":"https:\/\/cvinoticias.com\/v3\/wp-json\/wp\/v2\/media?parent=51185"}],"wp:term":[{"taxonomy":"category","embeddable":true,"href":"https:\/\/cvinoticias.com\/v3\/wp-json\/wp\/v2\/categories?post=51185"},{"taxonomy":"post_tag","embeddable":true,"href":"https:\/\/cvinoticias.com\/v3\/wp-json\/wp\/v2\/tags?post=51185"}],"curies":[{"name":"wp","href":"https:\/\/api.w.org\/{rel}","templated":true}]}}