{"id":51172,"date":"2025-11-06T10:25:02","date_gmt":"2025-11-06T13:25:02","guid":{"rendered":"https:\/\/cvinoticias.com\/v3\/?p=51172"},"modified":"2025-11-06T10:25:03","modified_gmt":"2025-11-06T13:25:03","slug":"6-de-noviembre-dia-de-los-parques-nacionales-una-fecha-para-celebrar-y-cuidar-la-naturaleza-argentina","status":"publish","type":"post","link":"https:\/\/cvinoticias.com\/v3\/6-de-noviembre-dia-de-los-parques-nacionales-una-fecha-para-celebrar-y-cuidar-la-naturaleza-argentina\/","title":{"rendered":"6 de noviembre: D\u00eda de los Parques Nacionales, una fecha para celebrar y cuidar la naturaleza argentina"},"content":{"rendered":"\n<p>Cada 6 de noviembre se celebra en Argentina el <em>D\u00eda de los Parques Nacionales<\/em>, una jornada destinada a reconocer el valor de los espacios naturales protegidos que conservan la biodiversidad, los paisajes y el patrimonio cultural del pa\u00eds. La fecha recuerda la donaci\u00f3n que realiz\u00f3 en 1903 el explorador, ge\u00f3grafo y naturalista <strong>Francisco Pascasio Moreno<\/strong>, quien entreg\u00f3 al Estado nacional unas <strong>7.500 hect\u00e1reas ubicadas al oeste del Lago Nahuel Huapi<\/strong>, con el deseo de que fueran \u201cconsagradas como parque p\u00fablico natural\u201d.<\/p>\n\n\n\n<p>Aquel gesto altruista marc\u00f3 un antes y un despu\u00e9s en la historia ambiental argentina. Tres d\u00e9cadas m\u00e1s tarde, ese territorio se convertir\u00eda oficialmente en el <strong>Parque Nacional Nahuel Huapi<\/strong>, el primero del pa\u00eds y uno de los pioneros en Am\u00e9rica Latina. Desde entonces, Argentina fue consolidando un sistema de \u00e1reas protegidas que hoy resguarda miles de especies de flora y fauna, adem\u00e1s de promover el turismo sostenible y la educaci\u00f3n ambiental.<\/p>\n\n\n\n<p>Actualmente, los parques nacionales cumplen un rol clave en la <strong>preservaci\u00f3n de ecosistemas \u00fanicos<\/strong>, desde las selvas misioneras y los glaciares patag\u00f3nicos hasta las costas atl\u00e1nticas y las sierras del noroeste. Adem\u00e1s de su valor ecol\u00f3gico, estos espacios representan oportunidades de desarrollo local, investigaci\u00f3n cient\u00edfica y conexi\u00f3n con la naturaleza.<\/p>\n\n\n\n<p>En este d\u00eda, se invita a la comunidad a reflexionar sobre la importancia de <strong>cuidar, respetar y valorar el patrimonio natural argentino<\/strong>, legado de generaciones pasadas y responsabilidad de las presentes.<\/p>\n\n\n\n<p><em>Fuente: argentina.gob.ar<\/em><\/p>\n","protected":false},"excerpt":{"rendered":"<p>Cada 6 de noviembre se celebra en Argentina el D\u00eda de los Parques Nacionales, una jornada destinada a reconocer el valor de los espacios naturales protegidos que conservan la biodiversidad, los paisajes y el patrimonio cultural del pa\u00eds. La fecha recuerda la donaci\u00f3n que realiz\u00f3 en 1903 el explorador, ge\u00f3grafo y naturalista Francisco Pascasio Moreno, [&hellip;]<\/p>\n","protected":false},"author":2,"featured_media":51173,"comment_status":"open","ping_status":"closed","sticky":false,"template":"","format":"standard","meta":{"footnotes":""},"categories":[442],"tags":[4364,1777],"class_list":["post-51172","post","type-post","status-publish","format-standard","has-post-thumbnail","hentry","category-efemerides-2","tag-6-de-noviembre","tag-parques-nacionales"],"yoast_head":"<!-- This site is optimized with the Yoast SEO plugin v27.4 - https:\/\/yoast.com\/product\/yoast-seo-wordpress\/ -->\n<title>D\u00eda de los Parques Nacionales: cuidar la naturaleza argentina | CVI NOTICIAS<\/title>\n<meta name=\"description\" content=\"Cada 6 de noviembre se celebra el D\u00eda de los Parques Nacionales en honor al legado natural argentino.\" \/>\n<meta name=\"robots\" content=\"index, follow, max-snippet:-1, max-image-preview:large, max-video-preview:-1\" \/>\n<link rel=\"canonical\" href=\"https:\/\/cvinoticias.com\/v3\/6-de-noviembre-dia-de-los-parques-nacionales-una-fecha-para-celebrar-y-cuidar-la-naturaleza-argentina\/\" \/>\n<meta property=\"og:locale\" content=\"es_ES\" \/>\n<meta property=\"og:type\" content=\"article\" \/>\n<meta property=\"og:title\" content=\"D\u00eda de los Parques Nacionales: cuidar la naturaleza argentina | CVI NOTICIAS\" \/>\n<meta property=\"og:description\" content=\"Cada 6 de noviembre se celebra el D\u00eda de los Parques Nacionales en honor al legado natural argentino.\" \/>\n<meta property=\"og:url\" content=\"https:\/\/cvinoticias.com\/v3\/6-de-noviembre-dia-de-los-parques-nacionales-una-fecha-para-celebrar-y-cuidar-la-naturaleza-argentina\/\" \/>\n<meta property=\"og:site_name\" content=\"CVI NOTICIAS\" \/>\n<meta property=\"article:publisher\" content=\"https:\/\/www.facebook.com\/cvinoticias\" \/>\n<meta property=\"article:published_time\" content=\"2025-11-06T13:25:02+00:00\" \/>\n<meta property=\"article:modified_time\" content=\"2025-11-06T13:25:03+00:00\" \/>\n<meta property=\"og:image\" content=\"https:\/\/cvinoticias.com\/wp-content\/uploads\/2025\/11\/dia-de-los-parques-nacionales-en-argentina.jpg\" \/>\n\t<meta property=\"og:image:width\" content=\"1920\" \/>\n\t<meta property=\"og:image:height\" content=\"1080\" \/>\n\t<meta property=\"og:image:type\" content=\"image\/jpeg\" \/>\n<meta name=\"author\" content=\"f1000024\" \/>\n<meta name=\"twitter:card\" content=\"summary_large_image\" \/>\n<meta name=\"twitter:label1\" content=\"Escrito por\" \/>\n\t<meta name=\"twitter:data1\" content=\"f1000024\" \/>\n\t<meta name=\"twitter:label2\" content=\"Tiempo de lectura\" \/>\n\t<meta name=\"twitter:data2\" content=\"2 minutos\" \/>\n<script type=\"application\/ld+json\" class=\"yoast-schema-graph\">{\"@context\":\"https:\\\/\\\/schema.org\",\"@graph\":[{\"@type\":\"Article\",\"@id\":\"https:\\\/\\\/cvinoticias.com\\\/v3\\\/6-de-noviembre-dia-de-los-parques-nacionales-una-fecha-para-celebrar-y-cuidar-la-naturaleza-argentina\\\/#article\",\"isPartOf\":{\"@id\":\"https:\\\/\\\/cvinoticias.com\\\/v3\\\/6-de-noviembre-dia-de-los-parques-nacionales-una-fecha-para-celebrar-y-cuidar-la-naturaleza-argentina\\\/\"},\"author\":{\"name\":\"f1000024\",\"@id\":\"https:\\\/\\\/cvinoticias.com\\\/v3\\\/#\\\/schema\\\/person\\\/2db77e3c6bc03c538495d7b2b8be9b66\"},\"headline\":\"6 de noviembre: D\u00eda de los Parques Nacionales, una fecha para celebrar y cuidar la naturaleza argentina\",\"datePublished\":\"2025-11-06T13:25:02+00:00\",\"dateModified\":\"2025-11-06T13:25:03+00:00\",\"mainEntityOfPage\":{\"@id\":\"https:\\\/\\\/cvinoticias.com\\\/v3\\\/6-de-noviembre-dia-de-los-parques-nacionales-una-fecha-para-celebrar-y-cuidar-la-naturaleza-argentina\\\/\"},\"wordCount\":274,\"commentCount\":0,\"publisher\":{\"@id\":\"https:\\\/\\\/cvinoticias.com\\\/v3\\\/#organization\"},\"image\":{\"@id\":\"https:\\\/\\\/cvinoticias.com\\\/v3\\\/6-de-noviembre-dia-de-los-parques-nacionales-una-fecha-para-celebrar-y-cuidar-la-naturaleza-argentina\\\/#primaryimage\"},\"thumbnailUrl\":\"https:\\\/\\\/cvinoticias.com\\\/wp-content\\\/uploads\\\/2025\\\/11\\\/dia-de-los-parques-nacionales-en-argentina.jpg\",\"keywords\":[\"6 de noviembre\",\"Parques nacionales\"],\"articleSection\":[\"EFEMERIDES\"],\"inLanguage\":\"es\",\"potentialAction\":[{\"@type\":\"CommentAction\",\"name\":\"Comment\",\"target\":[\"https:\\\/\\\/cvinoticias.com\\\/v3\\\/6-de-noviembre-dia-de-los-parques-nacionales-una-fecha-para-celebrar-y-cuidar-la-naturaleza-argentina\\\/#respond\"]}]},{\"@type\":\"WebPage\",\"@id\":\"https:\\\/\\\/cvinoticias.com\\\/v3\\\/6-de-noviembre-dia-de-los-parques-nacionales-una-fecha-para-celebrar-y-cuidar-la-naturaleza-argentina\\\/\",\"url\":\"https:\\\/\\\/cvinoticias.com\\\/v3\\\/6-de-noviembre-dia-de-los-parques-nacionales-una-fecha-para-celebrar-y-cuidar-la-naturaleza-argentina\\\/\",\"name\":\"D\u00eda de los Parques Nacionales: cuidar la naturaleza argentina | CVI NOTICIAS\",\"isPartOf\":{\"@id\":\"https:\\\/\\\/cvinoticias.com\\\/v3\\\/#website\"},\"primaryImageOfPage\":{\"@id\":\"https:\\\/\\\/cvinoticias.com\\\/v3\\\/6-de-noviembre-dia-de-los-parques-nacionales-una-fecha-para-celebrar-y-cuidar-la-naturaleza-argentina\\\/#primaryimage\"},\"image\":{\"@id\":\"https:\\\/\\\/cvinoticias.com\\\/v3\\\/6-de-noviembre-dia-de-los-parques-nacionales-una-fecha-para-celebrar-y-cuidar-la-naturaleza-argentina\\\/#primaryimage\"},\"thumbnailUrl\":\"https:\\\/\\\/cvinoticias.com\\\/wp-content\\\/uploads\\\/2025\\\/11\\\/dia-de-los-parques-nacionales-en-argentina.jpg\",\"datePublished\":\"2025-11-06T13:25:02+00:00\",\"dateModified\":\"2025-11-06T13:25:03+00:00\",\"description\":\"Cada 6 de noviembre se celebra el D\u00eda de los Parques Nacionales en honor al legado natural argentino.\",\"breadcrumb\":{\"@id\":\"https:\\\/\\\/cvinoticias.com\\\/v3\\\/6-de-noviembre-dia-de-los-parques-nacionales-una-fecha-para-celebrar-y-cuidar-la-naturaleza-argentina\\\/#breadcrumb\"},\"inLanguage\":\"es\",\"potentialAction\":[{\"@type\":\"ReadAction\",\"target\":[\"https:\\\/\\\/cvinoticias.com\\\/v3\\\/6-de-noviembre-dia-de-los-parques-nacionales-una-fecha-para-celebrar-y-cuidar-la-naturaleza-argentina\\\/\"]}]},{\"@type\":\"ImageObject\",\"inLanguage\":\"es\",\"@id\":\"https:\\\/\\\/cvinoticias.com\\\/v3\\\/6-de-noviembre-dia-de-los-parques-nacionales-una-fecha-para-celebrar-y-cuidar-la-naturaleza-argentina\\\/#primaryimage\",\"url\":\"https:\\\/\\\/cvinoticias.com\\\/wp-content\\\/uploads\\\/2025\\\/11\\\/dia-de-los-parques-nacionales-en-argentina.jpg\",\"contentUrl\":\"https:\\\/\\\/cvinoticias.com\\\/wp-content\\\/uploads\\\/2025\\\/11\\\/dia-de-los-parques-nacionales-en-argentina.jpg\",\"width\":1920,\"height\":1080},{\"@type\":\"BreadcrumbList\",\"@id\":\"https:\\\/\\\/cvinoticias.com\\\/v3\\\/6-de-noviembre-dia-de-los-parques-nacionales-una-fecha-para-celebrar-y-cuidar-la-naturaleza-argentina\\\/#breadcrumb\",\"itemListElement\":[{\"@type\":\"ListItem\",\"position\":1,\"name\":\"Portada\",\"item\":\"https:\\\/\\\/cvinoticias.com\\\/v3\\\/\"},{\"@type\":\"ListItem\",\"position\":2,\"name\":\"6 de noviembre: D\u00eda de los Parques Nacionales, una fecha para celebrar y cuidar la naturaleza argentina\"}]},{\"@type\":\"WebSite\",\"@id\":\"https:\\\/\\\/cvinoticias.com\\\/v3\\\/#website\",\"url\":\"https:\\\/\\\/cvinoticias.com\\\/v3\\\/\",\"name\":\"CVI NOTICIAS\",\"description\":\"\",\"publisher\":{\"@id\":\"https:\\\/\\\/cvinoticias.com\\\/v3\\\/#organization\"},\"alternateName\":\"CVI\",\"potentialAction\":[{\"@type\":\"SearchAction\",\"target\":{\"@type\":\"EntryPoint\",\"urlTemplate\":\"https:\\\/\\\/cvinoticias.com\\\/v3\\\/?s={search_term_string}\"},\"query-input\":{\"@type\":\"PropertyValueSpecification\",\"valueRequired\":true,\"valueName\":\"search_term_string\"}}],\"inLanguage\":\"es\"},{\"@type\":\"Organization\",\"@id\":\"https:\\\/\\\/cvinoticias.com\\\/v3\\\/#organization\",\"name\":\"CVI NOTICIAS\",\"url\":\"https:\\\/\\\/cvinoticias.com\\\/v3\\\/\",\"logo\":{\"@type\":\"ImageObject\",\"inLanguage\":\"es\",\"@id\":\"https:\\\/\\\/cvinoticias.com\\\/v3\\\/#\\\/schema\\\/logo\\\/image\\\/\",\"url\":\"https:\\\/\\\/cvinoticias.com\\\/wp-content\\\/uploads\\\/2023\\\/04\\\/cropped-cropped-cropped-cropped-cropped-3-1.png\",\"contentUrl\":\"https:\\\/\\\/cvinoticias.com\\\/wp-content\\\/uploads\\\/2023\\\/04\\\/cropped-cropped-cropped-cropped-cropped-3-1.png\",\"width\":95,\"height\":122,\"caption\":\"CVI NOTICIAS\"},\"image\":{\"@id\":\"https:\\\/\\\/cvinoticias.com\\\/v3\\\/#\\\/schema\\\/logo\\\/image\\\/\"},\"sameAs\":[\"https:\\\/\\\/www.facebook.com\\\/cvinoticias\",\"https:\\\/\\\/www.instagram.com\\\/cvinoticias\\\/\",\"https:\\\/\\\/www.youtube.com\\\/@CVINOTICIAS\"]},{\"@type\":\"Person\",\"@id\":\"https:\\\/\\\/cvinoticias.com\\\/v3\\\/#\\\/schema\\\/person\\\/2db77e3c6bc03c538495d7b2b8be9b66\",\"name\":\"f1000024\",\"image\":{\"@type\":\"ImageObject\",\"inLanguage\":\"es\",\"@id\":\"https:\\\/\\\/secure.gravatar.com\\\/avatar\\\/d4fe7459cfc51ff5129ce1a732bbef5928568b8092d412ef95611616376bbeed?s=96&d=mm&r=g\",\"url\":\"https:\\\/\\\/secure.gravatar.com\\\/avatar\\\/d4fe7459cfc51ff5129ce1a732bbef5928568b8092d412ef95611616376bbeed?s=96&d=mm&r=g\",\"contentUrl\":\"https:\\\/\\\/secure.gravatar.com\\\/avatar\\\/d4fe7459cfc51ff5129ce1a732bbef5928568b8092d412ef95611616376bbeed?s=96&d=mm&r=g\",\"caption\":\"f1000024\"},\"url\":\"https:\\\/\\\/cvinoticias.com\\\/v3\\\/author\\\/f1000024\\\/\"}]}<\/script>\n<!-- \/ Yoast SEO plugin. -->","yoast_head_json":{"title":"D\u00eda de los Parques Nacionales: cuidar la naturaleza argentina | CVI NOTICIAS","description":"Cada 6 de noviembre se celebra el D\u00eda de los Parques Nacionales en honor al legado natural argentino.","robots":{"index":"index","follow":"follow","max-snippet":"max-snippet:-1","max-image-preview":"max-image-preview:large","max-video-preview":"max-video-preview:-1"},"canonical":"https:\/\/cvinoticias.com\/v3\/6-de-noviembre-dia-de-los-parques-nacionales-una-fecha-para-celebrar-y-cuidar-la-naturaleza-argentina\/","og_locale":"es_ES","og_type":"article","og_title":"D\u00eda de los Parques Nacionales: cuidar la naturaleza argentina | CVI NOTICIAS","og_description":"Cada 6 de noviembre se celebra el D\u00eda de los Parques Nacionales en honor al legado natural argentino.","og_url":"https:\/\/cvinoticias.com\/v3\/6-de-noviembre-dia-de-los-parques-nacionales-una-fecha-para-celebrar-y-cuidar-la-naturaleza-argentina\/","og_site_name":"CVI NOTICIAS","article_publisher":"https:\/\/www.facebook.com\/cvinoticias","article_published_time":"2025-11-06T13:25:02+00:00","article_modified_time":"2025-11-06T13:25:03+00:00","og_image":[{"width":1920,"height":1080,"url":"https:\/\/cvinoticias.com\/wp-content\/uploads\/2025\/11\/dia-de-los-parques-nacionales-en-argentina.jpg","type":"image\/jpeg"}],"author":"f1000024","twitter_card":"summary_large_image","twitter_misc":{"Escrito por":"f1000024","Tiempo de lectura":"2 minutos"},"schema":{"@context":"https:\/\/schema.org","@graph":[{"@type":"Article","@id":"https:\/\/cvinoticias.com\/v3\/6-de-noviembre-dia-de-los-parques-nacionales-una-fecha-para-celebrar-y-cuidar-la-naturaleza-argentina\/#article","isPartOf":{"@id":"https:\/\/cvinoticias.com\/v3\/6-de-noviembre-dia-de-los-parques-nacionales-una-fecha-para-celebrar-y-cuidar-la-naturaleza-argentina\/"},"author":{"name":"f1000024","@id":"https:\/\/cvinoticias.com\/v3\/#\/schema\/person\/2db77e3c6bc03c538495d7b2b8be9b66"},"headline":"6 de noviembre: D\u00eda de los Parques Nacionales, una fecha para celebrar y cuidar la naturaleza argentina","datePublished":"2025-11-06T13:25:02+00:00","dateModified":"2025-11-06T13:25:03+00:00","mainEntityOfPage":{"@id":"https:\/\/cvinoticias.com\/v3\/6-de-noviembre-dia-de-los-parques-nacionales-una-fecha-para-celebrar-y-cuidar-la-naturaleza-argentina\/"},"wordCount":274,"commentCount":0,"publisher":{"@id":"https:\/\/cvinoticias.com\/v3\/#organization"},"image":{"@id":"https:\/\/cvinoticias.com\/v3\/6-de-noviembre-dia-de-los-parques-nacionales-una-fecha-para-celebrar-y-cuidar-la-naturaleza-argentina\/#primaryimage"},"thumbnailUrl":"https:\/\/cvinoticias.com\/wp-content\/uploads\/2025\/11\/dia-de-los-parques-nacionales-en-argentina.jpg","keywords":["6 de noviembre","Parques nacionales"],"articleSection":["EFEMERIDES"],"inLanguage":"es","potentialAction":[{"@type":"CommentAction","name":"Comment","target":["https:\/\/cvinoticias.com\/v3\/6-de-noviembre-dia-de-los-parques-nacionales-una-fecha-para-celebrar-y-cuidar-la-naturaleza-argentina\/#respond"]}]},{"@type":"WebPage","@id":"https:\/\/cvinoticias.com\/v3\/6-de-noviembre-dia-de-los-parques-nacionales-una-fecha-para-celebrar-y-cuidar-la-naturaleza-argentina\/","url":"https:\/\/cvinoticias.com\/v3\/6-de-noviembre-dia-de-los-parques-nacionales-una-fecha-para-celebrar-y-cuidar-la-naturaleza-argentina\/","name":"D\u00eda de los Parques Nacionales: cuidar la naturaleza argentina | CVI NOTICIAS","isPartOf":{"@id":"https:\/\/cvinoticias.com\/v3\/#website"},"primaryImageOfPage":{"@id":"https:\/\/cvinoticias.com\/v3\/6-de-noviembre-dia-de-los-parques-nacionales-una-fecha-para-celebrar-y-cuidar-la-naturaleza-argentina\/#primaryimage"},"image":{"@id":"https:\/\/cvinoticias.com\/v3\/6-de-noviembre-dia-de-los-parques-nacionales-una-fecha-para-celebrar-y-cuidar-la-naturaleza-argentina\/#primaryimage"},"thumbnailUrl":"https:\/\/cvinoticias.com\/wp-content\/uploads\/2025\/11\/dia-de-los-parques-nacionales-en-argentina.jpg","datePublished":"2025-11-06T13:25:02+00:00","dateModified":"2025-11-06T13:25:03+00:00","description":"Cada 6 de noviembre se celebra el D\u00eda de los Parques Nacionales en honor al legado natural argentino.","breadcrumb":{"@id":"https:\/\/cvinoticias.com\/v3\/6-de-noviembre-dia-de-los-parques-nacionales-una-fecha-para-celebrar-y-cuidar-la-naturaleza-argentina\/#breadcrumb"},"inLanguage":"es","potentialAction":[{"@type":"ReadAction","target":["https:\/\/cvinoticias.com\/v3\/6-de-noviembre-dia-de-los-parques-nacionales-una-fecha-para-celebrar-y-cuidar-la-naturaleza-argentina\/"]}]},{"@type":"ImageObject","inLanguage":"es","@id":"https:\/\/cvinoticias.com\/v3\/6-de-noviembre-dia-de-los-parques-nacionales-una-fecha-para-celebrar-y-cuidar-la-naturaleza-argentina\/#primaryimage","url":"https:\/\/cvinoticias.com\/wp-content\/uploads\/2025\/11\/dia-de-los-parques-nacionales-en-argentina.jpg","contentUrl":"https:\/\/cvinoticias.com\/wp-content\/uploads\/2025\/11\/dia-de-los-parques-nacionales-en-argentina.jpg","width":1920,"height":1080},{"@type":"BreadcrumbList","@id":"https:\/\/cvinoticias.com\/v3\/6-de-noviembre-dia-de-los-parques-nacionales-una-fecha-para-celebrar-y-cuidar-la-naturaleza-argentina\/#breadcrumb","itemListElement":[{"@type":"ListItem","position":1,"name":"Portada","item":"https:\/\/cvinoticias.com\/v3\/"},{"@type":"ListItem","position":2,"name":"6 de noviembre: D\u00eda de los Parques Nacionales, una fecha para celebrar y cuidar la naturaleza argentina"}]},{"@type":"WebSite","@id":"https:\/\/cvinoticias.com\/v3\/#website","url":"https:\/\/cvinoticias.com\/v3\/","name":"CVI NOTICIAS","description":"","publisher":{"@id":"https:\/\/cvinoticias.com\/v3\/#organization"},"alternateName":"CVI","potentialAction":[{"@type":"SearchAction","target":{"@type":"EntryPoint","urlTemplate":"https:\/\/cvinoticias.com\/v3\/?s={search_term_string}"},"query-input":{"@type":"PropertyValueSpecification","valueRequired":true,"valueName":"search_term_string"}}],"inLanguage":"es"},{"@type":"Organization","@id":"https:\/\/cvinoticias.com\/v3\/#organization","name":"CVI NOTICIAS","url":"https:\/\/cvinoticias.com\/v3\/","logo":{"@type":"ImageObject","inLanguage":"es","@id":"https:\/\/cvinoticias.com\/v3\/#\/schema\/logo\/image\/","url":"https:\/\/cvinoticias.com\/wp-content\/uploads\/2023\/04\/cropped-cropped-cropped-cropped-cropped-3-1.png","contentUrl":"https:\/\/cvinoticias.com\/wp-content\/uploads\/2023\/04\/cropped-cropped-cropped-cropped-cropped-3-1.png","width":95,"height":122,"caption":"CVI NOTICIAS"},"image":{"@id":"https:\/\/cvinoticias.com\/v3\/#\/schema\/logo\/image\/"},"sameAs":["https:\/\/www.facebook.com\/cvinoticias","https:\/\/www.instagram.com\/cvinoticias\/","https:\/\/www.youtube.com\/@CVINOTICIAS"]},{"@type":"Person","@id":"https:\/\/cvinoticias.com\/v3\/#\/schema\/person\/2db77e3c6bc03c538495d7b2b8be9b66","name":"f1000024","image":{"@type":"ImageObject","inLanguage":"es","@id":"https:\/\/secure.gravatar.com\/avatar\/d4fe7459cfc51ff5129ce1a732bbef5928568b8092d412ef95611616376bbeed?s=96&d=mm&r=g","url":"https:\/\/secure.gravatar.com\/avatar\/d4fe7459cfc51ff5129ce1a732bbef5928568b8092d412ef95611616376bbeed?s=96&d=mm&r=g","contentUrl":"https:\/\/secure.gravatar.com\/avatar\/d4fe7459cfc51ff5129ce1a732bbef5928568b8092d412ef95611616376bbeed?s=96&d=mm&r=g","caption":"f1000024"},"url":"https:\/\/cvinoticias.com\/v3\/author\/f1000024\/"}]}},"_links":{"self":[{"href":"https:\/\/cvinoticias.com\/v3\/wp-json\/wp\/v2\/posts\/51172","targetHints":{"allow":["GET"]}}],"collection":[{"href":"https:\/\/cvinoticias.com\/v3\/wp-json\/wp\/v2\/posts"}],"about":[{"href":"https:\/\/cvinoticias.com\/v3\/wp-json\/wp\/v2\/types\/post"}],"author":[{"embeddable":true,"href":"https:\/\/cvinoticias.com\/v3\/wp-json\/wp\/v2\/users\/2"}],"replies":[{"embeddable":true,"href":"https:\/\/cvinoticias.com\/v3\/wp-json\/wp\/v2\/comments?post=51172"}],"version-history":[{"count":1,"href":"https:\/\/cvinoticias.com\/v3\/wp-json\/wp\/v2\/posts\/51172\/revisions"}],"predecessor-version":[{"id":51174,"href":"https:\/\/cvinoticias.com\/v3\/wp-json\/wp\/v2\/posts\/51172\/revisions\/51174"}],"wp:featuredmedia":[{"embeddable":true,"href":"https:\/\/cvinoticias.com\/v3\/wp-json\/wp\/v2\/media\/51173"}],"wp:attachment":[{"href":"https:\/\/cvinoticias.com\/v3\/wp-json\/wp\/v2\/media?parent=51172"}],"wp:term":[{"taxonomy":"category","embeddable":true,"href":"https:\/\/cvinoticias.com\/v3\/wp-json\/wp\/v2\/categories?post=51172"},{"taxonomy":"post_tag","embeddable":true,"href":"https:\/\/cvinoticias.com\/v3\/wp-json\/wp\/v2\/tags?post=51172"}],"curies":[{"name":"wp","href":"https:\/\/api.w.org\/{rel}","templated":true}]}}