{"id":51103,"date":"2025-11-05T05:00:52","date_gmt":"2025-11-05T08:00:52","guid":{"rendered":"https:\/\/cvinoticias.com\/v3\/?p=51103"},"modified":"2025-11-05T05:06:40","modified_gmt":"2025-11-05T08:06:40","slug":"hallaron-sin-vida-en-brasil-a-un-hombre-de-obera-que-era-buscado-desde-fines-de-octubre","status":"publish","type":"post","link":"https:\/\/cvinoticias.com\/v3\/hallaron-sin-vida-en-brasil-a-un-hombre-de-obera-que-era-buscado-desde-fines-de-octubre\/","title":{"rendered":"Hallaron sin vida en Brasil a un hombre de Ober\u00e1 que era buscado desde fines de octubre"},"content":{"rendered":"\n<p>Un tr\u00e1gico desenlace tuvo la b\u00fasqueda de Juan Smolarczuk, un hombre de 85 a\u00f1os oriundo de Ober\u00e1, quien hab\u00eda sido reportado como desaparecido el pasado 29 de octubre. Autoridades brasile\u00f1as confirmaron que el cuerpo hallado en el r\u00edo Uruguay, en jurisdicci\u00f3n de Porto Xavier (Brasil), corresponde al ciudadano obere\u00f1o.<\/p>\n\n\n\n<p>De acuerdo con el informe del Instituto General de Pericias de la Polic\u00eda del Brasil, la causa de muerte fue determinada como asfixia mec\u00e1nica por ahogamiento.<\/p>\n\n\n\n<p>El hallazgo se produjo el lunes, cuando efectivos de la Polic\u00eda Militar de Porto Xavier localizaron el cuerpo de un hombre en el r\u00edo, con caracter\u00edsticas f\u00edsicas y vestimenta coincidentes con las de Smolarczuk. Tras ser notificados, los investigadores de la Divisi\u00f3n Investigaciones de la Unidad Regional II de Ober\u00e1 coordinaron las diligencias junto a familiares y autoridades del pa\u00eds vecino.<\/p>\n\n\n\n<p>Con el acompa\u00f1amiento de profesionales intervinientes, la familia reconoci\u00f3 el cuerpo a trav\u00e9s de fotograf\u00edas, y posteriormente la esposa e hijas del fallecido viajaron a Santo \u00c2ngelo para completar el reconocimiento formal y los tr\u00e1mites legales en el Instituto General de Pericias.<\/p>\n\n\n\n<p>Seg\u00fan informaron allegados, una vez finalizado el informe oficial de necropsia, las cenizas ser\u00e1n trasladadas a Ober\u00e1 para su inhumaci\u00f3n.<\/p>\n\n\n\n<p>Durante todo el proceso, la Polic\u00eda de Misiones, a trav\u00e9s de la Comisar\u00eda Segunda de la UR-II, brind\u00f3 asistencia y acompa\u00f1amiento a la familia, manteniendo contacto constante con las autoridades brasile\u00f1as y el Juzgado interviniente.<\/p>\n\n\n\n<p>Fuente: El Territorio <\/p>\n","protected":false},"excerpt":{"rendered":"<p>Un tr\u00e1gico desenlace tuvo la b\u00fasqueda de Juan Smolarczuk, un hombre de 85 a\u00f1os oriundo de Ober\u00e1, quien hab\u00eda sido reportado como desaparecido el pasado 29 de octubre. Autoridades brasile\u00f1as confirmaron que el cuerpo hallado en el r\u00edo Uruguay, en jurisdicci\u00f3n de Porto Xavier (Brasil), corresponde al ciudadano obere\u00f1o. De acuerdo con el informe del [&hellip;]<\/p>\n","protected":false},"author":2,"featured_media":51104,"comment_status":"open","ping_status":"closed","sticky":false,"template":"","format":"standard","meta":{"footnotes":""},"categories":[41],"tags":[978,1427,827],"class_list":["post-51103","post","type-post","status-publish","format-standard","has-post-thumbnail","hentry","category-policiales","tag-hombre","tag-obera","tag-sin-vida"],"yoast_head":"<!-- This site is optimized with the Yoast SEO plugin v27.4 - https:\/\/yoast.com\/product\/yoast-seo-wordpress\/ -->\n<title>Hallaron sin vida en Brasil a un hombre de Ober\u00e1 | CVI NOTICIAS<\/title>\n<meta name=\"description\" content=\"El cuerpo de Juan Smolarczuk, de Ober\u00e1, fue hallado en el r\u00edo Uruguay. Muri\u00f3 por asfixia por ahogamiento.\" \/>\n<meta name=\"robots\" content=\"index, follow, max-snippet:-1, max-image-preview:large, max-video-preview:-1\" \/>\n<link rel=\"canonical\" href=\"https:\/\/cvinoticias.com\/v3\/hallaron-sin-vida-en-brasil-a-un-hombre-de-obera-que-era-buscado-desde-fines-de-octubre\/\" \/>\n<meta property=\"og:locale\" content=\"es_ES\" \/>\n<meta property=\"og:type\" content=\"article\" \/>\n<meta property=\"og:title\" content=\"Hallaron sin vida en Brasil a un hombre de Ober\u00e1 | CVI NOTICIAS\" \/>\n<meta property=\"og:description\" content=\"El cuerpo de Juan Smolarczuk, de Ober\u00e1, fue hallado en el r\u00edo Uruguay. Muri\u00f3 por asfixia por ahogamiento.\" \/>\n<meta property=\"og:url\" content=\"https:\/\/cvinoticias.com\/v3\/hallaron-sin-vida-en-brasil-a-un-hombre-de-obera-que-era-buscado-desde-fines-de-octubre\/\" \/>\n<meta property=\"og:site_name\" content=\"CVI NOTICIAS\" \/>\n<meta property=\"article:publisher\" content=\"https:\/\/www.facebook.com\/cvinoticias\" \/>\n<meta property=\"article:published_time\" content=\"2025-11-05T08:00:52+00:00\" \/>\n<meta property=\"article:modified_time\" content=\"2025-11-05T08:06:40+00:00\" \/>\n<meta property=\"og:image\" content=\"https:\/\/cvinoticias.com\/wp-content\/uploads\/2025\/11\/md-1-2.webp\" \/>\n\t<meta property=\"og:image:width\" content=\"992\" \/>\n\t<meta property=\"og:image:height\" content=\"558\" \/>\n\t<meta property=\"og:image:type\" content=\"image\/webp\" \/>\n<meta name=\"author\" content=\"f1000024\" \/>\n<meta name=\"twitter:card\" content=\"summary_large_image\" \/>\n<meta name=\"twitter:label1\" content=\"Escrito por\" \/>\n\t<meta name=\"twitter:data1\" content=\"f1000024\" \/>\n\t<meta name=\"twitter:label2\" content=\"Tiempo de lectura\" \/>\n\t<meta name=\"twitter:data2\" content=\"2 minutos\" \/>\n<script type=\"application\/ld+json\" class=\"yoast-schema-graph\">{\"@context\":\"https:\\\/\\\/schema.org\",\"@graph\":[{\"@type\":\"Article\",\"@id\":\"https:\\\/\\\/cvinoticias.com\\\/v3\\\/hallaron-sin-vida-en-brasil-a-un-hombre-de-obera-que-era-buscado-desde-fines-de-octubre\\\/#article\",\"isPartOf\":{\"@id\":\"https:\\\/\\\/cvinoticias.com\\\/v3\\\/hallaron-sin-vida-en-brasil-a-un-hombre-de-obera-que-era-buscado-desde-fines-de-octubre\\\/\"},\"author\":{\"name\":\"f1000024\",\"@id\":\"https:\\\/\\\/cvinoticias.com\\\/v3\\\/#\\\/schema\\\/person\\\/2db77e3c6bc03c538495d7b2b8be9b66\"},\"headline\":\"Hallaron sin vida en Brasil a un hombre de Ober\u00e1 que era buscado desde fines de octubre\",\"datePublished\":\"2025-11-05T08:00:52+00:00\",\"dateModified\":\"2025-11-05T08:06:40+00:00\",\"mainEntityOfPage\":{\"@id\":\"https:\\\/\\\/cvinoticias.com\\\/v3\\\/hallaron-sin-vida-en-brasil-a-un-hombre-de-obera-que-era-buscado-desde-fines-de-octubre\\\/\"},\"wordCount\":279,\"commentCount\":0,\"publisher\":{\"@id\":\"https:\\\/\\\/cvinoticias.com\\\/v3\\\/#organization\"},\"image\":{\"@id\":\"https:\\\/\\\/cvinoticias.com\\\/v3\\\/hallaron-sin-vida-en-brasil-a-un-hombre-de-obera-que-era-buscado-desde-fines-de-octubre\\\/#primaryimage\"},\"thumbnailUrl\":\"https:\\\/\\\/cvinoticias.com\\\/wp-content\\\/uploads\\\/2025\\\/11\\\/md-1-2.webp\",\"keywords\":[\"Hombre\",\"Ober\u00e1\",\"Sin vida\"],\"articleSection\":[\"Policiales\"],\"inLanguage\":\"es\",\"potentialAction\":[{\"@type\":\"CommentAction\",\"name\":\"Comment\",\"target\":[\"https:\\\/\\\/cvinoticias.com\\\/v3\\\/hallaron-sin-vida-en-brasil-a-un-hombre-de-obera-que-era-buscado-desde-fines-de-octubre\\\/#respond\"]}]},{\"@type\":\"WebPage\",\"@id\":\"https:\\\/\\\/cvinoticias.com\\\/v3\\\/hallaron-sin-vida-en-brasil-a-un-hombre-de-obera-que-era-buscado-desde-fines-de-octubre\\\/\",\"url\":\"https:\\\/\\\/cvinoticias.com\\\/v3\\\/hallaron-sin-vida-en-brasil-a-un-hombre-de-obera-que-era-buscado-desde-fines-de-octubre\\\/\",\"name\":\"Hallaron sin vida en Brasil a un hombre de Ober\u00e1 | CVI NOTICIAS\",\"isPartOf\":{\"@id\":\"https:\\\/\\\/cvinoticias.com\\\/v3\\\/#website\"},\"primaryImageOfPage\":{\"@id\":\"https:\\\/\\\/cvinoticias.com\\\/v3\\\/hallaron-sin-vida-en-brasil-a-un-hombre-de-obera-que-era-buscado-desde-fines-de-octubre\\\/#primaryimage\"},\"image\":{\"@id\":\"https:\\\/\\\/cvinoticias.com\\\/v3\\\/hallaron-sin-vida-en-brasil-a-un-hombre-de-obera-que-era-buscado-desde-fines-de-octubre\\\/#primaryimage\"},\"thumbnailUrl\":\"https:\\\/\\\/cvinoticias.com\\\/wp-content\\\/uploads\\\/2025\\\/11\\\/md-1-2.webp\",\"datePublished\":\"2025-11-05T08:00:52+00:00\",\"dateModified\":\"2025-11-05T08:06:40+00:00\",\"description\":\"El cuerpo de Juan Smolarczuk, de Ober\u00e1, fue hallado en el r\u00edo Uruguay. Muri\u00f3 por asfixia por ahogamiento.\",\"breadcrumb\":{\"@id\":\"https:\\\/\\\/cvinoticias.com\\\/v3\\\/hallaron-sin-vida-en-brasil-a-un-hombre-de-obera-que-era-buscado-desde-fines-de-octubre\\\/#breadcrumb\"},\"inLanguage\":\"es\",\"potentialAction\":[{\"@type\":\"ReadAction\",\"target\":[\"https:\\\/\\\/cvinoticias.com\\\/v3\\\/hallaron-sin-vida-en-brasil-a-un-hombre-de-obera-que-era-buscado-desde-fines-de-octubre\\\/\"]}]},{\"@type\":\"ImageObject\",\"inLanguage\":\"es\",\"@id\":\"https:\\\/\\\/cvinoticias.com\\\/v3\\\/hallaron-sin-vida-en-brasil-a-un-hombre-de-obera-que-era-buscado-desde-fines-de-octubre\\\/#primaryimage\",\"url\":\"https:\\\/\\\/cvinoticias.com\\\/wp-content\\\/uploads\\\/2025\\\/11\\\/md-1-2.webp\",\"contentUrl\":\"https:\\\/\\\/cvinoticias.com\\\/wp-content\\\/uploads\\\/2025\\\/11\\\/md-1-2.webp\",\"width\":992,\"height\":558},{\"@type\":\"BreadcrumbList\",\"@id\":\"https:\\\/\\\/cvinoticias.com\\\/v3\\\/hallaron-sin-vida-en-brasil-a-un-hombre-de-obera-que-era-buscado-desde-fines-de-octubre\\\/#breadcrumb\",\"itemListElement\":[{\"@type\":\"ListItem\",\"position\":1,\"name\":\"Portada\",\"item\":\"https:\\\/\\\/cvinoticias.com\\\/v3\\\/\"},{\"@type\":\"ListItem\",\"position\":2,\"name\":\"Hallaron sin vida en Brasil a un hombre de Ober\u00e1 que era buscado desde fines de octubre\"}]},{\"@type\":\"WebSite\",\"@id\":\"https:\\\/\\\/cvinoticias.com\\\/v3\\\/#website\",\"url\":\"https:\\\/\\\/cvinoticias.com\\\/v3\\\/\",\"name\":\"CVI NOTICIAS\",\"description\":\"\",\"publisher\":{\"@id\":\"https:\\\/\\\/cvinoticias.com\\\/v3\\\/#organization\"},\"alternateName\":\"CVI\",\"potentialAction\":[{\"@type\":\"SearchAction\",\"target\":{\"@type\":\"EntryPoint\",\"urlTemplate\":\"https:\\\/\\\/cvinoticias.com\\\/v3\\\/?s={search_term_string}\"},\"query-input\":{\"@type\":\"PropertyValueSpecification\",\"valueRequired\":true,\"valueName\":\"search_term_string\"}}],\"inLanguage\":\"es\"},{\"@type\":\"Organization\",\"@id\":\"https:\\\/\\\/cvinoticias.com\\\/v3\\\/#organization\",\"name\":\"CVI NOTICIAS\",\"url\":\"https:\\\/\\\/cvinoticias.com\\\/v3\\\/\",\"logo\":{\"@type\":\"ImageObject\",\"inLanguage\":\"es\",\"@id\":\"https:\\\/\\\/cvinoticias.com\\\/v3\\\/#\\\/schema\\\/logo\\\/image\\\/\",\"url\":\"https:\\\/\\\/cvinoticias.com\\\/wp-content\\\/uploads\\\/2023\\\/04\\\/cropped-cropped-cropped-cropped-cropped-3-1.png\",\"contentUrl\":\"https:\\\/\\\/cvinoticias.com\\\/wp-content\\\/uploads\\\/2023\\\/04\\\/cropped-cropped-cropped-cropped-cropped-3-1.png\",\"width\":95,\"height\":122,\"caption\":\"CVI NOTICIAS\"},\"image\":{\"@id\":\"https:\\\/\\\/cvinoticias.com\\\/v3\\\/#\\\/schema\\\/logo\\\/image\\\/\"},\"sameAs\":[\"https:\\\/\\\/www.facebook.com\\\/cvinoticias\",\"https:\\\/\\\/www.instagram.com\\\/cvinoticias\\\/\",\"https:\\\/\\\/www.youtube.com\\\/@CVINOTICIAS\"]},{\"@type\":\"Person\",\"@id\":\"https:\\\/\\\/cvinoticias.com\\\/v3\\\/#\\\/schema\\\/person\\\/2db77e3c6bc03c538495d7b2b8be9b66\",\"name\":\"f1000024\",\"image\":{\"@type\":\"ImageObject\",\"inLanguage\":\"es\",\"@id\":\"https:\\\/\\\/secure.gravatar.com\\\/avatar\\\/d4fe7459cfc51ff5129ce1a732bbef5928568b8092d412ef95611616376bbeed?s=96&d=mm&r=g\",\"url\":\"https:\\\/\\\/secure.gravatar.com\\\/avatar\\\/d4fe7459cfc51ff5129ce1a732bbef5928568b8092d412ef95611616376bbeed?s=96&d=mm&r=g\",\"contentUrl\":\"https:\\\/\\\/secure.gravatar.com\\\/avatar\\\/d4fe7459cfc51ff5129ce1a732bbef5928568b8092d412ef95611616376bbeed?s=96&d=mm&r=g\",\"caption\":\"f1000024\"},\"url\":\"https:\\\/\\\/cvinoticias.com\\\/v3\\\/author\\\/f1000024\\\/\"}]}<\/script>\n<!-- \/ Yoast SEO plugin. -->","yoast_head_json":{"title":"Hallaron sin vida en Brasil a un hombre de Ober\u00e1 | CVI NOTICIAS","description":"El cuerpo de Juan Smolarczuk, de Ober\u00e1, fue hallado en el r\u00edo Uruguay. Muri\u00f3 por asfixia por ahogamiento.","robots":{"index":"index","follow":"follow","max-snippet":"max-snippet:-1","max-image-preview":"max-image-preview:large","max-video-preview":"max-video-preview:-1"},"canonical":"https:\/\/cvinoticias.com\/v3\/hallaron-sin-vida-en-brasil-a-un-hombre-de-obera-que-era-buscado-desde-fines-de-octubre\/","og_locale":"es_ES","og_type":"article","og_title":"Hallaron sin vida en Brasil a un hombre de Ober\u00e1 | CVI NOTICIAS","og_description":"El cuerpo de Juan Smolarczuk, de Ober\u00e1, fue hallado en el r\u00edo Uruguay. Muri\u00f3 por asfixia por ahogamiento.","og_url":"https:\/\/cvinoticias.com\/v3\/hallaron-sin-vida-en-brasil-a-un-hombre-de-obera-que-era-buscado-desde-fines-de-octubre\/","og_site_name":"CVI NOTICIAS","article_publisher":"https:\/\/www.facebook.com\/cvinoticias","article_published_time":"2025-11-05T08:00:52+00:00","article_modified_time":"2025-11-05T08:06:40+00:00","og_image":[{"width":992,"height":558,"url":"https:\/\/cvinoticias.com\/wp-content\/uploads\/2025\/11\/md-1-2.webp","type":"image\/webp"}],"author":"f1000024","twitter_card":"summary_large_image","twitter_misc":{"Escrito por":"f1000024","Tiempo de lectura":"2 minutos"},"schema":{"@context":"https:\/\/schema.org","@graph":[{"@type":"Article","@id":"https:\/\/cvinoticias.com\/v3\/hallaron-sin-vida-en-brasil-a-un-hombre-de-obera-que-era-buscado-desde-fines-de-octubre\/#article","isPartOf":{"@id":"https:\/\/cvinoticias.com\/v3\/hallaron-sin-vida-en-brasil-a-un-hombre-de-obera-que-era-buscado-desde-fines-de-octubre\/"},"author":{"name":"f1000024","@id":"https:\/\/cvinoticias.com\/v3\/#\/schema\/person\/2db77e3c6bc03c538495d7b2b8be9b66"},"headline":"Hallaron sin vida en Brasil a un hombre de Ober\u00e1 que era buscado desde fines de octubre","datePublished":"2025-11-05T08:00:52+00:00","dateModified":"2025-11-05T08:06:40+00:00","mainEntityOfPage":{"@id":"https:\/\/cvinoticias.com\/v3\/hallaron-sin-vida-en-brasil-a-un-hombre-de-obera-que-era-buscado-desde-fines-de-octubre\/"},"wordCount":279,"commentCount":0,"publisher":{"@id":"https:\/\/cvinoticias.com\/v3\/#organization"},"image":{"@id":"https:\/\/cvinoticias.com\/v3\/hallaron-sin-vida-en-brasil-a-un-hombre-de-obera-que-era-buscado-desde-fines-de-octubre\/#primaryimage"},"thumbnailUrl":"https:\/\/cvinoticias.com\/wp-content\/uploads\/2025\/11\/md-1-2.webp","keywords":["Hombre","Ober\u00e1","Sin vida"],"articleSection":["Policiales"],"inLanguage":"es","potentialAction":[{"@type":"CommentAction","name":"Comment","target":["https:\/\/cvinoticias.com\/v3\/hallaron-sin-vida-en-brasil-a-un-hombre-de-obera-que-era-buscado-desde-fines-de-octubre\/#respond"]}]},{"@type":"WebPage","@id":"https:\/\/cvinoticias.com\/v3\/hallaron-sin-vida-en-brasil-a-un-hombre-de-obera-que-era-buscado-desde-fines-de-octubre\/","url":"https:\/\/cvinoticias.com\/v3\/hallaron-sin-vida-en-brasil-a-un-hombre-de-obera-que-era-buscado-desde-fines-de-octubre\/","name":"Hallaron sin vida en Brasil a un hombre de Ober\u00e1 | CVI NOTICIAS","isPartOf":{"@id":"https:\/\/cvinoticias.com\/v3\/#website"},"primaryImageOfPage":{"@id":"https:\/\/cvinoticias.com\/v3\/hallaron-sin-vida-en-brasil-a-un-hombre-de-obera-que-era-buscado-desde-fines-de-octubre\/#primaryimage"},"image":{"@id":"https:\/\/cvinoticias.com\/v3\/hallaron-sin-vida-en-brasil-a-un-hombre-de-obera-que-era-buscado-desde-fines-de-octubre\/#primaryimage"},"thumbnailUrl":"https:\/\/cvinoticias.com\/wp-content\/uploads\/2025\/11\/md-1-2.webp","datePublished":"2025-11-05T08:00:52+00:00","dateModified":"2025-11-05T08:06:40+00:00","description":"El cuerpo de Juan Smolarczuk, de Ober\u00e1, fue hallado en el r\u00edo Uruguay. Muri\u00f3 por asfixia por ahogamiento.","breadcrumb":{"@id":"https:\/\/cvinoticias.com\/v3\/hallaron-sin-vida-en-brasil-a-un-hombre-de-obera-que-era-buscado-desde-fines-de-octubre\/#breadcrumb"},"inLanguage":"es","potentialAction":[{"@type":"ReadAction","target":["https:\/\/cvinoticias.com\/v3\/hallaron-sin-vida-en-brasil-a-un-hombre-de-obera-que-era-buscado-desde-fines-de-octubre\/"]}]},{"@type":"ImageObject","inLanguage":"es","@id":"https:\/\/cvinoticias.com\/v3\/hallaron-sin-vida-en-brasil-a-un-hombre-de-obera-que-era-buscado-desde-fines-de-octubre\/#primaryimage","url":"https:\/\/cvinoticias.com\/wp-content\/uploads\/2025\/11\/md-1-2.webp","contentUrl":"https:\/\/cvinoticias.com\/wp-content\/uploads\/2025\/11\/md-1-2.webp","width":992,"height":558},{"@type":"BreadcrumbList","@id":"https:\/\/cvinoticias.com\/v3\/hallaron-sin-vida-en-brasil-a-un-hombre-de-obera-que-era-buscado-desde-fines-de-octubre\/#breadcrumb","itemListElement":[{"@type":"ListItem","position":1,"name":"Portada","item":"https:\/\/cvinoticias.com\/v3\/"},{"@type":"ListItem","position":2,"name":"Hallaron sin vida en Brasil a un hombre de Ober\u00e1 que era buscado desde fines de octubre"}]},{"@type":"WebSite","@id":"https:\/\/cvinoticias.com\/v3\/#website","url":"https:\/\/cvinoticias.com\/v3\/","name":"CVI NOTICIAS","description":"","publisher":{"@id":"https:\/\/cvinoticias.com\/v3\/#organization"},"alternateName":"CVI","potentialAction":[{"@type":"SearchAction","target":{"@type":"EntryPoint","urlTemplate":"https:\/\/cvinoticias.com\/v3\/?s={search_term_string}"},"query-input":{"@type":"PropertyValueSpecification","valueRequired":true,"valueName":"search_term_string"}}],"inLanguage":"es"},{"@type":"Organization","@id":"https:\/\/cvinoticias.com\/v3\/#organization","name":"CVI NOTICIAS","url":"https:\/\/cvinoticias.com\/v3\/","logo":{"@type":"ImageObject","inLanguage":"es","@id":"https:\/\/cvinoticias.com\/v3\/#\/schema\/logo\/image\/","url":"https:\/\/cvinoticias.com\/wp-content\/uploads\/2023\/04\/cropped-cropped-cropped-cropped-cropped-3-1.png","contentUrl":"https:\/\/cvinoticias.com\/wp-content\/uploads\/2023\/04\/cropped-cropped-cropped-cropped-cropped-3-1.png","width":95,"height":122,"caption":"CVI NOTICIAS"},"image":{"@id":"https:\/\/cvinoticias.com\/v3\/#\/schema\/logo\/image\/"},"sameAs":["https:\/\/www.facebook.com\/cvinoticias","https:\/\/www.instagram.com\/cvinoticias\/","https:\/\/www.youtube.com\/@CVINOTICIAS"]},{"@type":"Person","@id":"https:\/\/cvinoticias.com\/v3\/#\/schema\/person\/2db77e3c6bc03c538495d7b2b8be9b66","name":"f1000024","image":{"@type":"ImageObject","inLanguage":"es","@id":"https:\/\/secure.gravatar.com\/avatar\/d4fe7459cfc51ff5129ce1a732bbef5928568b8092d412ef95611616376bbeed?s=96&d=mm&r=g","url":"https:\/\/secure.gravatar.com\/avatar\/d4fe7459cfc51ff5129ce1a732bbef5928568b8092d412ef95611616376bbeed?s=96&d=mm&r=g","contentUrl":"https:\/\/secure.gravatar.com\/avatar\/d4fe7459cfc51ff5129ce1a732bbef5928568b8092d412ef95611616376bbeed?s=96&d=mm&r=g","caption":"f1000024"},"url":"https:\/\/cvinoticias.com\/v3\/author\/f1000024\/"}]}},"_links":{"self":[{"href":"https:\/\/cvinoticias.com\/v3\/wp-json\/wp\/v2\/posts\/51103","targetHints":{"allow":["GET"]}}],"collection":[{"href":"https:\/\/cvinoticias.com\/v3\/wp-json\/wp\/v2\/posts"}],"about":[{"href":"https:\/\/cvinoticias.com\/v3\/wp-json\/wp\/v2\/types\/post"}],"author":[{"embeddable":true,"href":"https:\/\/cvinoticias.com\/v3\/wp-json\/wp\/v2\/users\/2"}],"replies":[{"embeddable":true,"href":"https:\/\/cvinoticias.com\/v3\/wp-json\/wp\/v2\/comments?post=51103"}],"version-history":[{"count":1,"href":"https:\/\/cvinoticias.com\/v3\/wp-json\/wp\/v2\/posts\/51103\/revisions"}],"predecessor-version":[{"id":51105,"href":"https:\/\/cvinoticias.com\/v3\/wp-json\/wp\/v2\/posts\/51103\/revisions\/51105"}],"wp:featuredmedia":[{"embeddable":true,"href":"https:\/\/cvinoticias.com\/v3\/wp-json\/wp\/v2\/media\/51104"}],"wp:attachment":[{"href":"https:\/\/cvinoticias.com\/v3\/wp-json\/wp\/v2\/media?parent=51103"}],"wp:term":[{"taxonomy":"category","embeddable":true,"href":"https:\/\/cvinoticias.com\/v3\/wp-json\/wp\/v2\/categories?post=51103"},{"taxonomy":"post_tag","embeddable":true,"href":"https:\/\/cvinoticias.com\/v3\/wp-json\/wp\/v2\/tags?post=51103"}],"curies":[{"name":"wp","href":"https:\/\/api.w.org\/{rel}","templated":true}]}}