{"id":51067,"date":"2025-11-04T13:15:27","date_gmt":"2025-11-04T16:15:27","guid":{"rendered":"https:\/\/cvinoticias.com\/v3\/?p=51067"},"modified":"2025-11-04T21:17:29","modified_gmt":"2025-11-05T00:17:29","slug":"jornada-preventiva-en-la-comunidad-mbya-guarani-iryapu","status":"publish","type":"post","link":"https:\/\/cvinoticias.com\/v3\/jornada-preventiva-en-la-comunidad-mbya-guarani-iryapu\/","title":{"rendered":"Jornada preventiva en la comunidad Mbya Guaran\u00ed Iryap\u00fa"},"content":{"rendered":"\n<p>En el marco de las acciones preventivas que lleva adelante la Comisar\u00eda de la Mujer de Puerto Iguaz\u00fa, el equipo de profesionales encabezado por su titular visit\u00f3 la comunidad Mbya Guaran\u00ed Iryap\u00fa, ubicada en las 600 hect\u00e1reas.<\/p>\n\n\n\n<p>Durante la jornada, los efectivos policiales fueron recibidos por el cacique y miembros de la comunidad, en un encuentro que permiti\u00f3 abordar temas vinculados a la violencia de g\u00e9nero y otras problem\u00e1ticas sociales, haciendo especial \u00e9nfasis en la importancia de la denuncia y el acompa\u00f1amiento institucional.<\/p>\n\n\n\n<p>El equipo explic\u00f3 los canales de denuncia disponibles, el rol de la Justicia y la articulaci\u00f3n con la Polic\u00eda para garantizar la contenci\u00f3n y el seguimiento de cada caso.<\/p>\n\n\n\n<p>Asimismo, se acord\u00f3 coordinar nuevos encuentros con el objetivo de fortalecer el v\u00ednculo con las comunidades y continuar con la tarea de prevenci\u00f3n y sensibilizaci\u00f3n en el territorio.<\/p>\n\n\n\n<p>Estas actividades se enmarcan dentro del plan de trabajo permanente de la Comisar\u00eda de la Mujer, orientado a promover la igualdad, la seguridad y el acceso a la justicia en toda la regi\u00f3n.<\/p>\n","protected":false},"excerpt":{"rendered":"<p>En el marco de las acciones preventivas que lleva adelante la Comisar\u00eda de la Mujer de Puerto Iguaz\u00fa, el equipo de profesionales encabezado por su titular visit\u00f3 la comunidad Mbya Guaran\u00ed Iryap\u00fa, ubicada en las 600 hect\u00e1reas. Durante la jornada, los efectivos policiales fueron recibidos por el cacique y miembros de la comunidad, en un [&hellip;]<\/p>\n","protected":false},"author":2,"featured_media":51068,"comment_status":"open","ping_status":"closed","sticky":false,"template":"","format":"standard","meta":{"footnotes":""},"categories":[41],"tags":[4336,313,1644],"class_list":["post-51067","post","type-post","status-publish","format-standard","has-post-thumbnail","hentry","category-policiales","tag-guarani-iryapu","tag-iguazu","tag-jornada"],"yoast_head":"<!-- This site is optimized with the Yoast SEO plugin v27.4 - https:\/\/yoast.com\/product\/yoast-seo-wordpress\/ -->\n<title>Jornada preventiva en comunidad Mbya Guaran\u00ed Iryap\u00fa | CVI NOTICIAS<\/title>\n<meta name=\"description\" content=\"La Comisar\u00eda de la Mujer realiz\u00f3 una jornada preventiva en la comunidad Mbya Guaran\u00ed Iryap\u00fa para abordar violencia de g\u00e9nero.\" \/>\n<meta name=\"robots\" content=\"index, follow, max-snippet:-1, max-image-preview:large, max-video-preview:-1\" \/>\n<link rel=\"canonical\" href=\"https:\/\/cvinoticias.com\/v3\/jornada-preventiva-en-la-comunidad-mbya-guarani-iryapu\/\" \/>\n<meta property=\"og:locale\" content=\"es_ES\" \/>\n<meta property=\"og:type\" content=\"article\" \/>\n<meta property=\"og:title\" content=\"Jornada preventiva en comunidad Mbya Guaran\u00ed Iryap\u00fa | CVI NOTICIAS\" \/>\n<meta property=\"og:description\" content=\"La Comisar\u00eda de la Mujer realiz\u00f3 una jornada preventiva en la comunidad Mbya Guaran\u00ed Iryap\u00fa para abordar violencia de g\u00e9nero.\" \/>\n<meta property=\"og:url\" content=\"https:\/\/cvinoticias.com\/v3\/jornada-preventiva-en-la-comunidad-mbya-guarani-iryapu\/\" \/>\n<meta property=\"og:site_name\" content=\"CVI NOTICIAS\" \/>\n<meta property=\"article:publisher\" content=\"https:\/\/www.facebook.com\/cvinoticias\" \/>\n<meta property=\"article:published_time\" content=\"2025-11-04T16:15:27+00:00\" \/>\n<meta property=\"article:modified_time\" content=\"2025-11-05T00:17:29+00:00\" \/>\n<meta property=\"og:image\" content=\"https:\/\/cvinoticias.com\/wp-content\/uploads\/2025\/11\/e5da1547-7137-4623-ab57-37759c04f6ca.jpg\" \/>\n\t<meta property=\"og:image:width\" content=\"720\" \/>\n\t<meta property=\"og:image:height\" content=\"1600\" \/>\n\t<meta property=\"og:image:type\" content=\"image\/jpeg\" \/>\n<meta name=\"author\" content=\"f1000024\" \/>\n<meta name=\"twitter:card\" content=\"summary_large_image\" \/>\n<meta name=\"twitter:label1\" content=\"Escrito por\" \/>\n\t<meta name=\"twitter:data1\" content=\"f1000024\" \/>\n\t<meta name=\"twitter:label2\" content=\"Tiempo de lectura\" \/>\n\t<meta name=\"twitter:data2\" content=\"1 minuto\" \/>\n<script type=\"application\/ld+json\" class=\"yoast-schema-graph\">{\"@context\":\"https:\\\/\\\/schema.org\",\"@graph\":[{\"@type\":\"Article\",\"@id\":\"https:\\\/\\\/cvinoticias.com\\\/v3\\\/jornada-preventiva-en-la-comunidad-mbya-guarani-iryapu\\\/#article\",\"isPartOf\":{\"@id\":\"https:\\\/\\\/cvinoticias.com\\\/v3\\\/jornada-preventiva-en-la-comunidad-mbya-guarani-iryapu\\\/\"},\"author\":{\"name\":\"f1000024\",\"@id\":\"https:\\\/\\\/cvinoticias.com\\\/v3\\\/#\\\/schema\\\/person\\\/2db77e3c6bc03c538495d7b2b8be9b66\"},\"headline\":\"Jornada preventiva en la comunidad Mbya Guaran\u00ed Iryap\u00fa\",\"datePublished\":\"2025-11-04T16:15:27+00:00\",\"dateModified\":\"2025-11-05T00:17:29+00:00\",\"mainEntityOfPage\":{\"@id\":\"https:\\\/\\\/cvinoticias.com\\\/v3\\\/jornada-preventiva-en-la-comunidad-mbya-guarani-iryapu\\\/\"},\"wordCount\":193,\"commentCount\":0,\"publisher\":{\"@id\":\"https:\\\/\\\/cvinoticias.com\\\/v3\\\/#organization\"},\"image\":{\"@id\":\"https:\\\/\\\/cvinoticias.com\\\/v3\\\/jornada-preventiva-en-la-comunidad-mbya-guarani-iryapu\\\/#primaryimage\"},\"thumbnailUrl\":\"https:\\\/\\\/cvinoticias.com\\\/wp-content\\\/uploads\\\/2025\\\/11\\\/e5da1547-7137-4623-ab57-37759c04f6ca.jpg\",\"keywords\":[\"Guaran\u00ed Iryap\u00fa\",\"Iguaz\u00fa\",\"jornada\"],\"articleSection\":[\"Policiales\"],\"inLanguage\":\"es\",\"potentialAction\":[{\"@type\":\"CommentAction\",\"name\":\"Comment\",\"target\":[\"https:\\\/\\\/cvinoticias.com\\\/v3\\\/jornada-preventiva-en-la-comunidad-mbya-guarani-iryapu\\\/#respond\"]}]},{\"@type\":\"WebPage\",\"@id\":\"https:\\\/\\\/cvinoticias.com\\\/v3\\\/jornada-preventiva-en-la-comunidad-mbya-guarani-iryapu\\\/\",\"url\":\"https:\\\/\\\/cvinoticias.com\\\/v3\\\/jornada-preventiva-en-la-comunidad-mbya-guarani-iryapu\\\/\",\"name\":\"Jornada preventiva en comunidad Mbya Guaran\u00ed Iryap\u00fa | CVI NOTICIAS\",\"isPartOf\":{\"@id\":\"https:\\\/\\\/cvinoticias.com\\\/v3\\\/#website\"},\"primaryImageOfPage\":{\"@id\":\"https:\\\/\\\/cvinoticias.com\\\/v3\\\/jornada-preventiva-en-la-comunidad-mbya-guarani-iryapu\\\/#primaryimage\"},\"image\":{\"@id\":\"https:\\\/\\\/cvinoticias.com\\\/v3\\\/jornada-preventiva-en-la-comunidad-mbya-guarani-iryapu\\\/#primaryimage\"},\"thumbnailUrl\":\"https:\\\/\\\/cvinoticias.com\\\/wp-content\\\/uploads\\\/2025\\\/11\\\/e5da1547-7137-4623-ab57-37759c04f6ca.jpg\",\"datePublished\":\"2025-11-04T16:15:27+00:00\",\"dateModified\":\"2025-11-05T00:17:29+00:00\",\"description\":\"La Comisar\u00eda de la Mujer realiz\u00f3 una jornada preventiva en la comunidad Mbya Guaran\u00ed Iryap\u00fa para abordar violencia de g\u00e9nero.\",\"breadcrumb\":{\"@id\":\"https:\\\/\\\/cvinoticias.com\\\/v3\\\/jornada-preventiva-en-la-comunidad-mbya-guarani-iryapu\\\/#breadcrumb\"},\"inLanguage\":\"es\",\"potentialAction\":[{\"@type\":\"ReadAction\",\"target\":[\"https:\\\/\\\/cvinoticias.com\\\/v3\\\/jornada-preventiva-en-la-comunidad-mbya-guarani-iryapu\\\/\"]}]},{\"@type\":\"ImageObject\",\"inLanguage\":\"es\",\"@id\":\"https:\\\/\\\/cvinoticias.com\\\/v3\\\/jornada-preventiva-en-la-comunidad-mbya-guarani-iryapu\\\/#primaryimage\",\"url\":\"https:\\\/\\\/cvinoticias.com\\\/wp-content\\\/uploads\\\/2025\\\/11\\\/e5da1547-7137-4623-ab57-37759c04f6ca.jpg\",\"contentUrl\":\"https:\\\/\\\/cvinoticias.com\\\/wp-content\\\/uploads\\\/2025\\\/11\\\/e5da1547-7137-4623-ab57-37759c04f6ca.jpg\",\"width\":720,\"height\":1600},{\"@type\":\"BreadcrumbList\",\"@id\":\"https:\\\/\\\/cvinoticias.com\\\/v3\\\/jornada-preventiva-en-la-comunidad-mbya-guarani-iryapu\\\/#breadcrumb\",\"itemListElement\":[{\"@type\":\"ListItem\",\"position\":1,\"name\":\"Portada\",\"item\":\"https:\\\/\\\/cvinoticias.com\\\/v3\\\/\"},{\"@type\":\"ListItem\",\"position\":2,\"name\":\"Jornada preventiva en la comunidad Mbya Guaran\u00ed Iryap\u00fa\"}]},{\"@type\":\"WebSite\",\"@id\":\"https:\\\/\\\/cvinoticias.com\\\/v3\\\/#website\",\"url\":\"https:\\\/\\\/cvinoticias.com\\\/v3\\\/\",\"name\":\"CVI NOTICIAS\",\"description\":\"\",\"publisher\":{\"@id\":\"https:\\\/\\\/cvinoticias.com\\\/v3\\\/#organization\"},\"alternateName\":\"CVI\",\"potentialAction\":[{\"@type\":\"SearchAction\",\"target\":{\"@type\":\"EntryPoint\",\"urlTemplate\":\"https:\\\/\\\/cvinoticias.com\\\/v3\\\/?s={search_term_string}\"},\"query-input\":{\"@type\":\"PropertyValueSpecification\",\"valueRequired\":true,\"valueName\":\"search_term_string\"}}],\"inLanguage\":\"es\"},{\"@type\":\"Organization\",\"@id\":\"https:\\\/\\\/cvinoticias.com\\\/v3\\\/#organization\",\"name\":\"CVI NOTICIAS\",\"url\":\"https:\\\/\\\/cvinoticias.com\\\/v3\\\/\",\"logo\":{\"@type\":\"ImageObject\",\"inLanguage\":\"es\",\"@id\":\"https:\\\/\\\/cvinoticias.com\\\/v3\\\/#\\\/schema\\\/logo\\\/image\\\/\",\"url\":\"https:\\\/\\\/cvinoticias.com\\\/wp-content\\\/uploads\\\/2023\\\/04\\\/cropped-cropped-cropped-cropped-cropped-3-1.png\",\"contentUrl\":\"https:\\\/\\\/cvinoticias.com\\\/wp-content\\\/uploads\\\/2023\\\/04\\\/cropped-cropped-cropped-cropped-cropped-3-1.png\",\"width\":95,\"height\":122,\"caption\":\"CVI NOTICIAS\"},\"image\":{\"@id\":\"https:\\\/\\\/cvinoticias.com\\\/v3\\\/#\\\/schema\\\/logo\\\/image\\\/\"},\"sameAs\":[\"https:\\\/\\\/www.facebook.com\\\/cvinoticias\",\"https:\\\/\\\/www.instagram.com\\\/cvinoticias\\\/\",\"https:\\\/\\\/www.youtube.com\\\/@CVINOTICIAS\"]},{\"@type\":\"Person\",\"@id\":\"https:\\\/\\\/cvinoticias.com\\\/v3\\\/#\\\/schema\\\/person\\\/2db77e3c6bc03c538495d7b2b8be9b66\",\"name\":\"f1000024\",\"image\":{\"@type\":\"ImageObject\",\"inLanguage\":\"es\",\"@id\":\"https:\\\/\\\/secure.gravatar.com\\\/avatar\\\/d4fe7459cfc51ff5129ce1a732bbef5928568b8092d412ef95611616376bbeed?s=96&d=mm&r=g\",\"url\":\"https:\\\/\\\/secure.gravatar.com\\\/avatar\\\/d4fe7459cfc51ff5129ce1a732bbef5928568b8092d412ef95611616376bbeed?s=96&d=mm&r=g\",\"contentUrl\":\"https:\\\/\\\/secure.gravatar.com\\\/avatar\\\/d4fe7459cfc51ff5129ce1a732bbef5928568b8092d412ef95611616376bbeed?s=96&d=mm&r=g\",\"caption\":\"f1000024\"},\"url\":\"https:\\\/\\\/cvinoticias.com\\\/v3\\\/author\\\/f1000024\\\/\"}]}<\/script>\n<!-- \/ Yoast SEO plugin. -->","yoast_head_json":{"title":"Jornada preventiva en comunidad Mbya Guaran\u00ed Iryap\u00fa | CVI NOTICIAS","description":"La Comisar\u00eda de la Mujer realiz\u00f3 una jornada preventiva en la comunidad Mbya Guaran\u00ed Iryap\u00fa para abordar violencia de g\u00e9nero.","robots":{"index":"index","follow":"follow","max-snippet":"max-snippet:-1","max-image-preview":"max-image-preview:large","max-video-preview":"max-video-preview:-1"},"canonical":"https:\/\/cvinoticias.com\/v3\/jornada-preventiva-en-la-comunidad-mbya-guarani-iryapu\/","og_locale":"es_ES","og_type":"article","og_title":"Jornada preventiva en comunidad Mbya Guaran\u00ed Iryap\u00fa | CVI NOTICIAS","og_description":"La Comisar\u00eda de la Mujer realiz\u00f3 una jornada preventiva en la comunidad Mbya Guaran\u00ed Iryap\u00fa para abordar violencia de g\u00e9nero.","og_url":"https:\/\/cvinoticias.com\/v3\/jornada-preventiva-en-la-comunidad-mbya-guarani-iryapu\/","og_site_name":"CVI NOTICIAS","article_publisher":"https:\/\/www.facebook.com\/cvinoticias","article_published_time":"2025-11-04T16:15:27+00:00","article_modified_time":"2025-11-05T00:17:29+00:00","og_image":[{"width":720,"height":1600,"url":"https:\/\/cvinoticias.com\/wp-content\/uploads\/2025\/11\/e5da1547-7137-4623-ab57-37759c04f6ca.jpg","type":"image\/jpeg"}],"author":"f1000024","twitter_card":"summary_large_image","twitter_misc":{"Escrito por":"f1000024","Tiempo de lectura":"1 minuto"},"schema":{"@context":"https:\/\/schema.org","@graph":[{"@type":"Article","@id":"https:\/\/cvinoticias.com\/v3\/jornada-preventiva-en-la-comunidad-mbya-guarani-iryapu\/#article","isPartOf":{"@id":"https:\/\/cvinoticias.com\/v3\/jornada-preventiva-en-la-comunidad-mbya-guarani-iryapu\/"},"author":{"name":"f1000024","@id":"https:\/\/cvinoticias.com\/v3\/#\/schema\/person\/2db77e3c6bc03c538495d7b2b8be9b66"},"headline":"Jornada preventiva en la comunidad Mbya Guaran\u00ed Iryap\u00fa","datePublished":"2025-11-04T16:15:27+00:00","dateModified":"2025-11-05T00:17:29+00:00","mainEntityOfPage":{"@id":"https:\/\/cvinoticias.com\/v3\/jornada-preventiva-en-la-comunidad-mbya-guarani-iryapu\/"},"wordCount":193,"commentCount":0,"publisher":{"@id":"https:\/\/cvinoticias.com\/v3\/#organization"},"image":{"@id":"https:\/\/cvinoticias.com\/v3\/jornada-preventiva-en-la-comunidad-mbya-guarani-iryapu\/#primaryimage"},"thumbnailUrl":"https:\/\/cvinoticias.com\/wp-content\/uploads\/2025\/11\/e5da1547-7137-4623-ab57-37759c04f6ca.jpg","keywords":["Guaran\u00ed Iryap\u00fa","Iguaz\u00fa","jornada"],"articleSection":["Policiales"],"inLanguage":"es","potentialAction":[{"@type":"CommentAction","name":"Comment","target":["https:\/\/cvinoticias.com\/v3\/jornada-preventiva-en-la-comunidad-mbya-guarani-iryapu\/#respond"]}]},{"@type":"WebPage","@id":"https:\/\/cvinoticias.com\/v3\/jornada-preventiva-en-la-comunidad-mbya-guarani-iryapu\/","url":"https:\/\/cvinoticias.com\/v3\/jornada-preventiva-en-la-comunidad-mbya-guarani-iryapu\/","name":"Jornada preventiva en comunidad Mbya Guaran\u00ed Iryap\u00fa | CVI NOTICIAS","isPartOf":{"@id":"https:\/\/cvinoticias.com\/v3\/#website"},"primaryImageOfPage":{"@id":"https:\/\/cvinoticias.com\/v3\/jornada-preventiva-en-la-comunidad-mbya-guarani-iryapu\/#primaryimage"},"image":{"@id":"https:\/\/cvinoticias.com\/v3\/jornada-preventiva-en-la-comunidad-mbya-guarani-iryapu\/#primaryimage"},"thumbnailUrl":"https:\/\/cvinoticias.com\/wp-content\/uploads\/2025\/11\/e5da1547-7137-4623-ab57-37759c04f6ca.jpg","datePublished":"2025-11-04T16:15:27+00:00","dateModified":"2025-11-05T00:17:29+00:00","description":"La Comisar\u00eda de la Mujer realiz\u00f3 una jornada preventiva en la comunidad Mbya Guaran\u00ed Iryap\u00fa para abordar violencia de g\u00e9nero.","breadcrumb":{"@id":"https:\/\/cvinoticias.com\/v3\/jornada-preventiva-en-la-comunidad-mbya-guarani-iryapu\/#breadcrumb"},"inLanguage":"es","potentialAction":[{"@type":"ReadAction","target":["https:\/\/cvinoticias.com\/v3\/jornada-preventiva-en-la-comunidad-mbya-guarani-iryapu\/"]}]},{"@type":"ImageObject","inLanguage":"es","@id":"https:\/\/cvinoticias.com\/v3\/jornada-preventiva-en-la-comunidad-mbya-guarani-iryapu\/#primaryimage","url":"https:\/\/cvinoticias.com\/wp-content\/uploads\/2025\/11\/e5da1547-7137-4623-ab57-37759c04f6ca.jpg","contentUrl":"https:\/\/cvinoticias.com\/wp-content\/uploads\/2025\/11\/e5da1547-7137-4623-ab57-37759c04f6ca.jpg","width":720,"height":1600},{"@type":"BreadcrumbList","@id":"https:\/\/cvinoticias.com\/v3\/jornada-preventiva-en-la-comunidad-mbya-guarani-iryapu\/#breadcrumb","itemListElement":[{"@type":"ListItem","position":1,"name":"Portada","item":"https:\/\/cvinoticias.com\/v3\/"},{"@type":"ListItem","position":2,"name":"Jornada preventiva en la comunidad Mbya Guaran\u00ed Iryap\u00fa"}]},{"@type":"WebSite","@id":"https:\/\/cvinoticias.com\/v3\/#website","url":"https:\/\/cvinoticias.com\/v3\/","name":"CVI NOTICIAS","description":"","publisher":{"@id":"https:\/\/cvinoticias.com\/v3\/#organization"},"alternateName":"CVI","potentialAction":[{"@type":"SearchAction","target":{"@type":"EntryPoint","urlTemplate":"https:\/\/cvinoticias.com\/v3\/?s={search_term_string}"},"query-input":{"@type":"PropertyValueSpecification","valueRequired":true,"valueName":"search_term_string"}}],"inLanguage":"es"},{"@type":"Organization","@id":"https:\/\/cvinoticias.com\/v3\/#organization","name":"CVI NOTICIAS","url":"https:\/\/cvinoticias.com\/v3\/","logo":{"@type":"ImageObject","inLanguage":"es","@id":"https:\/\/cvinoticias.com\/v3\/#\/schema\/logo\/image\/","url":"https:\/\/cvinoticias.com\/wp-content\/uploads\/2023\/04\/cropped-cropped-cropped-cropped-cropped-3-1.png","contentUrl":"https:\/\/cvinoticias.com\/wp-content\/uploads\/2023\/04\/cropped-cropped-cropped-cropped-cropped-3-1.png","width":95,"height":122,"caption":"CVI NOTICIAS"},"image":{"@id":"https:\/\/cvinoticias.com\/v3\/#\/schema\/logo\/image\/"},"sameAs":["https:\/\/www.facebook.com\/cvinoticias","https:\/\/www.instagram.com\/cvinoticias\/","https:\/\/www.youtube.com\/@CVINOTICIAS"]},{"@type":"Person","@id":"https:\/\/cvinoticias.com\/v3\/#\/schema\/person\/2db77e3c6bc03c538495d7b2b8be9b66","name":"f1000024","image":{"@type":"ImageObject","inLanguage":"es","@id":"https:\/\/secure.gravatar.com\/avatar\/d4fe7459cfc51ff5129ce1a732bbef5928568b8092d412ef95611616376bbeed?s=96&d=mm&r=g","url":"https:\/\/secure.gravatar.com\/avatar\/d4fe7459cfc51ff5129ce1a732bbef5928568b8092d412ef95611616376bbeed?s=96&d=mm&r=g","contentUrl":"https:\/\/secure.gravatar.com\/avatar\/d4fe7459cfc51ff5129ce1a732bbef5928568b8092d412ef95611616376bbeed?s=96&d=mm&r=g","caption":"f1000024"},"url":"https:\/\/cvinoticias.com\/v3\/author\/f1000024\/"}]}},"_links":{"self":[{"href":"https:\/\/cvinoticias.com\/v3\/wp-json\/wp\/v2\/posts\/51067","targetHints":{"allow":["GET"]}}],"collection":[{"href":"https:\/\/cvinoticias.com\/v3\/wp-json\/wp\/v2\/posts"}],"about":[{"href":"https:\/\/cvinoticias.com\/v3\/wp-json\/wp\/v2\/types\/post"}],"author":[{"embeddable":true,"href":"https:\/\/cvinoticias.com\/v3\/wp-json\/wp\/v2\/users\/2"}],"replies":[{"embeddable":true,"href":"https:\/\/cvinoticias.com\/v3\/wp-json\/wp\/v2\/comments?post=51067"}],"version-history":[{"count":1,"href":"https:\/\/cvinoticias.com\/v3\/wp-json\/wp\/v2\/posts\/51067\/revisions"}],"predecessor-version":[{"id":51069,"href":"https:\/\/cvinoticias.com\/v3\/wp-json\/wp\/v2\/posts\/51067\/revisions\/51069"}],"wp:featuredmedia":[{"embeddable":true,"href":"https:\/\/cvinoticias.com\/v3\/wp-json\/wp\/v2\/media\/51068"}],"wp:attachment":[{"href":"https:\/\/cvinoticias.com\/v3\/wp-json\/wp\/v2\/media?parent=51067"}],"wp:term":[{"taxonomy":"category","embeddable":true,"href":"https:\/\/cvinoticias.com\/v3\/wp-json\/wp\/v2\/categories?post=51067"},{"taxonomy":"post_tag","embeddable":true,"href":"https:\/\/cvinoticias.com\/v3\/wp-json\/wp\/v2\/tags?post=51067"}],"curies":[{"name":"wp","href":"https:\/\/api.w.org\/{rel}","templated":true}]}}