{"id":51042,"date":"2025-11-04T07:50:23","date_gmt":"2025-11-04T10:50:23","guid":{"rendered":"https:\/\/cvinoticias.com\/v3\/?p=51042"},"modified":"2025-11-04T08:16:36","modified_gmt":"2025-11-04T11:16:36","slug":"liberaron-a-la-mujer-secuestrada-en-puerto-iguazu","status":"publish","type":"post","link":"https:\/\/cvinoticias.com\/v3\/liberaron-a-la-mujer-secuestrada-en-puerto-iguazu\/","title":{"rendered":"Secuestro y liberaci\u00f3n en Iguaz\u00fa: una mujer fue retenida por varias horas privada de su libertad"},"content":{"rendered":"\n<p>En la noche de este lunes se vivieron momentos de tensi\u00f3n en la ciudad, luego de que una mujer fuera secuestrada cerca de las 19:30 horas en la zona del barrio Santa Rita, en inmediaciones de las calles Los Mec\u00e1nicos y San Ger\u00f3nimo.<\/p>\n\n\n\n<p>De acuerdo con la informaci\u00f3n policial, la v\u00edctima \u2014una mujer de 59 a\u00f1os\u2014 fue abordada por dos hombres armados, quienes la obligaron a subir a un veh\u00edculo Volkswagen Gol Trend color rojo y se dieron a la fuga. Las primeras hip\u00f3tesis se\u00f1alan que los sospechosos ser\u00edan de nacionalidad brasile\u00f1a.<\/p>\n\n\n\n<p>Las autoridades tomaron conocimiento formal del hecho y se activ\u00f3 de inmediato un Operativo Cerrojo con intervenci\u00f3n de distintas dependencias de la Polic\u00eda de Misiones y fuerzas de seguridad de la zona. Tambi\u00e9n se solicit\u00f3 la participaci\u00f3n de un equipo de negociaci\u00f3n especializado, donde seg\u00fan informaron, los captores habr\u00edan pedido 200 mil dolares a cambio.<\/p>\n\n\n\n<p>Luego de un amplio despliegue, cerca de la medianoche (00:10 horas del martes), la mujer fue liberada en la intersecci\u00f3n de Avenida Libertad y Almafuerte, sin presentar lesiones.<\/p>\n\n\n\n<p>Las autoridades contin\u00faan investigando los motivos del hecho y trabajan para identificar y detener a los autores del secuestro.<\/p>\n","protected":false},"excerpt":{"rendered":"<p>En la noche de este lunes se vivieron momentos de tensi\u00f3n en la ciudad, luego de que una mujer fuera secuestrada cerca de las 19:30 horas en la zona del barrio Santa Rita, en inmediaciones de las calles Los Mec\u00e1nicos y San Ger\u00f3nimo. De acuerdo con la informaci\u00f3n policial, la v\u00edctima \u2014una mujer de 59 [&hellip;]<\/p>\n","protected":false},"author":2,"featured_media":51043,"comment_status":"open","ping_status":"closed","sticky":false,"template":"","format":"standard","meta":{"footnotes":""},"categories":[41],"tags":[313,1197,4328],"class_list":["post-51042","post","type-post","status-publish","format-standard","has-post-thumbnail","hentry","category-policiales","tag-iguazu","tag-mujer","tag-secuestrada"],"yoast_head":"<!-- This site is optimized with the Yoast SEO plugin v27.4 - https:\/\/yoast.com\/product\/yoast-seo-wordpress\/ -->\n<title>Liberaron a la mujer secuestrada en Puerto Iguaz\u00fa | CVI NOTICIAS<\/title>\n<meta name=\"description\" content=\"La mujer de 59 a\u00f1os fue hallada sana y salva tras permanecer cautiva tres horas en Puerto Iguaz\u00fa.\" \/>\n<meta name=\"robots\" content=\"index, follow, max-snippet:-1, max-image-preview:large, max-video-preview:-1\" \/>\n<link rel=\"canonical\" href=\"https:\/\/cvinoticias.com\/v3\/liberaron-a-la-mujer-secuestrada-en-puerto-iguazu\/\" \/>\n<meta property=\"og:locale\" content=\"es_ES\" \/>\n<meta property=\"og:type\" content=\"article\" \/>\n<meta property=\"og:title\" content=\"Liberaron a la mujer secuestrada en Puerto Iguaz\u00fa | CVI NOTICIAS\" \/>\n<meta property=\"og:description\" content=\"La mujer de 59 a\u00f1os fue hallada sana y salva tras permanecer cautiva tres horas en Puerto Iguaz\u00fa.\" \/>\n<meta property=\"og:url\" content=\"https:\/\/cvinoticias.com\/v3\/liberaron-a-la-mujer-secuestrada-en-puerto-iguazu\/\" \/>\n<meta property=\"og:site_name\" content=\"CVI NOTICIAS\" \/>\n<meta property=\"article:publisher\" content=\"https:\/\/www.facebook.com\/cvinoticias\" \/>\n<meta property=\"article:published_time\" content=\"2025-11-04T10:50:23+00:00\" \/>\n<meta property=\"article:modified_time\" content=\"2025-11-04T11:16:36+00:00\" \/>\n<meta property=\"og:image\" content=\"https:\/\/cvinoticias.com\/wp-content\/uploads\/2025\/11\/53dd923f-159f-4aef-80c4-b876288f57a3.jpg\" \/>\n\t<meta property=\"og:image:width\" content=\"800\" \/>\n\t<meta property=\"og:image:height\" content=\"600\" \/>\n\t<meta property=\"og:image:type\" content=\"image\/jpeg\" \/>\n<meta name=\"author\" content=\"f1000024\" \/>\n<meta name=\"twitter:card\" content=\"summary_large_image\" \/>\n<meta name=\"twitter:label1\" content=\"Escrito por\" \/>\n\t<meta name=\"twitter:data1\" content=\"f1000024\" \/>\n\t<meta name=\"twitter:label2\" content=\"Tiempo de lectura\" \/>\n\t<meta name=\"twitter:data2\" content=\"2 minutos\" \/>\n<script type=\"application\/ld+json\" class=\"yoast-schema-graph\">{\"@context\":\"https:\\\/\\\/schema.org\",\"@graph\":[{\"@type\":\"Article\",\"@id\":\"https:\\\/\\\/cvinoticias.com\\\/v3\\\/liberaron-a-la-mujer-secuestrada-en-puerto-iguazu\\\/#article\",\"isPartOf\":{\"@id\":\"https:\\\/\\\/cvinoticias.com\\\/v3\\\/liberaron-a-la-mujer-secuestrada-en-puerto-iguazu\\\/\"},\"author\":{\"name\":\"f1000024\",\"@id\":\"https:\\\/\\\/cvinoticias.com\\\/v3\\\/#\\\/schema\\\/person\\\/2db77e3c6bc03c538495d7b2b8be9b66\"},\"headline\":\"Secuestro y liberaci\u00f3n en Iguaz\u00fa: una mujer fue retenida por varias horas privada de su libertad\",\"datePublished\":\"2025-11-04T10:50:23+00:00\",\"dateModified\":\"2025-11-04T11:16:36+00:00\",\"mainEntityOfPage\":{\"@id\":\"https:\\\/\\\/cvinoticias.com\\\/v3\\\/liberaron-a-la-mujer-secuestrada-en-puerto-iguazu\\\/\"},\"wordCount\":227,\"commentCount\":0,\"publisher\":{\"@id\":\"https:\\\/\\\/cvinoticias.com\\\/v3\\\/#organization\"},\"image\":{\"@id\":\"https:\\\/\\\/cvinoticias.com\\\/v3\\\/liberaron-a-la-mujer-secuestrada-en-puerto-iguazu\\\/#primaryimage\"},\"thumbnailUrl\":\"https:\\\/\\\/cvinoticias.com\\\/wp-content\\\/uploads\\\/2025\\\/11\\\/53dd923f-159f-4aef-80c4-b876288f57a3.jpg\",\"keywords\":[\"Iguaz\u00fa\",\"Mujer\",\"secuestrada\"],\"articleSection\":[\"Policiales\"],\"inLanguage\":\"es\",\"potentialAction\":[{\"@type\":\"CommentAction\",\"name\":\"Comment\",\"target\":[\"https:\\\/\\\/cvinoticias.com\\\/v3\\\/liberaron-a-la-mujer-secuestrada-en-puerto-iguazu\\\/#respond\"]}]},{\"@type\":\"WebPage\",\"@id\":\"https:\\\/\\\/cvinoticias.com\\\/v3\\\/liberaron-a-la-mujer-secuestrada-en-puerto-iguazu\\\/\",\"url\":\"https:\\\/\\\/cvinoticias.com\\\/v3\\\/liberaron-a-la-mujer-secuestrada-en-puerto-iguazu\\\/\",\"name\":\"Liberaron a la mujer secuestrada en Puerto Iguaz\u00fa | CVI NOTICIAS\",\"isPartOf\":{\"@id\":\"https:\\\/\\\/cvinoticias.com\\\/v3\\\/#website\"},\"primaryImageOfPage\":{\"@id\":\"https:\\\/\\\/cvinoticias.com\\\/v3\\\/liberaron-a-la-mujer-secuestrada-en-puerto-iguazu\\\/#primaryimage\"},\"image\":{\"@id\":\"https:\\\/\\\/cvinoticias.com\\\/v3\\\/liberaron-a-la-mujer-secuestrada-en-puerto-iguazu\\\/#primaryimage\"},\"thumbnailUrl\":\"https:\\\/\\\/cvinoticias.com\\\/wp-content\\\/uploads\\\/2025\\\/11\\\/53dd923f-159f-4aef-80c4-b876288f57a3.jpg\",\"datePublished\":\"2025-11-04T10:50:23+00:00\",\"dateModified\":\"2025-11-04T11:16:36+00:00\",\"description\":\"La mujer de 59 a\u00f1os fue hallada sana y salva tras permanecer cautiva tres horas en Puerto Iguaz\u00fa.\",\"breadcrumb\":{\"@id\":\"https:\\\/\\\/cvinoticias.com\\\/v3\\\/liberaron-a-la-mujer-secuestrada-en-puerto-iguazu\\\/#breadcrumb\"},\"inLanguage\":\"es\",\"potentialAction\":[{\"@type\":\"ReadAction\",\"target\":[\"https:\\\/\\\/cvinoticias.com\\\/v3\\\/liberaron-a-la-mujer-secuestrada-en-puerto-iguazu\\\/\"]}]},{\"@type\":\"ImageObject\",\"inLanguage\":\"es\",\"@id\":\"https:\\\/\\\/cvinoticias.com\\\/v3\\\/liberaron-a-la-mujer-secuestrada-en-puerto-iguazu\\\/#primaryimage\",\"url\":\"https:\\\/\\\/cvinoticias.com\\\/wp-content\\\/uploads\\\/2025\\\/11\\\/53dd923f-159f-4aef-80c4-b876288f57a3.jpg\",\"contentUrl\":\"https:\\\/\\\/cvinoticias.com\\\/wp-content\\\/uploads\\\/2025\\\/11\\\/53dd923f-159f-4aef-80c4-b876288f57a3.jpg\",\"width\":800,\"height\":600},{\"@type\":\"BreadcrumbList\",\"@id\":\"https:\\\/\\\/cvinoticias.com\\\/v3\\\/liberaron-a-la-mujer-secuestrada-en-puerto-iguazu\\\/#breadcrumb\",\"itemListElement\":[{\"@type\":\"ListItem\",\"position\":1,\"name\":\"Portada\",\"item\":\"https:\\\/\\\/cvinoticias.com\\\/v3\\\/\"},{\"@type\":\"ListItem\",\"position\":2,\"name\":\"Secuestro y liberaci\u00f3n en Iguaz\u00fa: una mujer fue retenida por varias horas privada de su libertad\"}]},{\"@type\":\"WebSite\",\"@id\":\"https:\\\/\\\/cvinoticias.com\\\/v3\\\/#website\",\"url\":\"https:\\\/\\\/cvinoticias.com\\\/v3\\\/\",\"name\":\"CVI NOTICIAS\",\"description\":\"\",\"publisher\":{\"@id\":\"https:\\\/\\\/cvinoticias.com\\\/v3\\\/#organization\"},\"alternateName\":\"CVI\",\"potentialAction\":[{\"@type\":\"SearchAction\",\"target\":{\"@type\":\"EntryPoint\",\"urlTemplate\":\"https:\\\/\\\/cvinoticias.com\\\/v3\\\/?s={search_term_string}\"},\"query-input\":{\"@type\":\"PropertyValueSpecification\",\"valueRequired\":true,\"valueName\":\"search_term_string\"}}],\"inLanguage\":\"es\"},{\"@type\":\"Organization\",\"@id\":\"https:\\\/\\\/cvinoticias.com\\\/v3\\\/#organization\",\"name\":\"CVI NOTICIAS\",\"url\":\"https:\\\/\\\/cvinoticias.com\\\/v3\\\/\",\"logo\":{\"@type\":\"ImageObject\",\"inLanguage\":\"es\",\"@id\":\"https:\\\/\\\/cvinoticias.com\\\/v3\\\/#\\\/schema\\\/logo\\\/image\\\/\",\"url\":\"https:\\\/\\\/cvinoticias.com\\\/wp-content\\\/uploads\\\/2023\\\/04\\\/cropped-cropped-cropped-cropped-cropped-3-1.png\",\"contentUrl\":\"https:\\\/\\\/cvinoticias.com\\\/wp-content\\\/uploads\\\/2023\\\/04\\\/cropped-cropped-cropped-cropped-cropped-3-1.png\",\"width\":95,\"height\":122,\"caption\":\"CVI NOTICIAS\"},\"image\":{\"@id\":\"https:\\\/\\\/cvinoticias.com\\\/v3\\\/#\\\/schema\\\/logo\\\/image\\\/\"},\"sameAs\":[\"https:\\\/\\\/www.facebook.com\\\/cvinoticias\",\"https:\\\/\\\/www.instagram.com\\\/cvinoticias\\\/\",\"https:\\\/\\\/www.youtube.com\\\/@CVINOTICIAS\"]},{\"@type\":\"Person\",\"@id\":\"https:\\\/\\\/cvinoticias.com\\\/v3\\\/#\\\/schema\\\/person\\\/2db77e3c6bc03c538495d7b2b8be9b66\",\"name\":\"f1000024\",\"image\":{\"@type\":\"ImageObject\",\"inLanguage\":\"es\",\"@id\":\"https:\\\/\\\/secure.gravatar.com\\\/avatar\\\/d4fe7459cfc51ff5129ce1a732bbef5928568b8092d412ef95611616376bbeed?s=96&d=mm&r=g\",\"url\":\"https:\\\/\\\/secure.gravatar.com\\\/avatar\\\/d4fe7459cfc51ff5129ce1a732bbef5928568b8092d412ef95611616376bbeed?s=96&d=mm&r=g\",\"contentUrl\":\"https:\\\/\\\/secure.gravatar.com\\\/avatar\\\/d4fe7459cfc51ff5129ce1a732bbef5928568b8092d412ef95611616376bbeed?s=96&d=mm&r=g\",\"caption\":\"f1000024\"},\"url\":\"https:\\\/\\\/cvinoticias.com\\\/v3\\\/author\\\/f1000024\\\/\"}]}<\/script>\n<!-- \/ Yoast SEO plugin. -->","yoast_head_json":{"title":"Liberaron a la mujer secuestrada en Puerto Iguaz\u00fa | CVI NOTICIAS","description":"La mujer de 59 a\u00f1os fue hallada sana y salva tras permanecer cautiva tres horas en Puerto Iguaz\u00fa.","robots":{"index":"index","follow":"follow","max-snippet":"max-snippet:-1","max-image-preview":"max-image-preview:large","max-video-preview":"max-video-preview:-1"},"canonical":"https:\/\/cvinoticias.com\/v3\/liberaron-a-la-mujer-secuestrada-en-puerto-iguazu\/","og_locale":"es_ES","og_type":"article","og_title":"Liberaron a la mujer secuestrada en Puerto Iguaz\u00fa | CVI NOTICIAS","og_description":"La mujer de 59 a\u00f1os fue hallada sana y salva tras permanecer cautiva tres horas en Puerto Iguaz\u00fa.","og_url":"https:\/\/cvinoticias.com\/v3\/liberaron-a-la-mujer-secuestrada-en-puerto-iguazu\/","og_site_name":"CVI NOTICIAS","article_publisher":"https:\/\/www.facebook.com\/cvinoticias","article_published_time":"2025-11-04T10:50:23+00:00","article_modified_time":"2025-11-04T11:16:36+00:00","og_image":[{"width":800,"height":600,"url":"https:\/\/cvinoticias.com\/wp-content\/uploads\/2025\/11\/53dd923f-159f-4aef-80c4-b876288f57a3.jpg","type":"image\/jpeg"}],"author":"f1000024","twitter_card":"summary_large_image","twitter_misc":{"Escrito por":"f1000024","Tiempo de lectura":"2 minutos"},"schema":{"@context":"https:\/\/schema.org","@graph":[{"@type":"Article","@id":"https:\/\/cvinoticias.com\/v3\/liberaron-a-la-mujer-secuestrada-en-puerto-iguazu\/#article","isPartOf":{"@id":"https:\/\/cvinoticias.com\/v3\/liberaron-a-la-mujer-secuestrada-en-puerto-iguazu\/"},"author":{"name":"f1000024","@id":"https:\/\/cvinoticias.com\/v3\/#\/schema\/person\/2db77e3c6bc03c538495d7b2b8be9b66"},"headline":"Secuestro y liberaci\u00f3n en Iguaz\u00fa: una mujer fue retenida por varias horas privada de su libertad","datePublished":"2025-11-04T10:50:23+00:00","dateModified":"2025-11-04T11:16:36+00:00","mainEntityOfPage":{"@id":"https:\/\/cvinoticias.com\/v3\/liberaron-a-la-mujer-secuestrada-en-puerto-iguazu\/"},"wordCount":227,"commentCount":0,"publisher":{"@id":"https:\/\/cvinoticias.com\/v3\/#organization"},"image":{"@id":"https:\/\/cvinoticias.com\/v3\/liberaron-a-la-mujer-secuestrada-en-puerto-iguazu\/#primaryimage"},"thumbnailUrl":"https:\/\/cvinoticias.com\/wp-content\/uploads\/2025\/11\/53dd923f-159f-4aef-80c4-b876288f57a3.jpg","keywords":["Iguaz\u00fa","Mujer","secuestrada"],"articleSection":["Policiales"],"inLanguage":"es","potentialAction":[{"@type":"CommentAction","name":"Comment","target":["https:\/\/cvinoticias.com\/v3\/liberaron-a-la-mujer-secuestrada-en-puerto-iguazu\/#respond"]}]},{"@type":"WebPage","@id":"https:\/\/cvinoticias.com\/v3\/liberaron-a-la-mujer-secuestrada-en-puerto-iguazu\/","url":"https:\/\/cvinoticias.com\/v3\/liberaron-a-la-mujer-secuestrada-en-puerto-iguazu\/","name":"Liberaron a la mujer secuestrada en Puerto Iguaz\u00fa | CVI NOTICIAS","isPartOf":{"@id":"https:\/\/cvinoticias.com\/v3\/#website"},"primaryImageOfPage":{"@id":"https:\/\/cvinoticias.com\/v3\/liberaron-a-la-mujer-secuestrada-en-puerto-iguazu\/#primaryimage"},"image":{"@id":"https:\/\/cvinoticias.com\/v3\/liberaron-a-la-mujer-secuestrada-en-puerto-iguazu\/#primaryimage"},"thumbnailUrl":"https:\/\/cvinoticias.com\/wp-content\/uploads\/2025\/11\/53dd923f-159f-4aef-80c4-b876288f57a3.jpg","datePublished":"2025-11-04T10:50:23+00:00","dateModified":"2025-11-04T11:16:36+00:00","description":"La mujer de 59 a\u00f1os fue hallada sana y salva tras permanecer cautiva tres horas en Puerto Iguaz\u00fa.","breadcrumb":{"@id":"https:\/\/cvinoticias.com\/v3\/liberaron-a-la-mujer-secuestrada-en-puerto-iguazu\/#breadcrumb"},"inLanguage":"es","potentialAction":[{"@type":"ReadAction","target":["https:\/\/cvinoticias.com\/v3\/liberaron-a-la-mujer-secuestrada-en-puerto-iguazu\/"]}]},{"@type":"ImageObject","inLanguage":"es","@id":"https:\/\/cvinoticias.com\/v3\/liberaron-a-la-mujer-secuestrada-en-puerto-iguazu\/#primaryimage","url":"https:\/\/cvinoticias.com\/wp-content\/uploads\/2025\/11\/53dd923f-159f-4aef-80c4-b876288f57a3.jpg","contentUrl":"https:\/\/cvinoticias.com\/wp-content\/uploads\/2025\/11\/53dd923f-159f-4aef-80c4-b876288f57a3.jpg","width":800,"height":600},{"@type":"BreadcrumbList","@id":"https:\/\/cvinoticias.com\/v3\/liberaron-a-la-mujer-secuestrada-en-puerto-iguazu\/#breadcrumb","itemListElement":[{"@type":"ListItem","position":1,"name":"Portada","item":"https:\/\/cvinoticias.com\/v3\/"},{"@type":"ListItem","position":2,"name":"Secuestro y liberaci\u00f3n en Iguaz\u00fa: una mujer fue retenida por varias horas privada de su libertad"}]},{"@type":"WebSite","@id":"https:\/\/cvinoticias.com\/v3\/#website","url":"https:\/\/cvinoticias.com\/v3\/","name":"CVI NOTICIAS","description":"","publisher":{"@id":"https:\/\/cvinoticias.com\/v3\/#organization"},"alternateName":"CVI","potentialAction":[{"@type":"SearchAction","target":{"@type":"EntryPoint","urlTemplate":"https:\/\/cvinoticias.com\/v3\/?s={search_term_string}"},"query-input":{"@type":"PropertyValueSpecification","valueRequired":true,"valueName":"search_term_string"}}],"inLanguage":"es"},{"@type":"Organization","@id":"https:\/\/cvinoticias.com\/v3\/#organization","name":"CVI NOTICIAS","url":"https:\/\/cvinoticias.com\/v3\/","logo":{"@type":"ImageObject","inLanguage":"es","@id":"https:\/\/cvinoticias.com\/v3\/#\/schema\/logo\/image\/","url":"https:\/\/cvinoticias.com\/wp-content\/uploads\/2023\/04\/cropped-cropped-cropped-cropped-cropped-3-1.png","contentUrl":"https:\/\/cvinoticias.com\/wp-content\/uploads\/2023\/04\/cropped-cropped-cropped-cropped-cropped-3-1.png","width":95,"height":122,"caption":"CVI NOTICIAS"},"image":{"@id":"https:\/\/cvinoticias.com\/v3\/#\/schema\/logo\/image\/"},"sameAs":["https:\/\/www.facebook.com\/cvinoticias","https:\/\/www.instagram.com\/cvinoticias\/","https:\/\/www.youtube.com\/@CVINOTICIAS"]},{"@type":"Person","@id":"https:\/\/cvinoticias.com\/v3\/#\/schema\/person\/2db77e3c6bc03c538495d7b2b8be9b66","name":"f1000024","image":{"@type":"ImageObject","inLanguage":"es","@id":"https:\/\/secure.gravatar.com\/avatar\/d4fe7459cfc51ff5129ce1a732bbef5928568b8092d412ef95611616376bbeed?s=96&d=mm&r=g","url":"https:\/\/secure.gravatar.com\/avatar\/d4fe7459cfc51ff5129ce1a732bbef5928568b8092d412ef95611616376bbeed?s=96&d=mm&r=g","contentUrl":"https:\/\/secure.gravatar.com\/avatar\/d4fe7459cfc51ff5129ce1a732bbef5928568b8092d412ef95611616376bbeed?s=96&d=mm&r=g","caption":"f1000024"},"url":"https:\/\/cvinoticias.com\/v3\/author\/f1000024\/"}]}},"_links":{"self":[{"href":"https:\/\/cvinoticias.com\/v3\/wp-json\/wp\/v2\/posts\/51042","targetHints":{"allow":["GET"]}}],"collection":[{"href":"https:\/\/cvinoticias.com\/v3\/wp-json\/wp\/v2\/posts"}],"about":[{"href":"https:\/\/cvinoticias.com\/v3\/wp-json\/wp\/v2\/types\/post"}],"author":[{"embeddable":true,"href":"https:\/\/cvinoticias.com\/v3\/wp-json\/wp\/v2\/users\/2"}],"replies":[{"embeddable":true,"href":"https:\/\/cvinoticias.com\/v3\/wp-json\/wp\/v2\/comments?post=51042"}],"version-history":[{"count":2,"href":"https:\/\/cvinoticias.com\/v3\/wp-json\/wp\/v2\/posts\/51042\/revisions"}],"predecessor-version":[{"id":51049,"href":"https:\/\/cvinoticias.com\/v3\/wp-json\/wp\/v2\/posts\/51042\/revisions\/51049"}],"wp:featuredmedia":[{"embeddable":true,"href":"https:\/\/cvinoticias.com\/v3\/wp-json\/wp\/v2\/media\/51043"}],"wp:attachment":[{"href":"https:\/\/cvinoticias.com\/v3\/wp-json\/wp\/v2\/media?parent=51042"}],"wp:term":[{"taxonomy":"category","embeddable":true,"href":"https:\/\/cvinoticias.com\/v3\/wp-json\/wp\/v2\/categories?post=51042"},{"taxonomy":"post_tag","embeddable":true,"href":"https:\/\/cvinoticias.com\/v3\/wp-json\/wp\/v2\/tags?post=51042"}],"curies":[{"name":"wp","href":"https:\/\/api.w.org\/{rel}","templated":true}]}}