{"id":51035,"date":"2025-11-04T07:20:25","date_gmt":"2025-11-04T10:20:25","guid":{"rendered":"https:\/\/cvinoticias.com\/v3\/?p=51035"},"modified":"2025-11-04T07:20:26","modified_gmt":"2025-11-04T10:20:26","slug":"detectan-a-un-colectivero-alcoholizado-que-trasladaba-24-pasajeros-por-la-ruta-103","status":"publish","type":"post","link":"https:\/\/cvinoticias.com\/v3\/detectan-a-un-colectivero-alcoholizado-que-trasladaba-24-pasajeros-por-la-ruta-103\/","title":{"rendered":"Detectan a un colectivero alcoholizado que trasladaba 24 pasajeros por la Ruta 103"},"content":{"rendered":"\n<p>En el marco de los controles de alcoholemia y seguridad vial que se realizan en distintos puntos de la provincia, esta tarde un chofer de transporte p\u00fablico fue detectado con alcohol en sangre mientras conduc\u00eda un colectivo con 24 pasajeros sobre la Ruta Provincial N.\u00ba 103, a la altura del acceso a Picada Maip\u00fa, jurisdicci\u00f3n de San Mart\u00edn.<\/p>\n\n\n\n<p>El procedimiento fue llevado a cabo por efectivos de la Comisar\u00eda de San Mart\u00edn, dependiente de la Unidad Regional II, junto a inspectores de la Agencia Nacional de Seguridad Vial (ANSV), quienes realizaban un operativo de control vehicular preventivo.<\/p>\n\n\n\n<p>Cerca de las 17:00 horas, los agentes detuvieron la marcha de un colectivo Mercedes Benz, perteneciente a una empresa que cubre el trayecto Posadas\u2013Ober\u00e1. Durante la prueba de alcoholemia practicada al conductor, identificado como Nicol\u00e1s R. (27), el alcohol\u00edmetro arroj\u00f3 un resultado de 0,39 g\/l, cuando el valor permitido para choferes profesionales es cero.<\/p>\n\n\n\n<p>Ante la infracci\u00f3n constatada, se labr\u00f3 el acta correspondiente y se procedi\u00f3 a la retenci\u00f3n preventiva de la licencia de conducir del chofer.<\/p>\n\n\n\n<p>Por su parte, los pasajeros fueron trasbordados a otra unidad, que continu\u00f3 el recorrido con normalidad, garantizando la seguridad de los viajeros y el cumplimiento del servicio.<\/p>\n","protected":false},"excerpt":{"rendered":"<p>En el marco de los controles de alcoholemia y seguridad vial que se realizan en distintos puntos de la provincia, esta tarde un chofer de transporte p\u00fablico fue detectado con alcohol en sangre mientras conduc\u00eda un colectivo con 24 pasajeros sobre la Ruta Provincial N.\u00ba 103, a la altura del acceso a Picada Maip\u00fa, jurisdicci\u00f3n [&hellip;]<\/p>\n","protected":false},"author":2,"featured_media":51037,"comment_status":"open","ping_status":"closed","sticky":false,"template":"","format":"standard","meta":{"footnotes":""},"categories":[41],"tags":[4326,4325],"class_list":["post-51035","post","type-post","status-publish","format-standard","has-post-thumbnail","hentry","category-policiales","tag-alcoholizado","tag-colectivero"],"yoast_head":"<!-- This site is optimized with the Yoast SEO plugin v27.4 - https:\/\/yoast.com\/product\/yoast-seo-wordpress\/ -->\n<title>Detectan a un colectivero alcoholizado en Misiones | CVI NOTICIAS<\/title>\n<meta name=\"description\" content=\"Un chofer con 24 pasajeros dio positivo en alcoholemia sobre la Ruta 103, a la altura de San Mart\u00edn.\" \/>\n<meta name=\"robots\" content=\"index, follow, max-snippet:-1, max-image-preview:large, max-video-preview:-1\" \/>\n<link rel=\"canonical\" href=\"https:\/\/cvinoticias.com\/v3\/detectan-a-un-colectivero-alcoholizado-que-trasladaba-24-pasajeros-por-la-ruta-103\/\" \/>\n<meta property=\"og:locale\" content=\"es_ES\" \/>\n<meta property=\"og:type\" content=\"article\" \/>\n<meta property=\"og:title\" content=\"Detectan a un colectivero alcoholizado en Misiones | CVI NOTICIAS\" \/>\n<meta property=\"og:description\" content=\"Un chofer con 24 pasajeros dio positivo en alcoholemia sobre la Ruta 103, a la altura de San Mart\u00edn.\" \/>\n<meta property=\"og:url\" content=\"https:\/\/cvinoticias.com\/v3\/detectan-a-un-colectivero-alcoholizado-que-trasladaba-24-pasajeros-por-la-ruta-103\/\" \/>\n<meta property=\"og:site_name\" content=\"CVI NOTICIAS\" \/>\n<meta property=\"article:publisher\" content=\"https:\/\/www.facebook.com\/cvinoticias\" \/>\n<meta property=\"article:published_time\" content=\"2025-11-04T10:20:25+00:00\" \/>\n<meta property=\"article:modified_time\" content=\"2025-11-04T10:20:26+00:00\" \/>\n<meta property=\"og:image\" content=\"https:\/\/cvinoticias.com\/wp-content\/uploads\/2025\/11\/576453802_1283506770459803_492767055060338149_n.jpg\" \/>\n\t<meta property=\"og:image:width\" content=\"1440\" \/>\n\t<meta property=\"og:image:height\" content=\"1440\" \/>\n\t<meta property=\"og:image:type\" content=\"image\/jpeg\" \/>\n<meta name=\"author\" content=\"f1000024\" \/>\n<meta name=\"twitter:card\" content=\"summary_large_image\" \/>\n<meta name=\"twitter:label1\" content=\"Escrito por\" \/>\n\t<meta name=\"twitter:data1\" content=\"f1000024\" \/>\n\t<meta name=\"twitter:label2\" content=\"Tiempo de lectura\" \/>\n\t<meta name=\"twitter:data2\" content=\"2 minutos\" \/>\n<script type=\"application\/ld+json\" class=\"yoast-schema-graph\">{\"@context\":\"https:\\\/\\\/schema.org\",\"@graph\":[{\"@type\":\"Article\",\"@id\":\"https:\\\/\\\/cvinoticias.com\\\/v3\\\/detectan-a-un-colectivero-alcoholizado-que-trasladaba-24-pasajeros-por-la-ruta-103\\\/#article\",\"isPartOf\":{\"@id\":\"https:\\\/\\\/cvinoticias.com\\\/v3\\\/detectan-a-un-colectivero-alcoholizado-que-trasladaba-24-pasajeros-por-la-ruta-103\\\/\"},\"author\":{\"name\":\"f1000024\",\"@id\":\"https:\\\/\\\/cvinoticias.com\\\/v3\\\/#\\\/schema\\\/person\\\/2db77e3c6bc03c538495d7b2b8be9b66\"},\"headline\":\"Detectan a un colectivero alcoholizado que trasladaba 24 pasajeros por la Ruta 103\",\"datePublished\":\"2025-11-04T10:20:25+00:00\",\"dateModified\":\"2025-11-04T10:20:26+00:00\",\"mainEntityOfPage\":{\"@id\":\"https:\\\/\\\/cvinoticias.com\\\/v3\\\/detectan-a-un-colectivero-alcoholizado-que-trasladaba-24-pasajeros-por-la-ruta-103\\\/\"},\"wordCount\":219,\"commentCount\":0,\"publisher\":{\"@id\":\"https:\\\/\\\/cvinoticias.com\\\/v3\\\/#organization\"},\"image\":{\"@id\":\"https:\\\/\\\/cvinoticias.com\\\/v3\\\/detectan-a-un-colectivero-alcoholizado-que-trasladaba-24-pasajeros-por-la-ruta-103\\\/#primaryimage\"},\"thumbnailUrl\":\"https:\\\/\\\/cvinoticias.com\\\/wp-content\\\/uploads\\\/2025\\\/11\\\/576453802_1283506770459803_492767055060338149_n.jpg\",\"keywords\":[\"alcoholizado\",\"colectivero\"],\"articleSection\":[\"Policiales\"],\"inLanguage\":\"es\",\"potentialAction\":[{\"@type\":\"CommentAction\",\"name\":\"Comment\",\"target\":[\"https:\\\/\\\/cvinoticias.com\\\/v3\\\/detectan-a-un-colectivero-alcoholizado-que-trasladaba-24-pasajeros-por-la-ruta-103\\\/#respond\"]}]},{\"@type\":\"WebPage\",\"@id\":\"https:\\\/\\\/cvinoticias.com\\\/v3\\\/detectan-a-un-colectivero-alcoholizado-que-trasladaba-24-pasajeros-por-la-ruta-103\\\/\",\"url\":\"https:\\\/\\\/cvinoticias.com\\\/v3\\\/detectan-a-un-colectivero-alcoholizado-que-trasladaba-24-pasajeros-por-la-ruta-103\\\/\",\"name\":\"Detectan a un colectivero alcoholizado en Misiones | CVI NOTICIAS\",\"isPartOf\":{\"@id\":\"https:\\\/\\\/cvinoticias.com\\\/v3\\\/#website\"},\"primaryImageOfPage\":{\"@id\":\"https:\\\/\\\/cvinoticias.com\\\/v3\\\/detectan-a-un-colectivero-alcoholizado-que-trasladaba-24-pasajeros-por-la-ruta-103\\\/#primaryimage\"},\"image\":{\"@id\":\"https:\\\/\\\/cvinoticias.com\\\/v3\\\/detectan-a-un-colectivero-alcoholizado-que-trasladaba-24-pasajeros-por-la-ruta-103\\\/#primaryimage\"},\"thumbnailUrl\":\"https:\\\/\\\/cvinoticias.com\\\/wp-content\\\/uploads\\\/2025\\\/11\\\/576453802_1283506770459803_492767055060338149_n.jpg\",\"datePublished\":\"2025-11-04T10:20:25+00:00\",\"dateModified\":\"2025-11-04T10:20:26+00:00\",\"description\":\"Un chofer con 24 pasajeros dio positivo en alcoholemia sobre la Ruta 103, a la altura de San Mart\u00edn.\",\"breadcrumb\":{\"@id\":\"https:\\\/\\\/cvinoticias.com\\\/v3\\\/detectan-a-un-colectivero-alcoholizado-que-trasladaba-24-pasajeros-por-la-ruta-103\\\/#breadcrumb\"},\"inLanguage\":\"es\",\"potentialAction\":[{\"@type\":\"ReadAction\",\"target\":[\"https:\\\/\\\/cvinoticias.com\\\/v3\\\/detectan-a-un-colectivero-alcoholizado-que-trasladaba-24-pasajeros-por-la-ruta-103\\\/\"]}]},{\"@type\":\"ImageObject\",\"inLanguage\":\"es\",\"@id\":\"https:\\\/\\\/cvinoticias.com\\\/v3\\\/detectan-a-un-colectivero-alcoholizado-que-trasladaba-24-pasajeros-por-la-ruta-103\\\/#primaryimage\",\"url\":\"https:\\\/\\\/cvinoticias.com\\\/wp-content\\\/uploads\\\/2025\\\/11\\\/576453802_1283506770459803_492767055060338149_n.jpg\",\"contentUrl\":\"https:\\\/\\\/cvinoticias.com\\\/wp-content\\\/uploads\\\/2025\\\/11\\\/576453802_1283506770459803_492767055060338149_n.jpg\",\"width\":1440,\"height\":1440},{\"@type\":\"BreadcrumbList\",\"@id\":\"https:\\\/\\\/cvinoticias.com\\\/v3\\\/detectan-a-un-colectivero-alcoholizado-que-trasladaba-24-pasajeros-por-la-ruta-103\\\/#breadcrumb\",\"itemListElement\":[{\"@type\":\"ListItem\",\"position\":1,\"name\":\"Portada\",\"item\":\"https:\\\/\\\/cvinoticias.com\\\/v3\\\/\"},{\"@type\":\"ListItem\",\"position\":2,\"name\":\"Detectan a un colectivero alcoholizado que trasladaba 24 pasajeros por la Ruta 103\"}]},{\"@type\":\"WebSite\",\"@id\":\"https:\\\/\\\/cvinoticias.com\\\/v3\\\/#website\",\"url\":\"https:\\\/\\\/cvinoticias.com\\\/v3\\\/\",\"name\":\"CVI NOTICIAS\",\"description\":\"\",\"publisher\":{\"@id\":\"https:\\\/\\\/cvinoticias.com\\\/v3\\\/#organization\"},\"alternateName\":\"CVI\",\"potentialAction\":[{\"@type\":\"SearchAction\",\"target\":{\"@type\":\"EntryPoint\",\"urlTemplate\":\"https:\\\/\\\/cvinoticias.com\\\/v3\\\/?s={search_term_string}\"},\"query-input\":{\"@type\":\"PropertyValueSpecification\",\"valueRequired\":true,\"valueName\":\"search_term_string\"}}],\"inLanguage\":\"es\"},{\"@type\":\"Organization\",\"@id\":\"https:\\\/\\\/cvinoticias.com\\\/v3\\\/#organization\",\"name\":\"CVI NOTICIAS\",\"url\":\"https:\\\/\\\/cvinoticias.com\\\/v3\\\/\",\"logo\":{\"@type\":\"ImageObject\",\"inLanguage\":\"es\",\"@id\":\"https:\\\/\\\/cvinoticias.com\\\/v3\\\/#\\\/schema\\\/logo\\\/image\\\/\",\"url\":\"https:\\\/\\\/cvinoticias.com\\\/wp-content\\\/uploads\\\/2023\\\/04\\\/cropped-cropped-cropped-cropped-cropped-3-1.png\",\"contentUrl\":\"https:\\\/\\\/cvinoticias.com\\\/wp-content\\\/uploads\\\/2023\\\/04\\\/cropped-cropped-cropped-cropped-cropped-3-1.png\",\"width\":95,\"height\":122,\"caption\":\"CVI NOTICIAS\"},\"image\":{\"@id\":\"https:\\\/\\\/cvinoticias.com\\\/v3\\\/#\\\/schema\\\/logo\\\/image\\\/\"},\"sameAs\":[\"https:\\\/\\\/www.facebook.com\\\/cvinoticias\",\"https:\\\/\\\/www.instagram.com\\\/cvinoticias\\\/\",\"https:\\\/\\\/www.youtube.com\\\/@CVINOTICIAS\"]},{\"@type\":\"Person\",\"@id\":\"https:\\\/\\\/cvinoticias.com\\\/v3\\\/#\\\/schema\\\/person\\\/2db77e3c6bc03c538495d7b2b8be9b66\",\"name\":\"f1000024\",\"image\":{\"@type\":\"ImageObject\",\"inLanguage\":\"es\",\"@id\":\"https:\\\/\\\/secure.gravatar.com\\\/avatar\\\/d4fe7459cfc51ff5129ce1a732bbef5928568b8092d412ef95611616376bbeed?s=96&d=mm&r=g\",\"url\":\"https:\\\/\\\/secure.gravatar.com\\\/avatar\\\/d4fe7459cfc51ff5129ce1a732bbef5928568b8092d412ef95611616376bbeed?s=96&d=mm&r=g\",\"contentUrl\":\"https:\\\/\\\/secure.gravatar.com\\\/avatar\\\/d4fe7459cfc51ff5129ce1a732bbef5928568b8092d412ef95611616376bbeed?s=96&d=mm&r=g\",\"caption\":\"f1000024\"},\"url\":\"https:\\\/\\\/cvinoticias.com\\\/v3\\\/author\\\/f1000024\\\/\"}]}<\/script>\n<!-- \/ Yoast SEO plugin. -->","yoast_head_json":{"title":"Detectan a un colectivero alcoholizado en Misiones | CVI NOTICIAS","description":"Un chofer con 24 pasajeros dio positivo en alcoholemia sobre la Ruta 103, a la altura de San Mart\u00edn.","robots":{"index":"index","follow":"follow","max-snippet":"max-snippet:-1","max-image-preview":"max-image-preview:large","max-video-preview":"max-video-preview:-1"},"canonical":"https:\/\/cvinoticias.com\/v3\/detectan-a-un-colectivero-alcoholizado-que-trasladaba-24-pasajeros-por-la-ruta-103\/","og_locale":"es_ES","og_type":"article","og_title":"Detectan a un colectivero alcoholizado en Misiones | CVI NOTICIAS","og_description":"Un chofer con 24 pasajeros dio positivo en alcoholemia sobre la Ruta 103, a la altura de San Mart\u00edn.","og_url":"https:\/\/cvinoticias.com\/v3\/detectan-a-un-colectivero-alcoholizado-que-trasladaba-24-pasajeros-por-la-ruta-103\/","og_site_name":"CVI NOTICIAS","article_publisher":"https:\/\/www.facebook.com\/cvinoticias","article_published_time":"2025-11-04T10:20:25+00:00","article_modified_time":"2025-11-04T10:20:26+00:00","og_image":[{"width":1440,"height":1440,"url":"https:\/\/cvinoticias.com\/wp-content\/uploads\/2025\/11\/576453802_1283506770459803_492767055060338149_n.jpg","type":"image\/jpeg"}],"author":"f1000024","twitter_card":"summary_large_image","twitter_misc":{"Escrito por":"f1000024","Tiempo de lectura":"2 minutos"},"schema":{"@context":"https:\/\/schema.org","@graph":[{"@type":"Article","@id":"https:\/\/cvinoticias.com\/v3\/detectan-a-un-colectivero-alcoholizado-que-trasladaba-24-pasajeros-por-la-ruta-103\/#article","isPartOf":{"@id":"https:\/\/cvinoticias.com\/v3\/detectan-a-un-colectivero-alcoholizado-que-trasladaba-24-pasajeros-por-la-ruta-103\/"},"author":{"name":"f1000024","@id":"https:\/\/cvinoticias.com\/v3\/#\/schema\/person\/2db77e3c6bc03c538495d7b2b8be9b66"},"headline":"Detectan a un colectivero alcoholizado que trasladaba 24 pasajeros por la Ruta 103","datePublished":"2025-11-04T10:20:25+00:00","dateModified":"2025-11-04T10:20:26+00:00","mainEntityOfPage":{"@id":"https:\/\/cvinoticias.com\/v3\/detectan-a-un-colectivero-alcoholizado-que-trasladaba-24-pasajeros-por-la-ruta-103\/"},"wordCount":219,"commentCount":0,"publisher":{"@id":"https:\/\/cvinoticias.com\/v3\/#organization"},"image":{"@id":"https:\/\/cvinoticias.com\/v3\/detectan-a-un-colectivero-alcoholizado-que-trasladaba-24-pasajeros-por-la-ruta-103\/#primaryimage"},"thumbnailUrl":"https:\/\/cvinoticias.com\/wp-content\/uploads\/2025\/11\/576453802_1283506770459803_492767055060338149_n.jpg","keywords":["alcoholizado","colectivero"],"articleSection":["Policiales"],"inLanguage":"es","potentialAction":[{"@type":"CommentAction","name":"Comment","target":["https:\/\/cvinoticias.com\/v3\/detectan-a-un-colectivero-alcoholizado-que-trasladaba-24-pasajeros-por-la-ruta-103\/#respond"]}]},{"@type":"WebPage","@id":"https:\/\/cvinoticias.com\/v3\/detectan-a-un-colectivero-alcoholizado-que-trasladaba-24-pasajeros-por-la-ruta-103\/","url":"https:\/\/cvinoticias.com\/v3\/detectan-a-un-colectivero-alcoholizado-que-trasladaba-24-pasajeros-por-la-ruta-103\/","name":"Detectan a un colectivero alcoholizado en Misiones | CVI NOTICIAS","isPartOf":{"@id":"https:\/\/cvinoticias.com\/v3\/#website"},"primaryImageOfPage":{"@id":"https:\/\/cvinoticias.com\/v3\/detectan-a-un-colectivero-alcoholizado-que-trasladaba-24-pasajeros-por-la-ruta-103\/#primaryimage"},"image":{"@id":"https:\/\/cvinoticias.com\/v3\/detectan-a-un-colectivero-alcoholizado-que-trasladaba-24-pasajeros-por-la-ruta-103\/#primaryimage"},"thumbnailUrl":"https:\/\/cvinoticias.com\/wp-content\/uploads\/2025\/11\/576453802_1283506770459803_492767055060338149_n.jpg","datePublished":"2025-11-04T10:20:25+00:00","dateModified":"2025-11-04T10:20:26+00:00","description":"Un chofer con 24 pasajeros dio positivo en alcoholemia sobre la Ruta 103, a la altura de San Mart\u00edn.","breadcrumb":{"@id":"https:\/\/cvinoticias.com\/v3\/detectan-a-un-colectivero-alcoholizado-que-trasladaba-24-pasajeros-por-la-ruta-103\/#breadcrumb"},"inLanguage":"es","potentialAction":[{"@type":"ReadAction","target":["https:\/\/cvinoticias.com\/v3\/detectan-a-un-colectivero-alcoholizado-que-trasladaba-24-pasajeros-por-la-ruta-103\/"]}]},{"@type":"ImageObject","inLanguage":"es","@id":"https:\/\/cvinoticias.com\/v3\/detectan-a-un-colectivero-alcoholizado-que-trasladaba-24-pasajeros-por-la-ruta-103\/#primaryimage","url":"https:\/\/cvinoticias.com\/wp-content\/uploads\/2025\/11\/576453802_1283506770459803_492767055060338149_n.jpg","contentUrl":"https:\/\/cvinoticias.com\/wp-content\/uploads\/2025\/11\/576453802_1283506770459803_492767055060338149_n.jpg","width":1440,"height":1440},{"@type":"BreadcrumbList","@id":"https:\/\/cvinoticias.com\/v3\/detectan-a-un-colectivero-alcoholizado-que-trasladaba-24-pasajeros-por-la-ruta-103\/#breadcrumb","itemListElement":[{"@type":"ListItem","position":1,"name":"Portada","item":"https:\/\/cvinoticias.com\/v3\/"},{"@type":"ListItem","position":2,"name":"Detectan a un colectivero alcoholizado que trasladaba 24 pasajeros por la Ruta 103"}]},{"@type":"WebSite","@id":"https:\/\/cvinoticias.com\/v3\/#website","url":"https:\/\/cvinoticias.com\/v3\/","name":"CVI NOTICIAS","description":"","publisher":{"@id":"https:\/\/cvinoticias.com\/v3\/#organization"},"alternateName":"CVI","potentialAction":[{"@type":"SearchAction","target":{"@type":"EntryPoint","urlTemplate":"https:\/\/cvinoticias.com\/v3\/?s={search_term_string}"},"query-input":{"@type":"PropertyValueSpecification","valueRequired":true,"valueName":"search_term_string"}}],"inLanguage":"es"},{"@type":"Organization","@id":"https:\/\/cvinoticias.com\/v3\/#organization","name":"CVI NOTICIAS","url":"https:\/\/cvinoticias.com\/v3\/","logo":{"@type":"ImageObject","inLanguage":"es","@id":"https:\/\/cvinoticias.com\/v3\/#\/schema\/logo\/image\/","url":"https:\/\/cvinoticias.com\/wp-content\/uploads\/2023\/04\/cropped-cropped-cropped-cropped-cropped-3-1.png","contentUrl":"https:\/\/cvinoticias.com\/wp-content\/uploads\/2023\/04\/cropped-cropped-cropped-cropped-cropped-3-1.png","width":95,"height":122,"caption":"CVI NOTICIAS"},"image":{"@id":"https:\/\/cvinoticias.com\/v3\/#\/schema\/logo\/image\/"},"sameAs":["https:\/\/www.facebook.com\/cvinoticias","https:\/\/www.instagram.com\/cvinoticias\/","https:\/\/www.youtube.com\/@CVINOTICIAS"]},{"@type":"Person","@id":"https:\/\/cvinoticias.com\/v3\/#\/schema\/person\/2db77e3c6bc03c538495d7b2b8be9b66","name":"f1000024","image":{"@type":"ImageObject","inLanguage":"es","@id":"https:\/\/secure.gravatar.com\/avatar\/d4fe7459cfc51ff5129ce1a732bbef5928568b8092d412ef95611616376bbeed?s=96&d=mm&r=g","url":"https:\/\/secure.gravatar.com\/avatar\/d4fe7459cfc51ff5129ce1a732bbef5928568b8092d412ef95611616376bbeed?s=96&d=mm&r=g","contentUrl":"https:\/\/secure.gravatar.com\/avatar\/d4fe7459cfc51ff5129ce1a732bbef5928568b8092d412ef95611616376bbeed?s=96&d=mm&r=g","caption":"f1000024"},"url":"https:\/\/cvinoticias.com\/v3\/author\/f1000024\/"}]}},"_links":{"self":[{"href":"https:\/\/cvinoticias.com\/v3\/wp-json\/wp\/v2\/posts\/51035","targetHints":{"allow":["GET"]}}],"collection":[{"href":"https:\/\/cvinoticias.com\/v3\/wp-json\/wp\/v2\/posts"}],"about":[{"href":"https:\/\/cvinoticias.com\/v3\/wp-json\/wp\/v2\/types\/post"}],"author":[{"embeddable":true,"href":"https:\/\/cvinoticias.com\/v3\/wp-json\/wp\/v2\/users\/2"}],"replies":[{"embeddable":true,"href":"https:\/\/cvinoticias.com\/v3\/wp-json\/wp\/v2\/comments?post=51035"}],"version-history":[{"count":1,"href":"https:\/\/cvinoticias.com\/v3\/wp-json\/wp\/v2\/posts\/51035\/revisions"}],"predecessor-version":[{"id":51038,"href":"https:\/\/cvinoticias.com\/v3\/wp-json\/wp\/v2\/posts\/51035\/revisions\/51038"}],"wp:featuredmedia":[{"embeddable":true,"href":"https:\/\/cvinoticias.com\/v3\/wp-json\/wp\/v2\/media\/51037"}],"wp:attachment":[{"href":"https:\/\/cvinoticias.com\/v3\/wp-json\/wp\/v2\/media?parent=51035"}],"wp:term":[{"taxonomy":"category","embeddable":true,"href":"https:\/\/cvinoticias.com\/v3\/wp-json\/wp\/v2\/categories?post=51035"},{"taxonomy":"post_tag","embeddable":true,"href":"https:\/\/cvinoticias.com\/v3\/wp-json\/wp\/v2\/tags?post=51035"}],"curies":[{"name":"wp","href":"https:\/\/api.w.org\/{rel}","templated":true}]}}