{"id":5102,"date":"2021-05-14T11:09:15","date_gmt":"2021-05-14T11:09:15","guid":{"rendered":"https:\/\/cvinoticias.com\/v3\/?p=5102"},"modified":"2021-05-14T11:09:15","modified_gmt":"2021-05-14T11:09:15","slug":"la-paritaria-docente-para-el-segundo-semestre-comenzara-el-30-de-junio","status":"publish","type":"post","link":"https:\/\/cvinoticias.com\/v3\/la-paritaria-docente-para-el-segundo-semestre-comenzara-el-30-de-junio\/","title":{"rendered":"La paritaria docente para el segundo semestre comenzar\u00e1 el 30 de junio"},"content":{"rendered":"\n<p><em><strong>Lo resolvi\u00f3 la Mesa de Di\u00e1logo que se reuni\u00f3 este jueves en Posadas. El 23 de mayo se presentar\u00e1 formalmente el pedido del pago por adelantado del aguinaldo.<\/strong><\/em><\/p>\n\n\n\n<p>Se llev\u00f3 a cabo este jueves la reuni\u00f3n de la Mesa de Di\u00e1logo docente. Del encuentro participaron los sindicados paritarios, el ministro de Educaci\u00f3n de la provincia, Miguel Sedoff, el ministro de Hacienda, Adolfo Safr\u00e1n, la ministra de Trabajo, Silvana Gim\u00e9nez, el director de la SPEPM, Luis Bogado, entre otros funcionarios.<br><br>Las partes presentes acordaron un pedido para el adelantamiento del pago del salario complementario (aguinaldo). Posteriormente, a analizar la situaci\u00f3n, resolvieron pasar a un cuarto intermedio para el 23 de junio, donde se abordar\u00e1 la propuesta para modificar la grilla salarial. Asimismo, definieron que el 30 de junio proseguir\u00e1 el tratamiento respecto a la recomposici\u00f3n salarial&nbsp; para el segundo semestre.<\/p>\n","protected":false},"excerpt":{"rendered":"<p>Lo resolvi\u00f3 la Mesa de Di\u00e1logo que se reuni\u00f3 este jueves en Posadas. El 23 de mayo se presentar\u00e1 formalmente el pedido del pago por adelantado del aguinaldo. Se llev\u00f3 a cabo este jueves la reuni\u00f3n de la Mesa de Di\u00e1logo docente. Del encuentro participaron los sindicados paritarios, el ministro de Educaci\u00f3n de la provincia, [&hellip;]<\/p>\n","protected":false},"author":2,"featured_media":5103,"comment_status":"open","ping_status":"open","sticky":false,"template":"","format":"standard","meta":{"footnotes":""},"categories":[26],"tags":[],"class_list":["post-5102","post","type-post","status-publish","format-standard","has-post-thumbnail","hentry","category-educacion"],"yoast_head":"<!-- This site is optimized with the Yoast SEO plugin v27.5 - https:\/\/yoast.com\/product\/yoast-seo-wordpress\/ -->\n<title>La paritaria docente para el segundo semestre comenzar\u00e1 el 30 de junio | CVI NOTICIAS<\/title>\n<meta name=\"robots\" content=\"index, follow, max-snippet:-1, max-image-preview:large, max-video-preview:-1\" \/>\n<link rel=\"canonical\" href=\"https:\/\/cvinoticias.com\/v3\/la-paritaria-docente-para-el-segundo-semestre-comenzara-el-30-de-junio\/\" \/>\n<meta property=\"og:locale\" content=\"es_ES\" \/>\n<meta property=\"og:type\" content=\"article\" \/>\n<meta property=\"og:title\" content=\"La paritaria docente para el segundo semestre comenzar\u00e1 el 30 de junio | CVI NOTICIAS\" \/>\n<meta property=\"og:description\" content=\"Lo resolvi\u00f3 la Mesa de Di\u00e1logo que se reuni\u00f3 este jueves en Posadas. El 23 de mayo se presentar\u00e1 formalmente el pedido del pago por adelantado del aguinaldo. Se llev\u00f3 a cabo este jueves la reuni\u00f3n de la Mesa de Di\u00e1logo docente. Del encuentro participaron los sindicados paritarios, el ministro de Educaci\u00f3n de la provincia, [&hellip;]\" \/>\n<meta property=\"og:url\" content=\"https:\/\/cvinoticias.com\/v3\/la-paritaria-docente-para-el-segundo-semestre-comenzara-el-30-de-junio\/\" \/>\n<meta property=\"og:site_name\" content=\"CVI NOTICIAS\" \/>\n<meta property=\"article:publisher\" content=\"https:\/\/www.facebook.com\/cvinoticias\" \/>\n<meta property=\"article:published_time\" content=\"2021-05-14T11:09:15+00:00\" \/>\n<meta property=\"og:image\" content=\"https:\/\/cvinoticias.com\/wp-content\/uploads\/2021\/05\/IMG-20210513-WA0099.jpg\" \/>\n\t<meta property=\"og:image:width\" content=\"1081\" \/>\n\t<meta property=\"og:image:height\" content=\"1160\" \/>\n\t<meta property=\"og:image:type\" content=\"image\/jpeg\" \/>\n<meta name=\"author\" content=\"f1000024\" \/>\n<meta name=\"twitter:card\" content=\"summary_large_image\" \/>\n<meta name=\"twitter:label1\" content=\"Escrito por\" \/>\n\t<meta name=\"twitter:data1\" content=\"f1000024\" \/>\n\t<meta name=\"twitter:label2\" content=\"Tiempo de lectura\" \/>\n\t<meta name=\"twitter:data2\" content=\"1 minuto\" \/>\n<script type=\"application\/ld+json\" class=\"yoast-schema-graph\">{\"@context\":\"https:\\\/\\\/schema.org\",\"@graph\":[{\"@type\":\"Article\",\"@id\":\"https:\\\/\\\/cvinoticias.com\\\/v3\\\/la-paritaria-docente-para-el-segundo-semestre-comenzara-el-30-de-junio\\\/#article\",\"isPartOf\":{\"@id\":\"https:\\\/\\\/cvinoticias.com\\\/v3\\\/la-paritaria-docente-para-el-segundo-semestre-comenzara-el-30-de-junio\\\/\"},\"author\":{\"name\":\"f1000024\",\"@id\":\"https:\\\/\\\/cvinoticias.com\\\/v3\\\/#\\\/schema\\\/person\\\/2db77e3c6bc03c538495d7b2b8be9b66\"},\"headline\":\"La paritaria docente para el segundo semestre comenzar\u00e1 el 30 de junio\",\"datePublished\":\"2021-05-14T11:09:15+00:00\",\"mainEntityOfPage\":{\"@id\":\"https:\\\/\\\/cvinoticias.com\\\/v3\\\/la-paritaria-docente-para-el-segundo-semestre-comenzara-el-30-de-junio\\\/\"},\"wordCount\":156,\"commentCount\":0,\"publisher\":{\"@id\":\"https:\\\/\\\/cvinoticias.com\\\/v3\\\/#organization\"},\"image\":{\"@id\":\"https:\\\/\\\/cvinoticias.com\\\/v3\\\/la-paritaria-docente-para-el-segundo-semestre-comenzara-el-30-de-junio\\\/#primaryimage\"},\"thumbnailUrl\":\"https:\\\/\\\/cvinoticias.com\\\/wp-content\\\/uploads\\\/2021\\\/05\\\/IMG-20210513-WA0099.jpg\",\"articleSection\":[\"Educacion\"],\"inLanguage\":\"es\",\"potentialAction\":[{\"@type\":\"CommentAction\",\"name\":\"Comment\",\"target\":[\"https:\\\/\\\/cvinoticias.com\\\/v3\\\/la-paritaria-docente-para-el-segundo-semestre-comenzara-el-30-de-junio\\\/#respond\"]}]},{\"@type\":\"WebPage\",\"@id\":\"https:\\\/\\\/cvinoticias.com\\\/v3\\\/la-paritaria-docente-para-el-segundo-semestre-comenzara-el-30-de-junio\\\/\",\"url\":\"https:\\\/\\\/cvinoticias.com\\\/v3\\\/la-paritaria-docente-para-el-segundo-semestre-comenzara-el-30-de-junio\\\/\",\"name\":\"La paritaria docente para el segundo semestre comenzar\u00e1 el 30 de junio | CVI NOTICIAS\",\"isPartOf\":{\"@id\":\"https:\\\/\\\/cvinoticias.com\\\/v3\\\/#website\"},\"primaryImageOfPage\":{\"@id\":\"https:\\\/\\\/cvinoticias.com\\\/v3\\\/la-paritaria-docente-para-el-segundo-semestre-comenzara-el-30-de-junio\\\/#primaryimage\"},\"image\":{\"@id\":\"https:\\\/\\\/cvinoticias.com\\\/v3\\\/la-paritaria-docente-para-el-segundo-semestre-comenzara-el-30-de-junio\\\/#primaryimage\"},\"thumbnailUrl\":\"https:\\\/\\\/cvinoticias.com\\\/wp-content\\\/uploads\\\/2021\\\/05\\\/IMG-20210513-WA0099.jpg\",\"datePublished\":\"2021-05-14T11:09:15+00:00\",\"breadcrumb\":{\"@id\":\"https:\\\/\\\/cvinoticias.com\\\/v3\\\/la-paritaria-docente-para-el-segundo-semestre-comenzara-el-30-de-junio\\\/#breadcrumb\"},\"inLanguage\":\"es\",\"potentialAction\":[{\"@type\":\"ReadAction\",\"target\":[\"https:\\\/\\\/cvinoticias.com\\\/v3\\\/la-paritaria-docente-para-el-segundo-semestre-comenzara-el-30-de-junio\\\/\"]}]},{\"@type\":\"ImageObject\",\"inLanguage\":\"es\",\"@id\":\"https:\\\/\\\/cvinoticias.com\\\/v3\\\/la-paritaria-docente-para-el-segundo-semestre-comenzara-el-30-de-junio\\\/#primaryimage\",\"url\":\"https:\\\/\\\/cvinoticias.com\\\/wp-content\\\/uploads\\\/2021\\\/05\\\/IMG-20210513-WA0099.jpg\",\"contentUrl\":\"https:\\\/\\\/cvinoticias.com\\\/wp-content\\\/uploads\\\/2021\\\/05\\\/IMG-20210513-WA0099.jpg\",\"width\":1081,\"height\":1160},{\"@type\":\"BreadcrumbList\",\"@id\":\"https:\\\/\\\/cvinoticias.com\\\/v3\\\/la-paritaria-docente-para-el-segundo-semestre-comenzara-el-30-de-junio\\\/#breadcrumb\",\"itemListElement\":[{\"@type\":\"ListItem\",\"position\":1,\"name\":\"Portada\",\"item\":\"https:\\\/\\\/cvinoticias.com\\\/v3\\\/\"},{\"@type\":\"ListItem\",\"position\":2,\"name\":\"La paritaria docente para el segundo semestre comenzar\u00e1 el 30 de junio\"}]},{\"@type\":\"WebSite\",\"@id\":\"https:\\\/\\\/cvinoticias.com\\\/v3\\\/#website\",\"url\":\"https:\\\/\\\/cvinoticias.com\\\/v3\\\/\",\"name\":\"CVI NOTICIAS\",\"description\":\"\",\"publisher\":{\"@id\":\"https:\\\/\\\/cvinoticias.com\\\/v3\\\/#organization\"},\"alternateName\":\"CVI\",\"potentialAction\":[{\"@type\":\"SearchAction\",\"target\":{\"@type\":\"EntryPoint\",\"urlTemplate\":\"https:\\\/\\\/cvinoticias.com\\\/v3\\\/?s={search_term_string}\"},\"query-input\":{\"@type\":\"PropertyValueSpecification\",\"valueRequired\":true,\"valueName\":\"search_term_string\"}}],\"inLanguage\":\"es\"},{\"@type\":\"Organization\",\"@id\":\"https:\\\/\\\/cvinoticias.com\\\/v3\\\/#organization\",\"name\":\"CVI NOTICIAS\",\"url\":\"https:\\\/\\\/cvinoticias.com\\\/v3\\\/\",\"logo\":{\"@type\":\"ImageObject\",\"inLanguage\":\"es\",\"@id\":\"https:\\\/\\\/cvinoticias.com\\\/v3\\\/#\\\/schema\\\/logo\\\/image\\\/\",\"url\":\"https:\\\/\\\/cvinoticias.com\\\/wp-content\\\/uploads\\\/2023\\\/04\\\/cropped-cropped-cropped-cropped-cropped-3-1.png\",\"contentUrl\":\"https:\\\/\\\/cvinoticias.com\\\/wp-content\\\/uploads\\\/2023\\\/04\\\/cropped-cropped-cropped-cropped-cropped-3-1.png\",\"width\":95,\"height\":122,\"caption\":\"CVI NOTICIAS\"},\"image\":{\"@id\":\"https:\\\/\\\/cvinoticias.com\\\/v3\\\/#\\\/schema\\\/logo\\\/image\\\/\"},\"sameAs\":[\"https:\\\/\\\/www.facebook.com\\\/cvinoticias\",\"https:\\\/\\\/www.instagram.com\\\/cvinoticias\\\/\",\"https:\\\/\\\/www.youtube.com\\\/@CVINOTICIAS\"]},{\"@type\":\"Person\",\"@id\":\"https:\\\/\\\/cvinoticias.com\\\/v3\\\/#\\\/schema\\\/person\\\/2db77e3c6bc03c538495d7b2b8be9b66\",\"name\":\"f1000024\",\"image\":{\"@type\":\"ImageObject\",\"inLanguage\":\"es\",\"@id\":\"https:\\\/\\\/secure.gravatar.com\\\/avatar\\\/d4fe7459cfc51ff5129ce1a732bbef5928568b8092d412ef95611616376bbeed?s=96&d=mm&r=g\",\"url\":\"https:\\\/\\\/secure.gravatar.com\\\/avatar\\\/d4fe7459cfc51ff5129ce1a732bbef5928568b8092d412ef95611616376bbeed?s=96&d=mm&r=g\",\"contentUrl\":\"https:\\\/\\\/secure.gravatar.com\\\/avatar\\\/d4fe7459cfc51ff5129ce1a732bbef5928568b8092d412ef95611616376bbeed?s=96&d=mm&r=g\",\"caption\":\"f1000024\"},\"url\":\"https:\\\/\\\/cvinoticias.com\\\/v3\\\/author\\\/f1000024\\\/\"}]}<\/script>\n<!-- \/ Yoast SEO plugin. -->","yoast_head_json":{"title":"La paritaria docente para el segundo semestre comenzar\u00e1 el 30 de junio | CVI NOTICIAS","robots":{"index":"index","follow":"follow","max-snippet":"max-snippet:-1","max-image-preview":"max-image-preview:large","max-video-preview":"max-video-preview:-1"},"canonical":"https:\/\/cvinoticias.com\/v3\/la-paritaria-docente-para-el-segundo-semestre-comenzara-el-30-de-junio\/","og_locale":"es_ES","og_type":"article","og_title":"La paritaria docente para el segundo semestre comenzar\u00e1 el 30 de junio | CVI NOTICIAS","og_description":"Lo resolvi\u00f3 la Mesa de Di\u00e1logo que se reuni\u00f3 este jueves en Posadas. El 23 de mayo se presentar\u00e1 formalmente el pedido del pago por adelantado del aguinaldo. Se llev\u00f3 a cabo este jueves la reuni\u00f3n de la Mesa de Di\u00e1logo docente. Del encuentro participaron los sindicados paritarios, el ministro de Educaci\u00f3n de la provincia, [&hellip;]","og_url":"https:\/\/cvinoticias.com\/v3\/la-paritaria-docente-para-el-segundo-semestre-comenzara-el-30-de-junio\/","og_site_name":"CVI NOTICIAS","article_publisher":"https:\/\/www.facebook.com\/cvinoticias","article_published_time":"2021-05-14T11:09:15+00:00","og_image":[{"width":1081,"height":1160,"url":"https:\/\/cvinoticias.com\/wp-content\/uploads\/2021\/05\/IMG-20210513-WA0099.jpg","type":"image\/jpeg"}],"author":"f1000024","twitter_card":"summary_large_image","twitter_misc":{"Escrito por":"f1000024","Tiempo de lectura":"1 minuto"},"schema":{"@context":"https:\/\/schema.org","@graph":[{"@type":"Article","@id":"https:\/\/cvinoticias.com\/v3\/la-paritaria-docente-para-el-segundo-semestre-comenzara-el-30-de-junio\/#article","isPartOf":{"@id":"https:\/\/cvinoticias.com\/v3\/la-paritaria-docente-para-el-segundo-semestre-comenzara-el-30-de-junio\/"},"author":{"name":"f1000024","@id":"https:\/\/cvinoticias.com\/v3\/#\/schema\/person\/2db77e3c6bc03c538495d7b2b8be9b66"},"headline":"La paritaria docente para el segundo semestre comenzar\u00e1 el 30 de junio","datePublished":"2021-05-14T11:09:15+00:00","mainEntityOfPage":{"@id":"https:\/\/cvinoticias.com\/v3\/la-paritaria-docente-para-el-segundo-semestre-comenzara-el-30-de-junio\/"},"wordCount":156,"commentCount":0,"publisher":{"@id":"https:\/\/cvinoticias.com\/v3\/#organization"},"image":{"@id":"https:\/\/cvinoticias.com\/v3\/la-paritaria-docente-para-el-segundo-semestre-comenzara-el-30-de-junio\/#primaryimage"},"thumbnailUrl":"https:\/\/cvinoticias.com\/wp-content\/uploads\/2021\/05\/IMG-20210513-WA0099.jpg","articleSection":["Educacion"],"inLanguage":"es","potentialAction":[{"@type":"CommentAction","name":"Comment","target":["https:\/\/cvinoticias.com\/v3\/la-paritaria-docente-para-el-segundo-semestre-comenzara-el-30-de-junio\/#respond"]}]},{"@type":"WebPage","@id":"https:\/\/cvinoticias.com\/v3\/la-paritaria-docente-para-el-segundo-semestre-comenzara-el-30-de-junio\/","url":"https:\/\/cvinoticias.com\/v3\/la-paritaria-docente-para-el-segundo-semestre-comenzara-el-30-de-junio\/","name":"La paritaria docente para el segundo semestre comenzar\u00e1 el 30 de junio | CVI NOTICIAS","isPartOf":{"@id":"https:\/\/cvinoticias.com\/v3\/#website"},"primaryImageOfPage":{"@id":"https:\/\/cvinoticias.com\/v3\/la-paritaria-docente-para-el-segundo-semestre-comenzara-el-30-de-junio\/#primaryimage"},"image":{"@id":"https:\/\/cvinoticias.com\/v3\/la-paritaria-docente-para-el-segundo-semestre-comenzara-el-30-de-junio\/#primaryimage"},"thumbnailUrl":"https:\/\/cvinoticias.com\/wp-content\/uploads\/2021\/05\/IMG-20210513-WA0099.jpg","datePublished":"2021-05-14T11:09:15+00:00","breadcrumb":{"@id":"https:\/\/cvinoticias.com\/v3\/la-paritaria-docente-para-el-segundo-semestre-comenzara-el-30-de-junio\/#breadcrumb"},"inLanguage":"es","potentialAction":[{"@type":"ReadAction","target":["https:\/\/cvinoticias.com\/v3\/la-paritaria-docente-para-el-segundo-semestre-comenzara-el-30-de-junio\/"]}]},{"@type":"ImageObject","inLanguage":"es","@id":"https:\/\/cvinoticias.com\/v3\/la-paritaria-docente-para-el-segundo-semestre-comenzara-el-30-de-junio\/#primaryimage","url":"https:\/\/cvinoticias.com\/wp-content\/uploads\/2021\/05\/IMG-20210513-WA0099.jpg","contentUrl":"https:\/\/cvinoticias.com\/wp-content\/uploads\/2021\/05\/IMG-20210513-WA0099.jpg","width":1081,"height":1160},{"@type":"BreadcrumbList","@id":"https:\/\/cvinoticias.com\/v3\/la-paritaria-docente-para-el-segundo-semestre-comenzara-el-30-de-junio\/#breadcrumb","itemListElement":[{"@type":"ListItem","position":1,"name":"Portada","item":"https:\/\/cvinoticias.com\/v3\/"},{"@type":"ListItem","position":2,"name":"La paritaria docente para el segundo semestre comenzar\u00e1 el 30 de junio"}]},{"@type":"WebSite","@id":"https:\/\/cvinoticias.com\/v3\/#website","url":"https:\/\/cvinoticias.com\/v3\/","name":"CVI NOTICIAS","description":"","publisher":{"@id":"https:\/\/cvinoticias.com\/v3\/#organization"},"alternateName":"CVI","potentialAction":[{"@type":"SearchAction","target":{"@type":"EntryPoint","urlTemplate":"https:\/\/cvinoticias.com\/v3\/?s={search_term_string}"},"query-input":{"@type":"PropertyValueSpecification","valueRequired":true,"valueName":"search_term_string"}}],"inLanguage":"es"},{"@type":"Organization","@id":"https:\/\/cvinoticias.com\/v3\/#organization","name":"CVI NOTICIAS","url":"https:\/\/cvinoticias.com\/v3\/","logo":{"@type":"ImageObject","inLanguage":"es","@id":"https:\/\/cvinoticias.com\/v3\/#\/schema\/logo\/image\/","url":"https:\/\/cvinoticias.com\/wp-content\/uploads\/2023\/04\/cropped-cropped-cropped-cropped-cropped-3-1.png","contentUrl":"https:\/\/cvinoticias.com\/wp-content\/uploads\/2023\/04\/cropped-cropped-cropped-cropped-cropped-3-1.png","width":95,"height":122,"caption":"CVI NOTICIAS"},"image":{"@id":"https:\/\/cvinoticias.com\/v3\/#\/schema\/logo\/image\/"},"sameAs":["https:\/\/www.facebook.com\/cvinoticias","https:\/\/www.instagram.com\/cvinoticias\/","https:\/\/www.youtube.com\/@CVINOTICIAS"]},{"@type":"Person","@id":"https:\/\/cvinoticias.com\/v3\/#\/schema\/person\/2db77e3c6bc03c538495d7b2b8be9b66","name":"f1000024","image":{"@type":"ImageObject","inLanguage":"es","@id":"https:\/\/secure.gravatar.com\/avatar\/d4fe7459cfc51ff5129ce1a732bbef5928568b8092d412ef95611616376bbeed?s=96&d=mm&r=g","url":"https:\/\/secure.gravatar.com\/avatar\/d4fe7459cfc51ff5129ce1a732bbef5928568b8092d412ef95611616376bbeed?s=96&d=mm&r=g","contentUrl":"https:\/\/secure.gravatar.com\/avatar\/d4fe7459cfc51ff5129ce1a732bbef5928568b8092d412ef95611616376bbeed?s=96&d=mm&r=g","caption":"f1000024"},"url":"https:\/\/cvinoticias.com\/v3\/author\/f1000024\/"}]}},"_links":{"self":[{"href":"https:\/\/cvinoticias.com\/v3\/wp-json\/wp\/v2\/posts\/5102","targetHints":{"allow":["GET"]}}],"collection":[{"href":"https:\/\/cvinoticias.com\/v3\/wp-json\/wp\/v2\/posts"}],"about":[{"href":"https:\/\/cvinoticias.com\/v3\/wp-json\/wp\/v2\/types\/post"}],"author":[{"embeddable":true,"href":"https:\/\/cvinoticias.com\/v3\/wp-json\/wp\/v2\/users\/2"}],"replies":[{"embeddable":true,"href":"https:\/\/cvinoticias.com\/v3\/wp-json\/wp\/v2\/comments?post=5102"}],"version-history":[{"count":1,"href":"https:\/\/cvinoticias.com\/v3\/wp-json\/wp\/v2\/posts\/5102\/revisions"}],"predecessor-version":[{"id":5104,"href":"https:\/\/cvinoticias.com\/v3\/wp-json\/wp\/v2\/posts\/5102\/revisions\/5104"}],"wp:featuredmedia":[{"embeddable":true,"href":"https:\/\/cvinoticias.com\/v3\/wp-json\/wp\/v2\/media\/5103"}],"wp:attachment":[{"href":"https:\/\/cvinoticias.com\/v3\/wp-json\/wp\/v2\/media?parent=5102"}],"wp:term":[{"taxonomy":"category","embeddable":true,"href":"https:\/\/cvinoticias.com\/v3\/wp-json\/wp\/v2\/categories?post=5102"},{"taxonomy":"post_tag","embeddable":true,"href":"https:\/\/cvinoticias.com\/v3\/wp-json\/wp\/v2\/tags?post=5102"}],"curies":[{"name":"wp","href":"https:\/\/api.w.org\/{rel}","templated":true}]}}