{"id":50599,"date":"2025-10-26T10:06:02","date_gmt":"2025-10-26T13:06:02","guid":{"rendered":"https:\/\/cvinoticias.com\/v3\/?p=50599"},"modified":"2025-10-26T17:39:31","modified_gmt":"2025-10-26T20:39:31","slug":"elecciones-en-iguazu-normal-desarrollo-en-la-escuela-n-722-eduardo-arrabal","status":"publish","type":"post","link":"https:\/\/cvinoticias.com\/v3\/elecciones-en-iguazu-normal-desarrollo-en-la-escuela-n-722-eduardo-arrabal\/","title":{"rendered":"Elecciones en Iguaz\u00fa: normal desarrollo en la Escuela N\u00b0 722 \u201cEduardo Arrabal\u201d"},"content":{"rendered":"\n<p>Durante la jornada electoral de este domingo, el acto comicial se desarroll\u00f3 con total normalidad en la Escuela N\u00b0 722 Eduardo Arrabal de Puerto Iguaz\u00fa, donde los vecinos acudieron desde temprano para emitir su voto.<\/p>\n\n\n\n<p>Las mesas se conformaron sin inconvenientes y la afluencia de votantes fue constante durante la ma\u00f1ana, en un clima de respeto y orden.<\/p>\n\n\n\n<p>En di\u00e1logo con CVI Noticias, el presidente de mesa, Jose Carlos Biagioni, destac\u00f3 que \u201ctodo se desarrolla con tranquilidad, la gente llega de manera ordenada y el proceso con la boleta \u00fanica se entiende f\u00e1cilmente\u201d.<\/p>\n\n\n\n<p>Por su parte, la fiscal de mesa del partido FE, Nancy Ruiz, valor\u00f3 la organizaci\u00f3n del comicio y el compromiso ciudadano: \u201cSe nota que la comunidad est\u00e1 participando con responsabilidad. El sistema es \u00e1gil y la votaci\u00f3n fluye sin demoras\u201d, se\u00f1al\u00f3.<\/p>\n","protected":false},"excerpt":{"rendered":"<p>Durante la jornada electoral de este domingo, el acto comicial se desarroll\u00f3 con total normalidad en la Escuela N\u00b0 722 Eduardo Arrabal de Puerto Iguaz\u00fa, donde los vecinos acudieron desde temprano para emitir su voto. Las mesas se conformaron sin inconvenientes y la afluencia de votantes fue constante durante la ma\u00f1ana, en un clima de [&hellip;]<\/p>\n","protected":false},"author":2,"featured_media":50600,"comment_status":"open","ping_status":"closed","sticky":false,"template":"","format":"standard","meta":{"footnotes":""},"categories":[47],"tags":[1453,156,313],"class_list":["post-50599","post","type-post","status-publish","format-standard","has-post-thumbnail","hentry","category-sociedad","tag-desarrollo","tag-elecciones","tag-iguazu"],"yoast_head":"<!-- This site is optimized with the Yoast SEO plugin v27.5 - https:\/\/yoast.com\/product\/yoast-seo-wordpress\/ -->\n<title>Elecciones en Iguaz\u00fa: normal desarrollo en la Escuela 722 | CVI NOTICIAS<\/title>\n<meta name=\"description\" content=\"Elecciones en Iguaz\u00fa con jornada normal en la Escuela 722: orden, participaci\u00f3n y compromiso ciudadano durante el comicio.\" \/>\n<meta name=\"robots\" content=\"index, follow, max-snippet:-1, max-image-preview:large, max-video-preview:-1\" \/>\n<link rel=\"canonical\" href=\"https:\/\/cvinoticias.com\/v3\/elecciones-en-iguazu-normal-desarrollo-en-la-escuela-n-722-eduardo-arrabal\/\" \/>\n<meta property=\"og:locale\" content=\"es_ES\" \/>\n<meta property=\"og:type\" content=\"article\" \/>\n<meta property=\"og:title\" content=\"Elecciones en Iguaz\u00fa: normal desarrollo en la Escuela 722 | CVI NOTICIAS\" \/>\n<meta property=\"og:description\" content=\"Elecciones en Iguaz\u00fa con jornada normal en la Escuela 722: orden, participaci\u00f3n y compromiso ciudadano durante el comicio.\" \/>\n<meta property=\"og:url\" content=\"https:\/\/cvinoticias.com\/v3\/elecciones-en-iguazu-normal-desarrollo-en-la-escuela-n-722-eduardo-arrabal\/\" \/>\n<meta property=\"og:site_name\" content=\"CVI NOTICIAS\" \/>\n<meta property=\"article:publisher\" content=\"https:\/\/www.facebook.com\/cvinoticias\" \/>\n<meta property=\"article:published_time\" content=\"2025-10-26T13:06:02+00:00\" \/>\n<meta property=\"article:modified_time\" content=\"2025-10-26T20:39:31+00:00\" \/>\n<meta property=\"og:image\" content=\"https:\/\/cvinoticias.com\/wp-content\/uploads\/2025\/10\/6354bc7d-0b39-4e63-b179-c7a1ee6c0e4c.jpeg\" \/>\n\t<meta property=\"og:image:width\" content=\"1280\" \/>\n\t<meta property=\"og:image:height\" content=\"720\" \/>\n\t<meta property=\"og:image:type\" content=\"image\/jpeg\" \/>\n<meta name=\"author\" content=\"f1000024\" \/>\n<meta name=\"twitter:card\" content=\"summary_large_image\" \/>\n<meta name=\"twitter:label1\" content=\"Escrito por\" \/>\n\t<meta name=\"twitter:data1\" content=\"f1000024\" \/>\n\t<meta name=\"twitter:label2\" content=\"Tiempo de lectura\" \/>\n\t<meta name=\"twitter:data2\" content=\"1 minuto\" \/>\n<script type=\"application\/ld+json\" class=\"yoast-schema-graph\">{\"@context\":\"https:\\\/\\\/schema.org\",\"@graph\":[{\"@type\":\"Article\",\"@id\":\"https:\\\/\\\/cvinoticias.com\\\/v3\\\/elecciones-en-iguazu-normal-desarrollo-en-la-escuela-n-722-eduardo-arrabal\\\/#article\",\"isPartOf\":{\"@id\":\"https:\\\/\\\/cvinoticias.com\\\/v3\\\/elecciones-en-iguazu-normal-desarrollo-en-la-escuela-n-722-eduardo-arrabal\\\/\"},\"author\":{\"name\":\"f1000024\",\"@id\":\"https:\\\/\\\/cvinoticias.com\\\/v3\\\/#\\\/schema\\\/person\\\/2db77e3c6bc03c538495d7b2b8be9b66\"},\"headline\":\"Elecciones en Iguaz\u00fa: normal desarrollo en la Escuela N\u00b0 722 \u201cEduardo Arrabal\u201d\",\"datePublished\":\"2025-10-26T13:06:02+00:00\",\"dateModified\":\"2025-10-26T20:39:31+00:00\",\"mainEntityOfPage\":{\"@id\":\"https:\\\/\\\/cvinoticias.com\\\/v3\\\/elecciones-en-iguazu-normal-desarrollo-en-la-escuela-n-722-eduardo-arrabal\\\/\"},\"wordCount\":150,\"commentCount\":0,\"publisher\":{\"@id\":\"https:\\\/\\\/cvinoticias.com\\\/v3\\\/#organization\"},\"image\":{\"@id\":\"https:\\\/\\\/cvinoticias.com\\\/v3\\\/elecciones-en-iguazu-normal-desarrollo-en-la-escuela-n-722-eduardo-arrabal\\\/#primaryimage\"},\"thumbnailUrl\":\"https:\\\/\\\/cvinoticias.com\\\/wp-content\\\/uploads\\\/2025\\\/10\\\/6354bc7d-0b39-4e63-b179-c7a1ee6c0e4c.jpeg\",\"keywords\":[\"Desarrollo\",\"elecciones\",\"Iguaz\u00fa\"],\"articleSection\":[\"Sociedad\"],\"inLanguage\":\"es\",\"potentialAction\":[{\"@type\":\"CommentAction\",\"name\":\"Comment\",\"target\":[\"https:\\\/\\\/cvinoticias.com\\\/v3\\\/elecciones-en-iguazu-normal-desarrollo-en-la-escuela-n-722-eduardo-arrabal\\\/#respond\"]}]},{\"@type\":\"WebPage\",\"@id\":\"https:\\\/\\\/cvinoticias.com\\\/v3\\\/elecciones-en-iguazu-normal-desarrollo-en-la-escuela-n-722-eduardo-arrabal\\\/\",\"url\":\"https:\\\/\\\/cvinoticias.com\\\/v3\\\/elecciones-en-iguazu-normal-desarrollo-en-la-escuela-n-722-eduardo-arrabal\\\/\",\"name\":\"Elecciones en Iguaz\u00fa: normal desarrollo en la Escuela 722 | CVI NOTICIAS\",\"isPartOf\":{\"@id\":\"https:\\\/\\\/cvinoticias.com\\\/v3\\\/#website\"},\"primaryImageOfPage\":{\"@id\":\"https:\\\/\\\/cvinoticias.com\\\/v3\\\/elecciones-en-iguazu-normal-desarrollo-en-la-escuela-n-722-eduardo-arrabal\\\/#primaryimage\"},\"image\":{\"@id\":\"https:\\\/\\\/cvinoticias.com\\\/v3\\\/elecciones-en-iguazu-normal-desarrollo-en-la-escuela-n-722-eduardo-arrabal\\\/#primaryimage\"},\"thumbnailUrl\":\"https:\\\/\\\/cvinoticias.com\\\/wp-content\\\/uploads\\\/2025\\\/10\\\/6354bc7d-0b39-4e63-b179-c7a1ee6c0e4c.jpeg\",\"datePublished\":\"2025-10-26T13:06:02+00:00\",\"dateModified\":\"2025-10-26T20:39:31+00:00\",\"description\":\"Elecciones en Iguaz\u00fa con jornada normal en la Escuela 722: orden, participaci\u00f3n y compromiso ciudadano durante el comicio.\",\"breadcrumb\":{\"@id\":\"https:\\\/\\\/cvinoticias.com\\\/v3\\\/elecciones-en-iguazu-normal-desarrollo-en-la-escuela-n-722-eduardo-arrabal\\\/#breadcrumb\"},\"inLanguage\":\"es\",\"potentialAction\":[{\"@type\":\"ReadAction\",\"target\":[\"https:\\\/\\\/cvinoticias.com\\\/v3\\\/elecciones-en-iguazu-normal-desarrollo-en-la-escuela-n-722-eduardo-arrabal\\\/\"]}]},{\"@type\":\"ImageObject\",\"inLanguage\":\"es\",\"@id\":\"https:\\\/\\\/cvinoticias.com\\\/v3\\\/elecciones-en-iguazu-normal-desarrollo-en-la-escuela-n-722-eduardo-arrabal\\\/#primaryimage\",\"url\":\"https:\\\/\\\/cvinoticias.com\\\/wp-content\\\/uploads\\\/2025\\\/10\\\/6354bc7d-0b39-4e63-b179-c7a1ee6c0e4c.jpeg\",\"contentUrl\":\"https:\\\/\\\/cvinoticias.com\\\/wp-content\\\/uploads\\\/2025\\\/10\\\/6354bc7d-0b39-4e63-b179-c7a1ee6c0e4c.jpeg\",\"width\":1280,\"height\":720},{\"@type\":\"BreadcrumbList\",\"@id\":\"https:\\\/\\\/cvinoticias.com\\\/v3\\\/elecciones-en-iguazu-normal-desarrollo-en-la-escuela-n-722-eduardo-arrabal\\\/#breadcrumb\",\"itemListElement\":[{\"@type\":\"ListItem\",\"position\":1,\"name\":\"Portada\",\"item\":\"https:\\\/\\\/cvinoticias.com\\\/v3\\\/\"},{\"@type\":\"ListItem\",\"position\":2,\"name\":\"Elecciones en Iguaz\u00fa: normal desarrollo en la Escuela N\u00b0 722 \u201cEduardo Arrabal\u201d\"}]},{\"@type\":\"WebSite\",\"@id\":\"https:\\\/\\\/cvinoticias.com\\\/v3\\\/#website\",\"url\":\"https:\\\/\\\/cvinoticias.com\\\/v3\\\/\",\"name\":\"CVI NOTICIAS\",\"description\":\"\",\"publisher\":{\"@id\":\"https:\\\/\\\/cvinoticias.com\\\/v3\\\/#organization\"},\"alternateName\":\"CVI\",\"potentialAction\":[{\"@type\":\"SearchAction\",\"target\":{\"@type\":\"EntryPoint\",\"urlTemplate\":\"https:\\\/\\\/cvinoticias.com\\\/v3\\\/?s={search_term_string}\"},\"query-input\":{\"@type\":\"PropertyValueSpecification\",\"valueRequired\":true,\"valueName\":\"search_term_string\"}}],\"inLanguage\":\"es\"},{\"@type\":\"Organization\",\"@id\":\"https:\\\/\\\/cvinoticias.com\\\/v3\\\/#organization\",\"name\":\"CVI NOTICIAS\",\"url\":\"https:\\\/\\\/cvinoticias.com\\\/v3\\\/\",\"logo\":{\"@type\":\"ImageObject\",\"inLanguage\":\"es\",\"@id\":\"https:\\\/\\\/cvinoticias.com\\\/v3\\\/#\\\/schema\\\/logo\\\/image\\\/\",\"url\":\"https:\\\/\\\/cvinoticias.com\\\/wp-content\\\/uploads\\\/2023\\\/04\\\/cropped-cropped-cropped-cropped-cropped-3-1.png\",\"contentUrl\":\"https:\\\/\\\/cvinoticias.com\\\/wp-content\\\/uploads\\\/2023\\\/04\\\/cropped-cropped-cropped-cropped-cropped-3-1.png\",\"width\":95,\"height\":122,\"caption\":\"CVI NOTICIAS\"},\"image\":{\"@id\":\"https:\\\/\\\/cvinoticias.com\\\/v3\\\/#\\\/schema\\\/logo\\\/image\\\/\"},\"sameAs\":[\"https:\\\/\\\/www.facebook.com\\\/cvinoticias\",\"https:\\\/\\\/www.instagram.com\\\/cvinoticias\\\/\",\"https:\\\/\\\/www.youtube.com\\\/@CVINOTICIAS\"]},{\"@type\":\"Person\",\"@id\":\"https:\\\/\\\/cvinoticias.com\\\/v3\\\/#\\\/schema\\\/person\\\/2db77e3c6bc03c538495d7b2b8be9b66\",\"name\":\"f1000024\",\"image\":{\"@type\":\"ImageObject\",\"inLanguage\":\"es\",\"@id\":\"https:\\\/\\\/secure.gravatar.com\\\/avatar\\\/d4fe7459cfc51ff5129ce1a732bbef5928568b8092d412ef95611616376bbeed?s=96&d=mm&r=g\",\"url\":\"https:\\\/\\\/secure.gravatar.com\\\/avatar\\\/d4fe7459cfc51ff5129ce1a732bbef5928568b8092d412ef95611616376bbeed?s=96&d=mm&r=g\",\"contentUrl\":\"https:\\\/\\\/secure.gravatar.com\\\/avatar\\\/d4fe7459cfc51ff5129ce1a732bbef5928568b8092d412ef95611616376bbeed?s=96&d=mm&r=g\",\"caption\":\"f1000024\"},\"url\":\"https:\\\/\\\/cvinoticias.com\\\/v3\\\/author\\\/f1000024\\\/\"}]}<\/script>\n<!-- \/ Yoast SEO plugin. -->","yoast_head_json":{"title":"Elecciones en Iguaz\u00fa: normal desarrollo en la Escuela 722 | CVI NOTICIAS","description":"Elecciones en Iguaz\u00fa con jornada normal en la Escuela 722: orden, participaci\u00f3n y compromiso ciudadano durante el comicio.","robots":{"index":"index","follow":"follow","max-snippet":"max-snippet:-1","max-image-preview":"max-image-preview:large","max-video-preview":"max-video-preview:-1"},"canonical":"https:\/\/cvinoticias.com\/v3\/elecciones-en-iguazu-normal-desarrollo-en-la-escuela-n-722-eduardo-arrabal\/","og_locale":"es_ES","og_type":"article","og_title":"Elecciones en Iguaz\u00fa: normal desarrollo en la Escuela 722 | CVI NOTICIAS","og_description":"Elecciones en Iguaz\u00fa con jornada normal en la Escuela 722: orden, participaci\u00f3n y compromiso ciudadano durante el comicio.","og_url":"https:\/\/cvinoticias.com\/v3\/elecciones-en-iguazu-normal-desarrollo-en-la-escuela-n-722-eduardo-arrabal\/","og_site_name":"CVI NOTICIAS","article_publisher":"https:\/\/www.facebook.com\/cvinoticias","article_published_time":"2025-10-26T13:06:02+00:00","article_modified_time":"2025-10-26T20:39:31+00:00","og_image":[{"width":1280,"height":720,"url":"https:\/\/cvinoticias.com\/wp-content\/uploads\/2025\/10\/6354bc7d-0b39-4e63-b179-c7a1ee6c0e4c.jpeg","type":"image\/jpeg"}],"author":"f1000024","twitter_card":"summary_large_image","twitter_misc":{"Escrito por":"f1000024","Tiempo de lectura":"1 minuto"},"schema":{"@context":"https:\/\/schema.org","@graph":[{"@type":"Article","@id":"https:\/\/cvinoticias.com\/v3\/elecciones-en-iguazu-normal-desarrollo-en-la-escuela-n-722-eduardo-arrabal\/#article","isPartOf":{"@id":"https:\/\/cvinoticias.com\/v3\/elecciones-en-iguazu-normal-desarrollo-en-la-escuela-n-722-eduardo-arrabal\/"},"author":{"name":"f1000024","@id":"https:\/\/cvinoticias.com\/v3\/#\/schema\/person\/2db77e3c6bc03c538495d7b2b8be9b66"},"headline":"Elecciones en Iguaz\u00fa: normal desarrollo en la Escuela N\u00b0 722 \u201cEduardo Arrabal\u201d","datePublished":"2025-10-26T13:06:02+00:00","dateModified":"2025-10-26T20:39:31+00:00","mainEntityOfPage":{"@id":"https:\/\/cvinoticias.com\/v3\/elecciones-en-iguazu-normal-desarrollo-en-la-escuela-n-722-eduardo-arrabal\/"},"wordCount":150,"commentCount":0,"publisher":{"@id":"https:\/\/cvinoticias.com\/v3\/#organization"},"image":{"@id":"https:\/\/cvinoticias.com\/v3\/elecciones-en-iguazu-normal-desarrollo-en-la-escuela-n-722-eduardo-arrabal\/#primaryimage"},"thumbnailUrl":"https:\/\/cvinoticias.com\/wp-content\/uploads\/2025\/10\/6354bc7d-0b39-4e63-b179-c7a1ee6c0e4c.jpeg","keywords":["Desarrollo","elecciones","Iguaz\u00fa"],"articleSection":["Sociedad"],"inLanguage":"es","potentialAction":[{"@type":"CommentAction","name":"Comment","target":["https:\/\/cvinoticias.com\/v3\/elecciones-en-iguazu-normal-desarrollo-en-la-escuela-n-722-eduardo-arrabal\/#respond"]}]},{"@type":"WebPage","@id":"https:\/\/cvinoticias.com\/v3\/elecciones-en-iguazu-normal-desarrollo-en-la-escuela-n-722-eduardo-arrabal\/","url":"https:\/\/cvinoticias.com\/v3\/elecciones-en-iguazu-normal-desarrollo-en-la-escuela-n-722-eduardo-arrabal\/","name":"Elecciones en Iguaz\u00fa: normal desarrollo en la Escuela 722 | CVI NOTICIAS","isPartOf":{"@id":"https:\/\/cvinoticias.com\/v3\/#website"},"primaryImageOfPage":{"@id":"https:\/\/cvinoticias.com\/v3\/elecciones-en-iguazu-normal-desarrollo-en-la-escuela-n-722-eduardo-arrabal\/#primaryimage"},"image":{"@id":"https:\/\/cvinoticias.com\/v3\/elecciones-en-iguazu-normal-desarrollo-en-la-escuela-n-722-eduardo-arrabal\/#primaryimage"},"thumbnailUrl":"https:\/\/cvinoticias.com\/wp-content\/uploads\/2025\/10\/6354bc7d-0b39-4e63-b179-c7a1ee6c0e4c.jpeg","datePublished":"2025-10-26T13:06:02+00:00","dateModified":"2025-10-26T20:39:31+00:00","description":"Elecciones en Iguaz\u00fa con jornada normal en la Escuela 722: orden, participaci\u00f3n y compromiso ciudadano durante el comicio.","breadcrumb":{"@id":"https:\/\/cvinoticias.com\/v3\/elecciones-en-iguazu-normal-desarrollo-en-la-escuela-n-722-eduardo-arrabal\/#breadcrumb"},"inLanguage":"es","potentialAction":[{"@type":"ReadAction","target":["https:\/\/cvinoticias.com\/v3\/elecciones-en-iguazu-normal-desarrollo-en-la-escuela-n-722-eduardo-arrabal\/"]}]},{"@type":"ImageObject","inLanguage":"es","@id":"https:\/\/cvinoticias.com\/v3\/elecciones-en-iguazu-normal-desarrollo-en-la-escuela-n-722-eduardo-arrabal\/#primaryimage","url":"https:\/\/cvinoticias.com\/wp-content\/uploads\/2025\/10\/6354bc7d-0b39-4e63-b179-c7a1ee6c0e4c.jpeg","contentUrl":"https:\/\/cvinoticias.com\/wp-content\/uploads\/2025\/10\/6354bc7d-0b39-4e63-b179-c7a1ee6c0e4c.jpeg","width":1280,"height":720},{"@type":"BreadcrumbList","@id":"https:\/\/cvinoticias.com\/v3\/elecciones-en-iguazu-normal-desarrollo-en-la-escuela-n-722-eduardo-arrabal\/#breadcrumb","itemListElement":[{"@type":"ListItem","position":1,"name":"Portada","item":"https:\/\/cvinoticias.com\/v3\/"},{"@type":"ListItem","position":2,"name":"Elecciones en Iguaz\u00fa: normal desarrollo en la Escuela N\u00b0 722 \u201cEduardo Arrabal\u201d"}]},{"@type":"WebSite","@id":"https:\/\/cvinoticias.com\/v3\/#website","url":"https:\/\/cvinoticias.com\/v3\/","name":"CVI NOTICIAS","description":"","publisher":{"@id":"https:\/\/cvinoticias.com\/v3\/#organization"},"alternateName":"CVI","potentialAction":[{"@type":"SearchAction","target":{"@type":"EntryPoint","urlTemplate":"https:\/\/cvinoticias.com\/v3\/?s={search_term_string}"},"query-input":{"@type":"PropertyValueSpecification","valueRequired":true,"valueName":"search_term_string"}}],"inLanguage":"es"},{"@type":"Organization","@id":"https:\/\/cvinoticias.com\/v3\/#organization","name":"CVI NOTICIAS","url":"https:\/\/cvinoticias.com\/v3\/","logo":{"@type":"ImageObject","inLanguage":"es","@id":"https:\/\/cvinoticias.com\/v3\/#\/schema\/logo\/image\/","url":"https:\/\/cvinoticias.com\/wp-content\/uploads\/2023\/04\/cropped-cropped-cropped-cropped-cropped-3-1.png","contentUrl":"https:\/\/cvinoticias.com\/wp-content\/uploads\/2023\/04\/cropped-cropped-cropped-cropped-cropped-3-1.png","width":95,"height":122,"caption":"CVI NOTICIAS"},"image":{"@id":"https:\/\/cvinoticias.com\/v3\/#\/schema\/logo\/image\/"},"sameAs":["https:\/\/www.facebook.com\/cvinoticias","https:\/\/www.instagram.com\/cvinoticias\/","https:\/\/www.youtube.com\/@CVINOTICIAS"]},{"@type":"Person","@id":"https:\/\/cvinoticias.com\/v3\/#\/schema\/person\/2db77e3c6bc03c538495d7b2b8be9b66","name":"f1000024","image":{"@type":"ImageObject","inLanguage":"es","@id":"https:\/\/secure.gravatar.com\/avatar\/d4fe7459cfc51ff5129ce1a732bbef5928568b8092d412ef95611616376bbeed?s=96&d=mm&r=g","url":"https:\/\/secure.gravatar.com\/avatar\/d4fe7459cfc51ff5129ce1a732bbef5928568b8092d412ef95611616376bbeed?s=96&d=mm&r=g","contentUrl":"https:\/\/secure.gravatar.com\/avatar\/d4fe7459cfc51ff5129ce1a732bbef5928568b8092d412ef95611616376bbeed?s=96&d=mm&r=g","caption":"f1000024"},"url":"https:\/\/cvinoticias.com\/v3\/author\/f1000024\/"}]}},"_links":{"self":[{"href":"https:\/\/cvinoticias.com\/v3\/wp-json\/wp\/v2\/posts\/50599","targetHints":{"allow":["GET"]}}],"collection":[{"href":"https:\/\/cvinoticias.com\/v3\/wp-json\/wp\/v2\/posts"}],"about":[{"href":"https:\/\/cvinoticias.com\/v3\/wp-json\/wp\/v2\/types\/post"}],"author":[{"embeddable":true,"href":"https:\/\/cvinoticias.com\/v3\/wp-json\/wp\/v2\/users\/2"}],"replies":[{"embeddable":true,"href":"https:\/\/cvinoticias.com\/v3\/wp-json\/wp\/v2\/comments?post=50599"}],"version-history":[{"count":1,"href":"https:\/\/cvinoticias.com\/v3\/wp-json\/wp\/v2\/posts\/50599\/revisions"}],"predecessor-version":[{"id":50601,"href":"https:\/\/cvinoticias.com\/v3\/wp-json\/wp\/v2\/posts\/50599\/revisions\/50601"}],"wp:featuredmedia":[{"embeddable":true,"href":"https:\/\/cvinoticias.com\/v3\/wp-json\/wp\/v2\/media\/50600"}],"wp:attachment":[{"href":"https:\/\/cvinoticias.com\/v3\/wp-json\/wp\/v2\/media?parent=50599"}],"wp:term":[{"taxonomy":"category","embeddable":true,"href":"https:\/\/cvinoticias.com\/v3\/wp-json\/wp\/v2\/categories?post=50599"},{"taxonomy":"post_tag","embeddable":true,"href":"https:\/\/cvinoticias.com\/v3\/wp-json\/wp\/v2\/tags?post=50599"}],"curies":[{"name":"wp","href":"https:\/\/api.w.org\/{rel}","templated":true}]}}