{"id":50596,"date":"2025-10-26T09:36:40","date_gmt":"2025-10-26T12:36:40","guid":{"rendered":"https:\/\/cvinoticias.com\/v3\/?p=50596"},"modified":"2025-10-26T17:36:59","modified_gmt":"2025-10-26T20:36:59","slug":"puerto-iguazu-comenzo-la-jornada-electoral-con-cobertura-especial-de-cvi-noticias","status":"publish","type":"post","link":"https:\/\/cvinoticias.com\/v3\/puerto-iguazu-comenzo-la-jornada-electoral-con-cobertura-especial-de-cvi-noticias\/","title":{"rendered":"Puerto Iguaz\u00fa: comenz\u00f3 la jornada electoral con cobertura especial de CVI Noticias"},"content":{"rendered":"\n<p>Desde las primeras horas de este domingo, Puerto Iguaz\u00fa vive una nueva jornada democr\u00e1tica con las elecciones legislativas nacionales, donde los ciudadanos eligen a sus representantes para la C\u00e1mara de Diputados.<\/p>\n\n\n\n<p>En la ciudad, 132 mesas est\u00e1n habilitadas en 19 establecimientos educativos correspondientes a los circuitos 80 y 80A, y los comicios se desarrollan con total normalidad desde las 8:00 horas.<\/p>\n\n\n\n<p>La jornada cuenta con un amplio operativo de seguridad a cargo de la Polic\u00eda de Misiones y el Ej\u00e9rcito Argentino, garantizando el orden y la transparencia del proceso electoral<\/p>\n\n\n\n<p>En la Escuela Provincial N\u00b0711 la delegada electoral, Gisela Sigues coment\u00f3 que todo se esta llevando adelante con normalidad: \u00abArranc\u00f3 todo a horario, hay un presidente, un vocal y los fiscales. Ademas este a\u00f1o se sumo el voto asistido para personas con discapacidad\u00bb, enfatiz\u00f3.<\/p>\n\n\n\n<p>Por su parte uno de los votantes, Dalilo De Lara, se acerc\u00f3 a votar con una vestimenta gauchesca y orgullo: \u00abSer argentino es votar y elegir a nuestros representantes\u00bb, sostuvo.<\/p>\n\n\n\n<p>COBERTURA ESPECIAL DE CVI NOTICIAS<\/p>\n\n\n\n<p>CVI Noticias realiza una programaci\u00f3n especial durante toda la jornada electoral, con cobertura en vivo desde las escuelas de la ciudad, entrevistas a autoridades y votantes, y un programa especial a partir de las 18:00 horas con el cierre de urnas, an\u00e1lisis y resultados.<\/p>\n\n\n\n<p>Pod\u00e9s seguir la transmisi\u00f3n en FM Visi\u00f3n 101.9, en Facebook y YouTube de CVI Noticias, y tambi\u00e9n a trav\u00e9s de sus canales de Instagram, donde habr\u00e1 actualizaciones minuto a minuto.<\/p>\n\n\n\n<p>Record\u00e1 que el transporte p\u00fablico es gratuito en toda la provincia hasta las 23:00 horas, para que todos los ciudadanos puedan acercarse a emitir su voto.<\/p>\n\n\n\n<p><\/p>\n","protected":false},"excerpt":{"rendered":"<p>Desde las primeras horas de este domingo, Puerto Iguaz\u00fa vive una nueva jornada democr\u00e1tica con las elecciones legislativas nacionales, donde los ciudadanos eligen a sus representantes para la C\u00e1mara de Diputados. En la ciudad, 132 mesas est\u00e1n habilitadas en 19 establecimientos educativos correspondientes a los circuitos 80 y 80A, y los comicios se desarrollan con [&hellip;]<\/p>\n","protected":false},"author":2,"featured_media":50597,"comment_status":"open","ping_status":"closed","sticky":false,"template":"","format":"standard","meta":{"footnotes":""},"categories":[47],"tags":[4230,4231,280],"class_list":["post-50596","post","type-post","status-publish","format-standard","has-post-thumbnail","hentry","category-sociedad","tag-cvi-noticias","tag-jornada-electoral","tag-puerto-iguazu"],"yoast_head":"<!-- This site is optimized with the Yoast SEO plugin v27.4 - https:\/\/yoast.com\/product\/yoast-seo-wordpress\/ -->\n<title>Elecciones en Puerto Iguaz\u00fa: jornada con cobertura especial | CVI NOTICIAS<\/title>\n<meta name=\"description\" content=\"Elecciones en Puerto Iguaz\u00fa con cobertura especial de CVI Noticias: escuelas habilitadas, orden y participaci\u00f3n ciudadana.\" \/>\n<meta name=\"robots\" content=\"index, follow, max-snippet:-1, max-image-preview:large, max-video-preview:-1\" \/>\n<link rel=\"canonical\" href=\"https:\/\/cvinoticias.com\/v3\/puerto-iguazu-comenzo-la-jornada-electoral-con-cobertura-especial-de-cvi-noticias\/\" \/>\n<meta property=\"og:locale\" content=\"es_ES\" \/>\n<meta property=\"og:type\" content=\"article\" \/>\n<meta property=\"og:title\" content=\"Elecciones en Puerto Iguaz\u00fa: jornada con cobertura especial | CVI NOTICIAS\" \/>\n<meta property=\"og:description\" content=\"Elecciones en Puerto Iguaz\u00fa con cobertura especial de CVI Noticias: escuelas habilitadas, orden y participaci\u00f3n ciudadana.\" \/>\n<meta property=\"og:url\" content=\"https:\/\/cvinoticias.com\/v3\/puerto-iguazu-comenzo-la-jornada-electoral-con-cobertura-especial-de-cvi-noticias\/\" \/>\n<meta property=\"og:site_name\" content=\"CVI NOTICIAS\" \/>\n<meta property=\"article:publisher\" content=\"https:\/\/www.facebook.com\/cvinoticias\" \/>\n<meta property=\"article:published_time\" content=\"2025-10-26T12:36:40+00:00\" \/>\n<meta property=\"article:modified_time\" content=\"2025-10-26T20:36:59+00:00\" \/>\n<meta property=\"og:image\" content=\"https:\/\/cvinoticias.com\/wp-content\/uploads\/2025\/10\/05d00cf2-7ee0-4c3b-ac89-549348e110bc.jpeg\" \/>\n\t<meta property=\"og:image:width\" content=\"1280\" \/>\n\t<meta property=\"og:image:height\" content=\"720\" \/>\n\t<meta property=\"og:image:type\" content=\"image\/jpeg\" \/>\n<meta name=\"author\" content=\"f1000024\" \/>\n<meta name=\"twitter:card\" content=\"summary_large_image\" \/>\n<meta name=\"twitter:label1\" content=\"Escrito por\" \/>\n\t<meta name=\"twitter:data1\" content=\"f1000024\" \/>\n\t<meta name=\"twitter:label2\" content=\"Tiempo de lectura\" \/>\n\t<meta name=\"twitter:data2\" content=\"2 minutos\" \/>\n<script type=\"application\/ld+json\" class=\"yoast-schema-graph\">{\"@context\":\"https:\\\/\\\/schema.org\",\"@graph\":[{\"@type\":\"Article\",\"@id\":\"https:\\\/\\\/cvinoticias.com\\\/v3\\\/puerto-iguazu-comenzo-la-jornada-electoral-con-cobertura-especial-de-cvi-noticias\\\/#article\",\"isPartOf\":{\"@id\":\"https:\\\/\\\/cvinoticias.com\\\/v3\\\/puerto-iguazu-comenzo-la-jornada-electoral-con-cobertura-especial-de-cvi-noticias\\\/\"},\"author\":{\"name\":\"f1000024\",\"@id\":\"https:\\\/\\\/cvinoticias.com\\\/v3\\\/#\\\/schema\\\/person\\\/2db77e3c6bc03c538495d7b2b8be9b66\"},\"headline\":\"Puerto Iguaz\u00fa: comenz\u00f3 la jornada electoral con cobertura especial de CVI Noticias\",\"datePublished\":\"2025-10-26T12:36:40+00:00\",\"dateModified\":\"2025-10-26T20:36:59+00:00\",\"mainEntityOfPage\":{\"@id\":\"https:\\\/\\\/cvinoticias.com\\\/v3\\\/puerto-iguazu-comenzo-la-jornada-electoral-con-cobertura-especial-de-cvi-noticias\\\/\"},\"wordCount\":288,\"commentCount\":0,\"publisher\":{\"@id\":\"https:\\\/\\\/cvinoticias.com\\\/v3\\\/#organization\"},\"image\":{\"@id\":\"https:\\\/\\\/cvinoticias.com\\\/v3\\\/puerto-iguazu-comenzo-la-jornada-electoral-con-cobertura-especial-de-cvi-noticias\\\/#primaryimage\"},\"thumbnailUrl\":\"https:\\\/\\\/cvinoticias.com\\\/wp-content\\\/uploads\\\/2025\\\/10\\\/05d00cf2-7ee0-4c3b-ac89-549348e110bc.jpeg\",\"keywords\":[\"CVI Noticias\",\"jornada electoral\",\"Puerto Iguaz\u00fa\"],\"articleSection\":[\"Sociedad\"],\"inLanguage\":\"es\",\"potentialAction\":[{\"@type\":\"CommentAction\",\"name\":\"Comment\",\"target\":[\"https:\\\/\\\/cvinoticias.com\\\/v3\\\/puerto-iguazu-comenzo-la-jornada-electoral-con-cobertura-especial-de-cvi-noticias\\\/#respond\"]}]},{\"@type\":\"WebPage\",\"@id\":\"https:\\\/\\\/cvinoticias.com\\\/v3\\\/puerto-iguazu-comenzo-la-jornada-electoral-con-cobertura-especial-de-cvi-noticias\\\/\",\"url\":\"https:\\\/\\\/cvinoticias.com\\\/v3\\\/puerto-iguazu-comenzo-la-jornada-electoral-con-cobertura-especial-de-cvi-noticias\\\/\",\"name\":\"Elecciones en Puerto Iguaz\u00fa: jornada con cobertura especial | CVI NOTICIAS\",\"isPartOf\":{\"@id\":\"https:\\\/\\\/cvinoticias.com\\\/v3\\\/#website\"},\"primaryImageOfPage\":{\"@id\":\"https:\\\/\\\/cvinoticias.com\\\/v3\\\/puerto-iguazu-comenzo-la-jornada-electoral-con-cobertura-especial-de-cvi-noticias\\\/#primaryimage\"},\"image\":{\"@id\":\"https:\\\/\\\/cvinoticias.com\\\/v3\\\/puerto-iguazu-comenzo-la-jornada-electoral-con-cobertura-especial-de-cvi-noticias\\\/#primaryimage\"},\"thumbnailUrl\":\"https:\\\/\\\/cvinoticias.com\\\/wp-content\\\/uploads\\\/2025\\\/10\\\/05d00cf2-7ee0-4c3b-ac89-549348e110bc.jpeg\",\"datePublished\":\"2025-10-26T12:36:40+00:00\",\"dateModified\":\"2025-10-26T20:36:59+00:00\",\"description\":\"Elecciones en Puerto Iguaz\u00fa con cobertura especial de CVI Noticias: escuelas habilitadas, orden y participaci\u00f3n ciudadana.\",\"breadcrumb\":{\"@id\":\"https:\\\/\\\/cvinoticias.com\\\/v3\\\/puerto-iguazu-comenzo-la-jornada-electoral-con-cobertura-especial-de-cvi-noticias\\\/#breadcrumb\"},\"inLanguage\":\"es\",\"potentialAction\":[{\"@type\":\"ReadAction\",\"target\":[\"https:\\\/\\\/cvinoticias.com\\\/v3\\\/puerto-iguazu-comenzo-la-jornada-electoral-con-cobertura-especial-de-cvi-noticias\\\/\"]}]},{\"@type\":\"ImageObject\",\"inLanguage\":\"es\",\"@id\":\"https:\\\/\\\/cvinoticias.com\\\/v3\\\/puerto-iguazu-comenzo-la-jornada-electoral-con-cobertura-especial-de-cvi-noticias\\\/#primaryimage\",\"url\":\"https:\\\/\\\/cvinoticias.com\\\/wp-content\\\/uploads\\\/2025\\\/10\\\/05d00cf2-7ee0-4c3b-ac89-549348e110bc.jpeg\",\"contentUrl\":\"https:\\\/\\\/cvinoticias.com\\\/wp-content\\\/uploads\\\/2025\\\/10\\\/05d00cf2-7ee0-4c3b-ac89-549348e110bc.jpeg\",\"width\":1280,\"height\":720},{\"@type\":\"BreadcrumbList\",\"@id\":\"https:\\\/\\\/cvinoticias.com\\\/v3\\\/puerto-iguazu-comenzo-la-jornada-electoral-con-cobertura-especial-de-cvi-noticias\\\/#breadcrumb\",\"itemListElement\":[{\"@type\":\"ListItem\",\"position\":1,\"name\":\"Portada\",\"item\":\"https:\\\/\\\/cvinoticias.com\\\/v3\\\/\"},{\"@type\":\"ListItem\",\"position\":2,\"name\":\"Puerto Iguaz\u00fa: comenz\u00f3 la jornada electoral con cobertura especial de CVI Noticias\"}]},{\"@type\":\"WebSite\",\"@id\":\"https:\\\/\\\/cvinoticias.com\\\/v3\\\/#website\",\"url\":\"https:\\\/\\\/cvinoticias.com\\\/v3\\\/\",\"name\":\"CVI NOTICIAS\",\"description\":\"\",\"publisher\":{\"@id\":\"https:\\\/\\\/cvinoticias.com\\\/v3\\\/#organization\"},\"alternateName\":\"CVI\",\"potentialAction\":[{\"@type\":\"SearchAction\",\"target\":{\"@type\":\"EntryPoint\",\"urlTemplate\":\"https:\\\/\\\/cvinoticias.com\\\/v3\\\/?s={search_term_string}\"},\"query-input\":{\"@type\":\"PropertyValueSpecification\",\"valueRequired\":true,\"valueName\":\"search_term_string\"}}],\"inLanguage\":\"es\"},{\"@type\":\"Organization\",\"@id\":\"https:\\\/\\\/cvinoticias.com\\\/v3\\\/#organization\",\"name\":\"CVI NOTICIAS\",\"url\":\"https:\\\/\\\/cvinoticias.com\\\/v3\\\/\",\"logo\":{\"@type\":\"ImageObject\",\"inLanguage\":\"es\",\"@id\":\"https:\\\/\\\/cvinoticias.com\\\/v3\\\/#\\\/schema\\\/logo\\\/image\\\/\",\"url\":\"https:\\\/\\\/cvinoticias.com\\\/wp-content\\\/uploads\\\/2023\\\/04\\\/cropped-cropped-cropped-cropped-cropped-3-1.png\",\"contentUrl\":\"https:\\\/\\\/cvinoticias.com\\\/wp-content\\\/uploads\\\/2023\\\/04\\\/cropped-cropped-cropped-cropped-cropped-3-1.png\",\"width\":95,\"height\":122,\"caption\":\"CVI NOTICIAS\"},\"image\":{\"@id\":\"https:\\\/\\\/cvinoticias.com\\\/v3\\\/#\\\/schema\\\/logo\\\/image\\\/\"},\"sameAs\":[\"https:\\\/\\\/www.facebook.com\\\/cvinoticias\",\"https:\\\/\\\/www.instagram.com\\\/cvinoticias\\\/\",\"https:\\\/\\\/www.youtube.com\\\/@CVINOTICIAS\"]},{\"@type\":\"Person\",\"@id\":\"https:\\\/\\\/cvinoticias.com\\\/v3\\\/#\\\/schema\\\/person\\\/2db77e3c6bc03c538495d7b2b8be9b66\",\"name\":\"f1000024\",\"image\":{\"@type\":\"ImageObject\",\"inLanguage\":\"es\",\"@id\":\"https:\\\/\\\/secure.gravatar.com\\\/avatar\\\/d4fe7459cfc51ff5129ce1a732bbef5928568b8092d412ef95611616376bbeed?s=96&d=mm&r=g\",\"url\":\"https:\\\/\\\/secure.gravatar.com\\\/avatar\\\/d4fe7459cfc51ff5129ce1a732bbef5928568b8092d412ef95611616376bbeed?s=96&d=mm&r=g\",\"contentUrl\":\"https:\\\/\\\/secure.gravatar.com\\\/avatar\\\/d4fe7459cfc51ff5129ce1a732bbef5928568b8092d412ef95611616376bbeed?s=96&d=mm&r=g\",\"caption\":\"f1000024\"},\"url\":\"https:\\\/\\\/cvinoticias.com\\\/v3\\\/author\\\/f1000024\\\/\"}]}<\/script>\n<!-- \/ Yoast SEO plugin. -->","yoast_head_json":{"title":"Elecciones en Puerto Iguaz\u00fa: jornada con cobertura especial | CVI NOTICIAS","description":"Elecciones en Puerto Iguaz\u00fa con cobertura especial de CVI Noticias: escuelas habilitadas, orden y participaci\u00f3n ciudadana.","robots":{"index":"index","follow":"follow","max-snippet":"max-snippet:-1","max-image-preview":"max-image-preview:large","max-video-preview":"max-video-preview:-1"},"canonical":"https:\/\/cvinoticias.com\/v3\/puerto-iguazu-comenzo-la-jornada-electoral-con-cobertura-especial-de-cvi-noticias\/","og_locale":"es_ES","og_type":"article","og_title":"Elecciones en Puerto Iguaz\u00fa: jornada con cobertura especial | CVI NOTICIAS","og_description":"Elecciones en Puerto Iguaz\u00fa con cobertura especial de CVI Noticias: escuelas habilitadas, orden y participaci\u00f3n ciudadana.","og_url":"https:\/\/cvinoticias.com\/v3\/puerto-iguazu-comenzo-la-jornada-electoral-con-cobertura-especial-de-cvi-noticias\/","og_site_name":"CVI NOTICIAS","article_publisher":"https:\/\/www.facebook.com\/cvinoticias","article_published_time":"2025-10-26T12:36:40+00:00","article_modified_time":"2025-10-26T20:36:59+00:00","og_image":[{"width":1280,"height":720,"url":"https:\/\/cvinoticias.com\/wp-content\/uploads\/2025\/10\/05d00cf2-7ee0-4c3b-ac89-549348e110bc.jpeg","type":"image\/jpeg"}],"author":"f1000024","twitter_card":"summary_large_image","twitter_misc":{"Escrito por":"f1000024","Tiempo de lectura":"2 minutos"},"schema":{"@context":"https:\/\/schema.org","@graph":[{"@type":"Article","@id":"https:\/\/cvinoticias.com\/v3\/puerto-iguazu-comenzo-la-jornada-electoral-con-cobertura-especial-de-cvi-noticias\/#article","isPartOf":{"@id":"https:\/\/cvinoticias.com\/v3\/puerto-iguazu-comenzo-la-jornada-electoral-con-cobertura-especial-de-cvi-noticias\/"},"author":{"name":"f1000024","@id":"https:\/\/cvinoticias.com\/v3\/#\/schema\/person\/2db77e3c6bc03c538495d7b2b8be9b66"},"headline":"Puerto Iguaz\u00fa: comenz\u00f3 la jornada electoral con cobertura especial de CVI Noticias","datePublished":"2025-10-26T12:36:40+00:00","dateModified":"2025-10-26T20:36:59+00:00","mainEntityOfPage":{"@id":"https:\/\/cvinoticias.com\/v3\/puerto-iguazu-comenzo-la-jornada-electoral-con-cobertura-especial-de-cvi-noticias\/"},"wordCount":288,"commentCount":0,"publisher":{"@id":"https:\/\/cvinoticias.com\/v3\/#organization"},"image":{"@id":"https:\/\/cvinoticias.com\/v3\/puerto-iguazu-comenzo-la-jornada-electoral-con-cobertura-especial-de-cvi-noticias\/#primaryimage"},"thumbnailUrl":"https:\/\/cvinoticias.com\/wp-content\/uploads\/2025\/10\/05d00cf2-7ee0-4c3b-ac89-549348e110bc.jpeg","keywords":["CVI Noticias","jornada electoral","Puerto Iguaz\u00fa"],"articleSection":["Sociedad"],"inLanguage":"es","potentialAction":[{"@type":"CommentAction","name":"Comment","target":["https:\/\/cvinoticias.com\/v3\/puerto-iguazu-comenzo-la-jornada-electoral-con-cobertura-especial-de-cvi-noticias\/#respond"]}]},{"@type":"WebPage","@id":"https:\/\/cvinoticias.com\/v3\/puerto-iguazu-comenzo-la-jornada-electoral-con-cobertura-especial-de-cvi-noticias\/","url":"https:\/\/cvinoticias.com\/v3\/puerto-iguazu-comenzo-la-jornada-electoral-con-cobertura-especial-de-cvi-noticias\/","name":"Elecciones en Puerto Iguaz\u00fa: jornada con cobertura especial | CVI NOTICIAS","isPartOf":{"@id":"https:\/\/cvinoticias.com\/v3\/#website"},"primaryImageOfPage":{"@id":"https:\/\/cvinoticias.com\/v3\/puerto-iguazu-comenzo-la-jornada-electoral-con-cobertura-especial-de-cvi-noticias\/#primaryimage"},"image":{"@id":"https:\/\/cvinoticias.com\/v3\/puerto-iguazu-comenzo-la-jornada-electoral-con-cobertura-especial-de-cvi-noticias\/#primaryimage"},"thumbnailUrl":"https:\/\/cvinoticias.com\/wp-content\/uploads\/2025\/10\/05d00cf2-7ee0-4c3b-ac89-549348e110bc.jpeg","datePublished":"2025-10-26T12:36:40+00:00","dateModified":"2025-10-26T20:36:59+00:00","description":"Elecciones en Puerto Iguaz\u00fa con cobertura especial de CVI Noticias: escuelas habilitadas, orden y participaci\u00f3n ciudadana.","breadcrumb":{"@id":"https:\/\/cvinoticias.com\/v3\/puerto-iguazu-comenzo-la-jornada-electoral-con-cobertura-especial-de-cvi-noticias\/#breadcrumb"},"inLanguage":"es","potentialAction":[{"@type":"ReadAction","target":["https:\/\/cvinoticias.com\/v3\/puerto-iguazu-comenzo-la-jornada-electoral-con-cobertura-especial-de-cvi-noticias\/"]}]},{"@type":"ImageObject","inLanguage":"es","@id":"https:\/\/cvinoticias.com\/v3\/puerto-iguazu-comenzo-la-jornada-electoral-con-cobertura-especial-de-cvi-noticias\/#primaryimage","url":"https:\/\/cvinoticias.com\/wp-content\/uploads\/2025\/10\/05d00cf2-7ee0-4c3b-ac89-549348e110bc.jpeg","contentUrl":"https:\/\/cvinoticias.com\/wp-content\/uploads\/2025\/10\/05d00cf2-7ee0-4c3b-ac89-549348e110bc.jpeg","width":1280,"height":720},{"@type":"BreadcrumbList","@id":"https:\/\/cvinoticias.com\/v3\/puerto-iguazu-comenzo-la-jornada-electoral-con-cobertura-especial-de-cvi-noticias\/#breadcrumb","itemListElement":[{"@type":"ListItem","position":1,"name":"Portada","item":"https:\/\/cvinoticias.com\/v3\/"},{"@type":"ListItem","position":2,"name":"Puerto Iguaz\u00fa: comenz\u00f3 la jornada electoral con cobertura especial de CVI Noticias"}]},{"@type":"WebSite","@id":"https:\/\/cvinoticias.com\/v3\/#website","url":"https:\/\/cvinoticias.com\/v3\/","name":"CVI NOTICIAS","description":"","publisher":{"@id":"https:\/\/cvinoticias.com\/v3\/#organization"},"alternateName":"CVI","potentialAction":[{"@type":"SearchAction","target":{"@type":"EntryPoint","urlTemplate":"https:\/\/cvinoticias.com\/v3\/?s={search_term_string}"},"query-input":{"@type":"PropertyValueSpecification","valueRequired":true,"valueName":"search_term_string"}}],"inLanguage":"es"},{"@type":"Organization","@id":"https:\/\/cvinoticias.com\/v3\/#organization","name":"CVI NOTICIAS","url":"https:\/\/cvinoticias.com\/v3\/","logo":{"@type":"ImageObject","inLanguage":"es","@id":"https:\/\/cvinoticias.com\/v3\/#\/schema\/logo\/image\/","url":"https:\/\/cvinoticias.com\/wp-content\/uploads\/2023\/04\/cropped-cropped-cropped-cropped-cropped-3-1.png","contentUrl":"https:\/\/cvinoticias.com\/wp-content\/uploads\/2023\/04\/cropped-cropped-cropped-cropped-cropped-3-1.png","width":95,"height":122,"caption":"CVI NOTICIAS"},"image":{"@id":"https:\/\/cvinoticias.com\/v3\/#\/schema\/logo\/image\/"},"sameAs":["https:\/\/www.facebook.com\/cvinoticias","https:\/\/www.instagram.com\/cvinoticias\/","https:\/\/www.youtube.com\/@CVINOTICIAS"]},{"@type":"Person","@id":"https:\/\/cvinoticias.com\/v3\/#\/schema\/person\/2db77e3c6bc03c538495d7b2b8be9b66","name":"f1000024","image":{"@type":"ImageObject","inLanguage":"es","@id":"https:\/\/secure.gravatar.com\/avatar\/d4fe7459cfc51ff5129ce1a732bbef5928568b8092d412ef95611616376bbeed?s=96&d=mm&r=g","url":"https:\/\/secure.gravatar.com\/avatar\/d4fe7459cfc51ff5129ce1a732bbef5928568b8092d412ef95611616376bbeed?s=96&d=mm&r=g","contentUrl":"https:\/\/secure.gravatar.com\/avatar\/d4fe7459cfc51ff5129ce1a732bbef5928568b8092d412ef95611616376bbeed?s=96&d=mm&r=g","caption":"f1000024"},"url":"https:\/\/cvinoticias.com\/v3\/author\/f1000024\/"}]}},"_links":{"self":[{"href":"https:\/\/cvinoticias.com\/v3\/wp-json\/wp\/v2\/posts\/50596","targetHints":{"allow":["GET"]}}],"collection":[{"href":"https:\/\/cvinoticias.com\/v3\/wp-json\/wp\/v2\/posts"}],"about":[{"href":"https:\/\/cvinoticias.com\/v3\/wp-json\/wp\/v2\/types\/post"}],"author":[{"embeddable":true,"href":"https:\/\/cvinoticias.com\/v3\/wp-json\/wp\/v2\/users\/2"}],"replies":[{"embeddable":true,"href":"https:\/\/cvinoticias.com\/v3\/wp-json\/wp\/v2\/comments?post=50596"}],"version-history":[{"count":1,"href":"https:\/\/cvinoticias.com\/v3\/wp-json\/wp\/v2\/posts\/50596\/revisions"}],"predecessor-version":[{"id":50598,"href":"https:\/\/cvinoticias.com\/v3\/wp-json\/wp\/v2\/posts\/50596\/revisions\/50598"}],"wp:featuredmedia":[{"embeddable":true,"href":"https:\/\/cvinoticias.com\/v3\/wp-json\/wp\/v2\/media\/50597"}],"wp:attachment":[{"href":"https:\/\/cvinoticias.com\/v3\/wp-json\/wp\/v2\/media?parent=50596"}],"wp:term":[{"taxonomy":"category","embeddable":true,"href":"https:\/\/cvinoticias.com\/v3\/wp-json\/wp\/v2\/categories?post=50596"},{"taxonomy":"post_tag","embeddable":true,"href":"https:\/\/cvinoticias.com\/v3\/wp-json\/wp\/v2\/tags?post=50596"}],"curies":[{"name":"wp","href":"https:\/\/api.w.org\/{rel}","templated":true}]}}