{"id":5057,"date":"2021-05-13T09:21:58","date_gmt":"2021-05-13T09:21:58","guid":{"rendered":"https:\/\/cvinoticias.com\/v3\/?p=5057"},"modified":"2021-05-13T09:21:58","modified_gmt":"2021-05-13T09:21:58","slug":"docentes-autoconvocados-aprobaron-acta-para-retomar-el-dialogo-con-el-cge","status":"publish","type":"post","link":"https:\/\/cvinoticias.com\/v3\/docentes-autoconvocados-aprobaron-acta-para-retomar-el-dialogo-con-el-cge\/","title":{"rendered":"Docentes autoconvocados aprobaron acta para retomar el di\u00e1logo con el CGE"},"content":{"rendered":"\n<p><strong><em>En Asamblea los docentes y gremios que cortaban la ruta 14 en San Ignacio aprobaron un acta con cuatro puntos principales para retomar el di\u00e1logo<\/em><\/strong>.<\/p>\n\n\n\n<p>Elaboraron el siguiente texto de acta acuerdo para la apertura del di\u00e1logo:<\/p>\n\n\n\n<p><strong>BASE PARA RETOMAR EL DI\u00c1LOGO CGE Y FRENTE DE TRABAJADORES DE LA EDUCACI\u00d3N EN LUCHA MPL, UDNAM, CONTI SANTORO, UTEM, TRIBUNA DOCENTE, ATE, CTA, MAREA BLANCA Y DOCENTES AUTOCONVOCADOS<\/strong><\/p>\n\n\n\n<p>Las partes acuerdan retomar el di\u00e1logo sobre las siguientes bases:<\/p>\n\n\n\n<p>1- CGE se compromete a suspender los descuentos por d\u00edas de huelga.<\/p>\n\n\n\n<p>2- Los trabajadores se comprometen a suspender todas las medidas de acci\u00f3n directa inmediatamente tras este acuerdo y retomar el di\u00e1logo.<\/p>\n\n\n\n<p>3- Las partes acuerdan que la mesa de di\u00e1logo se reunir\u00e1 para dar inicio el d\u00eda lunes 17 de Mayo a las 10hs en la Ciudad de Posadas para resolver en base al di\u00e1logo y al acuerdo la situaci\u00f3n del conflicto.<\/p>\n\n\n\n<p>4- La agenda de la mesa de di\u00e1logo ser\u00e1:<\/p>\n\n\n\n<p>A- Suspenci\u00f3n de los descuentos de los d\u00edas de huelga.<\/p>\n\n\n\n<p>B- An\u00e1lisis y evaluaci\u00f3n de las acciones que se vienen desarrollando a fin de atender la emergencia que genera el Covid-19.<\/p>\n\n\n\n<p>C- Evaluar la situaci\u00f3n respecto a nombramiento de porteras, cocineras y cargos docentes suplentes.<\/p>\n\n\n\n<p>D- Analizar la situaci\u00f3n de infraestructura escolar luego de la inversi\u00f3n realizada por el gobierno.<\/p>\n\n\n\n<p>E- Retomar el an\u00e1lisis de la situaci\u00f3n socioecon\u00f3mica de los trabajadores de la educaci\u00f3n en virtud de la crisis inflacionaria, con el proposito de corregir el desfasaje que se vive con el deterioro del poder adquisitivo en los ingresos de los trabajadores.<\/p>\n\n\n\n<p>Cerramos el acuerdo con que los trabajadores volvemos a clases ma\u00f1ana jueves 13 de mayo y el CGE se compromete a no sancionar a ning\u00fan trabajador que particip\u00f3 de la huelga.<\/p>\n\n\n\n<p>De aceptarse los trabajadores publicaremos esto como comunicaci\u00f3n oficial del acuerdo alcanzado.<\/p>\n","protected":false},"excerpt":{"rendered":"<p>En Asamblea los docentes y gremios que cortaban la ruta 14 en San Ignacio aprobaron un acta con cuatro puntos principales para retomar el di\u00e1logo. Elaboraron el siguiente texto de acta acuerdo para la apertura del di\u00e1logo: BASE PARA RETOMAR EL DI\u00c1LOGO CGE Y FRENTE DE TRABAJADORES DE LA EDUCACI\u00d3N EN LUCHA MPL, UDNAM, CONTI [&hellip;]<\/p>\n","protected":false},"author":2,"featured_media":5058,"comment_status":"open","ping_status":"open","sticky":false,"template":"","format":"standard","meta":{"footnotes":""},"categories":[26],"tags":[],"class_list":["post-5057","post","type-post","status-publish","format-standard","has-post-thumbnail","hentry","category-educacion"],"yoast_head":"<!-- This site is optimized with the Yoast SEO plugin v27.5 - https:\/\/yoast.com\/product\/yoast-seo-wordpress\/ -->\n<title>Docentes autoconvocados aprobaron acta para retomar el di\u00e1logo con el CGE | CVI NOTICIAS<\/title>\n<meta name=\"robots\" content=\"index, follow, max-snippet:-1, max-image-preview:large, max-video-preview:-1\" \/>\n<link rel=\"canonical\" href=\"https:\/\/cvinoticias.com\/v3\/docentes-autoconvocados-aprobaron-acta-para-retomar-el-dialogo-con-el-cge\/\" \/>\n<meta property=\"og:locale\" content=\"es_ES\" \/>\n<meta property=\"og:type\" content=\"article\" \/>\n<meta property=\"og:title\" content=\"Docentes autoconvocados aprobaron acta para retomar el di\u00e1logo con el CGE | CVI NOTICIAS\" \/>\n<meta property=\"og:description\" content=\"En Asamblea los docentes y gremios que cortaban la ruta 14 en San Ignacio aprobaron un acta con cuatro puntos principales para retomar el di\u00e1logo. Elaboraron el siguiente texto de acta acuerdo para la apertura del di\u00e1logo: BASE PARA RETOMAR EL DI\u00c1LOGO CGE Y FRENTE DE TRABAJADORES DE LA EDUCACI\u00d3N EN LUCHA MPL, UDNAM, CONTI [&hellip;]\" \/>\n<meta property=\"og:url\" content=\"https:\/\/cvinoticias.com\/v3\/docentes-autoconvocados-aprobaron-acta-para-retomar-el-dialogo-con-el-cge\/\" \/>\n<meta property=\"og:site_name\" content=\"CVI NOTICIAS\" \/>\n<meta property=\"article:publisher\" content=\"https:\/\/www.facebook.com\/cvinoticias\" \/>\n<meta property=\"article:published_time\" content=\"2021-05-13T09:21:58+00:00\" \/>\n<meta property=\"og:image\" content=\"https:\/\/cvinoticias.com\/wp-content\/uploads\/2021\/05\/FB_IMG_1620739108588.jpg\" \/>\n\t<meta property=\"og:image:width\" content=\"941\" \/>\n\t<meta property=\"og:image:height\" content=\"513\" \/>\n\t<meta property=\"og:image:type\" content=\"image\/jpeg\" \/>\n<meta name=\"author\" content=\"f1000024\" \/>\n<meta name=\"twitter:card\" content=\"summary_large_image\" \/>\n<meta name=\"twitter:label1\" content=\"Escrito por\" \/>\n\t<meta name=\"twitter:data1\" content=\"f1000024\" \/>\n\t<meta name=\"twitter:label2\" content=\"Tiempo de lectura\" \/>\n\t<meta name=\"twitter:data2\" content=\"2 minutos\" \/>\n<script type=\"application\/ld+json\" class=\"yoast-schema-graph\">{\"@context\":\"https:\\\/\\\/schema.org\",\"@graph\":[{\"@type\":\"Article\",\"@id\":\"https:\\\/\\\/cvinoticias.com\\\/v3\\\/docentes-autoconvocados-aprobaron-acta-para-retomar-el-dialogo-con-el-cge\\\/#article\",\"isPartOf\":{\"@id\":\"https:\\\/\\\/cvinoticias.com\\\/v3\\\/docentes-autoconvocados-aprobaron-acta-para-retomar-el-dialogo-con-el-cge\\\/\"},\"author\":{\"name\":\"f1000024\",\"@id\":\"https:\\\/\\\/cvinoticias.com\\\/v3\\\/#\\\/schema\\\/person\\\/2db77e3c6bc03c538495d7b2b8be9b66\"},\"headline\":\"Docentes autoconvocados aprobaron acta para retomar el di\u00e1logo con el CGE\",\"datePublished\":\"2021-05-13T09:21:58+00:00\",\"mainEntityOfPage\":{\"@id\":\"https:\\\/\\\/cvinoticias.com\\\/v3\\\/docentes-autoconvocados-aprobaron-acta-para-retomar-el-dialogo-con-el-cge\\\/\"},\"wordCount\":340,\"commentCount\":0,\"publisher\":{\"@id\":\"https:\\\/\\\/cvinoticias.com\\\/v3\\\/#organization\"},\"image\":{\"@id\":\"https:\\\/\\\/cvinoticias.com\\\/v3\\\/docentes-autoconvocados-aprobaron-acta-para-retomar-el-dialogo-con-el-cge\\\/#primaryimage\"},\"thumbnailUrl\":\"https:\\\/\\\/cvinoticias.com\\\/wp-content\\\/uploads\\\/2021\\\/05\\\/FB_IMG_1620739108588.jpg\",\"articleSection\":[\"Educacion\"],\"inLanguage\":\"es\",\"potentialAction\":[{\"@type\":\"CommentAction\",\"name\":\"Comment\",\"target\":[\"https:\\\/\\\/cvinoticias.com\\\/v3\\\/docentes-autoconvocados-aprobaron-acta-para-retomar-el-dialogo-con-el-cge\\\/#respond\"]}]},{\"@type\":\"WebPage\",\"@id\":\"https:\\\/\\\/cvinoticias.com\\\/v3\\\/docentes-autoconvocados-aprobaron-acta-para-retomar-el-dialogo-con-el-cge\\\/\",\"url\":\"https:\\\/\\\/cvinoticias.com\\\/v3\\\/docentes-autoconvocados-aprobaron-acta-para-retomar-el-dialogo-con-el-cge\\\/\",\"name\":\"Docentes autoconvocados aprobaron acta para retomar el di\u00e1logo con el CGE | CVI NOTICIAS\",\"isPartOf\":{\"@id\":\"https:\\\/\\\/cvinoticias.com\\\/v3\\\/#website\"},\"primaryImageOfPage\":{\"@id\":\"https:\\\/\\\/cvinoticias.com\\\/v3\\\/docentes-autoconvocados-aprobaron-acta-para-retomar-el-dialogo-con-el-cge\\\/#primaryimage\"},\"image\":{\"@id\":\"https:\\\/\\\/cvinoticias.com\\\/v3\\\/docentes-autoconvocados-aprobaron-acta-para-retomar-el-dialogo-con-el-cge\\\/#primaryimage\"},\"thumbnailUrl\":\"https:\\\/\\\/cvinoticias.com\\\/wp-content\\\/uploads\\\/2021\\\/05\\\/FB_IMG_1620739108588.jpg\",\"datePublished\":\"2021-05-13T09:21:58+00:00\",\"breadcrumb\":{\"@id\":\"https:\\\/\\\/cvinoticias.com\\\/v3\\\/docentes-autoconvocados-aprobaron-acta-para-retomar-el-dialogo-con-el-cge\\\/#breadcrumb\"},\"inLanguage\":\"es\",\"potentialAction\":[{\"@type\":\"ReadAction\",\"target\":[\"https:\\\/\\\/cvinoticias.com\\\/v3\\\/docentes-autoconvocados-aprobaron-acta-para-retomar-el-dialogo-con-el-cge\\\/\"]}]},{\"@type\":\"ImageObject\",\"inLanguage\":\"es\",\"@id\":\"https:\\\/\\\/cvinoticias.com\\\/v3\\\/docentes-autoconvocados-aprobaron-acta-para-retomar-el-dialogo-con-el-cge\\\/#primaryimage\",\"url\":\"https:\\\/\\\/cvinoticias.com\\\/wp-content\\\/uploads\\\/2021\\\/05\\\/FB_IMG_1620739108588.jpg\",\"contentUrl\":\"https:\\\/\\\/cvinoticias.com\\\/wp-content\\\/uploads\\\/2021\\\/05\\\/FB_IMG_1620739108588.jpg\",\"width\":941,\"height\":513},{\"@type\":\"BreadcrumbList\",\"@id\":\"https:\\\/\\\/cvinoticias.com\\\/v3\\\/docentes-autoconvocados-aprobaron-acta-para-retomar-el-dialogo-con-el-cge\\\/#breadcrumb\",\"itemListElement\":[{\"@type\":\"ListItem\",\"position\":1,\"name\":\"Portada\",\"item\":\"https:\\\/\\\/cvinoticias.com\\\/v3\\\/\"},{\"@type\":\"ListItem\",\"position\":2,\"name\":\"Docentes autoconvocados aprobaron acta para retomar el di\u00e1logo con el CGE\"}]},{\"@type\":\"WebSite\",\"@id\":\"https:\\\/\\\/cvinoticias.com\\\/v3\\\/#website\",\"url\":\"https:\\\/\\\/cvinoticias.com\\\/v3\\\/\",\"name\":\"CVI NOTICIAS\",\"description\":\"\",\"publisher\":{\"@id\":\"https:\\\/\\\/cvinoticias.com\\\/v3\\\/#organization\"},\"alternateName\":\"CVI\",\"potentialAction\":[{\"@type\":\"SearchAction\",\"target\":{\"@type\":\"EntryPoint\",\"urlTemplate\":\"https:\\\/\\\/cvinoticias.com\\\/v3\\\/?s={search_term_string}\"},\"query-input\":{\"@type\":\"PropertyValueSpecification\",\"valueRequired\":true,\"valueName\":\"search_term_string\"}}],\"inLanguage\":\"es\"},{\"@type\":\"Organization\",\"@id\":\"https:\\\/\\\/cvinoticias.com\\\/v3\\\/#organization\",\"name\":\"CVI NOTICIAS\",\"url\":\"https:\\\/\\\/cvinoticias.com\\\/v3\\\/\",\"logo\":{\"@type\":\"ImageObject\",\"inLanguage\":\"es\",\"@id\":\"https:\\\/\\\/cvinoticias.com\\\/v3\\\/#\\\/schema\\\/logo\\\/image\\\/\",\"url\":\"https:\\\/\\\/cvinoticias.com\\\/wp-content\\\/uploads\\\/2023\\\/04\\\/cropped-cropped-cropped-cropped-cropped-3-1.png\",\"contentUrl\":\"https:\\\/\\\/cvinoticias.com\\\/wp-content\\\/uploads\\\/2023\\\/04\\\/cropped-cropped-cropped-cropped-cropped-3-1.png\",\"width\":95,\"height\":122,\"caption\":\"CVI NOTICIAS\"},\"image\":{\"@id\":\"https:\\\/\\\/cvinoticias.com\\\/v3\\\/#\\\/schema\\\/logo\\\/image\\\/\"},\"sameAs\":[\"https:\\\/\\\/www.facebook.com\\\/cvinoticias\",\"https:\\\/\\\/www.instagram.com\\\/cvinoticias\\\/\",\"https:\\\/\\\/www.youtube.com\\\/@CVINOTICIAS\"]},{\"@type\":\"Person\",\"@id\":\"https:\\\/\\\/cvinoticias.com\\\/v3\\\/#\\\/schema\\\/person\\\/2db77e3c6bc03c538495d7b2b8be9b66\",\"name\":\"f1000024\",\"image\":{\"@type\":\"ImageObject\",\"inLanguage\":\"es\",\"@id\":\"https:\\\/\\\/secure.gravatar.com\\\/avatar\\\/d4fe7459cfc51ff5129ce1a732bbef5928568b8092d412ef95611616376bbeed?s=96&d=mm&r=g\",\"url\":\"https:\\\/\\\/secure.gravatar.com\\\/avatar\\\/d4fe7459cfc51ff5129ce1a732bbef5928568b8092d412ef95611616376bbeed?s=96&d=mm&r=g\",\"contentUrl\":\"https:\\\/\\\/secure.gravatar.com\\\/avatar\\\/d4fe7459cfc51ff5129ce1a732bbef5928568b8092d412ef95611616376bbeed?s=96&d=mm&r=g\",\"caption\":\"f1000024\"},\"url\":\"https:\\\/\\\/cvinoticias.com\\\/v3\\\/author\\\/f1000024\\\/\"}]}<\/script>\n<!-- \/ Yoast SEO plugin. -->","yoast_head_json":{"title":"Docentes autoconvocados aprobaron acta para retomar el di\u00e1logo con el CGE | CVI NOTICIAS","robots":{"index":"index","follow":"follow","max-snippet":"max-snippet:-1","max-image-preview":"max-image-preview:large","max-video-preview":"max-video-preview:-1"},"canonical":"https:\/\/cvinoticias.com\/v3\/docentes-autoconvocados-aprobaron-acta-para-retomar-el-dialogo-con-el-cge\/","og_locale":"es_ES","og_type":"article","og_title":"Docentes autoconvocados aprobaron acta para retomar el di\u00e1logo con el CGE | CVI NOTICIAS","og_description":"En Asamblea los docentes y gremios que cortaban la ruta 14 en San Ignacio aprobaron un acta con cuatro puntos principales para retomar el di\u00e1logo. Elaboraron el siguiente texto de acta acuerdo para la apertura del di\u00e1logo: BASE PARA RETOMAR EL DI\u00c1LOGO CGE Y FRENTE DE TRABAJADORES DE LA EDUCACI\u00d3N EN LUCHA MPL, UDNAM, CONTI [&hellip;]","og_url":"https:\/\/cvinoticias.com\/v3\/docentes-autoconvocados-aprobaron-acta-para-retomar-el-dialogo-con-el-cge\/","og_site_name":"CVI NOTICIAS","article_publisher":"https:\/\/www.facebook.com\/cvinoticias","article_published_time":"2021-05-13T09:21:58+00:00","og_image":[{"width":941,"height":513,"url":"https:\/\/cvinoticias.com\/wp-content\/uploads\/2021\/05\/FB_IMG_1620739108588.jpg","type":"image\/jpeg"}],"author":"f1000024","twitter_card":"summary_large_image","twitter_misc":{"Escrito por":"f1000024","Tiempo de lectura":"2 minutos"},"schema":{"@context":"https:\/\/schema.org","@graph":[{"@type":"Article","@id":"https:\/\/cvinoticias.com\/v3\/docentes-autoconvocados-aprobaron-acta-para-retomar-el-dialogo-con-el-cge\/#article","isPartOf":{"@id":"https:\/\/cvinoticias.com\/v3\/docentes-autoconvocados-aprobaron-acta-para-retomar-el-dialogo-con-el-cge\/"},"author":{"name":"f1000024","@id":"https:\/\/cvinoticias.com\/v3\/#\/schema\/person\/2db77e3c6bc03c538495d7b2b8be9b66"},"headline":"Docentes autoconvocados aprobaron acta para retomar el di\u00e1logo con el CGE","datePublished":"2021-05-13T09:21:58+00:00","mainEntityOfPage":{"@id":"https:\/\/cvinoticias.com\/v3\/docentes-autoconvocados-aprobaron-acta-para-retomar-el-dialogo-con-el-cge\/"},"wordCount":340,"commentCount":0,"publisher":{"@id":"https:\/\/cvinoticias.com\/v3\/#organization"},"image":{"@id":"https:\/\/cvinoticias.com\/v3\/docentes-autoconvocados-aprobaron-acta-para-retomar-el-dialogo-con-el-cge\/#primaryimage"},"thumbnailUrl":"https:\/\/cvinoticias.com\/wp-content\/uploads\/2021\/05\/FB_IMG_1620739108588.jpg","articleSection":["Educacion"],"inLanguage":"es","potentialAction":[{"@type":"CommentAction","name":"Comment","target":["https:\/\/cvinoticias.com\/v3\/docentes-autoconvocados-aprobaron-acta-para-retomar-el-dialogo-con-el-cge\/#respond"]}]},{"@type":"WebPage","@id":"https:\/\/cvinoticias.com\/v3\/docentes-autoconvocados-aprobaron-acta-para-retomar-el-dialogo-con-el-cge\/","url":"https:\/\/cvinoticias.com\/v3\/docentes-autoconvocados-aprobaron-acta-para-retomar-el-dialogo-con-el-cge\/","name":"Docentes autoconvocados aprobaron acta para retomar el di\u00e1logo con el CGE | CVI NOTICIAS","isPartOf":{"@id":"https:\/\/cvinoticias.com\/v3\/#website"},"primaryImageOfPage":{"@id":"https:\/\/cvinoticias.com\/v3\/docentes-autoconvocados-aprobaron-acta-para-retomar-el-dialogo-con-el-cge\/#primaryimage"},"image":{"@id":"https:\/\/cvinoticias.com\/v3\/docentes-autoconvocados-aprobaron-acta-para-retomar-el-dialogo-con-el-cge\/#primaryimage"},"thumbnailUrl":"https:\/\/cvinoticias.com\/wp-content\/uploads\/2021\/05\/FB_IMG_1620739108588.jpg","datePublished":"2021-05-13T09:21:58+00:00","breadcrumb":{"@id":"https:\/\/cvinoticias.com\/v3\/docentes-autoconvocados-aprobaron-acta-para-retomar-el-dialogo-con-el-cge\/#breadcrumb"},"inLanguage":"es","potentialAction":[{"@type":"ReadAction","target":["https:\/\/cvinoticias.com\/v3\/docentes-autoconvocados-aprobaron-acta-para-retomar-el-dialogo-con-el-cge\/"]}]},{"@type":"ImageObject","inLanguage":"es","@id":"https:\/\/cvinoticias.com\/v3\/docentes-autoconvocados-aprobaron-acta-para-retomar-el-dialogo-con-el-cge\/#primaryimage","url":"https:\/\/cvinoticias.com\/wp-content\/uploads\/2021\/05\/FB_IMG_1620739108588.jpg","contentUrl":"https:\/\/cvinoticias.com\/wp-content\/uploads\/2021\/05\/FB_IMG_1620739108588.jpg","width":941,"height":513},{"@type":"BreadcrumbList","@id":"https:\/\/cvinoticias.com\/v3\/docentes-autoconvocados-aprobaron-acta-para-retomar-el-dialogo-con-el-cge\/#breadcrumb","itemListElement":[{"@type":"ListItem","position":1,"name":"Portada","item":"https:\/\/cvinoticias.com\/v3\/"},{"@type":"ListItem","position":2,"name":"Docentes autoconvocados aprobaron acta para retomar el di\u00e1logo con el CGE"}]},{"@type":"WebSite","@id":"https:\/\/cvinoticias.com\/v3\/#website","url":"https:\/\/cvinoticias.com\/v3\/","name":"CVI NOTICIAS","description":"","publisher":{"@id":"https:\/\/cvinoticias.com\/v3\/#organization"},"alternateName":"CVI","potentialAction":[{"@type":"SearchAction","target":{"@type":"EntryPoint","urlTemplate":"https:\/\/cvinoticias.com\/v3\/?s={search_term_string}"},"query-input":{"@type":"PropertyValueSpecification","valueRequired":true,"valueName":"search_term_string"}}],"inLanguage":"es"},{"@type":"Organization","@id":"https:\/\/cvinoticias.com\/v3\/#organization","name":"CVI NOTICIAS","url":"https:\/\/cvinoticias.com\/v3\/","logo":{"@type":"ImageObject","inLanguage":"es","@id":"https:\/\/cvinoticias.com\/v3\/#\/schema\/logo\/image\/","url":"https:\/\/cvinoticias.com\/wp-content\/uploads\/2023\/04\/cropped-cropped-cropped-cropped-cropped-3-1.png","contentUrl":"https:\/\/cvinoticias.com\/wp-content\/uploads\/2023\/04\/cropped-cropped-cropped-cropped-cropped-3-1.png","width":95,"height":122,"caption":"CVI NOTICIAS"},"image":{"@id":"https:\/\/cvinoticias.com\/v3\/#\/schema\/logo\/image\/"},"sameAs":["https:\/\/www.facebook.com\/cvinoticias","https:\/\/www.instagram.com\/cvinoticias\/","https:\/\/www.youtube.com\/@CVINOTICIAS"]},{"@type":"Person","@id":"https:\/\/cvinoticias.com\/v3\/#\/schema\/person\/2db77e3c6bc03c538495d7b2b8be9b66","name":"f1000024","image":{"@type":"ImageObject","inLanguage":"es","@id":"https:\/\/secure.gravatar.com\/avatar\/d4fe7459cfc51ff5129ce1a732bbef5928568b8092d412ef95611616376bbeed?s=96&d=mm&r=g","url":"https:\/\/secure.gravatar.com\/avatar\/d4fe7459cfc51ff5129ce1a732bbef5928568b8092d412ef95611616376bbeed?s=96&d=mm&r=g","contentUrl":"https:\/\/secure.gravatar.com\/avatar\/d4fe7459cfc51ff5129ce1a732bbef5928568b8092d412ef95611616376bbeed?s=96&d=mm&r=g","caption":"f1000024"},"url":"https:\/\/cvinoticias.com\/v3\/author\/f1000024\/"}]}},"_links":{"self":[{"href":"https:\/\/cvinoticias.com\/v3\/wp-json\/wp\/v2\/posts\/5057","targetHints":{"allow":["GET"]}}],"collection":[{"href":"https:\/\/cvinoticias.com\/v3\/wp-json\/wp\/v2\/posts"}],"about":[{"href":"https:\/\/cvinoticias.com\/v3\/wp-json\/wp\/v2\/types\/post"}],"author":[{"embeddable":true,"href":"https:\/\/cvinoticias.com\/v3\/wp-json\/wp\/v2\/users\/2"}],"replies":[{"embeddable":true,"href":"https:\/\/cvinoticias.com\/v3\/wp-json\/wp\/v2\/comments?post=5057"}],"version-history":[{"count":1,"href":"https:\/\/cvinoticias.com\/v3\/wp-json\/wp\/v2\/posts\/5057\/revisions"}],"predecessor-version":[{"id":5059,"href":"https:\/\/cvinoticias.com\/v3\/wp-json\/wp\/v2\/posts\/5057\/revisions\/5059"}],"wp:featuredmedia":[{"embeddable":true,"href":"https:\/\/cvinoticias.com\/v3\/wp-json\/wp\/v2\/media\/5058"}],"wp:attachment":[{"href":"https:\/\/cvinoticias.com\/v3\/wp-json\/wp\/v2\/media?parent=5057"}],"wp:term":[{"taxonomy":"category","embeddable":true,"href":"https:\/\/cvinoticias.com\/v3\/wp-json\/wp\/v2\/categories?post=5057"},{"taxonomy":"post_tag","embeddable":true,"href":"https:\/\/cvinoticias.com\/v3\/wp-json\/wp\/v2\/tags?post=5057"}],"curies":[{"name":"wp","href":"https:\/\/api.w.org\/{rel}","templated":true}]}}