{"id":5042,"date":"2021-05-12T17:04:04","date_gmt":"2021-05-12T17:04:04","guid":{"rendered":"https:\/\/cvinoticias.com\/v3\/?p=5042"},"modified":"2021-05-12T17:04:04","modified_gmt":"2021-05-12T17:04:04","slug":"el-gobernador-le-rechazo-la-renuncia-a-pedro-fragueiro-el-juez-acusado-de-abuso-sexual-en-puerto-iguazu","status":"publish","type":"post","link":"https:\/\/cvinoticias.com\/v3\/el-gobernador-le-rechazo-la-renuncia-a-pedro-fragueiro-el-juez-acusado-de-abuso-sexual-en-puerto-iguazu\/","title":{"rendered":"El Gobernador le rechaz\u00f3 la renuncia a Pedro Fragueiro, el juez acusado de abuso sexual en Puerto Iguaz\u00fa"},"content":{"rendered":"\n<p><strong><em>El gobernador de Misiones, Oscar Herrera Ahuad no le acept\u00f3 la renuncia que le present\u00f3 este lunes Pedro Fragueiro, el juez acusado de abuso sexual en Puerto Iguaz\u00fa.<\/em><\/strong><\/p>\n\n\n\n<p>Seg\u00fan trascendi\u00f3, Fragueiro que dirige el Juzgado de Familia 2 de la localidad de las Cataratas se acerc\u00f3 hasta Casa de Gobierno para entregarle las documentaciones correspondientes a la m\u00e1xima autoridad de la provincia tras una seguidilla de denuncias en su contra por casos de abuso sexual.<\/p>\n\n\n\n<p>La primera fue cuando una joven acudi\u00f3 a la Fiscal\u00eda de Instrucci\u00f3n Tres de esa ciudad y all\u00ed expres\u00f3 haber sido v\u00edctima de Fragueiro en 2017, cuando ella intent\u00f3 incursionar en el arbitraje del rugby y el magistrado era encargado de esa \u00e1rea en la Uni\u00f3n de Rugby de Misiones (Urumi), entidad que emiti\u00f3 un breve comunicado anunciando la separaci\u00f3n del acusado y repudiando los hechos denunciados.<\/p>\n\n\n\n<p>La segunda, en tanto, se trat\u00f3 de una estudiante avanzada de abogac\u00eda y empleada judicial que trabajaba en el juzgado de Fragueiro desde febrero de este a\u00f1o. Su denuncia fue radicada el \u00faltimo martes, tambi\u00e9n ante la fiscal\u00eda de Iguaz\u00fa.<\/p>\n\n\n\n<p>Luego recibi\u00f3 una nueva acusaci\u00f3n contra el magistrado. En esta ocasi\u00f3n, la denunciante fue una mujer que ten\u00eda una causa en tr\u00e1mite en el juzgado de Fragueiro, la cual manifest\u00f3 haber sido acosada en una de las entrevistas que mantuvo con el juez para interiorizarse sobre el estado del expediente que ten\u00eda a su cargo.<\/p>\n\n\n\n<p>La cuarta y quinta fue de parte de una empleada del Juzgado Civil y Comercial N\u00b0 2 de Ober\u00e1 y otra muchacha de Posadas.<\/p>\n\n\n\n<p>Las presentaciones fueron realizadas ante la Fiscal\u00eda de Instrucci\u00f3n Uno de Ober\u00e1 y ante el Juzgado de Instrucci\u00f3n Tres de Posadas. De esta manera, ya son cinco las acusaciones del mismo tenor que fueron radicadas formalmente contra el citado funcionario en s\u00f3lo una semana.<\/p>\n\n\n\n<p>A partir de ahora, comienza el proceso de jury, sin mayores antecedentes en la provincia. Ahora la decisi\u00f3n queda estar\u00e1 a cargo de del jurado de enjuiciamiento.<\/p>\n","protected":false},"excerpt":{"rendered":"<p>El gobernador de Misiones, Oscar Herrera Ahuad no le acept\u00f3 la renuncia que le present\u00f3 este lunes Pedro Fragueiro, el juez acusado de abuso sexual en Puerto Iguaz\u00fa. Seg\u00fan trascendi\u00f3, Fragueiro que dirige el Juzgado de Familia 2 de la localidad de las Cataratas se acerc\u00f3 hasta Casa de Gobierno para entregarle las documentaciones correspondientes [&hellip;]<\/p>\n","protected":false},"author":2,"featured_media":5043,"comment_status":"open","ping_status":"open","sticky":false,"template":"","format":"standard","meta":{"footnotes":""},"categories":[37],"tags":[],"class_list":["post-5042","post","type-post","status-publish","format-standard","has-post-thumbnail","hentry","category-justicia"],"yoast_head":"<!-- This site is optimized with the Yoast SEO plugin v27.5 - https:\/\/yoast.com\/product\/yoast-seo-wordpress\/ -->\n<title>El Gobernador le rechaz\u00f3 la renuncia a Pedro Fragueiro, el juez acusado de abuso sexual en Puerto Iguaz\u00fa | CVI NOTICIAS<\/title>\n<meta name=\"robots\" content=\"index, follow, max-snippet:-1, max-image-preview:large, max-video-preview:-1\" \/>\n<link rel=\"canonical\" href=\"https:\/\/cvinoticias.com\/v3\/el-gobernador-le-rechazo-la-renuncia-a-pedro-fragueiro-el-juez-acusado-de-abuso-sexual-en-puerto-iguazu\/\" \/>\n<meta property=\"og:locale\" content=\"es_ES\" \/>\n<meta property=\"og:type\" content=\"article\" \/>\n<meta property=\"og:title\" content=\"El Gobernador le rechaz\u00f3 la renuncia a Pedro Fragueiro, el juez acusado de abuso sexual en Puerto Iguaz\u00fa | CVI NOTICIAS\" \/>\n<meta property=\"og:description\" content=\"El gobernador de Misiones, Oscar Herrera Ahuad no le acept\u00f3 la renuncia que le present\u00f3 este lunes Pedro Fragueiro, el juez acusado de abuso sexual en Puerto Iguaz\u00fa. Seg\u00fan trascendi\u00f3, Fragueiro que dirige el Juzgado de Familia 2 de la localidad de las Cataratas se acerc\u00f3 hasta Casa de Gobierno para entregarle las documentaciones correspondientes [&hellip;]\" \/>\n<meta property=\"og:url\" content=\"https:\/\/cvinoticias.com\/v3\/el-gobernador-le-rechazo-la-renuncia-a-pedro-fragueiro-el-juez-acusado-de-abuso-sexual-en-puerto-iguazu\/\" \/>\n<meta property=\"og:site_name\" content=\"CVI NOTICIAS\" \/>\n<meta property=\"article:publisher\" content=\"https:\/\/www.facebook.com\/cvinoticias\" \/>\n<meta property=\"article:published_time\" content=\"2021-05-12T17:04:04+00:00\" \/>\n<meta property=\"og:image\" content=\"https:\/\/cvinoticias.com\/wp-content\/uploads\/2021\/05\/juez-fragueiro___aXWGtTqBV_340x340__1.jpg\" \/>\n\t<meta property=\"og:image:width\" content=\"340\" \/>\n\t<meta property=\"og:image:height\" content=\"340\" \/>\n\t<meta property=\"og:image:type\" content=\"image\/jpeg\" \/>\n<meta name=\"author\" content=\"f1000024\" \/>\n<meta name=\"twitter:card\" content=\"summary_large_image\" \/>\n<meta name=\"twitter:label1\" content=\"Escrito por\" \/>\n\t<meta name=\"twitter:data1\" content=\"f1000024\" \/>\n\t<meta name=\"twitter:label2\" content=\"Tiempo de lectura\" \/>\n\t<meta name=\"twitter:data2\" content=\"2 minutos\" \/>\n<script type=\"application\/ld+json\" class=\"yoast-schema-graph\">{\"@context\":\"https:\\\/\\\/schema.org\",\"@graph\":[{\"@type\":\"Article\",\"@id\":\"https:\\\/\\\/cvinoticias.com\\\/v3\\\/el-gobernador-le-rechazo-la-renuncia-a-pedro-fragueiro-el-juez-acusado-de-abuso-sexual-en-puerto-iguazu\\\/#article\",\"isPartOf\":{\"@id\":\"https:\\\/\\\/cvinoticias.com\\\/v3\\\/el-gobernador-le-rechazo-la-renuncia-a-pedro-fragueiro-el-juez-acusado-de-abuso-sexual-en-puerto-iguazu\\\/\"},\"author\":{\"name\":\"f1000024\",\"@id\":\"https:\\\/\\\/cvinoticias.com\\\/v3\\\/#\\\/schema\\\/person\\\/2db77e3c6bc03c538495d7b2b8be9b66\"},\"headline\":\"El Gobernador le rechaz\u00f3 la renuncia a Pedro Fragueiro, el juez acusado de abuso sexual en Puerto Iguaz\u00fa\",\"datePublished\":\"2021-05-12T17:04:04+00:00\",\"mainEntityOfPage\":{\"@id\":\"https:\\\/\\\/cvinoticias.com\\\/v3\\\/el-gobernador-le-rechazo-la-renuncia-a-pedro-fragueiro-el-juez-acusado-de-abuso-sexual-en-puerto-iguazu\\\/\"},\"wordCount\":368,\"commentCount\":0,\"publisher\":{\"@id\":\"https:\\\/\\\/cvinoticias.com\\\/v3\\\/#organization\"},\"image\":{\"@id\":\"https:\\\/\\\/cvinoticias.com\\\/v3\\\/el-gobernador-le-rechazo-la-renuncia-a-pedro-fragueiro-el-juez-acusado-de-abuso-sexual-en-puerto-iguazu\\\/#primaryimage\"},\"thumbnailUrl\":\"https:\\\/\\\/cvinoticias.com\\\/wp-content\\\/uploads\\\/2021\\\/05\\\/juez-fragueiro___aXWGtTqBV_340x340__1.jpg\",\"articleSection\":[\"Justicia\"],\"inLanguage\":\"es\",\"potentialAction\":[{\"@type\":\"CommentAction\",\"name\":\"Comment\",\"target\":[\"https:\\\/\\\/cvinoticias.com\\\/v3\\\/el-gobernador-le-rechazo-la-renuncia-a-pedro-fragueiro-el-juez-acusado-de-abuso-sexual-en-puerto-iguazu\\\/#respond\"]}]},{\"@type\":\"WebPage\",\"@id\":\"https:\\\/\\\/cvinoticias.com\\\/v3\\\/el-gobernador-le-rechazo-la-renuncia-a-pedro-fragueiro-el-juez-acusado-de-abuso-sexual-en-puerto-iguazu\\\/\",\"url\":\"https:\\\/\\\/cvinoticias.com\\\/v3\\\/el-gobernador-le-rechazo-la-renuncia-a-pedro-fragueiro-el-juez-acusado-de-abuso-sexual-en-puerto-iguazu\\\/\",\"name\":\"El Gobernador le rechaz\u00f3 la renuncia a Pedro Fragueiro, el juez acusado de abuso sexual en Puerto Iguaz\u00fa | CVI NOTICIAS\",\"isPartOf\":{\"@id\":\"https:\\\/\\\/cvinoticias.com\\\/v3\\\/#website\"},\"primaryImageOfPage\":{\"@id\":\"https:\\\/\\\/cvinoticias.com\\\/v3\\\/el-gobernador-le-rechazo-la-renuncia-a-pedro-fragueiro-el-juez-acusado-de-abuso-sexual-en-puerto-iguazu\\\/#primaryimage\"},\"image\":{\"@id\":\"https:\\\/\\\/cvinoticias.com\\\/v3\\\/el-gobernador-le-rechazo-la-renuncia-a-pedro-fragueiro-el-juez-acusado-de-abuso-sexual-en-puerto-iguazu\\\/#primaryimage\"},\"thumbnailUrl\":\"https:\\\/\\\/cvinoticias.com\\\/wp-content\\\/uploads\\\/2021\\\/05\\\/juez-fragueiro___aXWGtTqBV_340x340__1.jpg\",\"datePublished\":\"2021-05-12T17:04:04+00:00\",\"breadcrumb\":{\"@id\":\"https:\\\/\\\/cvinoticias.com\\\/v3\\\/el-gobernador-le-rechazo-la-renuncia-a-pedro-fragueiro-el-juez-acusado-de-abuso-sexual-en-puerto-iguazu\\\/#breadcrumb\"},\"inLanguage\":\"es\",\"potentialAction\":[{\"@type\":\"ReadAction\",\"target\":[\"https:\\\/\\\/cvinoticias.com\\\/v3\\\/el-gobernador-le-rechazo-la-renuncia-a-pedro-fragueiro-el-juez-acusado-de-abuso-sexual-en-puerto-iguazu\\\/\"]}]},{\"@type\":\"ImageObject\",\"inLanguage\":\"es\",\"@id\":\"https:\\\/\\\/cvinoticias.com\\\/v3\\\/el-gobernador-le-rechazo-la-renuncia-a-pedro-fragueiro-el-juez-acusado-de-abuso-sexual-en-puerto-iguazu\\\/#primaryimage\",\"url\":\"https:\\\/\\\/cvinoticias.com\\\/wp-content\\\/uploads\\\/2021\\\/05\\\/juez-fragueiro___aXWGtTqBV_340x340__1.jpg\",\"contentUrl\":\"https:\\\/\\\/cvinoticias.com\\\/wp-content\\\/uploads\\\/2021\\\/05\\\/juez-fragueiro___aXWGtTqBV_340x340__1.jpg\",\"width\":340,\"height\":340},{\"@type\":\"BreadcrumbList\",\"@id\":\"https:\\\/\\\/cvinoticias.com\\\/v3\\\/el-gobernador-le-rechazo-la-renuncia-a-pedro-fragueiro-el-juez-acusado-de-abuso-sexual-en-puerto-iguazu\\\/#breadcrumb\",\"itemListElement\":[{\"@type\":\"ListItem\",\"position\":1,\"name\":\"Portada\",\"item\":\"https:\\\/\\\/cvinoticias.com\\\/v3\\\/\"},{\"@type\":\"ListItem\",\"position\":2,\"name\":\"El Gobernador le rechaz\u00f3 la renuncia a Pedro Fragueiro, el juez acusado de abuso sexual en Puerto Iguaz\u00fa\"}]},{\"@type\":\"WebSite\",\"@id\":\"https:\\\/\\\/cvinoticias.com\\\/v3\\\/#website\",\"url\":\"https:\\\/\\\/cvinoticias.com\\\/v3\\\/\",\"name\":\"CVI NOTICIAS\",\"description\":\"\",\"publisher\":{\"@id\":\"https:\\\/\\\/cvinoticias.com\\\/v3\\\/#organization\"},\"alternateName\":\"CVI\",\"potentialAction\":[{\"@type\":\"SearchAction\",\"target\":{\"@type\":\"EntryPoint\",\"urlTemplate\":\"https:\\\/\\\/cvinoticias.com\\\/v3\\\/?s={search_term_string}\"},\"query-input\":{\"@type\":\"PropertyValueSpecification\",\"valueRequired\":true,\"valueName\":\"search_term_string\"}}],\"inLanguage\":\"es\"},{\"@type\":\"Organization\",\"@id\":\"https:\\\/\\\/cvinoticias.com\\\/v3\\\/#organization\",\"name\":\"CVI NOTICIAS\",\"url\":\"https:\\\/\\\/cvinoticias.com\\\/v3\\\/\",\"logo\":{\"@type\":\"ImageObject\",\"inLanguage\":\"es\",\"@id\":\"https:\\\/\\\/cvinoticias.com\\\/v3\\\/#\\\/schema\\\/logo\\\/image\\\/\",\"url\":\"https:\\\/\\\/cvinoticias.com\\\/wp-content\\\/uploads\\\/2023\\\/04\\\/cropped-cropped-cropped-cropped-cropped-3-1.png\",\"contentUrl\":\"https:\\\/\\\/cvinoticias.com\\\/wp-content\\\/uploads\\\/2023\\\/04\\\/cropped-cropped-cropped-cropped-cropped-3-1.png\",\"width\":95,\"height\":122,\"caption\":\"CVI NOTICIAS\"},\"image\":{\"@id\":\"https:\\\/\\\/cvinoticias.com\\\/v3\\\/#\\\/schema\\\/logo\\\/image\\\/\"},\"sameAs\":[\"https:\\\/\\\/www.facebook.com\\\/cvinoticias\",\"https:\\\/\\\/www.instagram.com\\\/cvinoticias\\\/\",\"https:\\\/\\\/www.youtube.com\\\/@CVINOTICIAS\"]},{\"@type\":\"Person\",\"@id\":\"https:\\\/\\\/cvinoticias.com\\\/v3\\\/#\\\/schema\\\/person\\\/2db77e3c6bc03c538495d7b2b8be9b66\",\"name\":\"f1000024\",\"image\":{\"@type\":\"ImageObject\",\"inLanguage\":\"es\",\"@id\":\"https:\\\/\\\/secure.gravatar.com\\\/avatar\\\/d4fe7459cfc51ff5129ce1a732bbef5928568b8092d412ef95611616376bbeed?s=96&d=mm&r=g\",\"url\":\"https:\\\/\\\/secure.gravatar.com\\\/avatar\\\/d4fe7459cfc51ff5129ce1a732bbef5928568b8092d412ef95611616376bbeed?s=96&d=mm&r=g\",\"contentUrl\":\"https:\\\/\\\/secure.gravatar.com\\\/avatar\\\/d4fe7459cfc51ff5129ce1a732bbef5928568b8092d412ef95611616376bbeed?s=96&d=mm&r=g\",\"caption\":\"f1000024\"},\"url\":\"https:\\\/\\\/cvinoticias.com\\\/v3\\\/author\\\/f1000024\\\/\"}]}<\/script>\n<!-- \/ Yoast SEO plugin. -->","yoast_head_json":{"title":"El Gobernador le rechaz\u00f3 la renuncia a Pedro Fragueiro, el juez acusado de abuso sexual en Puerto Iguaz\u00fa | CVI NOTICIAS","robots":{"index":"index","follow":"follow","max-snippet":"max-snippet:-1","max-image-preview":"max-image-preview:large","max-video-preview":"max-video-preview:-1"},"canonical":"https:\/\/cvinoticias.com\/v3\/el-gobernador-le-rechazo-la-renuncia-a-pedro-fragueiro-el-juez-acusado-de-abuso-sexual-en-puerto-iguazu\/","og_locale":"es_ES","og_type":"article","og_title":"El Gobernador le rechaz\u00f3 la renuncia a Pedro Fragueiro, el juez acusado de abuso sexual en Puerto Iguaz\u00fa | CVI NOTICIAS","og_description":"El gobernador de Misiones, Oscar Herrera Ahuad no le acept\u00f3 la renuncia que le present\u00f3 este lunes Pedro Fragueiro, el juez acusado de abuso sexual en Puerto Iguaz\u00fa. Seg\u00fan trascendi\u00f3, Fragueiro que dirige el Juzgado de Familia 2 de la localidad de las Cataratas se acerc\u00f3 hasta Casa de Gobierno para entregarle las documentaciones correspondientes [&hellip;]","og_url":"https:\/\/cvinoticias.com\/v3\/el-gobernador-le-rechazo-la-renuncia-a-pedro-fragueiro-el-juez-acusado-de-abuso-sexual-en-puerto-iguazu\/","og_site_name":"CVI NOTICIAS","article_publisher":"https:\/\/www.facebook.com\/cvinoticias","article_published_time":"2021-05-12T17:04:04+00:00","og_image":[{"width":340,"height":340,"url":"https:\/\/cvinoticias.com\/wp-content\/uploads\/2021\/05\/juez-fragueiro___aXWGtTqBV_340x340__1.jpg","type":"image\/jpeg"}],"author":"f1000024","twitter_card":"summary_large_image","twitter_misc":{"Escrito por":"f1000024","Tiempo de lectura":"2 minutos"},"schema":{"@context":"https:\/\/schema.org","@graph":[{"@type":"Article","@id":"https:\/\/cvinoticias.com\/v3\/el-gobernador-le-rechazo-la-renuncia-a-pedro-fragueiro-el-juez-acusado-de-abuso-sexual-en-puerto-iguazu\/#article","isPartOf":{"@id":"https:\/\/cvinoticias.com\/v3\/el-gobernador-le-rechazo-la-renuncia-a-pedro-fragueiro-el-juez-acusado-de-abuso-sexual-en-puerto-iguazu\/"},"author":{"name":"f1000024","@id":"https:\/\/cvinoticias.com\/v3\/#\/schema\/person\/2db77e3c6bc03c538495d7b2b8be9b66"},"headline":"El Gobernador le rechaz\u00f3 la renuncia a Pedro Fragueiro, el juez acusado de abuso sexual en Puerto Iguaz\u00fa","datePublished":"2021-05-12T17:04:04+00:00","mainEntityOfPage":{"@id":"https:\/\/cvinoticias.com\/v3\/el-gobernador-le-rechazo-la-renuncia-a-pedro-fragueiro-el-juez-acusado-de-abuso-sexual-en-puerto-iguazu\/"},"wordCount":368,"commentCount":0,"publisher":{"@id":"https:\/\/cvinoticias.com\/v3\/#organization"},"image":{"@id":"https:\/\/cvinoticias.com\/v3\/el-gobernador-le-rechazo-la-renuncia-a-pedro-fragueiro-el-juez-acusado-de-abuso-sexual-en-puerto-iguazu\/#primaryimage"},"thumbnailUrl":"https:\/\/cvinoticias.com\/wp-content\/uploads\/2021\/05\/juez-fragueiro___aXWGtTqBV_340x340__1.jpg","articleSection":["Justicia"],"inLanguage":"es","potentialAction":[{"@type":"CommentAction","name":"Comment","target":["https:\/\/cvinoticias.com\/v3\/el-gobernador-le-rechazo-la-renuncia-a-pedro-fragueiro-el-juez-acusado-de-abuso-sexual-en-puerto-iguazu\/#respond"]}]},{"@type":"WebPage","@id":"https:\/\/cvinoticias.com\/v3\/el-gobernador-le-rechazo-la-renuncia-a-pedro-fragueiro-el-juez-acusado-de-abuso-sexual-en-puerto-iguazu\/","url":"https:\/\/cvinoticias.com\/v3\/el-gobernador-le-rechazo-la-renuncia-a-pedro-fragueiro-el-juez-acusado-de-abuso-sexual-en-puerto-iguazu\/","name":"El Gobernador le rechaz\u00f3 la renuncia a Pedro Fragueiro, el juez acusado de abuso sexual en Puerto Iguaz\u00fa | CVI NOTICIAS","isPartOf":{"@id":"https:\/\/cvinoticias.com\/v3\/#website"},"primaryImageOfPage":{"@id":"https:\/\/cvinoticias.com\/v3\/el-gobernador-le-rechazo-la-renuncia-a-pedro-fragueiro-el-juez-acusado-de-abuso-sexual-en-puerto-iguazu\/#primaryimage"},"image":{"@id":"https:\/\/cvinoticias.com\/v3\/el-gobernador-le-rechazo-la-renuncia-a-pedro-fragueiro-el-juez-acusado-de-abuso-sexual-en-puerto-iguazu\/#primaryimage"},"thumbnailUrl":"https:\/\/cvinoticias.com\/wp-content\/uploads\/2021\/05\/juez-fragueiro___aXWGtTqBV_340x340__1.jpg","datePublished":"2021-05-12T17:04:04+00:00","breadcrumb":{"@id":"https:\/\/cvinoticias.com\/v3\/el-gobernador-le-rechazo-la-renuncia-a-pedro-fragueiro-el-juez-acusado-de-abuso-sexual-en-puerto-iguazu\/#breadcrumb"},"inLanguage":"es","potentialAction":[{"@type":"ReadAction","target":["https:\/\/cvinoticias.com\/v3\/el-gobernador-le-rechazo-la-renuncia-a-pedro-fragueiro-el-juez-acusado-de-abuso-sexual-en-puerto-iguazu\/"]}]},{"@type":"ImageObject","inLanguage":"es","@id":"https:\/\/cvinoticias.com\/v3\/el-gobernador-le-rechazo-la-renuncia-a-pedro-fragueiro-el-juez-acusado-de-abuso-sexual-en-puerto-iguazu\/#primaryimage","url":"https:\/\/cvinoticias.com\/wp-content\/uploads\/2021\/05\/juez-fragueiro___aXWGtTqBV_340x340__1.jpg","contentUrl":"https:\/\/cvinoticias.com\/wp-content\/uploads\/2021\/05\/juez-fragueiro___aXWGtTqBV_340x340__1.jpg","width":340,"height":340},{"@type":"BreadcrumbList","@id":"https:\/\/cvinoticias.com\/v3\/el-gobernador-le-rechazo-la-renuncia-a-pedro-fragueiro-el-juez-acusado-de-abuso-sexual-en-puerto-iguazu\/#breadcrumb","itemListElement":[{"@type":"ListItem","position":1,"name":"Portada","item":"https:\/\/cvinoticias.com\/v3\/"},{"@type":"ListItem","position":2,"name":"El Gobernador le rechaz\u00f3 la renuncia a Pedro Fragueiro, el juez acusado de abuso sexual en Puerto Iguaz\u00fa"}]},{"@type":"WebSite","@id":"https:\/\/cvinoticias.com\/v3\/#website","url":"https:\/\/cvinoticias.com\/v3\/","name":"CVI NOTICIAS","description":"","publisher":{"@id":"https:\/\/cvinoticias.com\/v3\/#organization"},"alternateName":"CVI","potentialAction":[{"@type":"SearchAction","target":{"@type":"EntryPoint","urlTemplate":"https:\/\/cvinoticias.com\/v3\/?s={search_term_string}"},"query-input":{"@type":"PropertyValueSpecification","valueRequired":true,"valueName":"search_term_string"}}],"inLanguage":"es"},{"@type":"Organization","@id":"https:\/\/cvinoticias.com\/v3\/#organization","name":"CVI NOTICIAS","url":"https:\/\/cvinoticias.com\/v3\/","logo":{"@type":"ImageObject","inLanguage":"es","@id":"https:\/\/cvinoticias.com\/v3\/#\/schema\/logo\/image\/","url":"https:\/\/cvinoticias.com\/wp-content\/uploads\/2023\/04\/cropped-cropped-cropped-cropped-cropped-3-1.png","contentUrl":"https:\/\/cvinoticias.com\/wp-content\/uploads\/2023\/04\/cropped-cropped-cropped-cropped-cropped-3-1.png","width":95,"height":122,"caption":"CVI NOTICIAS"},"image":{"@id":"https:\/\/cvinoticias.com\/v3\/#\/schema\/logo\/image\/"},"sameAs":["https:\/\/www.facebook.com\/cvinoticias","https:\/\/www.instagram.com\/cvinoticias\/","https:\/\/www.youtube.com\/@CVINOTICIAS"]},{"@type":"Person","@id":"https:\/\/cvinoticias.com\/v3\/#\/schema\/person\/2db77e3c6bc03c538495d7b2b8be9b66","name":"f1000024","image":{"@type":"ImageObject","inLanguage":"es","@id":"https:\/\/secure.gravatar.com\/avatar\/d4fe7459cfc51ff5129ce1a732bbef5928568b8092d412ef95611616376bbeed?s=96&d=mm&r=g","url":"https:\/\/secure.gravatar.com\/avatar\/d4fe7459cfc51ff5129ce1a732bbef5928568b8092d412ef95611616376bbeed?s=96&d=mm&r=g","contentUrl":"https:\/\/secure.gravatar.com\/avatar\/d4fe7459cfc51ff5129ce1a732bbef5928568b8092d412ef95611616376bbeed?s=96&d=mm&r=g","caption":"f1000024"},"url":"https:\/\/cvinoticias.com\/v3\/author\/f1000024\/"}]}},"_links":{"self":[{"href":"https:\/\/cvinoticias.com\/v3\/wp-json\/wp\/v2\/posts\/5042","targetHints":{"allow":["GET"]}}],"collection":[{"href":"https:\/\/cvinoticias.com\/v3\/wp-json\/wp\/v2\/posts"}],"about":[{"href":"https:\/\/cvinoticias.com\/v3\/wp-json\/wp\/v2\/types\/post"}],"author":[{"embeddable":true,"href":"https:\/\/cvinoticias.com\/v3\/wp-json\/wp\/v2\/users\/2"}],"replies":[{"embeddable":true,"href":"https:\/\/cvinoticias.com\/v3\/wp-json\/wp\/v2\/comments?post=5042"}],"version-history":[{"count":1,"href":"https:\/\/cvinoticias.com\/v3\/wp-json\/wp\/v2\/posts\/5042\/revisions"}],"predecessor-version":[{"id":5044,"href":"https:\/\/cvinoticias.com\/v3\/wp-json\/wp\/v2\/posts\/5042\/revisions\/5044"}],"wp:featuredmedia":[{"embeddable":true,"href":"https:\/\/cvinoticias.com\/v3\/wp-json\/wp\/v2\/media\/5043"}],"wp:attachment":[{"href":"https:\/\/cvinoticias.com\/v3\/wp-json\/wp\/v2\/media?parent=5042"}],"wp:term":[{"taxonomy":"category","embeddable":true,"href":"https:\/\/cvinoticias.com\/v3\/wp-json\/wp\/v2\/categories?post=5042"},{"taxonomy":"post_tag","embeddable":true,"href":"https:\/\/cvinoticias.com\/v3\/wp-json\/wp\/v2\/tags?post=5042"}],"curies":[{"name":"wp","href":"https:\/\/api.w.org\/{rel}","templated":true}]}}