{"id":5036,"date":"2021-05-12T13:06:01","date_gmt":"2021-05-12T13:06:01","guid":{"rendered":"https:\/\/cvinoticias.com\/v3\/?p=5036"},"modified":"2021-05-12T13:06:01","modified_gmt":"2021-05-12T13:06:01","slug":"asamblea-docentes-nuevo-corte-de-ruta-nacional-12-km-1397","status":"publish","type":"post","link":"https:\/\/cvinoticias.com\/v3\/asamblea-docentes-nuevo-corte-de-ruta-nacional-12-km-1397\/","title":{"rendered":"Asamblea Docentes: Nuevo corte de ruta nacional 12 km 1397."},"content":{"rendered":"\n<p><strong><em>Contin\u00faa la incertidumbre respecto si se efectuar\u00e1 o no la reuni\u00f3n con el presidente del CGE.<\/em><\/strong><\/p>\n\n\n\n<p>En estos momentos, los docentes se encuentran frente a la estaci\u00f3n de servicio Axion en San Ignacio y en instantes dar\u00e1n inicio a la asamblea provincial.\u00a0Cortaron la ruta nacional 12 y dejan un carril libre para el paso de veh\u00edculos de emergencia.\u00a0<\/p>\n\n\n\n<p><strong>Hasta ahora, contin\u00faa la incertidumbre respecto si se efectuar\u00e1 o no la reuni\u00f3n con el presidente del Consejo General de Educaci\u00f3n, Alberto Galarza<\/strong><\/p>\n\n\n\n<p>Ayer a la tarde,\u00a0Galarza, solicit\u00f3 un pedido formal de convocatoria a una mesa de di\u00e1logo de parte de este frente disidente con un temario de los temas a tratar.\u00a0A pesar de que en un primer momento, la mesa ser\u00eda a las ocho de la ma\u00f1ana, a \u00faltimas horas de la tarde del martes, la nota mandada por el frente de docentes no fue bien recibida por las autoridades.\u00a0\u201cLo expresado imposibilita dar continuidad al proceso del di\u00e1logo\u201d, cerr\u00f3 el comunicado del Consejo General de Educaci\u00f3n.<\/p>\n\n\n\n<p>Por todo esto, hoy los trabajadores de la educaci\u00f3n en lucha llevar\u00e1n a cabo la asamblea provincial en San Ignacio, tal como se hab\u00eda previsto.\u00a0\u201cLa \u00fanica manera de lograr nuestros objetivos es redoblando nuestros esfuerzos, m\u00e1s que nunca transformando el descontento y la frustraci\u00f3n en acci\u00f3n colectiva y organizada. La experiencia nos ha demostrado que la \u00fanica forma de lograr el di\u00e1logo es con nuestras fuerzas en las calles. Su objetivo de aplastarnos se chocar\u00e1 con una muralla de dignidad dispuesta a todo para vencer. La esperanza y la convicci\u00f3n gu\u00edan nuestro camino\u201d, comunicaron tras la respuesta de Galarza.<\/p>\n","protected":false},"excerpt":{"rendered":"<p>Contin\u00faa la incertidumbre respecto si se efectuar\u00e1 o no la reuni\u00f3n con el presidente del CGE. En estos momentos, los docentes se encuentran frente a la estaci\u00f3n de servicio Axion en San Ignacio y en instantes dar\u00e1n inicio a la asamblea provincial.\u00a0Cortaron la ruta nacional 12 y dejan un carril libre para el paso de [&hellip;]<\/p>\n","protected":false},"author":2,"featured_media":5037,"comment_status":"open","ping_status":"open","sticky":false,"template":"","format":"standard","meta":{"footnotes":""},"categories":[26],"tags":[],"class_list":["post-5036","post","type-post","status-publish","format-standard","has-post-thumbnail","hentry","category-educacion"],"yoast_head":"<!-- This site is optimized with the Yoast SEO plugin v27.5 - https:\/\/yoast.com\/product\/yoast-seo-wordpress\/ -->\n<title>Asamblea Docentes: Nuevo corte de ruta nacional 12 km 1397. | CVI NOTICIAS<\/title>\n<meta name=\"robots\" content=\"index, follow, max-snippet:-1, max-image-preview:large, max-video-preview:-1\" \/>\n<link rel=\"canonical\" href=\"https:\/\/cvinoticias.com\/v3\/asamblea-docentes-nuevo-corte-de-ruta-nacional-12-km-1397\/\" \/>\n<meta property=\"og:locale\" content=\"es_ES\" \/>\n<meta property=\"og:type\" content=\"article\" \/>\n<meta property=\"og:title\" content=\"Asamblea Docentes: Nuevo corte de ruta nacional 12 km 1397. | CVI NOTICIAS\" \/>\n<meta property=\"og:description\" content=\"Contin\u00faa la incertidumbre respecto si se efectuar\u00e1 o no la reuni\u00f3n con el presidente del CGE. En estos momentos, los docentes se encuentran frente a la estaci\u00f3n de servicio Axion en San Ignacio y en instantes dar\u00e1n inicio a la asamblea provincial.\u00a0Cortaron la ruta nacional 12 y dejan un carril libre para el paso de [&hellip;]\" \/>\n<meta property=\"og:url\" content=\"https:\/\/cvinoticias.com\/v3\/asamblea-docentes-nuevo-corte-de-ruta-nacional-12-km-1397\/\" \/>\n<meta property=\"og:site_name\" content=\"CVI NOTICIAS\" \/>\n<meta property=\"article:publisher\" content=\"https:\/\/www.facebook.com\/cvinoticias\" \/>\n<meta property=\"article:published_time\" content=\"2021-05-12T13:06:01+00:00\" \/>\n<meta property=\"og:image\" content=\"https:\/\/cvinoticias.com\/wp-content\/uploads\/2021\/05\/FB_IMG_1620739100812.jpg\" \/>\n\t<meta property=\"og:image:width\" content=\"1080\" \/>\n\t<meta property=\"og:image:height\" content=\"468\" \/>\n\t<meta property=\"og:image:type\" content=\"image\/jpeg\" \/>\n<meta name=\"author\" content=\"f1000024\" \/>\n<meta name=\"twitter:card\" content=\"summary_large_image\" \/>\n<meta name=\"twitter:label1\" content=\"Escrito por\" \/>\n\t<meta name=\"twitter:data1\" content=\"f1000024\" \/>\n\t<meta name=\"twitter:label2\" content=\"Tiempo de lectura\" \/>\n\t<meta name=\"twitter:data2\" content=\"1 minuto\" \/>\n<script type=\"application\/ld+json\" class=\"yoast-schema-graph\">{\"@context\":\"https:\\\/\\\/schema.org\",\"@graph\":[{\"@type\":\"Article\",\"@id\":\"https:\\\/\\\/cvinoticias.com\\\/v3\\\/asamblea-docentes-nuevo-corte-de-ruta-nacional-12-km-1397\\\/#article\",\"isPartOf\":{\"@id\":\"https:\\\/\\\/cvinoticias.com\\\/v3\\\/asamblea-docentes-nuevo-corte-de-ruta-nacional-12-km-1397\\\/\"},\"author\":{\"name\":\"f1000024\",\"@id\":\"https:\\\/\\\/cvinoticias.com\\\/v3\\\/#\\\/schema\\\/person\\\/2db77e3c6bc03c538495d7b2b8be9b66\"},\"headline\":\"Asamblea Docentes: Nuevo corte de ruta nacional 12 km 1397.\",\"datePublished\":\"2021-05-12T13:06:01+00:00\",\"mainEntityOfPage\":{\"@id\":\"https:\\\/\\\/cvinoticias.com\\\/v3\\\/asamblea-docentes-nuevo-corte-de-ruta-nacional-12-km-1397\\\/\"},\"wordCount\":298,\"commentCount\":0,\"publisher\":{\"@id\":\"https:\\\/\\\/cvinoticias.com\\\/v3\\\/#organization\"},\"image\":{\"@id\":\"https:\\\/\\\/cvinoticias.com\\\/v3\\\/asamblea-docentes-nuevo-corte-de-ruta-nacional-12-km-1397\\\/#primaryimage\"},\"thumbnailUrl\":\"https:\\\/\\\/cvinoticias.com\\\/wp-content\\\/uploads\\\/2021\\\/05\\\/FB_IMG_1620739100812.jpg\",\"articleSection\":[\"Educacion\"],\"inLanguage\":\"es\",\"potentialAction\":[{\"@type\":\"CommentAction\",\"name\":\"Comment\",\"target\":[\"https:\\\/\\\/cvinoticias.com\\\/v3\\\/asamblea-docentes-nuevo-corte-de-ruta-nacional-12-km-1397\\\/#respond\"]}]},{\"@type\":\"WebPage\",\"@id\":\"https:\\\/\\\/cvinoticias.com\\\/v3\\\/asamblea-docentes-nuevo-corte-de-ruta-nacional-12-km-1397\\\/\",\"url\":\"https:\\\/\\\/cvinoticias.com\\\/v3\\\/asamblea-docentes-nuevo-corte-de-ruta-nacional-12-km-1397\\\/\",\"name\":\"Asamblea Docentes: Nuevo corte de ruta nacional 12 km 1397. | CVI NOTICIAS\",\"isPartOf\":{\"@id\":\"https:\\\/\\\/cvinoticias.com\\\/v3\\\/#website\"},\"primaryImageOfPage\":{\"@id\":\"https:\\\/\\\/cvinoticias.com\\\/v3\\\/asamblea-docentes-nuevo-corte-de-ruta-nacional-12-km-1397\\\/#primaryimage\"},\"image\":{\"@id\":\"https:\\\/\\\/cvinoticias.com\\\/v3\\\/asamblea-docentes-nuevo-corte-de-ruta-nacional-12-km-1397\\\/#primaryimage\"},\"thumbnailUrl\":\"https:\\\/\\\/cvinoticias.com\\\/wp-content\\\/uploads\\\/2021\\\/05\\\/FB_IMG_1620739100812.jpg\",\"datePublished\":\"2021-05-12T13:06:01+00:00\",\"breadcrumb\":{\"@id\":\"https:\\\/\\\/cvinoticias.com\\\/v3\\\/asamblea-docentes-nuevo-corte-de-ruta-nacional-12-km-1397\\\/#breadcrumb\"},\"inLanguage\":\"es\",\"potentialAction\":[{\"@type\":\"ReadAction\",\"target\":[\"https:\\\/\\\/cvinoticias.com\\\/v3\\\/asamblea-docentes-nuevo-corte-de-ruta-nacional-12-km-1397\\\/\"]}]},{\"@type\":\"ImageObject\",\"inLanguage\":\"es\",\"@id\":\"https:\\\/\\\/cvinoticias.com\\\/v3\\\/asamblea-docentes-nuevo-corte-de-ruta-nacional-12-km-1397\\\/#primaryimage\",\"url\":\"https:\\\/\\\/cvinoticias.com\\\/wp-content\\\/uploads\\\/2021\\\/05\\\/FB_IMG_1620739100812.jpg\",\"contentUrl\":\"https:\\\/\\\/cvinoticias.com\\\/wp-content\\\/uploads\\\/2021\\\/05\\\/FB_IMG_1620739100812.jpg\",\"width\":1080,\"height\":468},{\"@type\":\"BreadcrumbList\",\"@id\":\"https:\\\/\\\/cvinoticias.com\\\/v3\\\/asamblea-docentes-nuevo-corte-de-ruta-nacional-12-km-1397\\\/#breadcrumb\",\"itemListElement\":[{\"@type\":\"ListItem\",\"position\":1,\"name\":\"Portada\",\"item\":\"https:\\\/\\\/cvinoticias.com\\\/v3\\\/\"},{\"@type\":\"ListItem\",\"position\":2,\"name\":\"Asamblea Docentes: Nuevo corte de ruta nacional 12 km 1397.\"}]},{\"@type\":\"WebSite\",\"@id\":\"https:\\\/\\\/cvinoticias.com\\\/v3\\\/#website\",\"url\":\"https:\\\/\\\/cvinoticias.com\\\/v3\\\/\",\"name\":\"CVI NOTICIAS\",\"description\":\"\",\"publisher\":{\"@id\":\"https:\\\/\\\/cvinoticias.com\\\/v3\\\/#organization\"},\"alternateName\":\"CVI\",\"potentialAction\":[{\"@type\":\"SearchAction\",\"target\":{\"@type\":\"EntryPoint\",\"urlTemplate\":\"https:\\\/\\\/cvinoticias.com\\\/v3\\\/?s={search_term_string}\"},\"query-input\":{\"@type\":\"PropertyValueSpecification\",\"valueRequired\":true,\"valueName\":\"search_term_string\"}}],\"inLanguage\":\"es\"},{\"@type\":\"Organization\",\"@id\":\"https:\\\/\\\/cvinoticias.com\\\/v3\\\/#organization\",\"name\":\"CVI NOTICIAS\",\"url\":\"https:\\\/\\\/cvinoticias.com\\\/v3\\\/\",\"logo\":{\"@type\":\"ImageObject\",\"inLanguage\":\"es\",\"@id\":\"https:\\\/\\\/cvinoticias.com\\\/v3\\\/#\\\/schema\\\/logo\\\/image\\\/\",\"url\":\"https:\\\/\\\/cvinoticias.com\\\/wp-content\\\/uploads\\\/2023\\\/04\\\/cropped-cropped-cropped-cropped-cropped-3-1.png\",\"contentUrl\":\"https:\\\/\\\/cvinoticias.com\\\/wp-content\\\/uploads\\\/2023\\\/04\\\/cropped-cropped-cropped-cropped-cropped-3-1.png\",\"width\":95,\"height\":122,\"caption\":\"CVI NOTICIAS\"},\"image\":{\"@id\":\"https:\\\/\\\/cvinoticias.com\\\/v3\\\/#\\\/schema\\\/logo\\\/image\\\/\"},\"sameAs\":[\"https:\\\/\\\/www.facebook.com\\\/cvinoticias\",\"https:\\\/\\\/www.instagram.com\\\/cvinoticias\\\/\",\"https:\\\/\\\/www.youtube.com\\\/@CVINOTICIAS\"]},{\"@type\":\"Person\",\"@id\":\"https:\\\/\\\/cvinoticias.com\\\/v3\\\/#\\\/schema\\\/person\\\/2db77e3c6bc03c538495d7b2b8be9b66\",\"name\":\"f1000024\",\"image\":{\"@type\":\"ImageObject\",\"inLanguage\":\"es\",\"@id\":\"https:\\\/\\\/secure.gravatar.com\\\/avatar\\\/d4fe7459cfc51ff5129ce1a732bbef5928568b8092d412ef95611616376bbeed?s=96&d=mm&r=g\",\"url\":\"https:\\\/\\\/secure.gravatar.com\\\/avatar\\\/d4fe7459cfc51ff5129ce1a732bbef5928568b8092d412ef95611616376bbeed?s=96&d=mm&r=g\",\"contentUrl\":\"https:\\\/\\\/secure.gravatar.com\\\/avatar\\\/d4fe7459cfc51ff5129ce1a732bbef5928568b8092d412ef95611616376bbeed?s=96&d=mm&r=g\",\"caption\":\"f1000024\"},\"url\":\"https:\\\/\\\/cvinoticias.com\\\/v3\\\/author\\\/f1000024\\\/\"}]}<\/script>\n<!-- \/ Yoast SEO plugin. -->","yoast_head_json":{"title":"Asamblea Docentes: Nuevo corte de ruta nacional 12 km 1397. | CVI NOTICIAS","robots":{"index":"index","follow":"follow","max-snippet":"max-snippet:-1","max-image-preview":"max-image-preview:large","max-video-preview":"max-video-preview:-1"},"canonical":"https:\/\/cvinoticias.com\/v3\/asamblea-docentes-nuevo-corte-de-ruta-nacional-12-km-1397\/","og_locale":"es_ES","og_type":"article","og_title":"Asamblea Docentes: Nuevo corte de ruta nacional 12 km 1397. | CVI NOTICIAS","og_description":"Contin\u00faa la incertidumbre respecto si se efectuar\u00e1 o no la reuni\u00f3n con el presidente del CGE. En estos momentos, los docentes se encuentran frente a la estaci\u00f3n de servicio Axion en San Ignacio y en instantes dar\u00e1n inicio a la asamblea provincial.\u00a0Cortaron la ruta nacional 12 y dejan un carril libre para el paso de [&hellip;]","og_url":"https:\/\/cvinoticias.com\/v3\/asamblea-docentes-nuevo-corte-de-ruta-nacional-12-km-1397\/","og_site_name":"CVI NOTICIAS","article_publisher":"https:\/\/www.facebook.com\/cvinoticias","article_published_time":"2021-05-12T13:06:01+00:00","og_image":[{"width":1080,"height":468,"url":"https:\/\/cvinoticias.com\/wp-content\/uploads\/2021\/05\/FB_IMG_1620739100812.jpg","type":"image\/jpeg"}],"author":"f1000024","twitter_card":"summary_large_image","twitter_misc":{"Escrito por":"f1000024","Tiempo de lectura":"1 minuto"},"schema":{"@context":"https:\/\/schema.org","@graph":[{"@type":"Article","@id":"https:\/\/cvinoticias.com\/v3\/asamblea-docentes-nuevo-corte-de-ruta-nacional-12-km-1397\/#article","isPartOf":{"@id":"https:\/\/cvinoticias.com\/v3\/asamblea-docentes-nuevo-corte-de-ruta-nacional-12-km-1397\/"},"author":{"name":"f1000024","@id":"https:\/\/cvinoticias.com\/v3\/#\/schema\/person\/2db77e3c6bc03c538495d7b2b8be9b66"},"headline":"Asamblea Docentes: Nuevo corte de ruta nacional 12 km 1397.","datePublished":"2021-05-12T13:06:01+00:00","mainEntityOfPage":{"@id":"https:\/\/cvinoticias.com\/v3\/asamblea-docentes-nuevo-corte-de-ruta-nacional-12-km-1397\/"},"wordCount":298,"commentCount":0,"publisher":{"@id":"https:\/\/cvinoticias.com\/v3\/#organization"},"image":{"@id":"https:\/\/cvinoticias.com\/v3\/asamblea-docentes-nuevo-corte-de-ruta-nacional-12-km-1397\/#primaryimage"},"thumbnailUrl":"https:\/\/cvinoticias.com\/wp-content\/uploads\/2021\/05\/FB_IMG_1620739100812.jpg","articleSection":["Educacion"],"inLanguage":"es","potentialAction":[{"@type":"CommentAction","name":"Comment","target":["https:\/\/cvinoticias.com\/v3\/asamblea-docentes-nuevo-corte-de-ruta-nacional-12-km-1397\/#respond"]}]},{"@type":"WebPage","@id":"https:\/\/cvinoticias.com\/v3\/asamblea-docentes-nuevo-corte-de-ruta-nacional-12-km-1397\/","url":"https:\/\/cvinoticias.com\/v3\/asamblea-docentes-nuevo-corte-de-ruta-nacional-12-km-1397\/","name":"Asamblea Docentes: Nuevo corte de ruta nacional 12 km 1397. | CVI NOTICIAS","isPartOf":{"@id":"https:\/\/cvinoticias.com\/v3\/#website"},"primaryImageOfPage":{"@id":"https:\/\/cvinoticias.com\/v3\/asamblea-docentes-nuevo-corte-de-ruta-nacional-12-km-1397\/#primaryimage"},"image":{"@id":"https:\/\/cvinoticias.com\/v3\/asamblea-docentes-nuevo-corte-de-ruta-nacional-12-km-1397\/#primaryimage"},"thumbnailUrl":"https:\/\/cvinoticias.com\/wp-content\/uploads\/2021\/05\/FB_IMG_1620739100812.jpg","datePublished":"2021-05-12T13:06:01+00:00","breadcrumb":{"@id":"https:\/\/cvinoticias.com\/v3\/asamblea-docentes-nuevo-corte-de-ruta-nacional-12-km-1397\/#breadcrumb"},"inLanguage":"es","potentialAction":[{"@type":"ReadAction","target":["https:\/\/cvinoticias.com\/v3\/asamblea-docentes-nuevo-corte-de-ruta-nacional-12-km-1397\/"]}]},{"@type":"ImageObject","inLanguage":"es","@id":"https:\/\/cvinoticias.com\/v3\/asamblea-docentes-nuevo-corte-de-ruta-nacional-12-km-1397\/#primaryimage","url":"https:\/\/cvinoticias.com\/wp-content\/uploads\/2021\/05\/FB_IMG_1620739100812.jpg","contentUrl":"https:\/\/cvinoticias.com\/wp-content\/uploads\/2021\/05\/FB_IMG_1620739100812.jpg","width":1080,"height":468},{"@type":"BreadcrumbList","@id":"https:\/\/cvinoticias.com\/v3\/asamblea-docentes-nuevo-corte-de-ruta-nacional-12-km-1397\/#breadcrumb","itemListElement":[{"@type":"ListItem","position":1,"name":"Portada","item":"https:\/\/cvinoticias.com\/v3\/"},{"@type":"ListItem","position":2,"name":"Asamblea Docentes: Nuevo corte de ruta nacional 12 km 1397."}]},{"@type":"WebSite","@id":"https:\/\/cvinoticias.com\/v3\/#website","url":"https:\/\/cvinoticias.com\/v3\/","name":"CVI NOTICIAS","description":"","publisher":{"@id":"https:\/\/cvinoticias.com\/v3\/#organization"},"alternateName":"CVI","potentialAction":[{"@type":"SearchAction","target":{"@type":"EntryPoint","urlTemplate":"https:\/\/cvinoticias.com\/v3\/?s={search_term_string}"},"query-input":{"@type":"PropertyValueSpecification","valueRequired":true,"valueName":"search_term_string"}}],"inLanguage":"es"},{"@type":"Organization","@id":"https:\/\/cvinoticias.com\/v3\/#organization","name":"CVI NOTICIAS","url":"https:\/\/cvinoticias.com\/v3\/","logo":{"@type":"ImageObject","inLanguage":"es","@id":"https:\/\/cvinoticias.com\/v3\/#\/schema\/logo\/image\/","url":"https:\/\/cvinoticias.com\/wp-content\/uploads\/2023\/04\/cropped-cropped-cropped-cropped-cropped-3-1.png","contentUrl":"https:\/\/cvinoticias.com\/wp-content\/uploads\/2023\/04\/cropped-cropped-cropped-cropped-cropped-3-1.png","width":95,"height":122,"caption":"CVI NOTICIAS"},"image":{"@id":"https:\/\/cvinoticias.com\/v3\/#\/schema\/logo\/image\/"},"sameAs":["https:\/\/www.facebook.com\/cvinoticias","https:\/\/www.instagram.com\/cvinoticias\/","https:\/\/www.youtube.com\/@CVINOTICIAS"]},{"@type":"Person","@id":"https:\/\/cvinoticias.com\/v3\/#\/schema\/person\/2db77e3c6bc03c538495d7b2b8be9b66","name":"f1000024","image":{"@type":"ImageObject","inLanguage":"es","@id":"https:\/\/secure.gravatar.com\/avatar\/d4fe7459cfc51ff5129ce1a732bbef5928568b8092d412ef95611616376bbeed?s=96&d=mm&r=g","url":"https:\/\/secure.gravatar.com\/avatar\/d4fe7459cfc51ff5129ce1a732bbef5928568b8092d412ef95611616376bbeed?s=96&d=mm&r=g","contentUrl":"https:\/\/secure.gravatar.com\/avatar\/d4fe7459cfc51ff5129ce1a732bbef5928568b8092d412ef95611616376bbeed?s=96&d=mm&r=g","caption":"f1000024"},"url":"https:\/\/cvinoticias.com\/v3\/author\/f1000024\/"}]}},"_links":{"self":[{"href":"https:\/\/cvinoticias.com\/v3\/wp-json\/wp\/v2\/posts\/5036","targetHints":{"allow":["GET"]}}],"collection":[{"href":"https:\/\/cvinoticias.com\/v3\/wp-json\/wp\/v2\/posts"}],"about":[{"href":"https:\/\/cvinoticias.com\/v3\/wp-json\/wp\/v2\/types\/post"}],"author":[{"embeddable":true,"href":"https:\/\/cvinoticias.com\/v3\/wp-json\/wp\/v2\/users\/2"}],"replies":[{"embeddable":true,"href":"https:\/\/cvinoticias.com\/v3\/wp-json\/wp\/v2\/comments?post=5036"}],"version-history":[{"count":1,"href":"https:\/\/cvinoticias.com\/v3\/wp-json\/wp\/v2\/posts\/5036\/revisions"}],"predecessor-version":[{"id":5038,"href":"https:\/\/cvinoticias.com\/v3\/wp-json\/wp\/v2\/posts\/5036\/revisions\/5038"}],"wp:featuredmedia":[{"embeddable":true,"href":"https:\/\/cvinoticias.com\/v3\/wp-json\/wp\/v2\/media\/5037"}],"wp:attachment":[{"href":"https:\/\/cvinoticias.com\/v3\/wp-json\/wp\/v2\/media?parent=5036"}],"wp:term":[{"taxonomy":"category","embeddable":true,"href":"https:\/\/cvinoticias.com\/v3\/wp-json\/wp\/v2\/categories?post=5036"},{"taxonomy":"post_tag","embeddable":true,"href":"https:\/\/cvinoticias.com\/v3\/wp-json\/wp\/v2\/tags?post=5036"}],"curies":[{"name":"wp","href":"https:\/\/api.w.org\/{rel}","templated":true}]}}