{"id":50324,"date":"2025-10-18T09:05:23","date_gmt":"2025-10-18T12:05:23","guid":{"rendered":"https:\/\/cvinoticias.com\/v3\/?p=50324"},"modified":"2025-10-20T09:17:50","modified_gmt":"2025-10-20T12:17:50","slug":"detuvieron-a-un-hombre-acusado-de-robo-en-un-complejo-de-cabanas","status":"publish","type":"post","link":"https:\/\/cvinoticias.com\/v3\/detuvieron-a-un-hombre-acusado-de-robo-en-un-complejo-de-cabanas\/","title":{"rendered":"Detuvieron a un hombre acusado de robo en un complejo de caba\u00f1as"},"content":{"rendered":"\n<p>La r\u00e1pida intervenci\u00f3n policial permiti\u00f3 detener a un joven de 27 a\u00f1os acusado de haber sustra\u00eddo un televisor y cables del sistema de alumbrado en un complejo de caba\u00f1as ubicado en jurisdicci\u00f3n de la Comisar\u00eda Primera de Puerto Iguaz\u00fa.<\/p>\n\n\n\n<p>El hecho fue denunciado por el propietario del lugar, un hombre de 43 a\u00f1os, y a partir del relevamiento de c\u00e1maras de seguridad, los investigadores lograron identificar al presunto autor del robo, quien fue detenido en un operativo desplegado en las \u00faltimas horas.<\/p>\n\n\n\n<p>El detenido, identificado como An\u00edbal B., qued\u00f3 alojado en sede policial a disposici\u00f3n del Juzgado de Instrucci\u00f3n N.\u00ba 3 de Iguaz\u00fa, mientras contin\u00faa la investigaci\u00f3n para recuperar los elementos sustra\u00eddos.<\/p>\n","protected":false},"excerpt":{"rendered":"<p>La r\u00e1pida intervenci\u00f3n policial permiti\u00f3 detener a un joven de 27 a\u00f1os acusado de haber sustra\u00eddo un televisor y cables del sistema de alumbrado en un complejo de caba\u00f1as ubicado en jurisdicci\u00f3n de la Comisar\u00eda Primera de Puerto Iguaz\u00fa. El hecho fue denunciado por el propietario del lugar, un hombre de 43 a\u00f1os, y a [&hellip;]<\/p>\n","protected":false},"author":2,"featured_media":50325,"comment_status":"open","ping_status":"closed","sticky":false,"template":"","format":"standard","meta":{"footnotes":""},"categories":[41],"tags":[4169,3040,978,54],"class_list":["post-50324","post","type-post","status-publish","format-standard","has-post-thumbnail","hentry","category-policiales","tag-cabanas","tag-detuvieron","tag-hombre","tag-robo"],"yoast_head":"<!-- This site is optimized with the Yoast SEO plugin v27.5 - https:\/\/yoast.com\/product\/yoast-seo-wordpress\/ -->\n<title>Detuvieron a un hombre por robo en complejo de caba\u00f1as | CVI NOTICIAS<\/title>\n<meta name=\"description\" content=\"Un joven de 27 a\u00f1os fue detenido en Puerto Iguaz\u00fa por sustraer un televisor y cables en un complejo de caba\u00f1as.\" \/>\n<meta name=\"robots\" content=\"index, follow, max-snippet:-1, max-image-preview:large, max-video-preview:-1\" \/>\n<link rel=\"canonical\" href=\"https:\/\/cvinoticias.com\/v3\/detuvieron-a-un-hombre-acusado-de-robo-en-un-complejo-de-cabanas\/\" \/>\n<meta property=\"og:locale\" content=\"es_ES\" \/>\n<meta property=\"og:type\" content=\"article\" \/>\n<meta property=\"og:title\" content=\"Detuvieron a un hombre por robo en complejo de caba\u00f1as | CVI NOTICIAS\" \/>\n<meta property=\"og:description\" content=\"Un joven de 27 a\u00f1os fue detenido en Puerto Iguaz\u00fa por sustraer un televisor y cables en un complejo de caba\u00f1as.\" \/>\n<meta property=\"og:url\" content=\"https:\/\/cvinoticias.com\/v3\/detuvieron-a-un-hombre-acusado-de-robo-en-un-complejo-de-cabanas\/\" \/>\n<meta property=\"og:site_name\" content=\"CVI NOTICIAS\" \/>\n<meta property=\"article:publisher\" content=\"https:\/\/www.facebook.com\/cvinoticias\" \/>\n<meta property=\"article:published_time\" content=\"2025-10-18T12:05:23+00:00\" \/>\n<meta property=\"article:modified_time\" content=\"2025-10-20T12:17:50+00:00\" \/>\n<meta property=\"og:image\" content=\"https:\/\/cvinoticias.com\/wp-content\/uploads\/2025\/10\/IMG-20251018-WA0004.jpg\" \/>\n\t<meta property=\"og:image:width\" content=\"897\" \/>\n\t<meta property=\"og:image:height\" content=\"1342\" \/>\n\t<meta property=\"og:image:type\" content=\"image\/jpeg\" \/>\n<meta name=\"author\" content=\"f1000024\" \/>\n<meta name=\"twitter:card\" content=\"summary_large_image\" \/>\n<meta name=\"twitter:label1\" content=\"Escrito por\" \/>\n\t<meta name=\"twitter:data1\" content=\"f1000024\" \/>\n\t<meta name=\"twitter:label2\" content=\"Tiempo de lectura\" \/>\n\t<meta name=\"twitter:data2\" content=\"1 minuto\" \/>\n<script type=\"application\/ld+json\" class=\"yoast-schema-graph\">{\"@context\":\"https:\\\/\\\/schema.org\",\"@graph\":[{\"@type\":\"Article\",\"@id\":\"https:\\\/\\\/cvinoticias.com\\\/v3\\\/detuvieron-a-un-hombre-acusado-de-robo-en-un-complejo-de-cabanas\\\/#article\",\"isPartOf\":{\"@id\":\"https:\\\/\\\/cvinoticias.com\\\/v3\\\/detuvieron-a-un-hombre-acusado-de-robo-en-un-complejo-de-cabanas\\\/\"},\"author\":{\"name\":\"f1000024\",\"@id\":\"https:\\\/\\\/cvinoticias.com\\\/v3\\\/#\\\/schema\\\/person\\\/2db77e3c6bc03c538495d7b2b8be9b66\"},\"headline\":\"Detuvieron a un hombre acusado de robo en un complejo de caba\u00f1as\",\"datePublished\":\"2025-10-18T12:05:23+00:00\",\"dateModified\":\"2025-10-20T12:17:50+00:00\",\"mainEntityOfPage\":{\"@id\":\"https:\\\/\\\/cvinoticias.com\\\/v3\\\/detuvieron-a-un-hombre-acusado-de-robo-en-un-complejo-de-cabanas\\\/\"},\"wordCount\":137,\"commentCount\":0,\"publisher\":{\"@id\":\"https:\\\/\\\/cvinoticias.com\\\/v3\\\/#organization\"},\"image\":{\"@id\":\"https:\\\/\\\/cvinoticias.com\\\/v3\\\/detuvieron-a-un-hombre-acusado-de-robo-en-un-complejo-de-cabanas\\\/#primaryimage\"},\"thumbnailUrl\":\"https:\\\/\\\/cvinoticias.com\\\/wp-content\\\/uploads\\\/2025\\\/10\\\/IMG-20251018-WA0004.jpg\",\"keywords\":[\"caba\u00f1as\",\"Detuvieron\",\"Hombre\",\"Robo\"],\"articleSection\":[\"Policiales\"],\"inLanguage\":\"es\",\"potentialAction\":[{\"@type\":\"CommentAction\",\"name\":\"Comment\",\"target\":[\"https:\\\/\\\/cvinoticias.com\\\/v3\\\/detuvieron-a-un-hombre-acusado-de-robo-en-un-complejo-de-cabanas\\\/#respond\"]}]},{\"@type\":\"WebPage\",\"@id\":\"https:\\\/\\\/cvinoticias.com\\\/v3\\\/detuvieron-a-un-hombre-acusado-de-robo-en-un-complejo-de-cabanas\\\/\",\"url\":\"https:\\\/\\\/cvinoticias.com\\\/v3\\\/detuvieron-a-un-hombre-acusado-de-robo-en-un-complejo-de-cabanas\\\/\",\"name\":\"Detuvieron a un hombre por robo en complejo de caba\u00f1as | CVI NOTICIAS\",\"isPartOf\":{\"@id\":\"https:\\\/\\\/cvinoticias.com\\\/v3\\\/#website\"},\"primaryImageOfPage\":{\"@id\":\"https:\\\/\\\/cvinoticias.com\\\/v3\\\/detuvieron-a-un-hombre-acusado-de-robo-en-un-complejo-de-cabanas\\\/#primaryimage\"},\"image\":{\"@id\":\"https:\\\/\\\/cvinoticias.com\\\/v3\\\/detuvieron-a-un-hombre-acusado-de-robo-en-un-complejo-de-cabanas\\\/#primaryimage\"},\"thumbnailUrl\":\"https:\\\/\\\/cvinoticias.com\\\/wp-content\\\/uploads\\\/2025\\\/10\\\/IMG-20251018-WA0004.jpg\",\"datePublished\":\"2025-10-18T12:05:23+00:00\",\"dateModified\":\"2025-10-20T12:17:50+00:00\",\"description\":\"Un joven de 27 a\u00f1os fue detenido en Puerto Iguaz\u00fa por sustraer un televisor y cables en un complejo de caba\u00f1as.\",\"breadcrumb\":{\"@id\":\"https:\\\/\\\/cvinoticias.com\\\/v3\\\/detuvieron-a-un-hombre-acusado-de-robo-en-un-complejo-de-cabanas\\\/#breadcrumb\"},\"inLanguage\":\"es\",\"potentialAction\":[{\"@type\":\"ReadAction\",\"target\":[\"https:\\\/\\\/cvinoticias.com\\\/v3\\\/detuvieron-a-un-hombre-acusado-de-robo-en-un-complejo-de-cabanas\\\/\"]}]},{\"@type\":\"ImageObject\",\"inLanguage\":\"es\",\"@id\":\"https:\\\/\\\/cvinoticias.com\\\/v3\\\/detuvieron-a-un-hombre-acusado-de-robo-en-un-complejo-de-cabanas\\\/#primaryimage\",\"url\":\"https:\\\/\\\/cvinoticias.com\\\/wp-content\\\/uploads\\\/2025\\\/10\\\/IMG-20251018-WA0004.jpg\",\"contentUrl\":\"https:\\\/\\\/cvinoticias.com\\\/wp-content\\\/uploads\\\/2025\\\/10\\\/IMG-20251018-WA0004.jpg\",\"width\":897,\"height\":1342},{\"@type\":\"BreadcrumbList\",\"@id\":\"https:\\\/\\\/cvinoticias.com\\\/v3\\\/detuvieron-a-un-hombre-acusado-de-robo-en-un-complejo-de-cabanas\\\/#breadcrumb\",\"itemListElement\":[{\"@type\":\"ListItem\",\"position\":1,\"name\":\"Portada\",\"item\":\"https:\\\/\\\/cvinoticias.com\\\/v3\\\/\"},{\"@type\":\"ListItem\",\"position\":2,\"name\":\"Detuvieron a un hombre acusado de robo en un complejo de caba\u00f1as\"}]},{\"@type\":\"WebSite\",\"@id\":\"https:\\\/\\\/cvinoticias.com\\\/v3\\\/#website\",\"url\":\"https:\\\/\\\/cvinoticias.com\\\/v3\\\/\",\"name\":\"CVI NOTICIAS\",\"description\":\"\",\"publisher\":{\"@id\":\"https:\\\/\\\/cvinoticias.com\\\/v3\\\/#organization\"},\"alternateName\":\"CVI\",\"potentialAction\":[{\"@type\":\"SearchAction\",\"target\":{\"@type\":\"EntryPoint\",\"urlTemplate\":\"https:\\\/\\\/cvinoticias.com\\\/v3\\\/?s={search_term_string}\"},\"query-input\":{\"@type\":\"PropertyValueSpecification\",\"valueRequired\":true,\"valueName\":\"search_term_string\"}}],\"inLanguage\":\"es\"},{\"@type\":\"Organization\",\"@id\":\"https:\\\/\\\/cvinoticias.com\\\/v3\\\/#organization\",\"name\":\"CVI NOTICIAS\",\"url\":\"https:\\\/\\\/cvinoticias.com\\\/v3\\\/\",\"logo\":{\"@type\":\"ImageObject\",\"inLanguage\":\"es\",\"@id\":\"https:\\\/\\\/cvinoticias.com\\\/v3\\\/#\\\/schema\\\/logo\\\/image\\\/\",\"url\":\"https:\\\/\\\/cvinoticias.com\\\/wp-content\\\/uploads\\\/2023\\\/04\\\/cropped-cropped-cropped-cropped-cropped-3-1.png\",\"contentUrl\":\"https:\\\/\\\/cvinoticias.com\\\/wp-content\\\/uploads\\\/2023\\\/04\\\/cropped-cropped-cropped-cropped-cropped-3-1.png\",\"width\":95,\"height\":122,\"caption\":\"CVI NOTICIAS\"},\"image\":{\"@id\":\"https:\\\/\\\/cvinoticias.com\\\/v3\\\/#\\\/schema\\\/logo\\\/image\\\/\"},\"sameAs\":[\"https:\\\/\\\/www.facebook.com\\\/cvinoticias\",\"https:\\\/\\\/www.instagram.com\\\/cvinoticias\\\/\",\"https:\\\/\\\/www.youtube.com\\\/@CVINOTICIAS\"]},{\"@type\":\"Person\",\"@id\":\"https:\\\/\\\/cvinoticias.com\\\/v3\\\/#\\\/schema\\\/person\\\/2db77e3c6bc03c538495d7b2b8be9b66\",\"name\":\"f1000024\",\"image\":{\"@type\":\"ImageObject\",\"inLanguage\":\"es\",\"@id\":\"https:\\\/\\\/secure.gravatar.com\\\/avatar\\\/d4fe7459cfc51ff5129ce1a732bbef5928568b8092d412ef95611616376bbeed?s=96&d=mm&r=g\",\"url\":\"https:\\\/\\\/secure.gravatar.com\\\/avatar\\\/d4fe7459cfc51ff5129ce1a732bbef5928568b8092d412ef95611616376bbeed?s=96&d=mm&r=g\",\"contentUrl\":\"https:\\\/\\\/secure.gravatar.com\\\/avatar\\\/d4fe7459cfc51ff5129ce1a732bbef5928568b8092d412ef95611616376bbeed?s=96&d=mm&r=g\",\"caption\":\"f1000024\"},\"url\":\"https:\\\/\\\/cvinoticias.com\\\/v3\\\/author\\\/f1000024\\\/\"}]}<\/script>\n<!-- \/ Yoast SEO plugin. -->","yoast_head_json":{"title":"Detuvieron a un hombre por robo en complejo de caba\u00f1as | CVI NOTICIAS","description":"Un joven de 27 a\u00f1os fue detenido en Puerto Iguaz\u00fa por sustraer un televisor y cables en un complejo de caba\u00f1as.","robots":{"index":"index","follow":"follow","max-snippet":"max-snippet:-1","max-image-preview":"max-image-preview:large","max-video-preview":"max-video-preview:-1"},"canonical":"https:\/\/cvinoticias.com\/v3\/detuvieron-a-un-hombre-acusado-de-robo-en-un-complejo-de-cabanas\/","og_locale":"es_ES","og_type":"article","og_title":"Detuvieron a un hombre por robo en complejo de caba\u00f1as | CVI NOTICIAS","og_description":"Un joven de 27 a\u00f1os fue detenido en Puerto Iguaz\u00fa por sustraer un televisor y cables en un complejo de caba\u00f1as.","og_url":"https:\/\/cvinoticias.com\/v3\/detuvieron-a-un-hombre-acusado-de-robo-en-un-complejo-de-cabanas\/","og_site_name":"CVI NOTICIAS","article_publisher":"https:\/\/www.facebook.com\/cvinoticias","article_published_time":"2025-10-18T12:05:23+00:00","article_modified_time":"2025-10-20T12:17:50+00:00","og_image":[{"width":897,"height":1342,"url":"https:\/\/cvinoticias.com\/wp-content\/uploads\/2025\/10\/IMG-20251018-WA0004.jpg","type":"image\/jpeg"}],"author":"f1000024","twitter_card":"summary_large_image","twitter_misc":{"Escrito por":"f1000024","Tiempo de lectura":"1 minuto"},"schema":{"@context":"https:\/\/schema.org","@graph":[{"@type":"Article","@id":"https:\/\/cvinoticias.com\/v3\/detuvieron-a-un-hombre-acusado-de-robo-en-un-complejo-de-cabanas\/#article","isPartOf":{"@id":"https:\/\/cvinoticias.com\/v3\/detuvieron-a-un-hombre-acusado-de-robo-en-un-complejo-de-cabanas\/"},"author":{"name":"f1000024","@id":"https:\/\/cvinoticias.com\/v3\/#\/schema\/person\/2db77e3c6bc03c538495d7b2b8be9b66"},"headline":"Detuvieron a un hombre acusado de robo en un complejo de caba\u00f1as","datePublished":"2025-10-18T12:05:23+00:00","dateModified":"2025-10-20T12:17:50+00:00","mainEntityOfPage":{"@id":"https:\/\/cvinoticias.com\/v3\/detuvieron-a-un-hombre-acusado-de-robo-en-un-complejo-de-cabanas\/"},"wordCount":137,"commentCount":0,"publisher":{"@id":"https:\/\/cvinoticias.com\/v3\/#organization"},"image":{"@id":"https:\/\/cvinoticias.com\/v3\/detuvieron-a-un-hombre-acusado-de-robo-en-un-complejo-de-cabanas\/#primaryimage"},"thumbnailUrl":"https:\/\/cvinoticias.com\/wp-content\/uploads\/2025\/10\/IMG-20251018-WA0004.jpg","keywords":["caba\u00f1as","Detuvieron","Hombre","Robo"],"articleSection":["Policiales"],"inLanguage":"es","potentialAction":[{"@type":"CommentAction","name":"Comment","target":["https:\/\/cvinoticias.com\/v3\/detuvieron-a-un-hombre-acusado-de-robo-en-un-complejo-de-cabanas\/#respond"]}]},{"@type":"WebPage","@id":"https:\/\/cvinoticias.com\/v3\/detuvieron-a-un-hombre-acusado-de-robo-en-un-complejo-de-cabanas\/","url":"https:\/\/cvinoticias.com\/v3\/detuvieron-a-un-hombre-acusado-de-robo-en-un-complejo-de-cabanas\/","name":"Detuvieron a un hombre por robo en complejo de caba\u00f1as | CVI NOTICIAS","isPartOf":{"@id":"https:\/\/cvinoticias.com\/v3\/#website"},"primaryImageOfPage":{"@id":"https:\/\/cvinoticias.com\/v3\/detuvieron-a-un-hombre-acusado-de-robo-en-un-complejo-de-cabanas\/#primaryimage"},"image":{"@id":"https:\/\/cvinoticias.com\/v3\/detuvieron-a-un-hombre-acusado-de-robo-en-un-complejo-de-cabanas\/#primaryimage"},"thumbnailUrl":"https:\/\/cvinoticias.com\/wp-content\/uploads\/2025\/10\/IMG-20251018-WA0004.jpg","datePublished":"2025-10-18T12:05:23+00:00","dateModified":"2025-10-20T12:17:50+00:00","description":"Un joven de 27 a\u00f1os fue detenido en Puerto Iguaz\u00fa por sustraer un televisor y cables en un complejo de caba\u00f1as.","breadcrumb":{"@id":"https:\/\/cvinoticias.com\/v3\/detuvieron-a-un-hombre-acusado-de-robo-en-un-complejo-de-cabanas\/#breadcrumb"},"inLanguage":"es","potentialAction":[{"@type":"ReadAction","target":["https:\/\/cvinoticias.com\/v3\/detuvieron-a-un-hombre-acusado-de-robo-en-un-complejo-de-cabanas\/"]}]},{"@type":"ImageObject","inLanguage":"es","@id":"https:\/\/cvinoticias.com\/v3\/detuvieron-a-un-hombre-acusado-de-robo-en-un-complejo-de-cabanas\/#primaryimage","url":"https:\/\/cvinoticias.com\/wp-content\/uploads\/2025\/10\/IMG-20251018-WA0004.jpg","contentUrl":"https:\/\/cvinoticias.com\/wp-content\/uploads\/2025\/10\/IMG-20251018-WA0004.jpg","width":897,"height":1342},{"@type":"BreadcrumbList","@id":"https:\/\/cvinoticias.com\/v3\/detuvieron-a-un-hombre-acusado-de-robo-en-un-complejo-de-cabanas\/#breadcrumb","itemListElement":[{"@type":"ListItem","position":1,"name":"Portada","item":"https:\/\/cvinoticias.com\/v3\/"},{"@type":"ListItem","position":2,"name":"Detuvieron a un hombre acusado de robo en un complejo de caba\u00f1as"}]},{"@type":"WebSite","@id":"https:\/\/cvinoticias.com\/v3\/#website","url":"https:\/\/cvinoticias.com\/v3\/","name":"CVI NOTICIAS","description":"","publisher":{"@id":"https:\/\/cvinoticias.com\/v3\/#organization"},"alternateName":"CVI","potentialAction":[{"@type":"SearchAction","target":{"@type":"EntryPoint","urlTemplate":"https:\/\/cvinoticias.com\/v3\/?s={search_term_string}"},"query-input":{"@type":"PropertyValueSpecification","valueRequired":true,"valueName":"search_term_string"}}],"inLanguage":"es"},{"@type":"Organization","@id":"https:\/\/cvinoticias.com\/v3\/#organization","name":"CVI NOTICIAS","url":"https:\/\/cvinoticias.com\/v3\/","logo":{"@type":"ImageObject","inLanguage":"es","@id":"https:\/\/cvinoticias.com\/v3\/#\/schema\/logo\/image\/","url":"https:\/\/cvinoticias.com\/wp-content\/uploads\/2023\/04\/cropped-cropped-cropped-cropped-cropped-3-1.png","contentUrl":"https:\/\/cvinoticias.com\/wp-content\/uploads\/2023\/04\/cropped-cropped-cropped-cropped-cropped-3-1.png","width":95,"height":122,"caption":"CVI NOTICIAS"},"image":{"@id":"https:\/\/cvinoticias.com\/v3\/#\/schema\/logo\/image\/"},"sameAs":["https:\/\/www.facebook.com\/cvinoticias","https:\/\/www.instagram.com\/cvinoticias\/","https:\/\/www.youtube.com\/@CVINOTICIAS"]},{"@type":"Person","@id":"https:\/\/cvinoticias.com\/v3\/#\/schema\/person\/2db77e3c6bc03c538495d7b2b8be9b66","name":"f1000024","image":{"@type":"ImageObject","inLanguage":"es","@id":"https:\/\/secure.gravatar.com\/avatar\/d4fe7459cfc51ff5129ce1a732bbef5928568b8092d412ef95611616376bbeed?s=96&d=mm&r=g","url":"https:\/\/secure.gravatar.com\/avatar\/d4fe7459cfc51ff5129ce1a732bbef5928568b8092d412ef95611616376bbeed?s=96&d=mm&r=g","contentUrl":"https:\/\/secure.gravatar.com\/avatar\/d4fe7459cfc51ff5129ce1a732bbef5928568b8092d412ef95611616376bbeed?s=96&d=mm&r=g","caption":"f1000024"},"url":"https:\/\/cvinoticias.com\/v3\/author\/f1000024\/"}]}},"_links":{"self":[{"href":"https:\/\/cvinoticias.com\/v3\/wp-json\/wp\/v2\/posts\/50324","targetHints":{"allow":["GET"]}}],"collection":[{"href":"https:\/\/cvinoticias.com\/v3\/wp-json\/wp\/v2\/posts"}],"about":[{"href":"https:\/\/cvinoticias.com\/v3\/wp-json\/wp\/v2\/types\/post"}],"author":[{"embeddable":true,"href":"https:\/\/cvinoticias.com\/v3\/wp-json\/wp\/v2\/users\/2"}],"replies":[{"embeddable":true,"href":"https:\/\/cvinoticias.com\/v3\/wp-json\/wp\/v2\/comments?post=50324"}],"version-history":[{"count":1,"href":"https:\/\/cvinoticias.com\/v3\/wp-json\/wp\/v2\/posts\/50324\/revisions"}],"predecessor-version":[{"id":50326,"href":"https:\/\/cvinoticias.com\/v3\/wp-json\/wp\/v2\/posts\/50324\/revisions\/50326"}],"wp:featuredmedia":[{"embeddable":true,"href":"https:\/\/cvinoticias.com\/v3\/wp-json\/wp\/v2\/media\/50325"}],"wp:attachment":[{"href":"https:\/\/cvinoticias.com\/v3\/wp-json\/wp\/v2\/media?parent=50324"}],"wp:term":[{"taxonomy":"category","embeddable":true,"href":"https:\/\/cvinoticias.com\/v3\/wp-json\/wp\/v2\/categories?post=50324"},{"taxonomy":"post_tag","embeddable":true,"href":"https:\/\/cvinoticias.com\/v3\/wp-json\/wp\/v2\/tags?post=50324"}],"curies":[{"name":"wp","href":"https:\/\/api.w.org\/{rel}","templated":true}]}}