{"id":50213,"date":"2025-10-16T10:08:30","date_gmt":"2025-10-16T13:08:30","guid":{"rendered":"https:\/\/cvinoticias.com\/v3\/?p=50213"},"modified":"2025-10-16T10:08:31","modified_gmt":"2025-10-16T13:08:31","slug":"se-conmemora-el-dia-mundial-de-la-anestesia-una-fecha-para-reconocer-la-labor-de-los-anestesiologos","status":"publish","type":"post","link":"https:\/\/cvinoticias.com\/v3\/se-conmemora-el-dia-mundial-de-la-anestesia-una-fecha-para-reconocer-la-labor-de-los-anestesiologos\/","title":{"rendered":"Se conmemora el D\u00eda Mundial de la Anestesia: una fecha para reconocer la labor de los anestesi\u00f3logos"},"content":{"rendered":"\n<p>Cada 16 de octubre se conmemora el <strong>D\u00eda Mundial de la Anestesia<\/strong>, una fecha que recuerda el primer uso exitoso de la anestesia general en 1846, considerado uno de los mayores avances en la historia de la medicina moderna.<\/p>\n\n\n\n<p>El hecho tuvo lugar en el Hospital General de Massachusetts, en Estados Unidos, cuando el odont\u00f3logo <strong>William Thomas Green Morton<\/strong> demostr\u00f3 p\u00fablicamente los efectos del \u00e9ter diet\u00edlico durante una cirug\u00eda. Aquella intervenci\u00f3n marc\u00f3 el inicio de una nueva era en la atenci\u00f3n m\u00e9dica, al permitir realizar procedimientos quir\u00fargicos sin dolor y con mayores niveles de seguridad.<\/p>\n\n\n\n<p>En la actualidad, el <strong>D\u00eda Mundial de la Anestesia<\/strong> es promovido por la <strong>Federaci\u00f3n Mundial de Sociedades de Anestesi\u00f3logos (WFSA)<\/strong>, que agrupa a m\u00e1s de 130 asociaciones de todo el mundo. La jornada busca visibilizar la importancia del trabajo de los anestesi\u00f3logos, profesionales clave en cada intervenci\u00f3n quir\u00fargica, parto o tratamiento que requiera control del dolor y vigilancia intensiva del paciente.<\/p>\n\n\n\n<p>El lema de este a\u00f1o es <strong>\u201cWorkforce Well-Being\u201d<\/strong> (Bienestar de los profesionales de anestesia), con el objetivo de destacar la necesidad de cuidar la salud f\u00edsica y mental del personal sanitario, as\u00ed como garantizar condiciones laborales adecuadas en todos los sistemas de salud.<\/p>\n\n\n\n<p>Desde la WFSA recordaron que a\u00fan existen desigualdades en el acceso a servicios seguros de anestesia, especialmente en pa\u00edses en desarrollo, donde millones de personas no pueden acceder a intervenciones b\u00e1sicas con garant\u00edas de seguridad.<\/p>\n\n\n\n<p>En Argentina, la comunidad m\u00e9dica se suma cada a\u00f1o a esta conmemoraci\u00f3n, reconociendo la dedicaci\u00f3n, la precisi\u00f3n y la responsabilidad de los anestesi\u00f3logos, profesionales indispensables para el funcionamiento del sistema sanitario y la protecci\u00f3n de la vida de los pacientes.<\/p>\n","protected":false},"excerpt":{"rendered":"<p>Cada 16 de octubre se conmemora el D\u00eda Mundial de la Anestesia, una fecha que recuerda el primer uso exitoso de la anestesia general en 1846, considerado uno de los mayores avances en la historia de la medicina moderna. El hecho tuvo lugar en el Hospital General de Massachusetts, en Estados Unidos, cuando el odont\u00f3logo [&hellip;]<\/p>\n","protected":false},"author":2,"featured_media":50214,"comment_status":"open","ping_status":"closed","sticky":false,"template":"","format":"standard","meta":{"footnotes":""},"categories":[442],"tags":[4144,4143,554],"class_list":["post-50213","post","type-post","status-publish","format-standard","has-post-thumbnail","hentry","category-efemerides-2","tag-anestesia","tag-anestesiologos","tag-dia"],"yoast_head":"<!-- This site is optimized with the Yoast SEO plugin v27.4 - https:\/\/yoast.com\/product\/yoast-seo-wordpress\/ -->\n<title>Se conmemora el D\u00eda Mundial de la Anestesia 2025 | CVI NOTICIAS<\/title>\n<meta name=\"description\" content=\"Hoy se recuerda la labor de los anestesi\u00f3logos y el primer uso exitoso de la anestesia en 1846.\" \/>\n<meta name=\"robots\" content=\"index, follow, max-snippet:-1, max-image-preview:large, max-video-preview:-1\" \/>\n<link rel=\"canonical\" href=\"https:\/\/cvinoticias.com\/v3\/se-conmemora-el-dia-mundial-de-la-anestesia-una-fecha-para-reconocer-la-labor-de-los-anestesiologos\/\" \/>\n<meta property=\"og:locale\" content=\"es_ES\" \/>\n<meta property=\"og:type\" content=\"article\" \/>\n<meta property=\"og:title\" content=\"Se conmemora el D\u00eda Mundial de la Anestesia 2025 | CVI NOTICIAS\" \/>\n<meta property=\"og:description\" content=\"Hoy se recuerda la labor de los anestesi\u00f3logos y el primer uso exitoso de la anestesia en 1846.\" \/>\n<meta property=\"og:url\" content=\"https:\/\/cvinoticias.com\/v3\/se-conmemora-el-dia-mundial-de-la-anestesia-una-fecha-para-reconocer-la-labor-de-los-anestesiologos\/\" \/>\n<meta property=\"og:site_name\" content=\"CVI NOTICIAS\" \/>\n<meta property=\"article:publisher\" content=\"https:\/\/www.facebook.com\/cvinoticias\" \/>\n<meta property=\"article:published_time\" content=\"2025-10-16T13:08:30+00:00\" \/>\n<meta property=\"article:modified_time\" content=\"2025-10-16T13:08:31+00:00\" \/>\n<meta property=\"og:image\" content=\"https:\/\/cvinoticias.com\/wp-content\/uploads\/2025\/10\/images-1.jpeg\" \/>\n\t<meta property=\"og:image:width\" content=\"739\" \/>\n\t<meta property=\"og:image:height\" content=\"415\" \/>\n\t<meta property=\"og:image:type\" content=\"image\/jpeg\" \/>\n<meta name=\"author\" content=\"f1000024\" \/>\n<meta name=\"twitter:card\" content=\"summary_large_image\" \/>\n<meta name=\"twitter:label1\" content=\"Escrito por\" \/>\n\t<meta name=\"twitter:data1\" content=\"f1000024\" \/>\n\t<meta name=\"twitter:label2\" content=\"Tiempo de lectura\" \/>\n\t<meta name=\"twitter:data2\" content=\"2 minutos\" \/>\n<script type=\"application\/ld+json\" class=\"yoast-schema-graph\">{\"@context\":\"https:\\\/\\\/schema.org\",\"@graph\":[{\"@type\":\"Article\",\"@id\":\"https:\\\/\\\/cvinoticias.com\\\/v3\\\/se-conmemora-el-dia-mundial-de-la-anestesia-una-fecha-para-reconocer-la-labor-de-los-anestesiologos\\\/#article\",\"isPartOf\":{\"@id\":\"https:\\\/\\\/cvinoticias.com\\\/v3\\\/se-conmemora-el-dia-mundial-de-la-anestesia-una-fecha-para-reconocer-la-labor-de-los-anestesiologos\\\/\"},\"author\":{\"name\":\"f1000024\",\"@id\":\"https:\\\/\\\/cvinoticias.com\\\/v3\\\/#\\\/schema\\\/person\\\/2db77e3c6bc03c538495d7b2b8be9b66\"},\"headline\":\"Se conmemora el D\u00eda Mundial de la Anestesia: una fecha para reconocer la labor de los anestesi\u00f3logos\",\"datePublished\":\"2025-10-16T13:08:30+00:00\",\"dateModified\":\"2025-10-16T13:08:31+00:00\",\"mainEntityOfPage\":{\"@id\":\"https:\\\/\\\/cvinoticias.com\\\/v3\\\/se-conmemora-el-dia-mundial-de-la-anestesia-una-fecha-para-reconocer-la-labor-de-los-anestesiologos\\\/\"},\"wordCount\":319,\"commentCount\":0,\"publisher\":{\"@id\":\"https:\\\/\\\/cvinoticias.com\\\/v3\\\/#organization\"},\"image\":{\"@id\":\"https:\\\/\\\/cvinoticias.com\\\/v3\\\/se-conmemora-el-dia-mundial-de-la-anestesia-una-fecha-para-reconocer-la-labor-de-los-anestesiologos\\\/#primaryimage\"},\"thumbnailUrl\":\"https:\\\/\\\/cvinoticias.com\\\/wp-content\\\/uploads\\\/2025\\\/10\\\/images-1.jpeg\",\"keywords\":[\"Anestesia\",\"anestesi\u00f3logos\",\"D\u00eda\"],\"articleSection\":[\"EFEMERIDES\"],\"inLanguage\":\"es\",\"potentialAction\":[{\"@type\":\"CommentAction\",\"name\":\"Comment\",\"target\":[\"https:\\\/\\\/cvinoticias.com\\\/v3\\\/se-conmemora-el-dia-mundial-de-la-anestesia-una-fecha-para-reconocer-la-labor-de-los-anestesiologos\\\/#respond\"]}]},{\"@type\":\"WebPage\",\"@id\":\"https:\\\/\\\/cvinoticias.com\\\/v3\\\/se-conmemora-el-dia-mundial-de-la-anestesia-una-fecha-para-reconocer-la-labor-de-los-anestesiologos\\\/\",\"url\":\"https:\\\/\\\/cvinoticias.com\\\/v3\\\/se-conmemora-el-dia-mundial-de-la-anestesia-una-fecha-para-reconocer-la-labor-de-los-anestesiologos\\\/\",\"name\":\"Se conmemora el D\u00eda Mundial de la Anestesia 2025 | CVI NOTICIAS\",\"isPartOf\":{\"@id\":\"https:\\\/\\\/cvinoticias.com\\\/v3\\\/#website\"},\"primaryImageOfPage\":{\"@id\":\"https:\\\/\\\/cvinoticias.com\\\/v3\\\/se-conmemora-el-dia-mundial-de-la-anestesia-una-fecha-para-reconocer-la-labor-de-los-anestesiologos\\\/#primaryimage\"},\"image\":{\"@id\":\"https:\\\/\\\/cvinoticias.com\\\/v3\\\/se-conmemora-el-dia-mundial-de-la-anestesia-una-fecha-para-reconocer-la-labor-de-los-anestesiologos\\\/#primaryimage\"},\"thumbnailUrl\":\"https:\\\/\\\/cvinoticias.com\\\/wp-content\\\/uploads\\\/2025\\\/10\\\/images-1.jpeg\",\"datePublished\":\"2025-10-16T13:08:30+00:00\",\"dateModified\":\"2025-10-16T13:08:31+00:00\",\"description\":\"Hoy se recuerda la labor de los anestesi\u00f3logos y el primer uso exitoso de la anestesia en 1846.\",\"breadcrumb\":{\"@id\":\"https:\\\/\\\/cvinoticias.com\\\/v3\\\/se-conmemora-el-dia-mundial-de-la-anestesia-una-fecha-para-reconocer-la-labor-de-los-anestesiologos\\\/#breadcrumb\"},\"inLanguage\":\"es\",\"potentialAction\":[{\"@type\":\"ReadAction\",\"target\":[\"https:\\\/\\\/cvinoticias.com\\\/v3\\\/se-conmemora-el-dia-mundial-de-la-anestesia-una-fecha-para-reconocer-la-labor-de-los-anestesiologos\\\/\"]}]},{\"@type\":\"ImageObject\",\"inLanguage\":\"es\",\"@id\":\"https:\\\/\\\/cvinoticias.com\\\/v3\\\/se-conmemora-el-dia-mundial-de-la-anestesia-una-fecha-para-reconocer-la-labor-de-los-anestesiologos\\\/#primaryimage\",\"url\":\"https:\\\/\\\/cvinoticias.com\\\/wp-content\\\/uploads\\\/2025\\\/10\\\/images-1.jpeg\",\"contentUrl\":\"https:\\\/\\\/cvinoticias.com\\\/wp-content\\\/uploads\\\/2025\\\/10\\\/images-1.jpeg\",\"width\":739,\"height\":415},{\"@type\":\"BreadcrumbList\",\"@id\":\"https:\\\/\\\/cvinoticias.com\\\/v3\\\/se-conmemora-el-dia-mundial-de-la-anestesia-una-fecha-para-reconocer-la-labor-de-los-anestesiologos\\\/#breadcrumb\",\"itemListElement\":[{\"@type\":\"ListItem\",\"position\":1,\"name\":\"Portada\",\"item\":\"https:\\\/\\\/cvinoticias.com\\\/v3\\\/\"},{\"@type\":\"ListItem\",\"position\":2,\"name\":\"Se conmemora el D\u00eda Mundial de la Anestesia: una fecha para reconocer la labor de los anestesi\u00f3logos\"}]},{\"@type\":\"WebSite\",\"@id\":\"https:\\\/\\\/cvinoticias.com\\\/v3\\\/#website\",\"url\":\"https:\\\/\\\/cvinoticias.com\\\/v3\\\/\",\"name\":\"CVI NOTICIAS\",\"description\":\"\",\"publisher\":{\"@id\":\"https:\\\/\\\/cvinoticias.com\\\/v3\\\/#organization\"},\"alternateName\":\"CVI\",\"potentialAction\":[{\"@type\":\"SearchAction\",\"target\":{\"@type\":\"EntryPoint\",\"urlTemplate\":\"https:\\\/\\\/cvinoticias.com\\\/v3\\\/?s={search_term_string}\"},\"query-input\":{\"@type\":\"PropertyValueSpecification\",\"valueRequired\":true,\"valueName\":\"search_term_string\"}}],\"inLanguage\":\"es\"},{\"@type\":\"Organization\",\"@id\":\"https:\\\/\\\/cvinoticias.com\\\/v3\\\/#organization\",\"name\":\"CVI NOTICIAS\",\"url\":\"https:\\\/\\\/cvinoticias.com\\\/v3\\\/\",\"logo\":{\"@type\":\"ImageObject\",\"inLanguage\":\"es\",\"@id\":\"https:\\\/\\\/cvinoticias.com\\\/v3\\\/#\\\/schema\\\/logo\\\/image\\\/\",\"url\":\"https:\\\/\\\/cvinoticias.com\\\/wp-content\\\/uploads\\\/2023\\\/04\\\/cropped-cropped-cropped-cropped-cropped-3-1.png\",\"contentUrl\":\"https:\\\/\\\/cvinoticias.com\\\/wp-content\\\/uploads\\\/2023\\\/04\\\/cropped-cropped-cropped-cropped-cropped-3-1.png\",\"width\":95,\"height\":122,\"caption\":\"CVI NOTICIAS\"},\"image\":{\"@id\":\"https:\\\/\\\/cvinoticias.com\\\/v3\\\/#\\\/schema\\\/logo\\\/image\\\/\"},\"sameAs\":[\"https:\\\/\\\/www.facebook.com\\\/cvinoticias\",\"https:\\\/\\\/www.instagram.com\\\/cvinoticias\\\/\",\"https:\\\/\\\/www.youtube.com\\\/@CVINOTICIAS\"]},{\"@type\":\"Person\",\"@id\":\"https:\\\/\\\/cvinoticias.com\\\/v3\\\/#\\\/schema\\\/person\\\/2db77e3c6bc03c538495d7b2b8be9b66\",\"name\":\"f1000024\",\"image\":{\"@type\":\"ImageObject\",\"inLanguage\":\"es\",\"@id\":\"https:\\\/\\\/secure.gravatar.com\\\/avatar\\\/d4fe7459cfc51ff5129ce1a732bbef5928568b8092d412ef95611616376bbeed?s=96&d=mm&r=g\",\"url\":\"https:\\\/\\\/secure.gravatar.com\\\/avatar\\\/d4fe7459cfc51ff5129ce1a732bbef5928568b8092d412ef95611616376bbeed?s=96&d=mm&r=g\",\"contentUrl\":\"https:\\\/\\\/secure.gravatar.com\\\/avatar\\\/d4fe7459cfc51ff5129ce1a732bbef5928568b8092d412ef95611616376bbeed?s=96&d=mm&r=g\",\"caption\":\"f1000024\"},\"url\":\"https:\\\/\\\/cvinoticias.com\\\/v3\\\/author\\\/f1000024\\\/\"}]}<\/script>\n<!-- \/ Yoast SEO plugin. -->","yoast_head_json":{"title":"Se conmemora el D\u00eda Mundial de la Anestesia 2025 | CVI NOTICIAS","description":"Hoy se recuerda la labor de los anestesi\u00f3logos y el primer uso exitoso de la anestesia en 1846.","robots":{"index":"index","follow":"follow","max-snippet":"max-snippet:-1","max-image-preview":"max-image-preview:large","max-video-preview":"max-video-preview:-1"},"canonical":"https:\/\/cvinoticias.com\/v3\/se-conmemora-el-dia-mundial-de-la-anestesia-una-fecha-para-reconocer-la-labor-de-los-anestesiologos\/","og_locale":"es_ES","og_type":"article","og_title":"Se conmemora el D\u00eda Mundial de la Anestesia 2025 | CVI NOTICIAS","og_description":"Hoy se recuerda la labor de los anestesi\u00f3logos y el primer uso exitoso de la anestesia en 1846.","og_url":"https:\/\/cvinoticias.com\/v3\/se-conmemora-el-dia-mundial-de-la-anestesia-una-fecha-para-reconocer-la-labor-de-los-anestesiologos\/","og_site_name":"CVI NOTICIAS","article_publisher":"https:\/\/www.facebook.com\/cvinoticias","article_published_time":"2025-10-16T13:08:30+00:00","article_modified_time":"2025-10-16T13:08:31+00:00","og_image":[{"width":739,"height":415,"url":"https:\/\/cvinoticias.com\/wp-content\/uploads\/2025\/10\/images-1.jpeg","type":"image\/jpeg"}],"author":"f1000024","twitter_card":"summary_large_image","twitter_misc":{"Escrito por":"f1000024","Tiempo de lectura":"2 minutos"},"schema":{"@context":"https:\/\/schema.org","@graph":[{"@type":"Article","@id":"https:\/\/cvinoticias.com\/v3\/se-conmemora-el-dia-mundial-de-la-anestesia-una-fecha-para-reconocer-la-labor-de-los-anestesiologos\/#article","isPartOf":{"@id":"https:\/\/cvinoticias.com\/v3\/se-conmemora-el-dia-mundial-de-la-anestesia-una-fecha-para-reconocer-la-labor-de-los-anestesiologos\/"},"author":{"name":"f1000024","@id":"https:\/\/cvinoticias.com\/v3\/#\/schema\/person\/2db77e3c6bc03c538495d7b2b8be9b66"},"headline":"Se conmemora el D\u00eda Mundial de la Anestesia: una fecha para reconocer la labor de los anestesi\u00f3logos","datePublished":"2025-10-16T13:08:30+00:00","dateModified":"2025-10-16T13:08:31+00:00","mainEntityOfPage":{"@id":"https:\/\/cvinoticias.com\/v3\/se-conmemora-el-dia-mundial-de-la-anestesia-una-fecha-para-reconocer-la-labor-de-los-anestesiologos\/"},"wordCount":319,"commentCount":0,"publisher":{"@id":"https:\/\/cvinoticias.com\/v3\/#organization"},"image":{"@id":"https:\/\/cvinoticias.com\/v3\/se-conmemora-el-dia-mundial-de-la-anestesia-una-fecha-para-reconocer-la-labor-de-los-anestesiologos\/#primaryimage"},"thumbnailUrl":"https:\/\/cvinoticias.com\/wp-content\/uploads\/2025\/10\/images-1.jpeg","keywords":["Anestesia","anestesi\u00f3logos","D\u00eda"],"articleSection":["EFEMERIDES"],"inLanguage":"es","potentialAction":[{"@type":"CommentAction","name":"Comment","target":["https:\/\/cvinoticias.com\/v3\/se-conmemora-el-dia-mundial-de-la-anestesia-una-fecha-para-reconocer-la-labor-de-los-anestesiologos\/#respond"]}]},{"@type":"WebPage","@id":"https:\/\/cvinoticias.com\/v3\/se-conmemora-el-dia-mundial-de-la-anestesia-una-fecha-para-reconocer-la-labor-de-los-anestesiologos\/","url":"https:\/\/cvinoticias.com\/v3\/se-conmemora-el-dia-mundial-de-la-anestesia-una-fecha-para-reconocer-la-labor-de-los-anestesiologos\/","name":"Se conmemora el D\u00eda Mundial de la Anestesia 2025 | CVI NOTICIAS","isPartOf":{"@id":"https:\/\/cvinoticias.com\/v3\/#website"},"primaryImageOfPage":{"@id":"https:\/\/cvinoticias.com\/v3\/se-conmemora-el-dia-mundial-de-la-anestesia-una-fecha-para-reconocer-la-labor-de-los-anestesiologos\/#primaryimage"},"image":{"@id":"https:\/\/cvinoticias.com\/v3\/se-conmemora-el-dia-mundial-de-la-anestesia-una-fecha-para-reconocer-la-labor-de-los-anestesiologos\/#primaryimage"},"thumbnailUrl":"https:\/\/cvinoticias.com\/wp-content\/uploads\/2025\/10\/images-1.jpeg","datePublished":"2025-10-16T13:08:30+00:00","dateModified":"2025-10-16T13:08:31+00:00","description":"Hoy se recuerda la labor de los anestesi\u00f3logos y el primer uso exitoso de la anestesia en 1846.","breadcrumb":{"@id":"https:\/\/cvinoticias.com\/v3\/se-conmemora-el-dia-mundial-de-la-anestesia-una-fecha-para-reconocer-la-labor-de-los-anestesiologos\/#breadcrumb"},"inLanguage":"es","potentialAction":[{"@type":"ReadAction","target":["https:\/\/cvinoticias.com\/v3\/se-conmemora-el-dia-mundial-de-la-anestesia-una-fecha-para-reconocer-la-labor-de-los-anestesiologos\/"]}]},{"@type":"ImageObject","inLanguage":"es","@id":"https:\/\/cvinoticias.com\/v3\/se-conmemora-el-dia-mundial-de-la-anestesia-una-fecha-para-reconocer-la-labor-de-los-anestesiologos\/#primaryimage","url":"https:\/\/cvinoticias.com\/wp-content\/uploads\/2025\/10\/images-1.jpeg","contentUrl":"https:\/\/cvinoticias.com\/wp-content\/uploads\/2025\/10\/images-1.jpeg","width":739,"height":415},{"@type":"BreadcrumbList","@id":"https:\/\/cvinoticias.com\/v3\/se-conmemora-el-dia-mundial-de-la-anestesia-una-fecha-para-reconocer-la-labor-de-los-anestesiologos\/#breadcrumb","itemListElement":[{"@type":"ListItem","position":1,"name":"Portada","item":"https:\/\/cvinoticias.com\/v3\/"},{"@type":"ListItem","position":2,"name":"Se conmemora el D\u00eda Mundial de la Anestesia: una fecha para reconocer la labor de los anestesi\u00f3logos"}]},{"@type":"WebSite","@id":"https:\/\/cvinoticias.com\/v3\/#website","url":"https:\/\/cvinoticias.com\/v3\/","name":"CVI NOTICIAS","description":"","publisher":{"@id":"https:\/\/cvinoticias.com\/v3\/#organization"},"alternateName":"CVI","potentialAction":[{"@type":"SearchAction","target":{"@type":"EntryPoint","urlTemplate":"https:\/\/cvinoticias.com\/v3\/?s={search_term_string}"},"query-input":{"@type":"PropertyValueSpecification","valueRequired":true,"valueName":"search_term_string"}}],"inLanguage":"es"},{"@type":"Organization","@id":"https:\/\/cvinoticias.com\/v3\/#organization","name":"CVI NOTICIAS","url":"https:\/\/cvinoticias.com\/v3\/","logo":{"@type":"ImageObject","inLanguage":"es","@id":"https:\/\/cvinoticias.com\/v3\/#\/schema\/logo\/image\/","url":"https:\/\/cvinoticias.com\/wp-content\/uploads\/2023\/04\/cropped-cropped-cropped-cropped-cropped-3-1.png","contentUrl":"https:\/\/cvinoticias.com\/wp-content\/uploads\/2023\/04\/cropped-cropped-cropped-cropped-cropped-3-1.png","width":95,"height":122,"caption":"CVI NOTICIAS"},"image":{"@id":"https:\/\/cvinoticias.com\/v3\/#\/schema\/logo\/image\/"},"sameAs":["https:\/\/www.facebook.com\/cvinoticias","https:\/\/www.instagram.com\/cvinoticias\/","https:\/\/www.youtube.com\/@CVINOTICIAS"]},{"@type":"Person","@id":"https:\/\/cvinoticias.com\/v3\/#\/schema\/person\/2db77e3c6bc03c538495d7b2b8be9b66","name":"f1000024","image":{"@type":"ImageObject","inLanguage":"es","@id":"https:\/\/secure.gravatar.com\/avatar\/d4fe7459cfc51ff5129ce1a732bbef5928568b8092d412ef95611616376bbeed?s=96&d=mm&r=g","url":"https:\/\/secure.gravatar.com\/avatar\/d4fe7459cfc51ff5129ce1a732bbef5928568b8092d412ef95611616376bbeed?s=96&d=mm&r=g","contentUrl":"https:\/\/secure.gravatar.com\/avatar\/d4fe7459cfc51ff5129ce1a732bbef5928568b8092d412ef95611616376bbeed?s=96&d=mm&r=g","caption":"f1000024"},"url":"https:\/\/cvinoticias.com\/v3\/author\/f1000024\/"}]}},"_links":{"self":[{"href":"https:\/\/cvinoticias.com\/v3\/wp-json\/wp\/v2\/posts\/50213","targetHints":{"allow":["GET"]}}],"collection":[{"href":"https:\/\/cvinoticias.com\/v3\/wp-json\/wp\/v2\/posts"}],"about":[{"href":"https:\/\/cvinoticias.com\/v3\/wp-json\/wp\/v2\/types\/post"}],"author":[{"embeddable":true,"href":"https:\/\/cvinoticias.com\/v3\/wp-json\/wp\/v2\/users\/2"}],"replies":[{"embeddable":true,"href":"https:\/\/cvinoticias.com\/v3\/wp-json\/wp\/v2\/comments?post=50213"}],"version-history":[{"count":1,"href":"https:\/\/cvinoticias.com\/v3\/wp-json\/wp\/v2\/posts\/50213\/revisions"}],"predecessor-version":[{"id":50215,"href":"https:\/\/cvinoticias.com\/v3\/wp-json\/wp\/v2\/posts\/50213\/revisions\/50215"}],"wp:featuredmedia":[{"embeddable":true,"href":"https:\/\/cvinoticias.com\/v3\/wp-json\/wp\/v2\/media\/50214"}],"wp:attachment":[{"href":"https:\/\/cvinoticias.com\/v3\/wp-json\/wp\/v2\/media?parent=50213"}],"wp:term":[{"taxonomy":"category","embeddable":true,"href":"https:\/\/cvinoticias.com\/v3\/wp-json\/wp\/v2\/categories?post=50213"},{"taxonomy":"post_tag","embeddable":true,"href":"https:\/\/cvinoticias.com\/v3\/wp-json\/wp\/v2\/tags?post=50213"}],"curies":[{"name":"wp","href":"https:\/\/api.w.org\/{rel}","templated":true}]}}