{"id":5020,"date":"2021-05-11T13:12:04","date_gmt":"2021-05-11T13:12:04","guid":{"rendered":"https:\/\/cvinoticias.com\/v3\/?p=5020"},"modified":"2021-05-11T13:12:04","modified_gmt":"2021-05-11T13:12:04","slug":"tras-las-denuncias-penales-por-abuso-el-juez-pedro-fragueiro-presento-su-renuncia","status":"publish","type":"post","link":"https:\/\/cvinoticias.com\/v3\/tras-las-denuncias-penales-por-abuso-el-juez-pedro-fragueiro-presento-su-renuncia\/","title":{"rendered":"Tras las denuncias penales por abuso, el Juez Pedro Fragueiro present\u00f3 su renuncia"},"content":{"rendered":"\n<p><strong><em>Luego se sumar varias denuncias por abuso, el juez de Familia y Violencia Familiar de Puerto Iguaz\u00fa present\u00f3 en las \u00faltimas horas la renuncia a su cargo.&nbsp;<\/em><\/strong><\/p>\n\n\n\n<p>El juez de Familia y Violencia Familiar de Puerto Iguaz\u00fa, Pedro Fragueiro, quien tiene en su contra cuatro denuncia penales por \u201cacoso y abuso sexual\u201d, denunci\u00f3 a su cargo hace unas horas.\u00a0<br><br>Cabe recordar que el C\u00f3digo Penal Argentino en su T\u00edtulo III \u201cDelitos contra la integridad sexual\u201d prev\u00e9 en su art\u00edculo 119 que \u201cser\u00e1 reprimido con reclusi\u00f3n o prisi\u00f3n de seis meses a cuatro a\u00f1os el que abusare sexualmente de una persona cuando \u00e9sta fuera menor de trece a\u00f1os o cuando mediare violencia, amenaza, abuso coactivo o intimidatorio de una relaci\u00f3n de dependencia, de autoridad, o de poder, o aprovech\u00e1ndose de que la v\u00edctima por cualquier causa no haya podido consentir libremente la acci\u00f3n.La pena ser\u00e1 de cuatro a diez a\u00f1os de reclusi\u00f3n o prisi\u00f3n cuando el abuso por su duraci\u00f3n o circunstancias de su realizaci\u00f3n, hubiere configurado un sometimiento sexual gravemente ultrajante para la v\u00edctima\u201d.<br><br><\/p>\n\n\n\n<p><\/p>\n","protected":false},"excerpt":{"rendered":"<p>Luego se sumar varias denuncias por abuso, el juez de Familia y Violencia Familiar de Puerto Iguaz\u00fa present\u00f3 en las \u00faltimas horas la renuncia a su cargo.&nbsp; El juez de Familia y Violencia Familiar de Puerto Iguaz\u00fa, Pedro Fragueiro, quien tiene en su contra cuatro denuncia penales por \u201cacoso y abuso sexual\u201d, denunci\u00f3 a su [&hellip;]<\/p>\n","protected":false},"author":2,"featured_media":4873,"comment_status":"open","ping_status":"open","sticky":false,"template":"","format":"standard","meta":{"footnotes":""},"categories":[37],"tags":[],"class_list":["post-5020","post","type-post","status-publish","format-standard","has-post-thumbnail","hentry","category-justicia"],"yoast_head":"<!-- This site is optimized with the Yoast SEO plugin v27.5 - https:\/\/yoast.com\/product\/yoast-seo-wordpress\/ -->\n<title>Tras las denuncias penales por abuso, el Juez Pedro Fragueiro present\u00f3 su renuncia | CVI NOTICIAS<\/title>\n<meta name=\"robots\" content=\"index, follow, max-snippet:-1, max-image-preview:large, max-video-preview:-1\" \/>\n<link rel=\"canonical\" href=\"https:\/\/cvinoticias.com\/v3\/tras-las-denuncias-penales-por-abuso-el-juez-pedro-fragueiro-presento-su-renuncia\/\" \/>\n<meta property=\"og:locale\" content=\"es_ES\" \/>\n<meta property=\"og:type\" content=\"article\" \/>\n<meta property=\"og:title\" content=\"Tras las denuncias penales por abuso, el Juez Pedro Fragueiro present\u00f3 su renuncia | CVI NOTICIAS\" \/>\n<meta property=\"og:description\" content=\"Luego se sumar varias denuncias por abuso, el juez de Familia y Violencia Familiar de Puerto Iguaz\u00fa present\u00f3 en las \u00faltimas horas la renuncia a su cargo.&nbsp; El juez de Familia y Violencia Familiar de Puerto Iguaz\u00fa, Pedro Fragueiro, quien tiene en su contra cuatro denuncia penales por \u201cacoso y abuso sexual\u201d, denunci\u00f3 a su [&hellip;]\" \/>\n<meta property=\"og:url\" content=\"https:\/\/cvinoticias.com\/v3\/tras-las-denuncias-penales-por-abuso-el-juez-pedro-fragueiro-presento-su-renuncia\/\" \/>\n<meta property=\"og:site_name\" content=\"CVI NOTICIAS\" \/>\n<meta property=\"article:publisher\" content=\"https:\/\/www.facebook.com\/cvinoticias\" \/>\n<meta property=\"article:published_time\" content=\"2021-05-11T13:12:04+00:00\" \/>\n<meta property=\"og:image\" content=\"https:\/\/cvinoticias.com\/wp-content\/uploads\/2021\/05\/Denuncian-al-juez-Fragueiro-de-Puerto-Iguazu-por-abuso-sexual.jpg\" \/>\n\t<meta property=\"og:image:width\" content=\"750\" \/>\n\t<meta property=\"og:image:height\" content=\"484\" \/>\n\t<meta property=\"og:image:type\" content=\"image\/jpeg\" \/>\n<meta name=\"author\" content=\"f1000024\" \/>\n<meta name=\"twitter:card\" content=\"summary_large_image\" \/>\n<meta name=\"twitter:label1\" content=\"Escrito por\" \/>\n\t<meta name=\"twitter:data1\" content=\"f1000024\" \/>\n\t<meta name=\"twitter:label2\" content=\"Tiempo de lectura\" \/>\n\t<meta name=\"twitter:data2\" content=\"1 minuto\" \/>\n<script type=\"application\/ld+json\" class=\"yoast-schema-graph\">{\"@context\":\"https:\\\/\\\/schema.org\",\"@graph\":[{\"@type\":\"Article\",\"@id\":\"https:\\\/\\\/cvinoticias.com\\\/v3\\\/tras-las-denuncias-penales-por-abuso-el-juez-pedro-fragueiro-presento-su-renuncia\\\/#article\",\"isPartOf\":{\"@id\":\"https:\\\/\\\/cvinoticias.com\\\/v3\\\/tras-las-denuncias-penales-por-abuso-el-juez-pedro-fragueiro-presento-su-renuncia\\\/\"},\"author\":{\"name\":\"f1000024\",\"@id\":\"https:\\\/\\\/cvinoticias.com\\\/v3\\\/#\\\/schema\\\/person\\\/2db77e3c6bc03c538495d7b2b8be9b66\"},\"headline\":\"Tras las denuncias penales por abuso, el Juez Pedro Fragueiro present\u00f3 su renuncia\",\"datePublished\":\"2021-05-11T13:12:04+00:00\",\"mainEntityOfPage\":{\"@id\":\"https:\\\/\\\/cvinoticias.com\\\/v3\\\/tras-las-denuncias-penales-por-abuso-el-juez-pedro-fragueiro-presento-su-renuncia\\\/\"},\"wordCount\":205,\"commentCount\":0,\"publisher\":{\"@id\":\"https:\\\/\\\/cvinoticias.com\\\/v3\\\/#organization\"},\"image\":{\"@id\":\"https:\\\/\\\/cvinoticias.com\\\/v3\\\/tras-las-denuncias-penales-por-abuso-el-juez-pedro-fragueiro-presento-su-renuncia\\\/#primaryimage\"},\"thumbnailUrl\":\"https:\\\/\\\/cvinoticias.com\\\/wp-content\\\/uploads\\\/2021\\\/05\\\/Denuncian-al-juez-Fragueiro-de-Puerto-Iguazu-por-abuso-sexual.jpg\",\"articleSection\":[\"Justicia\"],\"inLanguage\":\"es\",\"potentialAction\":[{\"@type\":\"CommentAction\",\"name\":\"Comment\",\"target\":[\"https:\\\/\\\/cvinoticias.com\\\/v3\\\/tras-las-denuncias-penales-por-abuso-el-juez-pedro-fragueiro-presento-su-renuncia\\\/#respond\"]}]},{\"@type\":\"WebPage\",\"@id\":\"https:\\\/\\\/cvinoticias.com\\\/v3\\\/tras-las-denuncias-penales-por-abuso-el-juez-pedro-fragueiro-presento-su-renuncia\\\/\",\"url\":\"https:\\\/\\\/cvinoticias.com\\\/v3\\\/tras-las-denuncias-penales-por-abuso-el-juez-pedro-fragueiro-presento-su-renuncia\\\/\",\"name\":\"Tras las denuncias penales por abuso, el Juez Pedro Fragueiro present\u00f3 su renuncia | CVI NOTICIAS\",\"isPartOf\":{\"@id\":\"https:\\\/\\\/cvinoticias.com\\\/v3\\\/#website\"},\"primaryImageOfPage\":{\"@id\":\"https:\\\/\\\/cvinoticias.com\\\/v3\\\/tras-las-denuncias-penales-por-abuso-el-juez-pedro-fragueiro-presento-su-renuncia\\\/#primaryimage\"},\"image\":{\"@id\":\"https:\\\/\\\/cvinoticias.com\\\/v3\\\/tras-las-denuncias-penales-por-abuso-el-juez-pedro-fragueiro-presento-su-renuncia\\\/#primaryimage\"},\"thumbnailUrl\":\"https:\\\/\\\/cvinoticias.com\\\/wp-content\\\/uploads\\\/2021\\\/05\\\/Denuncian-al-juez-Fragueiro-de-Puerto-Iguazu-por-abuso-sexual.jpg\",\"datePublished\":\"2021-05-11T13:12:04+00:00\",\"breadcrumb\":{\"@id\":\"https:\\\/\\\/cvinoticias.com\\\/v3\\\/tras-las-denuncias-penales-por-abuso-el-juez-pedro-fragueiro-presento-su-renuncia\\\/#breadcrumb\"},\"inLanguage\":\"es\",\"potentialAction\":[{\"@type\":\"ReadAction\",\"target\":[\"https:\\\/\\\/cvinoticias.com\\\/v3\\\/tras-las-denuncias-penales-por-abuso-el-juez-pedro-fragueiro-presento-su-renuncia\\\/\"]}]},{\"@type\":\"ImageObject\",\"inLanguage\":\"es\",\"@id\":\"https:\\\/\\\/cvinoticias.com\\\/v3\\\/tras-las-denuncias-penales-por-abuso-el-juez-pedro-fragueiro-presento-su-renuncia\\\/#primaryimage\",\"url\":\"https:\\\/\\\/cvinoticias.com\\\/wp-content\\\/uploads\\\/2021\\\/05\\\/Denuncian-al-juez-Fragueiro-de-Puerto-Iguazu-por-abuso-sexual.jpg\",\"contentUrl\":\"https:\\\/\\\/cvinoticias.com\\\/wp-content\\\/uploads\\\/2021\\\/05\\\/Denuncian-al-juez-Fragueiro-de-Puerto-Iguazu-por-abuso-sexual.jpg\",\"width\":750,\"height\":484},{\"@type\":\"BreadcrumbList\",\"@id\":\"https:\\\/\\\/cvinoticias.com\\\/v3\\\/tras-las-denuncias-penales-por-abuso-el-juez-pedro-fragueiro-presento-su-renuncia\\\/#breadcrumb\",\"itemListElement\":[{\"@type\":\"ListItem\",\"position\":1,\"name\":\"Portada\",\"item\":\"https:\\\/\\\/cvinoticias.com\\\/v3\\\/\"},{\"@type\":\"ListItem\",\"position\":2,\"name\":\"Tras las denuncias penales por abuso, el Juez Pedro Fragueiro present\u00f3 su renuncia\"}]},{\"@type\":\"WebSite\",\"@id\":\"https:\\\/\\\/cvinoticias.com\\\/v3\\\/#website\",\"url\":\"https:\\\/\\\/cvinoticias.com\\\/v3\\\/\",\"name\":\"CVI NOTICIAS\",\"description\":\"\",\"publisher\":{\"@id\":\"https:\\\/\\\/cvinoticias.com\\\/v3\\\/#organization\"},\"alternateName\":\"CVI\",\"potentialAction\":[{\"@type\":\"SearchAction\",\"target\":{\"@type\":\"EntryPoint\",\"urlTemplate\":\"https:\\\/\\\/cvinoticias.com\\\/v3\\\/?s={search_term_string}\"},\"query-input\":{\"@type\":\"PropertyValueSpecification\",\"valueRequired\":true,\"valueName\":\"search_term_string\"}}],\"inLanguage\":\"es\"},{\"@type\":\"Organization\",\"@id\":\"https:\\\/\\\/cvinoticias.com\\\/v3\\\/#organization\",\"name\":\"CVI NOTICIAS\",\"url\":\"https:\\\/\\\/cvinoticias.com\\\/v3\\\/\",\"logo\":{\"@type\":\"ImageObject\",\"inLanguage\":\"es\",\"@id\":\"https:\\\/\\\/cvinoticias.com\\\/v3\\\/#\\\/schema\\\/logo\\\/image\\\/\",\"url\":\"https:\\\/\\\/cvinoticias.com\\\/wp-content\\\/uploads\\\/2023\\\/04\\\/cropped-cropped-cropped-cropped-cropped-3-1.png\",\"contentUrl\":\"https:\\\/\\\/cvinoticias.com\\\/wp-content\\\/uploads\\\/2023\\\/04\\\/cropped-cropped-cropped-cropped-cropped-3-1.png\",\"width\":95,\"height\":122,\"caption\":\"CVI NOTICIAS\"},\"image\":{\"@id\":\"https:\\\/\\\/cvinoticias.com\\\/v3\\\/#\\\/schema\\\/logo\\\/image\\\/\"},\"sameAs\":[\"https:\\\/\\\/www.facebook.com\\\/cvinoticias\",\"https:\\\/\\\/www.instagram.com\\\/cvinoticias\\\/\",\"https:\\\/\\\/www.youtube.com\\\/@CVINOTICIAS\"]},{\"@type\":\"Person\",\"@id\":\"https:\\\/\\\/cvinoticias.com\\\/v3\\\/#\\\/schema\\\/person\\\/2db77e3c6bc03c538495d7b2b8be9b66\",\"name\":\"f1000024\",\"image\":{\"@type\":\"ImageObject\",\"inLanguage\":\"es\",\"@id\":\"https:\\\/\\\/secure.gravatar.com\\\/avatar\\\/d4fe7459cfc51ff5129ce1a732bbef5928568b8092d412ef95611616376bbeed?s=96&d=mm&r=g\",\"url\":\"https:\\\/\\\/secure.gravatar.com\\\/avatar\\\/d4fe7459cfc51ff5129ce1a732bbef5928568b8092d412ef95611616376bbeed?s=96&d=mm&r=g\",\"contentUrl\":\"https:\\\/\\\/secure.gravatar.com\\\/avatar\\\/d4fe7459cfc51ff5129ce1a732bbef5928568b8092d412ef95611616376bbeed?s=96&d=mm&r=g\",\"caption\":\"f1000024\"},\"url\":\"https:\\\/\\\/cvinoticias.com\\\/v3\\\/author\\\/f1000024\\\/\"}]}<\/script>\n<!-- \/ Yoast SEO plugin. -->","yoast_head_json":{"title":"Tras las denuncias penales por abuso, el Juez Pedro Fragueiro present\u00f3 su renuncia | CVI NOTICIAS","robots":{"index":"index","follow":"follow","max-snippet":"max-snippet:-1","max-image-preview":"max-image-preview:large","max-video-preview":"max-video-preview:-1"},"canonical":"https:\/\/cvinoticias.com\/v3\/tras-las-denuncias-penales-por-abuso-el-juez-pedro-fragueiro-presento-su-renuncia\/","og_locale":"es_ES","og_type":"article","og_title":"Tras las denuncias penales por abuso, el Juez Pedro Fragueiro present\u00f3 su renuncia | CVI NOTICIAS","og_description":"Luego se sumar varias denuncias por abuso, el juez de Familia y Violencia Familiar de Puerto Iguaz\u00fa present\u00f3 en las \u00faltimas horas la renuncia a su cargo.&nbsp; El juez de Familia y Violencia Familiar de Puerto Iguaz\u00fa, Pedro Fragueiro, quien tiene en su contra cuatro denuncia penales por \u201cacoso y abuso sexual\u201d, denunci\u00f3 a su [&hellip;]","og_url":"https:\/\/cvinoticias.com\/v3\/tras-las-denuncias-penales-por-abuso-el-juez-pedro-fragueiro-presento-su-renuncia\/","og_site_name":"CVI NOTICIAS","article_publisher":"https:\/\/www.facebook.com\/cvinoticias","article_published_time":"2021-05-11T13:12:04+00:00","og_image":[{"width":750,"height":484,"url":"https:\/\/cvinoticias.com\/wp-content\/uploads\/2021\/05\/Denuncian-al-juez-Fragueiro-de-Puerto-Iguazu-por-abuso-sexual.jpg","type":"image\/jpeg"}],"author":"f1000024","twitter_card":"summary_large_image","twitter_misc":{"Escrito por":"f1000024","Tiempo de lectura":"1 minuto"},"schema":{"@context":"https:\/\/schema.org","@graph":[{"@type":"Article","@id":"https:\/\/cvinoticias.com\/v3\/tras-las-denuncias-penales-por-abuso-el-juez-pedro-fragueiro-presento-su-renuncia\/#article","isPartOf":{"@id":"https:\/\/cvinoticias.com\/v3\/tras-las-denuncias-penales-por-abuso-el-juez-pedro-fragueiro-presento-su-renuncia\/"},"author":{"name":"f1000024","@id":"https:\/\/cvinoticias.com\/v3\/#\/schema\/person\/2db77e3c6bc03c538495d7b2b8be9b66"},"headline":"Tras las denuncias penales por abuso, el Juez Pedro Fragueiro present\u00f3 su renuncia","datePublished":"2021-05-11T13:12:04+00:00","mainEntityOfPage":{"@id":"https:\/\/cvinoticias.com\/v3\/tras-las-denuncias-penales-por-abuso-el-juez-pedro-fragueiro-presento-su-renuncia\/"},"wordCount":205,"commentCount":0,"publisher":{"@id":"https:\/\/cvinoticias.com\/v3\/#organization"},"image":{"@id":"https:\/\/cvinoticias.com\/v3\/tras-las-denuncias-penales-por-abuso-el-juez-pedro-fragueiro-presento-su-renuncia\/#primaryimage"},"thumbnailUrl":"https:\/\/cvinoticias.com\/wp-content\/uploads\/2021\/05\/Denuncian-al-juez-Fragueiro-de-Puerto-Iguazu-por-abuso-sexual.jpg","articleSection":["Justicia"],"inLanguage":"es","potentialAction":[{"@type":"CommentAction","name":"Comment","target":["https:\/\/cvinoticias.com\/v3\/tras-las-denuncias-penales-por-abuso-el-juez-pedro-fragueiro-presento-su-renuncia\/#respond"]}]},{"@type":"WebPage","@id":"https:\/\/cvinoticias.com\/v3\/tras-las-denuncias-penales-por-abuso-el-juez-pedro-fragueiro-presento-su-renuncia\/","url":"https:\/\/cvinoticias.com\/v3\/tras-las-denuncias-penales-por-abuso-el-juez-pedro-fragueiro-presento-su-renuncia\/","name":"Tras las denuncias penales por abuso, el Juez Pedro Fragueiro present\u00f3 su renuncia | CVI NOTICIAS","isPartOf":{"@id":"https:\/\/cvinoticias.com\/v3\/#website"},"primaryImageOfPage":{"@id":"https:\/\/cvinoticias.com\/v3\/tras-las-denuncias-penales-por-abuso-el-juez-pedro-fragueiro-presento-su-renuncia\/#primaryimage"},"image":{"@id":"https:\/\/cvinoticias.com\/v3\/tras-las-denuncias-penales-por-abuso-el-juez-pedro-fragueiro-presento-su-renuncia\/#primaryimage"},"thumbnailUrl":"https:\/\/cvinoticias.com\/wp-content\/uploads\/2021\/05\/Denuncian-al-juez-Fragueiro-de-Puerto-Iguazu-por-abuso-sexual.jpg","datePublished":"2021-05-11T13:12:04+00:00","breadcrumb":{"@id":"https:\/\/cvinoticias.com\/v3\/tras-las-denuncias-penales-por-abuso-el-juez-pedro-fragueiro-presento-su-renuncia\/#breadcrumb"},"inLanguage":"es","potentialAction":[{"@type":"ReadAction","target":["https:\/\/cvinoticias.com\/v3\/tras-las-denuncias-penales-por-abuso-el-juez-pedro-fragueiro-presento-su-renuncia\/"]}]},{"@type":"ImageObject","inLanguage":"es","@id":"https:\/\/cvinoticias.com\/v3\/tras-las-denuncias-penales-por-abuso-el-juez-pedro-fragueiro-presento-su-renuncia\/#primaryimage","url":"https:\/\/cvinoticias.com\/wp-content\/uploads\/2021\/05\/Denuncian-al-juez-Fragueiro-de-Puerto-Iguazu-por-abuso-sexual.jpg","contentUrl":"https:\/\/cvinoticias.com\/wp-content\/uploads\/2021\/05\/Denuncian-al-juez-Fragueiro-de-Puerto-Iguazu-por-abuso-sexual.jpg","width":750,"height":484},{"@type":"BreadcrumbList","@id":"https:\/\/cvinoticias.com\/v3\/tras-las-denuncias-penales-por-abuso-el-juez-pedro-fragueiro-presento-su-renuncia\/#breadcrumb","itemListElement":[{"@type":"ListItem","position":1,"name":"Portada","item":"https:\/\/cvinoticias.com\/v3\/"},{"@type":"ListItem","position":2,"name":"Tras las denuncias penales por abuso, el Juez Pedro Fragueiro present\u00f3 su renuncia"}]},{"@type":"WebSite","@id":"https:\/\/cvinoticias.com\/v3\/#website","url":"https:\/\/cvinoticias.com\/v3\/","name":"CVI NOTICIAS","description":"","publisher":{"@id":"https:\/\/cvinoticias.com\/v3\/#organization"},"alternateName":"CVI","potentialAction":[{"@type":"SearchAction","target":{"@type":"EntryPoint","urlTemplate":"https:\/\/cvinoticias.com\/v3\/?s={search_term_string}"},"query-input":{"@type":"PropertyValueSpecification","valueRequired":true,"valueName":"search_term_string"}}],"inLanguage":"es"},{"@type":"Organization","@id":"https:\/\/cvinoticias.com\/v3\/#organization","name":"CVI NOTICIAS","url":"https:\/\/cvinoticias.com\/v3\/","logo":{"@type":"ImageObject","inLanguage":"es","@id":"https:\/\/cvinoticias.com\/v3\/#\/schema\/logo\/image\/","url":"https:\/\/cvinoticias.com\/wp-content\/uploads\/2023\/04\/cropped-cropped-cropped-cropped-cropped-3-1.png","contentUrl":"https:\/\/cvinoticias.com\/wp-content\/uploads\/2023\/04\/cropped-cropped-cropped-cropped-cropped-3-1.png","width":95,"height":122,"caption":"CVI NOTICIAS"},"image":{"@id":"https:\/\/cvinoticias.com\/v3\/#\/schema\/logo\/image\/"},"sameAs":["https:\/\/www.facebook.com\/cvinoticias","https:\/\/www.instagram.com\/cvinoticias\/","https:\/\/www.youtube.com\/@CVINOTICIAS"]},{"@type":"Person","@id":"https:\/\/cvinoticias.com\/v3\/#\/schema\/person\/2db77e3c6bc03c538495d7b2b8be9b66","name":"f1000024","image":{"@type":"ImageObject","inLanguage":"es","@id":"https:\/\/secure.gravatar.com\/avatar\/d4fe7459cfc51ff5129ce1a732bbef5928568b8092d412ef95611616376bbeed?s=96&d=mm&r=g","url":"https:\/\/secure.gravatar.com\/avatar\/d4fe7459cfc51ff5129ce1a732bbef5928568b8092d412ef95611616376bbeed?s=96&d=mm&r=g","contentUrl":"https:\/\/secure.gravatar.com\/avatar\/d4fe7459cfc51ff5129ce1a732bbef5928568b8092d412ef95611616376bbeed?s=96&d=mm&r=g","caption":"f1000024"},"url":"https:\/\/cvinoticias.com\/v3\/author\/f1000024\/"}]}},"_links":{"self":[{"href":"https:\/\/cvinoticias.com\/v3\/wp-json\/wp\/v2\/posts\/5020","targetHints":{"allow":["GET"]}}],"collection":[{"href":"https:\/\/cvinoticias.com\/v3\/wp-json\/wp\/v2\/posts"}],"about":[{"href":"https:\/\/cvinoticias.com\/v3\/wp-json\/wp\/v2\/types\/post"}],"author":[{"embeddable":true,"href":"https:\/\/cvinoticias.com\/v3\/wp-json\/wp\/v2\/users\/2"}],"replies":[{"embeddable":true,"href":"https:\/\/cvinoticias.com\/v3\/wp-json\/wp\/v2\/comments?post=5020"}],"version-history":[{"count":1,"href":"https:\/\/cvinoticias.com\/v3\/wp-json\/wp\/v2\/posts\/5020\/revisions"}],"predecessor-version":[{"id":5021,"href":"https:\/\/cvinoticias.com\/v3\/wp-json\/wp\/v2\/posts\/5020\/revisions\/5021"}],"wp:featuredmedia":[{"embeddable":true,"href":"https:\/\/cvinoticias.com\/v3\/wp-json\/wp\/v2\/media\/4873"}],"wp:attachment":[{"href":"https:\/\/cvinoticias.com\/v3\/wp-json\/wp\/v2\/media?parent=5020"}],"wp:term":[{"taxonomy":"category","embeddable":true,"href":"https:\/\/cvinoticias.com\/v3\/wp-json\/wp\/v2\/categories?post=5020"},{"taxonomy":"post_tag","embeddable":true,"href":"https:\/\/cvinoticias.com\/v3\/wp-json\/wp\/v2\/tags?post=5020"}],"curies":[{"name":"wp","href":"https:\/\/api.w.org\/{rel}","templated":true}]}}