{"id":50151,"date":"2025-10-15T09:38:20","date_gmt":"2025-10-15T12:38:20","guid":{"rendered":"https:\/\/cvinoticias.com\/v3\/?p=50151"},"modified":"2025-10-15T09:38:22","modified_gmt":"2025-10-15T12:38:22","slug":"misiones-se-destaco-en-el-encuentro-federal-previo-a-la-cop30","status":"publish","type":"post","link":"https:\/\/cvinoticias.com\/v3\/misiones-se-destaco-en-el-encuentro-federal-previo-a-la-cop30\/","title":{"rendered":"Misiones se destac\u00f3 en el Encuentro Federal previo a la COP30"},"content":{"rendered":"\n<p class=\"wp-block-paragraph\">La provincia de Misiones se posicion\u00f3 como referente en acci\u00f3n clim\u00e1tica durante la segunda edici\u00f3n del Encuentro Federal, celebrado en Paran\u00e1 como antesala de la cumbre anual de la ONU, la COP30, que este a\u00f1o se realizar\u00e1 en Bel\u00e9m, Brasil. El evento reuni\u00f3 a representantes de todas las provincias argentinas para fortalecer la agenda clim\u00e1tica y compartir experiencias sobre pol\u00edticas subnacionales.<\/p>\n\n\n\n<p class=\"wp-block-paragraph\">Misiones, invitada especial tras haber sido sede de la PreCOP29 en Posadas el a\u00f1o pasado, present\u00f3 los avances de su trabajo en la regi\u00f3n litoral y consolid\u00f3 alianzas estrat\u00e9gicas con provincias que a\u00fan no forman parte del Acuerdo de Voluntades Ambientales (AVA). La COP30, que conmemora diez a\u00f1os del Acuerdo de Par\u00eds, contar\u00e1 con la participaci\u00f3n de delegados oficiales de los pa\u00edses, gobiernos locales y regionales, organismos internacionales, sector privado, universidades, investigadores, comunidades ind\u00edgenas, j\u00f3venes y organizaciones de la sociedad civil.<\/p>\n\n\n\n<p class=\"wp-block-paragraph\">Con sede en el MiradorTEC, el encuentro convoc\u00f3 a gobiernos provinciales, representantes de la cooperaci\u00f3n internacional como la Uni\u00f3n Europea y GIZ Argentina, el sector bancario y la academia. Durante la jornada, se debatieron temas centrales como la transici\u00f3n justa, la bioeconom\u00eda, el acceso al financiamiento para los territorios y las Soluciones Basadas en la Naturaleza. Organismos como el CFI, ICLEI, GIZ y expertos del Banco Mundial y del sector privado intercambiaron experiencias sobre inversi\u00f3n en sostenibilidad, mientras empresas como Grupo Petersen, Genesis y BYMA analizaron el papel de la banca y los mercados de carbono.<\/p>\n\n\n\n<p class=\"wp-block-paragraph\">El encuentro tambi\u00e9n abord\u00f3 la importancia de la biodiversidad y las \u00e1reas protegidas, un enfoque clave en la previa a la COP30 amaz\u00f3nica, con la participaci\u00f3n de Pedro Friedrich, de la Fundaci\u00f3n Banco de Bosques.<\/p>\n\n\n\n<p class=\"wp-block-paragraph\">Fuente: Ministerio de Cambio Clim\u00e1tico<\/p>\n","protected":false},"excerpt":{"rendered":"<p>La provincia de Misiones se posicion\u00f3 como referente en acci\u00f3n clim\u00e1tica durante la segunda edici\u00f3n del Encuentro Federal, celebrado en Paran\u00e1 como antesala de la cumbre anual de la ONU, la COP30, que este a\u00f1o se realizar\u00e1 en Bel\u00e9m, Brasil. El evento reuni\u00f3 a representantes de todas las provincias argentinas para fortalecer la agenda clim\u00e1tica [&hellip;]<\/p>\n","protected":false},"author":2,"featured_media":50152,"comment_status":"open","ping_status":"closed","sticky":false,"template":"","format":"standard","meta":{"footnotes":""},"categories":[455],"tags":[4133,481,1682,278],"class_list":["post-50151","post","type-post","status-publish","format-standard","has-post-thumbnail","hentry","category-misiones","tag-cop30","tag-encuentro","tag-federal","tag-misiones"],"yoast_head":"<!-- This site is optimized with the Yoast SEO plugin v28.3 - https:\/\/yoast.com\/product\/yoast-seo-wordpress\/ -->\n<title>Misiones se destac\u00f3 en el Encuentro Federal previo a la COP30 | CVI NOTICIAS<\/title>\n<meta name=\"description\" content=\"Misiones brill\u00f3 en el Encuentro Federal y comparti\u00f3 avances clim\u00e1ticos rumbo a la COP30 en Bel\u00e9m, Brasil.\" \/>\n<meta name=\"robots\" content=\"index, follow, max-snippet:-1, max-image-preview:large, max-video-preview:-1\" \/>\n<link rel=\"canonical\" href=\"https:\/\/cvinoticias.com\/v3\/misiones-se-destaco-en-el-encuentro-federal-previo-a-la-cop30\/\" \/>\n<meta property=\"og:locale\" content=\"es_ES\" \/>\n<meta property=\"og:type\" content=\"article\" \/>\n<meta property=\"og:title\" content=\"Misiones se destac\u00f3 en el Encuentro Federal previo a la COP30 | CVI NOTICIAS\" \/>\n<meta property=\"og:description\" content=\"Misiones brill\u00f3 en el Encuentro Federal y comparti\u00f3 avances clim\u00e1ticos rumbo a la COP30 en Bel\u00e9m, Brasil.\" \/>\n<meta property=\"og:url\" content=\"https:\/\/cvinoticias.com\/v3\/misiones-se-destaco-en-el-encuentro-federal-previo-a-la-cop30\/\" \/>\n<meta property=\"og:site_name\" content=\"CVI NOTICIAS\" \/>\n<meta property=\"article:publisher\" content=\"https:\/\/www.facebook.com\/cvinoticias\" \/>\n<meta property=\"article:published_time\" content=\"2025-10-15T12:38:20+00:00\" \/>\n<meta property=\"article:modified_time\" content=\"2025-10-15T12:38:22+00:00\" \/>\n<meta property=\"og:image\" content=\"https:\/\/cvinoticias.com\/wp-content\/uploads\/2025\/10\/image-50.jpeg\" \/>\n\t<meta property=\"og:image:width\" content=\"1024\" \/>\n\t<meta property=\"og:image:height\" content=\"576\" \/>\n\t<meta property=\"og:image:type\" content=\"image\/jpeg\" \/>\n<meta name=\"author\" content=\"f1000024\" \/>\n<meta name=\"twitter:card\" content=\"summary_large_image\" \/>\n<meta name=\"twitter:label1\" content=\"Escrito por\" \/>\n\t<meta name=\"twitter:data1\" content=\"f1000024\" \/>\n\t<meta name=\"twitter:label2\" content=\"Tiempo de lectura\" \/>\n\t<meta name=\"twitter:data2\" content=\"2 minutos\" \/>\n<script type=\"application\/ld+json\" class=\"yoast-schema-graph\">{\"@context\":\"https:\\\/\\\/schema.org\",\"@graph\":[{\"@type\":\"Article\",\"@id\":\"https:\\\/\\\/cvinoticias.com\\\/v3\\\/misiones-se-destaco-en-el-encuentro-federal-previo-a-la-cop30\\\/#article\",\"isPartOf\":{\"@id\":\"https:\\\/\\\/cvinoticias.com\\\/v3\\\/misiones-se-destaco-en-el-encuentro-federal-previo-a-la-cop30\\\/\"},\"author\":{\"name\":\"f1000024\",\"@id\":\"https:\\\/\\\/cvinoticias.com\\\/v3\\\/#\\\/schema\\\/person\\\/2db77e3c6bc03c538495d7b2b8be9b66\"},\"headline\":\"Misiones se destac\u00f3 en el Encuentro Federal previo a la COP30\",\"datePublished\":\"2025-10-15T12:38:20+00:00\",\"dateModified\":\"2025-10-15T12:38:22+00:00\",\"mainEntityOfPage\":{\"@id\":\"https:\\\/\\\/cvinoticias.com\\\/v3\\\/misiones-se-destaco-en-el-encuentro-federal-previo-a-la-cop30\\\/\"},\"wordCount\":316,\"commentCount\":0,\"publisher\":{\"@id\":\"https:\\\/\\\/cvinoticias.com\\\/v3\\\/#organization\"},\"image\":{\"@id\":\"https:\\\/\\\/cvinoticias.com\\\/v3\\\/misiones-se-destaco-en-el-encuentro-federal-previo-a-la-cop30\\\/#primaryimage\"},\"thumbnailUrl\":\"https:\\\/\\\/cvinoticias.com\\\/wp-content\\\/uploads\\\/2025\\\/10\\\/image-50.jpeg\",\"keywords\":[\"COP30\",\"Encuentro\",\"Federal\",\"Misiones\"],\"articleSection\":[\"Misiones\"],\"inLanguage\":\"es\",\"potentialAction\":[{\"@type\":\"CommentAction\",\"name\":\"Comment\",\"target\":[\"https:\\\/\\\/cvinoticias.com\\\/v3\\\/misiones-se-destaco-en-el-encuentro-federal-previo-a-la-cop30\\\/#respond\"]}]},{\"@type\":\"WebPage\",\"@id\":\"https:\\\/\\\/cvinoticias.com\\\/v3\\\/misiones-se-destaco-en-el-encuentro-federal-previo-a-la-cop30\\\/\",\"url\":\"https:\\\/\\\/cvinoticias.com\\\/v3\\\/misiones-se-destaco-en-el-encuentro-federal-previo-a-la-cop30\\\/\",\"name\":\"Misiones se destac\u00f3 en el Encuentro Federal previo a la COP30 | CVI NOTICIAS\",\"isPartOf\":{\"@id\":\"https:\\\/\\\/cvinoticias.com\\\/v3\\\/#website\"},\"primaryImageOfPage\":{\"@id\":\"https:\\\/\\\/cvinoticias.com\\\/v3\\\/misiones-se-destaco-en-el-encuentro-federal-previo-a-la-cop30\\\/#primaryimage\"},\"image\":{\"@id\":\"https:\\\/\\\/cvinoticias.com\\\/v3\\\/misiones-se-destaco-en-el-encuentro-federal-previo-a-la-cop30\\\/#primaryimage\"},\"thumbnailUrl\":\"https:\\\/\\\/cvinoticias.com\\\/wp-content\\\/uploads\\\/2025\\\/10\\\/image-50.jpeg\",\"datePublished\":\"2025-10-15T12:38:20+00:00\",\"dateModified\":\"2025-10-15T12:38:22+00:00\",\"description\":\"Misiones brill\u00f3 en el Encuentro Federal y comparti\u00f3 avances clim\u00e1ticos rumbo a la COP30 en Bel\u00e9m, Brasil.\",\"breadcrumb\":{\"@id\":\"https:\\\/\\\/cvinoticias.com\\\/v3\\\/misiones-se-destaco-en-el-encuentro-federal-previo-a-la-cop30\\\/#breadcrumb\"},\"inLanguage\":\"es\",\"potentialAction\":[{\"@type\":\"ReadAction\",\"target\":[\"https:\\\/\\\/cvinoticias.com\\\/v3\\\/misiones-se-destaco-en-el-encuentro-federal-previo-a-la-cop30\\\/\"]}]},{\"@type\":\"ImageObject\",\"inLanguage\":\"es\",\"@id\":\"https:\\\/\\\/cvinoticias.com\\\/v3\\\/misiones-se-destaco-en-el-encuentro-federal-previo-a-la-cop30\\\/#primaryimage\",\"url\":\"https:\\\/\\\/cvinoticias.com\\\/wp-content\\\/uploads\\\/2025\\\/10\\\/image-50.jpeg\",\"contentUrl\":\"https:\\\/\\\/cvinoticias.com\\\/wp-content\\\/uploads\\\/2025\\\/10\\\/image-50.jpeg\",\"width\":1024,\"height\":576},{\"@type\":\"BreadcrumbList\",\"@id\":\"https:\\\/\\\/cvinoticias.com\\\/v3\\\/misiones-se-destaco-en-el-encuentro-federal-previo-a-la-cop30\\\/#breadcrumb\",\"itemListElement\":[{\"@type\":\"ListItem\",\"position\":1,\"name\":\"Portada\",\"item\":\"https:\\\/\\\/cvinoticias.com\\\/v3\\\/\"},{\"@type\":\"ListItem\",\"position\":2,\"name\":\"Misiones se destac\u00f3 en el Encuentro Federal previo a la COP30\"}]},{\"@type\":\"WebSite\",\"@id\":\"https:\\\/\\\/cvinoticias.com\\\/v3\\\/#website\",\"url\":\"https:\\\/\\\/cvinoticias.com\\\/v3\\\/\",\"name\":\"CVI NOTICIAS\",\"description\":\"\",\"publisher\":{\"@id\":\"https:\\\/\\\/cvinoticias.com\\\/v3\\\/#organization\"},\"alternateName\":\"CVI\",\"potentialAction\":[{\"@type\":\"SearchAction\",\"target\":{\"@type\":\"EntryPoint\",\"urlTemplate\":\"https:\\\/\\\/cvinoticias.com\\\/v3\\\/?s={search_term_string}\"},\"query-input\":{\"@type\":\"PropertyValueSpecification\",\"valueRequired\":true,\"valueName\":\"search_term_string\"}}],\"inLanguage\":\"es\"},{\"@type\":\"Organization\",\"@id\":\"https:\\\/\\\/cvinoticias.com\\\/v3\\\/#organization\",\"name\":\"CVI NOTICIAS\",\"url\":\"https:\\\/\\\/cvinoticias.com\\\/v3\\\/\",\"logo\":{\"@type\":\"ImageObject\",\"inLanguage\":\"es\",\"@id\":\"https:\\\/\\\/cvinoticias.com\\\/v3\\\/#\\\/schema\\\/logo\\\/image\\\/\",\"url\":\"https:\\\/\\\/cvinoticias.com\\\/wp-content\\\/uploads\\\/2023\\\/04\\\/cropped-cropped-cropped-cropped-cropped-3-1.png\",\"contentUrl\":\"https:\\\/\\\/cvinoticias.com\\\/wp-content\\\/uploads\\\/2023\\\/04\\\/cropped-cropped-cropped-cropped-cropped-3-1.png\",\"width\":95,\"height\":122,\"caption\":\"CVI NOTICIAS\"},\"image\":{\"@id\":\"https:\\\/\\\/cvinoticias.com\\\/v3\\\/#\\\/schema\\\/logo\\\/image\\\/\"},\"sameAs\":[\"https:\\\/\\\/www.facebook.com\\\/cvinoticias\",\"https:\\\/\\\/www.instagram.com\\\/cvinoticias\\\/\",\"https:\\\/\\\/www.youtube.com\\\/@CVINOTICIAS\"]},{\"@type\":\"Person\",\"@id\":\"https:\\\/\\\/cvinoticias.com\\\/v3\\\/#\\\/schema\\\/person\\\/2db77e3c6bc03c538495d7b2b8be9b66\",\"name\":\"f1000024\",\"image\":{\"@type\":\"ImageObject\",\"inLanguage\":\"es\",\"@id\":\"https:\\\/\\\/secure.gravatar.com\\\/avatar\\\/d4fe7459cfc51ff5129ce1a732bbef5928568b8092d412ef95611616376bbeed?s=96&d=mm&r=g\",\"url\":\"https:\\\/\\\/secure.gravatar.com\\\/avatar\\\/d4fe7459cfc51ff5129ce1a732bbef5928568b8092d412ef95611616376bbeed?s=96&d=mm&r=g\",\"contentUrl\":\"https:\\\/\\\/secure.gravatar.com\\\/avatar\\\/d4fe7459cfc51ff5129ce1a732bbef5928568b8092d412ef95611616376bbeed?s=96&d=mm&r=g\",\"caption\":\"f1000024\"},\"url\":\"https:\\\/\\\/cvinoticias.com\\\/v3\\\/author\\\/f1000024\\\/\"}]}<\/script>\n<!-- \/ Yoast SEO plugin. -->","yoast_head_json":{"title":"Misiones se destac\u00f3 en el Encuentro Federal previo a la COP30 | CVI NOTICIAS","description":"Misiones brill\u00f3 en el Encuentro Federal y comparti\u00f3 avances clim\u00e1ticos rumbo a la COP30 en Bel\u00e9m, Brasil.","robots":{"index":"index","follow":"follow","max-snippet":"max-snippet:-1","max-image-preview":"max-image-preview:large","max-video-preview":"max-video-preview:-1"},"canonical":"https:\/\/cvinoticias.com\/v3\/misiones-se-destaco-en-el-encuentro-federal-previo-a-la-cop30\/","og_locale":"es_ES","og_type":"article","og_title":"Misiones se destac\u00f3 en el Encuentro Federal previo a la COP30 | CVI NOTICIAS","og_description":"Misiones brill\u00f3 en el Encuentro Federal y comparti\u00f3 avances clim\u00e1ticos rumbo a la COP30 en Bel\u00e9m, Brasil.","og_url":"https:\/\/cvinoticias.com\/v3\/misiones-se-destaco-en-el-encuentro-federal-previo-a-la-cop30\/","og_site_name":"CVI NOTICIAS","article_publisher":"https:\/\/www.facebook.com\/cvinoticias","article_published_time":"2025-10-15T12:38:20+00:00","article_modified_time":"2025-10-15T12:38:22+00:00","og_image":[{"width":1024,"height":576,"url":"https:\/\/cvinoticias.com\/wp-content\/uploads\/2025\/10\/image-50.jpeg","type":"image\/jpeg"}],"author":"f1000024","twitter_card":"summary_large_image","twitter_misc":{"Escrito por":"f1000024","Tiempo de lectura":"2 minutos"},"schema":{"@context":"https:\/\/schema.org","@graph":[{"@type":"Article","@id":"https:\/\/cvinoticias.com\/v3\/misiones-se-destaco-en-el-encuentro-federal-previo-a-la-cop30\/#article","isPartOf":{"@id":"https:\/\/cvinoticias.com\/v3\/misiones-se-destaco-en-el-encuentro-federal-previo-a-la-cop30\/"},"author":{"name":"f1000024","@id":"https:\/\/cvinoticias.com\/v3\/#\/schema\/person\/2db77e3c6bc03c538495d7b2b8be9b66"},"headline":"Misiones se destac\u00f3 en el Encuentro Federal previo a la COP30","datePublished":"2025-10-15T12:38:20+00:00","dateModified":"2025-10-15T12:38:22+00:00","mainEntityOfPage":{"@id":"https:\/\/cvinoticias.com\/v3\/misiones-se-destaco-en-el-encuentro-federal-previo-a-la-cop30\/"},"wordCount":316,"commentCount":0,"publisher":{"@id":"https:\/\/cvinoticias.com\/v3\/#organization"},"image":{"@id":"https:\/\/cvinoticias.com\/v3\/misiones-se-destaco-en-el-encuentro-federal-previo-a-la-cop30\/#primaryimage"},"thumbnailUrl":"https:\/\/cvinoticias.com\/wp-content\/uploads\/2025\/10\/image-50.jpeg","keywords":["COP30","Encuentro","Federal","Misiones"],"articleSection":["Misiones"],"inLanguage":"es","potentialAction":[{"@type":"CommentAction","name":"Comment","target":["https:\/\/cvinoticias.com\/v3\/misiones-se-destaco-en-el-encuentro-federal-previo-a-la-cop30\/#respond"]}]},{"@type":"WebPage","@id":"https:\/\/cvinoticias.com\/v3\/misiones-se-destaco-en-el-encuentro-federal-previo-a-la-cop30\/","url":"https:\/\/cvinoticias.com\/v3\/misiones-se-destaco-en-el-encuentro-federal-previo-a-la-cop30\/","name":"Misiones se destac\u00f3 en el Encuentro Federal previo a la COP30 | CVI NOTICIAS","isPartOf":{"@id":"https:\/\/cvinoticias.com\/v3\/#website"},"primaryImageOfPage":{"@id":"https:\/\/cvinoticias.com\/v3\/misiones-se-destaco-en-el-encuentro-federal-previo-a-la-cop30\/#primaryimage"},"image":{"@id":"https:\/\/cvinoticias.com\/v3\/misiones-se-destaco-en-el-encuentro-federal-previo-a-la-cop30\/#primaryimage"},"thumbnailUrl":"https:\/\/cvinoticias.com\/wp-content\/uploads\/2025\/10\/image-50.jpeg","datePublished":"2025-10-15T12:38:20+00:00","dateModified":"2025-10-15T12:38:22+00:00","description":"Misiones brill\u00f3 en el Encuentro Federal y comparti\u00f3 avances clim\u00e1ticos rumbo a la COP30 en Bel\u00e9m, Brasil.","breadcrumb":{"@id":"https:\/\/cvinoticias.com\/v3\/misiones-se-destaco-en-el-encuentro-federal-previo-a-la-cop30\/#breadcrumb"},"inLanguage":"es","potentialAction":[{"@type":"ReadAction","target":["https:\/\/cvinoticias.com\/v3\/misiones-se-destaco-en-el-encuentro-federal-previo-a-la-cop30\/"]}]},{"@type":"ImageObject","inLanguage":"es","@id":"https:\/\/cvinoticias.com\/v3\/misiones-se-destaco-en-el-encuentro-federal-previo-a-la-cop30\/#primaryimage","url":"https:\/\/cvinoticias.com\/wp-content\/uploads\/2025\/10\/image-50.jpeg","contentUrl":"https:\/\/cvinoticias.com\/wp-content\/uploads\/2025\/10\/image-50.jpeg","width":1024,"height":576},{"@type":"BreadcrumbList","@id":"https:\/\/cvinoticias.com\/v3\/misiones-se-destaco-en-el-encuentro-federal-previo-a-la-cop30\/#breadcrumb","itemListElement":[{"@type":"ListItem","position":1,"name":"Portada","item":"https:\/\/cvinoticias.com\/v3\/"},{"@type":"ListItem","position":2,"name":"Misiones se destac\u00f3 en el Encuentro Federal previo a la COP30"}]},{"@type":"WebSite","@id":"https:\/\/cvinoticias.com\/v3\/#website","url":"https:\/\/cvinoticias.com\/v3\/","name":"CVI NOTICIAS","description":"","publisher":{"@id":"https:\/\/cvinoticias.com\/v3\/#organization"},"alternateName":"CVI","potentialAction":[{"@type":"SearchAction","target":{"@type":"EntryPoint","urlTemplate":"https:\/\/cvinoticias.com\/v3\/?s={search_term_string}"},"query-input":{"@type":"PropertyValueSpecification","valueRequired":true,"valueName":"search_term_string"}}],"inLanguage":"es"},{"@type":"Organization","@id":"https:\/\/cvinoticias.com\/v3\/#organization","name":"CVI NOTICIAS","url":"https:\/\/cvinoticias.com\/v3\/","logo":{"@type":"ImageObject","inLanguage":"es","@id":"https:\/\/cvinoticias.com\/v3\/#\/schema\/logo\/image\/","url":"https:\/\/cvinoticias.com\/wp-content\/uploads\/2023\/04\/cropped-cropped-cropped-cropped-cropped-3-1.png","contentUrl":"https:\/\/cvinoticias.com\/wp-content\/uploads\/2023\/04\/cropped-cropped-cropped-cropped-cropped-3-1.png","width":95,"height":122,"caption":"CVI NOTICIAS"},"image":{"@id":"https:\/\/cvinoticias.com\/v3\/#\/schema\/logo\/image\/"},"sameAs":["https:\/\/www.facebook.com\/cvinoticias","https:\/\/www.instagram.com\/cvinoticias\/","https:\/\/www.youtube.com\/@CVINOTICIAS"]},{"@type":"Person","@id":"https:\/\/cvinoticias.com\/v3\/#\/schema\/person\/2db77e3c6bc03c538495d7b2b8be9b66","name":"f1000024","image":{"@type":"ImageObject","inLanguage":"es","@id":"https:\/\/secure.gravatar.com\/avatar\/d4fe7459cfc51ff5129ce1a732bbef5928568b8092d412ef95611616376bbeed?s=96&d=mm&r=g","url":"https:\/\/secure.gravatar.com\/avatar\/d4fe7459cfc51ff5129ce1a732bbef5928568b8092d412ef95611616376bbeed?s=96&d=mm&r=g","contentUrl":"https:\/\/secure.gravatar.com\/avatar\/d4fe7459cfc51ff5129ce1a732bbef5928568b8092d412ef95611616376bbeed?s=96&d=mm&r=g","caption":"f1000024"},"url":"https:\/\/cvinoticias.com\/v3\/author\/f1000024\/"}]}},"_links":{"self":[{"href":"https:\/\/cvinoticias.com\/v3\/wp-json\/wp\/v2\/posts\/50151","targetHints":{"allow":["GET"]}}],"collection":[{"href":"https:\/\/cvinoticias.com\/v3\/wp-json\/wp\/v2\/posts"}],"about":[{"href":"https:\/\/cvinoticias.com\/v3\/wp-json\/wp\/v2\/types\/post"}],"author":[{"embeddable":true,"href":"https:\/\/cvinoticias.com\/v3\/wp-json\/wp\/v2\/users\/2"}],"replies":[{"embeddable":true,"href":"https:\/\/cvinoticias.com\/v3\/wp-json\/wp\/v2\/comments?post=50151"}],"version-history":[{"count":1,"href":"https:\/\/cvinoticias.com\/v3\/wp-json\/wp\/v2\/posts\/50151\/revisions"}],"predecessor-version":[{"id":50153,"href":"https:\/\/cvinoticias.com\/v3\/wp-json\/wp\/v2\/posts\/50151\/revisions\/50153"}],"wp:featuredmedia":[{"embeddable":true,"href":"https:\/\/cvinoticias.com\/v3\/wp-json\/wp\/v2\/media\/50152"}],"wp:attachment":[{"href":"https:\/\/cvinoticias.com\/v3\/wp-json\/wp\/v2\/media?parent=50151"}],"wp:term":[{"taxonomy":"category","embeddable":true,"href":"https:\/\/cvinoticias.com\/v3\/wp-json\/wp\/v2\/categories?post=50151"},{"taxonomy":"post_tag","embeddable":true,"href":"https:\/\/cvinoticias.com\/v3\/wp-json\/wp\/v2\/tags?post=50151"}],"curies":[{"name":"wp","href":"https:\/\/api.w.org\/{rel}","templated":true}]}}