{"id":50041,"date":"2025-10-10T12:16:29","date_gmt":"2025-10-10T15:16:29","guid":{"rendered":"https:\/\/cvinoticias.com\/v3\/?p=50041"},"modified":"2025-10-13T11:06:49","modified_gmt":"2025-10-13T14:06:49","slug":"matine-inclusiva-en-club-nova-fiesta-musica-y-diversion","status":"publish","type":"post","link":"https:\/\/cvinoticias.com\/v3\/matine-inclusiva-en-club-nova-fiesta-musica-y-diversion\/","title":{"rendered":"Matin\u00e9 inclusiva en Club Nova: fiesta, m\u00fasica y diversi\u00f3n"},"content":{"rendered":"\n<p>En el marco de las actividades por la Semana de la Educaci\u00f3n Especial, se llev\u00f3 adelante una matin\u00e9 inclusiva en las instalaciones del Club Nova, que abri\u00f3 sus puertas para brindar un espacio de recreaci\u00f3n y encuentro a personas con discapacidad.<\/p>\n\n\n\n<p>La propuesta busc\u00f3 fomentar la inclusi\u00f3n social y generar un \u00e1mbito donde los participantes pudieran socializar, divertirse y disfrutar de una jornada diferente, en un entorno accesible y amigable.<\/p>\n\n\n\n<figure class=\"wp-block-gallery has-nested-images columns-default is-cropped wp-block-gallery-1 is-layout-flex wp-block-gallery-is-layout-flex\">\n<figure class=\"wp-block-image size-large\"><a href=\"https:\/\/cvinoticias.com\/wp-content\/uploads\/2025\/10\/1000286240.jpg\"><img decoding=\"async\" width=\"1024\" height=\"576\" data-id=\"50042\" data-src=\"https:\/\/cvinoticias.com\/wp-content\/uploads\/2025\/10\/1000286240-1024x576.jpg\" alt=\"\" class=\"wp-image-50042 lazyload\" data-srcset=\"https:\/\/cvinoticias.com\/wp-content\/uploads\/2025\/10\/1000286240-1024x576.jpg 1024w, https:\/\/cvinoticias.com\/wp-content\/uploads\/2025\/10\/1000286240-300x169.jpg 300w, https:\/\/cvinoticias.com\/wp-content\/uploads\/2025\/10\/1000286240-768x432.jpg 768w, https:\/\/cvinoticias.com\/wp-content\/uploads\/2025\/10\/1000286240-1536x864.jpg 1536w, https:\/\/cvinoticias.com\/wp-content\/uploads\/2025\/10\/1000286240.jpg 1600w\" data-sizes=\"(max-width: 1024px) 100vw, 1024px\" src=\"data:image\/svg+xml;base64,PHN2ZyB3aWR0aD0iMSIgaGVpZ2h0PSIxIiB4bWxucz0iaHR0cDovL3d3dy53My5vcmcvMjAwMC9zdmciPjwvc3ZnPg==\" style=\"--smush-placeholder-width: 1024px; --smush-placeholder-aspect-ratio: 1024\/576;\" \/><\/a><\/figure>\n\n\n\n<figure class=\"wp-block-image size-large\"><a href=\"https:\/\/cvinoticias.com\/wp-content\/uploads\/2025\/10\/1000286241.jpg\"><img decoding=\"async\" width=\"1024\" height=\"768\" data-id=\"50043\" data-src=\"https:\/\/cvinoticias.com\/wp-content\/uploads\/2025\/10\/1000286241-1024x768.jpg\" alt=\"\" class=\"wp-image-50043 lazyload\" data-srcset=\"https:\/\/cvinoticias.com\/wp-content\/uploads\/2025\/10\/1000286241-1024x768.jpg 1024w, https:\/\/cvinoticias.com\/wp-content\/uploads\/2025\/10\/1000286241-300x225.jpg 300w, https:\/\/cvinoticias.com\/wp-content\/uploads\/2025\/10\/1000286241-768x576.jpg 768w, https:\/\/cvinoticias.com\/wp-content\/uploads\/2025\/10\/1000286241.jpg 1280w\" data-sizes=\"(max-width: 1024px) 100vw, 1024px\" src=\"data:image\/svg+xml;base64,PHN2ZyB3aWR0aD0iMSIgaGVpZ2h0PSIxIiB4bWxucz0iaHR0cDovL3d3dy53My5vcmcvMjAwMC9zdmciPjwvc3ZnPg==\" style=\"--smush-placeholder-width: 1024px; --smush-placeholder-aspect-ratio: 1024\/768;\" \/><\/a><\/figure>\n<\/figure>\n\n\n\n<p>En di\u00e1logo con CVI Noticias, el psic\u00f3logo Dar\u00edo Vibero, del Instituto Esperanza, coment\u00f3: \u00abDesde el 2022 venimos realizando este Matin\u00e9 inclusivo con Ramiro Bareiro y la ayuda del Club de Leones, ya que identificamos que las personas con discapacidad no ten\u00edan un sal\u00f3n bailable o boliche.\u201d<\/p>\n\n\n\n<p>Asimismo, la presidenta del Club de Leones, Aldana Chiapa, destac\u00f3 la importancia de la actividad: \u201cEs importante agradecer a Rialto y a Nova por cedernos el espacio. La causa global del Club de Leones es trabajar por el bienestar de la comunidad.\u201d<\/p>\n","protected":false},"excerpt":{"rendered":"<p>En el marco de las actividades por la Semana de la Educaci\u00f3n Especial, se llev\u00f3 adelante una matin\u00e9 inclusiva en las instalaciones del Club Nova, que abri\u00f3 sus puertas para brindar un espacio de recreaci\u00f3n y encuentro a personas con discapacidad. La propuesta busc\u00f3 fomentar la inclusi\u00f3n social y generar un \u00e1mbito donde los participantes [&hellip;]<\/p>\n","protected":false},"author":2,"featured_media":50044,"comment_status":"open","ping_status":"closed","sticky":false,"template":"","format":"standard","meta":{"footnotes":""},"categories":[47],"tags":[618,4119,4120],"class_list":["post-50041","post","type-post","status-publish","format-standard","has-post-thumbnail","hentry","category-sociedad","tag-club-nova","tag-inclusiva","tag-matine"],"yoast_head":"<!-- This site is optimized with the Yoast SEO plugin v27.5 - https:\/\/yoast.com\/product\/yoast-seo-wordpress\/ -->\n<title>Matin\u00e9 inclusiva en Club Nova: fiesta, m\u00fasica y diversi\u00f3n | CVI NOTICIAS<\/title>\n<meta name=\"description\" content=\"En el marco de las actividades por la Semana de la Educaci\u00f3n Especial, se llev\u00f3 adelante una matin\u00e9 inclusiva en las instalaciones del Club Nova\" \/>\n<meta name=\"robots\" content=\"index, follow, max-snippet:-1, max-image-preview:large, max-video-preview:-1\" \/>\n<link rel=\"canonical\" href=\"https:\/\/cvinoticias.com\/v3\/matine-inclusiva-en-club-nova-fiesta-musica-y-diversion\/\" \/>\n<meta property=\"og:locale\" content=\"es_ES\" \/>\n<meta property=\"og:type\" content=\"article\" \/>\n<meta property=\"og:title\" content=\"Matin\u00e9 inclusiva en Club Nova: fiesta, m\u00fasica y diversi\u00f3n | CVI NOTICIAS\" \/>\n<meta property=\"og:description\" content=\"En el marco de las actividades por la Semana de la Educaci\u00f3n Especial, se llev\u00f3 adelante una matin\u00e9 inclusiva en las instalaciones del Club Nova\" \/>\n<meta property=\"og:url\" content=\"https:\/\/cvinoticias.com\/v3\/matine-inclusiva-en-club-nova-fiesta-musica-y-diversion\/\" \/>\n<meta property=\"og:site_name\" content=\"CVI NOTICIAS\" \/>\n<meta property=\"article:publisher\" content=\"https:\/\/www.facebook.com\/cvinoticias\" \/>\n<meta property=\"article:published_time\" content=\"2025-10-10T15:16:29+00:00\" \/>\n<meta property=\"article:modified_time\" content=\"2025-10-13T14:06:49+00:00\" \/>\n<meta property=\"og:image\" content=\"https:\/\/cvinoticias.com\/wp-content\/uploads\/2025\/10\/IMG-20251010-WA0021.jpg\" \/>\n\t<meta property=\"og:image:width\" content=\"1600\" \/>\n\t<meta property=\"og:image:height\" content=\"900\" \/>\n\t<meta property=\"og:image:type\" content=\"image\/jpeg\" \/>\n<meta name=\"author\" content=\"f1000024\" \/>\n<meta name=\"twitter:card\" content=\"summary_large_image\" \/>\n<meta name=\"twitter:label1\" content=\"Escrito por\" \/>\n\t<meta name=\"twitter:data1\" content=\"f1000024\" \/>\n\t<meta name=\"twitter:label2\" content=\"Tiempo de lectura\" \/>\n\t<meta name=\"twitter:data2\" content=\"2 minutos\" \/>\n<script type=\"application\/ld+json\" class=\"yoast-schema-graph\">{\"@context\":\"https:\\\/\\\/schema.org\",\"@graph\":[{\"@type\":\"Article\",\"@id\":\"https:\\\/\\\/cvinoticias.com\\\/v3\\\/matine-inclusiva-en-club-nova-fiesta-musica-y-diversion\\\/#article\",\"isPartOf\":{\"@id\":\"https:\\\/\\\/cvinoticias.com\\\/v3\\\/matine-inclusiva-en-club-nova-fiesta-musica-y-diversion\\\/\"},\"author\":{\"name\":\"f1000024\",\"@id\":\"https:\\\/\\\/cvinoticias.com\\\/v3\\\/#\\\/schema\\\/person\\\/2db77e3c6bc03c538495d7b2b8be9b66\"},\"headline\":\"Matin\u00e9 inclusiva en Club Nova: fiesta, m\u00fasica y diversi\u00f3n\",\"datePublished\":\"2025-10-10T15:16:29+00:00\",\"dateModified\":\"2025-10-13T14:06:49+00:00\",\"mainEntityOfPage\":{\"@id\":\"https:\\\/\\\/cvinoticias.com\\\/v3\\\/matine-inclusiva-en-club-nova-fiesta-musica-y-diversion\\\/\"},\"wordCount\":176,\"commentCount\":0,\"publisher\":{\"@id\":\"https:\\\/\\\/cvinoticias.com\\\/v3\\\/#organization\"},\"image\":{\"@id\":\"https:\\\/\\\/cvinoticias.com\\\/v3\\\/matine-inclusiva-en-club-nova-fiesta-musica-y-diversion\\\/#primaryimage\"},\"thumbnailUrl\":\"https:\\\/\\\/cvinoticias.com\\\/wp-content\\\/uploads\\\/2025\\\/10\\\/IMG-20251010-WA0021.jpg\",\"keywords\":[\"Club nova\",\"inclusiva\",\"Matin\u00e9\"],\"articleSection\":[\"Sociedad\"],\"inLanguage\":\"es\",\"potentialAction\":[{\"@type\":\"CommentAction\",\"name\":\"Comment\",\"target\":[\"https:\\\/\\\/cvinoticias.com\\\/v3\\\/matine-inclusiva-en-club-nova-fiesta-musica-y-diversion\\\/#respond\"]}]},{\"@type\":\"WebPage\",\"@id\":\"https:\\\/\\\/cvinoticias.com\\\/v3\\\/matine-inclusiva-en-club-nova-fiesta-musica-y-diversion\\\/\",\"url\":\"https:\\\/\\\/cvinoticias.com\\\/v3\\\/matine-inclusiva-en-club-nova-fiesta-musica-y-diversion\\\/\",\"name\":\"Matin\u00e9 inclusiva en Club Nova: fiesta, m\u00fasica y diversi\u00f3n | CVI NOTICIAS\",\"isPartOf\":{\"@id\":\"https:\\\/\\\/cvinoticias.com\\\/v3\\\/#website\"},\"primaryImageOfPage\":{\"@id\":\"https:\\\/\\\/cvinoticias.com\\\/v3\\\/matine-inclusiva-en-club-nova-fiesta-musica-y-diversion\\\/#primaryimage\"},\"image\":{\"@id\":\"https:\\\/\\\/cvinoticias.com\\\/v3\\\/matine-inclusiva-en-club-nova-fiesta-musica-y-diversion\\\/#primaryimage\"},\"thumbnailUrl\":\"https:\\\/\\\/cvinoticias.com\\\/wp-content\\\/uploads\\\/2025\\\/10\\\/IMG-20251010-WA0021.jpg\",\"datePublished\":\"2025-10-10T15:16:29+00:00\",\"dateModified\":\"2025-10-13T14:06:49+00:00\",\"description\":\"En el marco de las actividades por la Semana de la Educaci\u00f3n Especial, se llev\u00f3 adelante una matin\u00e9 inclusiva en las instalaciones del Club Nova\",\"breadcrumb\":{\"@id\":\"https:\\\/\\\/cvinoticias.com\\\/v3\\\/matine-inclusiva-en-club-nova-fiesta-musica-y-diversion\\\/#breadcrumb\"},\"inLanguage\":\"es\",\"potentialAction\":[{\"@type\":\"ReadAction\",\"target\":[\"https:\\\/\\\/cvinoticias.com\\\/v3\\\/matine-inclusiva-en-club-nova-fiesta-musica-y-diversion\\\/\"]}]},{\"@type\":\"ImageObject\",\"inLanguage\":\"es\",\"@id\":\"https:\\\/\\\/cvinoticias.com\\\/v3\\\/matine-inclusiva-en-club-nova-fiesta-musica-y-diversion\\\/#primaryimage\",\"url\":\"https:\\\/\\\/cvinoticias.com\\\/wp-content\\\/uploads\\\/2025\\\/10\\\/IMG-20251010-WA0021.jpg\",\"contentUrl\":\"https:\\\/\\\/cvinoticias.com\\\/wp-content\\\/uploads\\\/2025\\\/10\\\/IMG-20251010-WA0021.jpg\",\"width\":1600,\"height\":900},{\"@type\":\"BreadcrumbList\",\"@id\":\"https:\\\/\\\/cvinoticias.com\\\/v3\\\/matine-inclusiva-en-club-nova-fiesta-musica-y-diversion\\\/#breadcrumb\",\"itemListElement\":[{\"@type\":\"ListItem\",\"position\":1,\"name\":\"Portada\",\"item\":\"https:\\\/\\\/cvinoticias.com\\\/v3\\\/\"},{\"@type\":\"ListItem\",\"position\":2,\"name\":\"Matin\u00e9 inclusiva en Club Nova: fiesta, m\u00fasica y diversi\u00f3n\"}]},{\"@type\":\"WebSite\",\"@id\":\"https:\\\/\\\/cvinoticias.com\\\/v3\\\/#website\",\"url\":\"https:\\\/\\\/cvinoticias.com\\\/v3\\\/\",\"name\":\"CVI NOTICIAS\",\"description\":\"\",\"publisher\":{\"@id\":\"https:\\\/\\\/cvinoticias.com\\\/v3\\\/#organization\"},\"alternateName\":\"CVI\",\"potentialAction\":[{\"@type\":\"SearchAction\",\"target\":{\"@type\":\"EntryPoint\",\"urlTemplate\":\"https:\\\/\\\/cvinoticias.com\\\/v3\\\/?s={search_term_string}\"},\"query-input\":{\"@type\":\"PropertyValueSpecification\",\"valueRequired\":true,\"valueName\":\"search_term_string\"}}],\"inLanguage\":\"es\"},{\"@type\":\"Organization\",\"@id\":\"https:\\\/\\\/cvinoticias.com\\\/v3\\\/#organization\",\"name\":\"CVI NOTICIAS\",\"url\":\"https:\\\/\\\/cvinoticias.com\\\/v3\\\/\",\"logo\":{\"@type\":\"ImageObject\",\"inLanguage\":\"es\",\"@id\":\"https:\\\/\\\/cvinoticias.com\\\/v3\\\/#\\\/schema\\\/logo\\\/image\\\/\",\"url\":\"https:\\\/\\\/cvinoticias.com\\\/wp-content\\\/uploads\\\/2023\\\/04\\\/cropped-cropped-cropped-cropped-cropped-3-1.png\",\"contentUrl\":\"https:\\\/\\\/cvinoticias.com\\\/wp-content\\\/uploads\\\/2023\\\/04\\\/cropped-cropped-cropped-cropped-cropped-3-1.png\",\"width\":95,\"height\":122,\"caption\":\"CVI NOTICIAS\"},\"image\":{\"@id\":\"https:\\\/\\\/cvinoticias.com\\\/v3\\\/#\\\/schema\\\/logo\\\/image\\\/\"},\"sameAs\":[\"https:\\\/\\\/www.facebook.com\\\/cvinoticias\",\"https:\\\/\\\/www.instagram.com\\\/cvinoticias\\\/\",\"https:\\\/\\\/www.youtube.com\\\/@CVINOTICIAS\"]},{\"@type\":\"Person\",\"@id\":\"https:\\\/\\\/cvinoticias.com\\\/v3\\\/#\\\/schema\\\/person\\\/2db77e3c6bc03c538495d7b2b8be9b66\",\"name\":\"f1000024\",\"image\":{\"@type\":\"ImageObject\",\"inLanguage\":\"es\",\"@id\":\"https:\\\/\\\/secure.gravatar.com\\\/avatar\\\/d4fe7459cfc51ff5129ce1a732bbef5928568b8092d412ef95611616376bbeed?s=96&d=mm&r=g\",\"url\":\"https:\\\/\\\/secure.gravatar.com\\\/avatar\\\/d4fe7459cfc51ff5129ce1a732bbef5928568b8092d412ef95611616376bbeed?s=96&d=mm&r=g\",\"contentUrl\":\"https:\\\/\\\/secure.gravatar.com\\\/avatar\\\/d4fe7459cfc51ff5129ce1a732bbef5928568b8092d412ef95611616376bbeed?s=96&d=mm&r=g\",\"caption\":\"f1000024\"},\"url\":\"https:\\\/\\\/cvinoticias.com\\\/v3\\\/author\\\/f1000024\\\/\"}]}<\/script>\n<!-- \/ Yoast SEO plugin. -->","yoast_head_json":{"title":"Matin\u00e9 inclusiva en Club Nova: fiesta, m\u00fasica y diversi\u00f3n | CVI NOTICIAS","description":"En el marco de las actividades por la Semana de la Educaci\u00f3n Especial, se llev\u00f3 adelante una matin\u00e9 inclusiva en las instalaciones del Club Nova","robots":{"index":"index","follow":"follow","max-snippet":"max-snippet:-1","max-image-preview":"max-image-preview:large","max-video-preview":"max-video-preview:-1"},"canonical":"https:\/\/cvinoticias.com\/v3\/matine-inclusiva-en-club-nova-fiesta-musica-y-diversion\/","og_locale":"es_ES","og_type":"article","og_title":"Matin\u00e9 inclusiva en Club Nova: fiesta, m\u00fasica y diversi\u00f3n | CVI NOTICIAS","og_description":"En el marco de las actividades por la Semana de la Educaci\u00f3n Especial, se llev\u00f3 adelante una matin\u00e9 inclusiva en las instalaciones del Club Nova","og_url":"https:\/\/cvinoticias.com\/v3\/matine-inclusiva-en-club-nova-fiesta-musica-y-diversion\/","og_site_name":"CVI NOTICIAS","article_publisher":"https:\/\/www.facebook.com\/cvinoticias","article_published_time":"2025-10-10T15:16:29+00:00","article_modified_time":"2025-10-13T14:06:49+00:00","og_image":[{"width":1600,"height":900,"url":"https:\/\/cvinoticias.com\/wp-content\/uploads\/2025\/10\/IMG-20251010-WA0021.jpg","type":"image\/jpeg"}],"author":"f1000024","twitter_card":"summary_large_image","twitter_misc":{"Escrito por":"f1000024","Tiempo de lectura":"2 minutos"},"schema":{"@context":"https:\/\/schema.org","@graph":[{"@type":"Article","@id":"https:\/\/cvinoticias.com\/v3\/matine-inclusiva-en-club-nova-fiesta-musica-y-diversion\/#article","isPartOf":{"@id":"https:\/\/cvinoticias.com\/v3\/matine-inclusiva-en-club-nova-fiesta-musica-y-diversion\/"},"author":{"name":"f1000024","@id":"https:\/\/cvinoticias.com\/v3\/#\/schema\/person\/2db77e3c6bc03c538495d7b2b8be9b66"},"headline":"Matin\u00e9 inclusiva en Club Nova: fiesta, m\u00fasica y diversi\u00f3n","datePublished":"2025-10-10T15:16:29+00:00","dateModified":"2025-10-13T14:06:49+00:00","mainEntityOfPage":{"@id":"https:\/\/cvinoticias.com\/v3\/matine-inclusiva-en-club-nova-fiesta-musica-y-diversion\/"},"wordCount":176,"commentCount":0,"publisher":{"@id":"https:\/\/cvinoticias.com\/v3\/#organization"},"image":{"@id":"https:\/\/cvinoticias.com\/v3\/matine-inclusiva-en-club-nova-fiesta-musica-y-diversion\/#primaryimage"},"thumbnailUrl":"https:\/\/cvinoticias.com\/wp-content\/uploads\/2025\/10\/IMG-20251010-WA0021.jpg","keywords":["Club nova","inclusiva","Matin\u00e9"],"articleSection":["Sociedad"],"inLanguage":"es","potentialAction":[{"@type":"CommentAction","name":"Comment","target":["https:\/\/cvinoticias.com\/v3\/matine-inclusiva-en-club-nova-fiesta-musica-y-diversion\/#respond"]}]},{"@type":"WebPage","@id":"https:\/\/cvinoticias.com\/v3\/matine-inclusiva-en-club-nova-fiesta-musica-y-diversion\/","url":"https:\/\/cvinoticias.com\/v3\/matine-inclusiva-en-club-nova-fiesta-musica-y-diversion\/","name":"Matin\u00e9 inclusiva en Club Nova: fiesta, m\u00fasica y diversi\u00f3n | CVI NOTICIAS","isPartOf":{"@id":"https:\/\/cvinoticias.com\/v3\/#website"},"primaryImageOfPage":{"@id":"https:\/\/cvinoticias.com\/v3\/matine-inclusiva-en-club-nova-fiesta-musica-y-diversion\/#primaryimage"},"image":{"@id":"https:\/\/cvinoticias.com\/v3\/matine-inclusiva-en-club-nova-fiesta-musica-y-diversion\/#primaryimage"},"thumbnailUrl":"https:\/\/cvinoticias.com\/wp-content\/uploads\/2025\/10\/IMG-20251010-WA0021.jpg","datePublished":"2025-10-10T15:16:29+00:00","dateModified":"2025-10-13T14:06:49+00:00","description":"En el marco de las actividades por la Semana de la Educaci\u00f3n Especial, se llev\u00f3 adelante una matin\u00e9 inclusiva en las instalaciones del Club Nova","breadcrumb":{"@id":"https:\/\/cvinoticias.com\/v3\/matine-inclusiva-en-club-nova-fiesta-musica-y-diversion\/#breadcrumb"},"inLanguage":"es","potentialAction":[{"@type":"ReadAction","target":["https:\/\/cvinoticias.com\/v3\/matine-inclusiva-en-club-nova-fiesta-musica-y-diversion\/"]}]},{"@type":"ImageObject","inLanguage":"es","@id":"https:\/\/cvinoticias.com\/v3\/matine-inclusiva-en-club-nova-fiesta-musica-y-diversion\/#primaryimage","url":"https:\/\/cvinoticias.com\/wp-content\/uploads\/2025\/10\/IMG-20251010-WA0021.jpg","contentUrl":"https:\/\/cvinoticias.com\/wp-content\/uploads\/2025\/10\/IMG-20251010-WA0021.jpg","width":1600,"height":900},{"@type":"BreadcrumbList","@id":"https:\/\/cvinoticias.com\/v3\/matine-inclusiva-en-club-nova-fiesta-musica-y-diversion\/#breadcrumb","itemListElement":[{"@type":"ListItem","position":1,"name":"Portada","item":"https:\/\/cvinoticias.com\/v3\/"},{"@type":"ListItem","position":2,"name":"Matin\u00e9 inclusiva en Club Nova: fiesta, m\u00fasica y diversi\u00f3n"}]},{"@type":"WebSite","@id":"https:\/\/cvinoticias.com\/v3\/#website","url":"https:\/\/cvinoticias.com\/v3\/","name":"CVI NOTICIAS","description":"","publisher":{"@id":"https:\/\/cvinoticias.com\/v3\/#organization"},"alternateName":"CVI","potentialAction":[{"@type":"SearchAction","target":{"@type":"EntryPoint","urlTemplate":"https:\/\/cvinoticias.com\/v3\/?s={search_term_string}"},"query-input":{"@type":"PropertyValueSpecification","valueRequired":true,"valueName":"search_term_string"}}],"inLanguage":"es"},{"@type":"Organization","@id":"https:\/\/cvinoticias.com\/v3\/#organization","name":"CVI NOTICIAS","url":"https:\/\/cvinoticias.com\/v3\/","logo":{"@type":"ImageObject","inLanguage":"es","@id":"https:\/\/cvinoticias.com\/v3\/#\/schema\/logo\/image\/","url":"https:\/\/cvinoticias.com\/wp-content\/uploads\/2023\/04\/cropped-cropped-cropped-cropped-cropped-3-1.png","contentUrl":"https:\/\/cvinoticias.com\/wp-content\/uploads\/2023\/04\/cropped-cropped-cropped-cropped-cropped-3-1.png","width":95,"height":122,"caption":"CVI NOTICIAS"},"image":{"@id":"https:\/\/cvinoticias.com\/v3\/#\/schema\/logo\/image\/"},"sameAs":["https:\/\/www.facebook.com\/cvinoticias","https:\/\/www.instagram.com\/cvinoticias\/","https:\/\/www.youtube.com\/@CVINOTICIAS"]},{"@type":"Person","@id":"https:\/\/cvinoticias.com\/v3\/#\/schema\/person\/2db77e3c6bc03c538495d7b2b8be9b66","name":"f1000024","image":{"@type":"ImageObject","inLanguage":"es","@id":"https:\/\/secure.gravatar.com\/avatar\/d4fe7459cfc51ff5129ce1a732bbef5928568b8092d412ef95611616376bbeed?s=96&d=mm&r=g","url":"https:\/\/secure.gravatar.com\/avatar\/d4fe7459cfc51ff5129ce1a732bbef5928568b8092d412ef95611616376bbeed?s=96&d=mm&r=g","contentUrl":"https:\/\/secure.gravatar.com\/avatar\/d4fe7459cfc51ff5129ce1a732bbef5928568b8092d412ef95611616376bbeed?s=96&d=mm&r=g","caption":"f1000024"},"url":"https:\/\/cvinoticias.com\/v3\/author\/f1000024\/"}]}},"_links":{"self":[{"href":"https:\/\/cvinoticias.com\/v3\/wp-json\/wp\/v2\/posts\/50041","targetHints":{"allow":["GET"]}}],"collection":[{"href":"https:\/\/cvinoticias.com\/v3\/wp-json\/wp\/v2\/posts"}],"about":[{"href":"https:\/\/cvinoticias.com\/v3\/wp-json\/wp\/v2\/types\/post"}],"author":[{"embeddable":true,"href":"https:\/\/cvinoticias.com\/v3\/wp-json\/wp\/v2\/users\/2"}],"replies":[{"embeddable":true,"href":"https:\/\/cvinoticias.com\/v3\/wp-json\/wp\/v2\/comments?post=50041"}],"version-history":[{"count":1,"href":"https:\/\/cvinoticias.com\/v3\/wp-json\/wp\/v2\/posts\/50041\/revisions"}],"predecessor-version":[{"id":50045,"href":"https:\/\/cvinoticias.com\/v3\/wp-json\/wp\/v2\/posts\/50041\/revisions\/50045"}],"wp:featuredmedia":[{"embeddable":true,"href":"https:\/\/cvinoticias.com\/v3\/wp-json\/wp\/v2\/media\/50044"}],"wp:attachment":[{"href":"https:\/\/cvinoticias.com\/v3\/wp-json\/wp\/v2\/media?parent=50041"}],"wp:term":[{"taxonomy":"category","embeddable":true,"href":"https:\/\/cvinoticias.com\/v3\/wp-json\/wp\/v2\/categories?post=50041"},{"taxonomy":"post_tag","embeddable":true,"href":"https:\/\/cvinoticias.com\/v3\/wp-json\/wp\/v2\/tags?post=50041"}],"curies":[{"name":"wp","href":"https:\/\/api.w.org\/{rel}","templated":true}]}}