{"id":4979,"date":"2021-05-10T09:58:39","date_gmt":"2021-05-10T09:58:39","guid":{"rendered":"https:\/\/cvinoticias.com\/v3\/?p=4979"},"modified":"2021-05-10T09:58:39","modified_gmt":"2021-05-10T09:58:39","slug":"10-de-mayo-dia-de-los-medios-de-comunicacion-social","status":"publish","type":"post","link":"https:\/\/cvinoticias.com\/v3\/10-de-mayo-dia-de-los-medios-de-comunicacion-social\/","title":{"rendered":"10 de Mayo: D\u00eda de los Medios de Comunicaci\u00f3n Social"},"content":{"rendered":"\n<p class=\"wp-block-paragraph\"><strong><em>Hoy se celebra el D\u00eda Mundial de la Comunicaci\u00f3n Social, que fue instituido por la Iglesia Cat\u00f3lica como una manera de reflexionar acerca de la importancia y la influencia de los medios de comunicaci\u00f3n social en el mundo contempor\u00e1neo.<\/em><\/strong><\/p>\n\n\n\n<p class=\"wp-block-paragraph\">El t\u00e9rmino \u00abcomunicaci\u00f3n social\u00bb fue acu\u00f1ado por la Iglesia Cat\u00f3lica, aunque su uso se ha extendido en general por fuera de la misma en donde se habla de los \u00abmedios de comunicaci\u00f3n\u00bb, los \u00abmass media\u00bb o \u00abmedios masivos\u00bb y los medios en general.<\/p>\n\n\n\n<p class=\"wp-block-paragraph\">Como \u00abComunicaci\u00f3n Social\u00bb, el t\u00e9rmino reclama un abanico m\u00e1s amplio de an\u00e1lisis y responsabilidad que pone al social como preocupaci\u00f3n por encima del masivo.<\/p>\n\n\n\n<p class=\"wp-block-paragraph\">Aparici\u00f3n de los Medios<br>de Comunicaci\u00f3n Social<\/p>\n\n\n\n<p class=\"wp-block-paragraph\">Se fue dando de forma gradual. En primer lugar aparecen los libros, cuyo aporte se considera revolucionario si lo comparamos con los manuscritos, ya que permit\u00eda la reproducci\u00f3n de un gran n\u00famero de ediciones.<\/p>\n\n\n\n<p class=\"wp-block-paragraph\">M\u00e1s tarde surgieron los primeros antecedentes de los peri\u00f3dicos, cartas de noticias y otros panfletos informativos. Pero es finalmente en el siglo XVI cuando el peri\u00f3dico hizo su aparici\u00f3n formal.<\/p>\n\n\n\n<p class=\"wp-block-paragraph\">A principios de siglo surge el cine y m\u00e1s tarde la radio. En cuanto a la televisi\u00f3n, su desarrollo se inici\u00f3 en EEUU en los a\u00f1os 40 y 5 a\u00f1os despu\u00e9s se hab\u00eda convertido ya en un medio masivo, habiendo alcanzado su punto de saturaci\u00f3n en los a\u00f1os 60.<\/p>\n\n\n\n<p class=\"wp-block-paragraph\">En la actualidad existen otros medios, como Internet. Merece una especial menci\u00f3n ya que supone la integraci\u00f3n total de la informaci\u00f3n a trav\u00e9s de una sola v\u00eda. Posibilitando la simultaneidad y la sobreabundancia de datos.<\/p>\n","protected":false},"excerpt":{"rendered":"<p>Hoy se celebra el D\u00eda Mundial de la Comunicaci\u00f3n Social, que fue instituido por la Iglesia Cat\u00f3lica como una manera de reflexionar acerca de la importancia y la influencia de los medios de comunicaci\u00f3n social en el mundo contempor\u00e1neo. El t\u00e9rmino \u00abcomunicaci\u00f3n social\u00bb fue acu\u00f1ado por la Iglesia Cat\u00f3lica, aunque su uso se ha extendido [&hellip;]<\/p>\n","protected":false},"author":2,"featured_media":4980,"comment_status":"open","ping_status":"open","sticky":false,"template":"","format":"standard","meta":{"footnotes":""},"categories":[35],"tags":[],"class_list":["post-4979","post","type-post","status-publish","format-standard","has-post-thumbnail","hentry","category-informacion-general"],"yoast_head":"<!-- This site is optimized with the Yoast SEO plugin v28.3 - https:\/\/yoast.com\/product\/yoast-seo-wordpress\/ -->\n<title>10 de Mayo: D\u00eda de los Medios de Comunicaci\u00f3n Social | CVI NOTICIAS<\/title>\n<meta name=\"robots\" content=\"index, follow, max-snippet:-1, max-image-preview:large, max-video-preview:-1\" \/>\n<link rel=\"canonical\" href=\"https:\/\/cvinoticias.com\/v3\/10-de-mayo-dia-de-los-medios-de-comunicacion-social\/\" \/>\n<meta property=\"og:locale\" content=\"es_ES\" \/>\n<meta property=\"og:type\" content=\"article\" \/>\n<meta property=\"og:title\" content=\"10 de Mayo: D\u00eda de los Medios de Comunicaci\u00f3n Social | CVI NOTICIAS\" \/>\n<meta property=\"og:description\" content=\"Hoy se celebra el D\u00eda Mundial de la Comunicaci\u00f3n Social, que fue instituido por la Iglesia Cat\u00f3lica como una manera de reflexionar acerca de la importancia y la influencia de los medios de comunicaci\u00f3n social en el mundo contempor\u00e1neo. El t\u00e9rmino \u00abcomunicaci\u00f3n social\u00bb fue acu\u00f1ado por la Iglesia Cat\u00f3lica, aunque su uso se ha extendido [&hellip;]\" \/>\n<meta property=\"og:url\" content=\"https:\/\/cvinoticias.com\/v3\/10-de-mayo-dia-de-los-medios-de-comunicacion-social\/\" \/>\n<meta property=\"og:site_name\" content=\"CVI NOTICIAS\" \/>\n<meta property=\"article:publisher\" content=\"https:\/\/www.facebook.com\/cvinoticias\" \/>\n<meta property=\"article:published_time\" content=\"2021-05-10T09:58:39+00:00\" \/>\n<meta property=\"og:image\" content=\"https:\/\/cvinoticias.com\/wp-content\/uploads\/2021\/05\/descarga.jpeg\" \/>\n\t<meta property=\"og:image:width\" content=\"269\" \/>\n\t<meta property=\"og:image:height\" content=\"187\" \/>\n\t<meta property=\"og:image:type\" content=\"image\/jpeg\" \/>\n<meta name=\"author\" content=\"f1000024\" \/>\n<meta name=\"twitter:card\" content=\"summary_large_image\" \/>\n<meta name=\"twitter:label1\" content=\"Escrito por\" \/>\n\t<meta name=\"twitter:data1\" content=\"f1000024\" \/>\n\t<meta name=\"twitter:label2\" content=\"Tiempo de lectura\" \/>\n\t<meta name=\"twitter:data2\" content=\"1 minuto\" \/>\n<script type=\"application\/ld+json\" class=\"yoast-schema-graph\">{\"@context\":\"https:\\\/\\\/schema.org\",\"@graph\":[{\"@type\":\"Article\",\"@id\":\"https:\\\/\\\/cvinoticias.com\\\/v3\\\/10-de-mayo-dia-de-los-medios-de-comunicacion-social\\\/#article\",\"isPartOf\":{\"@id\":\"https:\\\/\\\/cvinoticias.com\\\/v3\\\/10-de-mayo-dia-de-los-medios-de-comunicacion-social\\\/\"},\"author\":{\"name\":\"f1000024\",\"@id\":\"https:\\\/\\\/cvinoticias.com\\\/v3\\\/#\\\/schema\\\/person\\\/2db77e3c6bc03c538495d7b2b8be9b66\"},\"headline\":\"10 de Mayo: D\u00eda de los Medios de Comunicaci\u00f3n Social\",\"datePublished\":\"2021-05-10T09:58:39+00:00\",\"mainEntityOfPage\":{\"@id\":\"https:\\\/\\\/cvinoticias.com\\\/v3\\\/10-de-mayo-dia-de-los-medios-de-comunicacion-social\\\/\"},\"wordCount\":305,\"commentCount\":0,\"publisher\":{\"@id\":\"https:\\\/\\\/cvinoticias.com\\\/v3\\\/#organization\"},\"image\":{\"@id\":\"https:\\\/\\\/cvinoticias.com\\\/v3\\\/10-de-mayo-dia-de-los-medios-de-comunicacion-social\\\/#primaryimage\"},\"thumbnailUrl\":\"https:\\\/\\\/cvinoticias.com\\\/wp-content\\\/uploads\\\/2021\\\/05\\\/descarga.jpeg\",\"articleSection\":[\"Informaci\u00f3n General\"],\"inLanguage\":\"es\",\"potentialAction\":[{\"@type\":\"CommentAction\",\"name\":\"Comment\",\"target\":[\"https:\\\/\\\/cvinoticias.com\\\/v3\\\/10-de-mayo-dia-de-los-medios-de-comunicacion-social\\\/#respond\"]}]},{\"@type\":\"WebPage\",\"@id\":\"https:\\\/\\\/cvinoticias.com\\\/v3\\\/10-de-mayo-dia-de-los-medios-de-comunicacion-social\\\/\",\"url\":\"https:\\\/\\\/cvinoticias.com\\\/v3\\\/10-de-mayo-dia-de-los-medios-de-comunicacion-social\\\/\",\"name\":\"10 de Mayo: D\u00eda de los Medios de Comunicaci\u00f3n Social | CVI NOTICIAS\",\"isPartOf\":{\"@id\":\"https:\\\/\\\/cvinoticias.com\\\/v3\\\/#website\"},\"primaryImageOfPage\":{\"@id\":\"https:\\\/\\\/cvinoticias.com\\\/v3\\\/10-de-mayo-dia-de-los-medios-de-comunicacion-social\\\/#primaryimage\"},\"image\":{\"@id\":\"https:\\\/\\\/cvinoticias.com\\\/v3\\\/10-de-mayo-dia-de-los-medios-de-comunicacion-social\\\/#primaryimage\"},\"thumbnailUrl\":\"https:\\\/\\\/cvinoticias.com\\\/wp-content\\\/uploads\\\/2021\\\/05\\\/descarga.jpeg\",\"datePublished\":\"2021-05-10T09:58:39+00:00\",\"breadcrumb\":{\"@id\":\"https:\\\/\\\/cvinoticias.com\\\/v3\\\/10-de-mayo-dia-de-los-medios-de-comunicacion-social\\\/#breadcrumb\"},\"inLanguage\":\"es\",\"potentialAction\":[{\"@type\":\"ReadAction\",\"target\":[\"https:\\\/\\\/cvinoticias.com\\\/v3\\\/10-de-mayo-dia-de-los-medios-de-comunicacion-social\\\/\"]}]},{\"@type\":\"ImageObject\",\"inLanguage\":\"es\",\"@id\":\"https:\\\/\\\/cvinoticias.com\\\/v3\\\/10-de-mayo-dia-de-los-medios-de-comunicacion-social\\\/#primaryimage\",\"url\":\"https:\\\/\\\/cvinoticias.com\\\/wp-content\\\/uploads\\\/2021\\\/05\\\/descarga.jpeg\",\"contentUrl\":\"https:\\\/\\\/cvinoticias.com\\\/wp-content\\\/uploads\\\/2021\\\/05\\\/descarga.jpeg\",\"width\":269,\"height\":187},{\"@type\":\"BreadcrumbList\",\"@id\":\"https:\\\/\\\/cvinoticias.com\\\/v3\\\/10-de-mayo-dia-de-los-medios-de-comunicacion-social\\\/#breadcrumb\",\"itemListElement\":[{\"@type\":\"ListItem\",\"position\":1,\"name\":\"Portada\",\"item\":\"https:\\\/\\\/cvinoticias.com\\\/v3\\\/\"},{\"@type\":\"ListItem\",\"position\":2,\"name\":\"10 de Mayo: D\u00eda de los Medios de Comunicaci\u00f3n Social\"}]},{\"@type\":\"WebSite\",\"@id\":\"https:\\\/\\\/cvinoticias.com\\\/v3\\\/#website\",\"url\":\"https:\\\/\\\/cvinoticias.com\\\/v3\\\/\",\"name\":\"CVI NOTICIAS\",\"description\":\"\",\"publisher\":{\"@id\":\"https:\\\/\\\/cvinoticias.com\\\/v3\\\/#organization\"},\"alternateName\":\"CVI\",\"potentialAction\":[{\"@type\":\"SearchAction\",\"target\":{\"@type\":\"EntryPoint\",\"urlTemplate\":\"https:\\\/\\\/cvinoticias.com\\\/v3\\\/?s={search_term_string}\"},\"query-input\":{\"@type\":\"PropertyValueSpecification\",\"valueRequired\":true,\"valueName\":\"search_term_string\"}}],\"inLanguage\":\"es\"},{\"@type\":\"Organization\",\"@id\":\"https:\\\/\\\/cvinoticias.com\\\/v3\\\/#organization\",\"name\":\"CVI NOTICIAS\",\"url\":\"https:\\\/\\\/cvinoticias.com\\\/v3\\\/\",\"logo\":{\"@type\":\"ImageObject\",\"inLanguage\":\"es\",\"@id\":\"https:\\\/\\\/cvinoticias.com\\\/v3\\\/#\\\/schema\\\/logo\\\/image\\\/\",\"url\":\"https:\\\/\\\/cvinoticias.com\\\/wp-content\\\/uploads\\\/2023\\\/04\\\/cropped-cropped-cropped-cropped-cropped-3-1.png\",\"contentUrl\":\"https:\\\/\\\/cvinoticias.com\\\/wp-content\\\/uploads\\\/2023\\\/04\\\/cropped-cropped-cropped-cropped-cropped-3-1.png\",\"width\":95,\"height\":122,\"caption\":\"CVI NOTICIAS\"},\"image\":{\"@id\":\"https:\\\/\\\/cvinoticias.com\\\/v3\\\/#\\\/schema\\\/logo\\\/image\\\/\"},\"sameAs\":[\"https:\\\/\\\/www.facebook.com\\\/cvinoticias\",\"https:\\\/\\\/www.instagram.com\\\/cvinoticias\\\/\",\"https:\\\/\\\/www.youtube.com\\\/@CVINOTICIAS\"]},{\"@type\":\"Person\",\"@id\":\"https:\\\/\\\/cvinoticias.com\\\/v3\\\/#\\\/schema\\\/person\\\/2db77e3c6bc03c538495d7b2b8be9b66\",\"name\":\"f1000024\",\"image\":{\"@type\":\"ImageObject\",\"inLanguage\":\"es\",\"@id\":\"https:\\\/\\\/secure.gravatar.com\\\/avatar\\\/d4fe7459cfc51ff5129ce1a732bbef5928568b8092d412ef95611616376bbeed?s=96&d=mm&r=g\",\"url\":\"https:\\\/\\\/secure.gravatar.com\\\/avatar\\\/d4fe7459cfc51ff5129ce1a732bbef5928568b8092d412ef95611616376bbeed?s=96&d=mm&r=g\",\"contentUrl\":\"https:\\\/\\\/secure.gravatar.com\\\/avatar\\\/d4fe7459cfc51ff5129ce1a732bbef5928568b8092d412ef95611616376bbeed?s=96&d=mm&r=g\",\"caption\":\"f1000024\"},\"url\":\"https:\\\/\\\/cvinoticias.com\\\/v3\\\/author\\\/f1000024\\\/\"}]}<\/script>\n<!-- \/ Yoast SEO plugin. -->","yoast_head_json":{"title":"10 de Mayo: D\u00eda de los Medios de Comunicaci\u00f3n Social | CVI NOTICIAS","robots":{"index":"index","follow":"follow","max-snippet":"max-snippet:-1","max-image-preview":"max-image-preview:large","max-video-preview":"max-video-preview:-1"},"canonical":"https:\/\/cvinoticias.com\/v3\/10-de-mayo-dia-de-los-medios-de-comunicacion-social\/","og_locale":"es_ES","og_type":"article","og_title":"10 de Mayo: D\u00eda de los Medios de Comunicaci\u00f3n Social | CVI NOTICIAS","og_description":"Hoy se celebra el D\u00eda Mundial de la Comunicaci\u00f3n Social, que fue instituido por la Iglesia Cat\u00f3lica como una manera de reflexionar acerca de la importancia y la influencia de los medios de comunicaci\u00f3n social en el mundo contempor\u00e1neo. El t\u00e9rmino \u00abcomunicaci\u00f3n social\u00bb fue acu\u00f1ado por la Iglesia Cat\u00f3lica, aunque su uso se ha extendido [&hellip;]","og_url":"https:\/\/cvinoticias.com\/v3\/10-de-mayo-dia-de-los-medios-de-comunicacion-social\/","og_site_name":"CVI NOTICIAS","article_publisher":"https:\/\/www.facebook.com\/cvinoticias","article_published_time":"2021-05-10T09:58:39+00:00","og_image":[{"width":269,"height":187,"url":"https:\/\/cvinoticias.com\/wp-content\/uploads\/2021\/05\/descarga.jpeg","type":"image\/jpeg"}],"author":"f1000024","twitter_card":"summary_large_image","twitter_misc":{"Escrito por":"f1000024","Tiempo de lectura":"1 minuto"},"schema":{"@context":"https:\/\/schema.org","@graph":[{"@type":"Article","@id":"https:\/\/cvinoticias.com\/v3\/10-de-mayo-dia-de-los-medios-de-comunicacion-social\/#article","isPartOf":{"@id":"https:\/\/cvinoticias.com\/v3\/10-de-mayo-dia-de-los-medios-de-comunicacion-social\/"},"author":{"name":"f1000024","@id":"https:\/\/cvinoticias.com\/v3\/#\/schema\/person\/2db77e3c6bc03c538495d7b2b8be9b66"},"headline":"10 de Mayo: D\u00eda de los Medios de Comunicaci\u00f3n Social","datePublished":"2021-05-10T09:58:39+00:00","mainEntityOfPage":{"@id":"https:\/\/cvinoticias.com\/v3\/10-de-mayo-dia-de-los-medios-de-comunicacion-social\/"},"wordCount":305,"commentCount":0,"publisher":{"@id":"https:\/\/cvinoticias.com\/v3\/#organization"},"image":{"@id":"https:\/\/cvinoticias.com\/v3\/10-de-mayo-dia-de-los-medios-de-comunicacion-social\/#primaryimage"},"thumbnailUrl":"https:\/\/cvinoticias.com\/wp-content\/uploads\/2021\/05\/descarga.jpeg","articleSection":["Informaci\u00f3n General"],"inLanguage":"es","potentialAction":[{"@type":"CommentAction","name":"Comment","target":["https:\/\/cvinoticias.com\/v3\/10-de-mayo-dia-de-los-medios-de-comunicacion-social\/#respond"]}]},{"@type":"WebPage","@id":"https:\/\/cvinoticias.com\/v3\/10-de-mayo-dia-de-los-medios-de-comunicacion-social\/","url":"https:\/\/cvinoticias.com\/v3\/10-de-mayo-dia-de-los-medios-de-comunicacion-social\/","name":"10 de Mayo: D\u00eda de los Medios de Comunicaci\u00f3n Social | CVI NOTICIAS","isPartOf":{"@id":"https:\/\/cvinoticias.com\/v3\/#website"},"primaryImageOfPage":{"@id":"https:\/\/cvinoticias.com\/v3\/10-de-mayo-dia-de-los-medios-de-comunicacion-social\/#primaryimage"},"image":{"@id":"https:\/\/cvinoticias.com\/v3\/10-de-mayo-dia-de-los-medios-de-comunicacion-social\/#primaryimage"},"thumbnailUrl":"https:\/\/cvinoticias.com\/wp-content\/uploads\/2021\/05\/descarga.jpeg","datePublished":"2021-05-10T09:58:39+00:00","breadcrumb":{"@id":"https:\/\/cvinoticias.com\/v3\/10-de-mayo-dia-de-los-medios-de-comunicacion-social\/#breadcrumb"},"inLanguage":"es","potentialAction":[{"@type":"ReadAction","target":["https:\/\/cvinoticias.com\/v3\/10-de-mayo-dia-de-los-medios-de-comunicacion-social\/"]}]},{"@type":"ImageObject","inLanguage":"es","@id":"https:\/\/cvinoticias.com\/v3\/10-de-mayo-dia-de-los-medios-de-comunicacion-social\/#primaryimage","url":"https:\/\/cvinoticias.com\/wp-content\/uploads\/2021\/05\/descarga.jpeg","contentUrl":"https:\/\/cvinoticias.com\/wp-content\/uploads\/2021\/05\/descarga.jpeg","width":269,"height":187},{"@type":"BreadcrumbList","@id":"https:\/\/cvinoticias.com\/v3\/10-de-mayo-dia-de-los-medios-de-comunicacion-social\/#breadcrumb","itemListElement":[{"@type":"ListItem","position":1,"name":"Portada","item":"https:\/\/cvinoticias.com\/v3\/"},{"@type":"ListItem","position":2,"name":"10 de Mayo: D\u00eda de los Medios de Comunicaci\u00f3n Social"}]},{"@type":"WebSite","@id":"https:\/\/cvinoticias.com\/v3\/#website","url":"https:\/\/cvinoticias.com\/v3\/","name":"CVI NOTICIAS","description":"","publisher":{"@id":"https:\/\/cvinoticias.com\/v3\/#organization"},"alternateName":"CVI","potentialAction":[{"@type":"SearchAction","target":{"@type":"EntryPoint","urlTemplate":"https:\/\/cvinoticias.com\/v3\/?s={search_term_string}"},"query-input":{"@type":"PropertyValueSpecification","valueRequired":true,"valueName":"search_term_string"}}],"inLanguage":"es"},{"@type":"Organization","@id":"https:\/\/cvinoticias.com\/v3\/#organization","name":"CVI NOTICIAS","url":"https:\/\/cvinoticias.com\/v3\/","logo":{"@type":"ImageObject","inLanguage":"es","@id":"https:\/\/cvinoticias.com\/v3\/#\/schema\/logo\/image\/","url":"https:\/\/cvinoticias.com\/wp-content\/uploads\/2023\/04\/cropped-cropped-cropped-cropped-cropped-3-1.png","contentUrl":"https:\/\/cvinoticias.com\/wp-content\/uploads\/2023\/04\/cropped-cropped-cropped-cropped-cropped-3-1.png","width":95,"height":122,"caption":"CVI NOTICIAS"},"image":{"@id":"https:\/\/cvinoticias.com\/v3\/#\/schema\/logo\/image\/"},"sameAs":["https:\/\/www.facebook.com\/cvinoticias","https:\/\/www.instagram.com\/cvinoticias\/","https:\/\/www.youtube.com\/@CVINOTICIAS"]},{"@type":"Person","@id":"https:\/\/cvinoticias.com\/v3\/#\/schema\/person\/2db77e3c6bc03c538495d7b2b8be9b66","name":"f1000024","image":{"@type":"ImageObject","inLanguage":"es","@id":"https:\/\/secure.gravatar.com\/avatar\/d4fe7459cfc51ff5129ce1a732bbef5928568b8092d412ef95611616376bbeed?s=96&d=mm&r=g","url":"https:\/\/secure.gravatar.com\/avatar\/d4fe7459cfc51ff5129ce1a732bbef5928568b8092d412ef95611616376bbeed?s=96&d=mm&r=g","contentUrl":"https:\/\/secure.gravatar.com\/avatar\/d4fe7459cfc51ff5129ce1a732bbef5928568b8092d412ef95611616376bbeed?s=96&d=mm&r=g","caption":"f1000024"},"url":"https:\/\/cvinoticias.com\/v3\/author\/f1000024\/"}]}},"_links":{"self":[{"href":"https:\/\/cvinoticias.com\/v3\/wp-json\/wp\/v2\/posts\/4979","targetHints":{"allow":["GET"]}}],"collection":[{"href":"https:\/\/cvinoticias.com\/v3\/wp-json\/wp\/v2\/posts"}],"about":[{"href":"https:\/\/cvinoticias.com\/v3\/wp-json\/wp\/v2\/types\/post"}],"author":[{"embeddable":true,"href":"https:\/\/cvinoticias.com\/v3\/wp-json\/wp\/v2\/users\/2"}],"replies":[{"embeddable":true,"href":"https:\/\/cvinoticias.com\/v3\/wp-json\/wp\/v2\/comments?post=4979"}],"version-history":[{"count":1,"href":"https:\/\/cvinoticias.com\/v3\/wp-json\/wp\/v2\/posts\/4979\/revisions"}],"predecessor-version":[{"id":4981,"href":"https:\/\/cvinoticias.com\/v3\/wp-json\/wp\/v2\/posts\/4979\/revisions\/4981"}],"wp:featuredmedia":[{"embeddable":true,"href":"https:\/\/cvinoticias.com\/v3\/wp-json\/wp\/v2\/media\/4980"}],"wp:attachment":[{"href":"https:\/\/cvinoticias.com\/v3\/wp-json\/wp\/v2\/media?parent=4979"}],"wp:term":[{"taxonomy":"category","embeddable":true,"href":"https:\/\/cvinoticias.com\/v3\/wp-json\/wp\/v2\/categories?post=4979"},{"taxonomy":"post_tag","embeddable":true,"href":"https:\/\/cvinoticias.com\/v3\/wp-json\/wp\/v2\/tags?post=4979"}],"curies":[{"name":"wp","href":"https:\/\/api.w.org\/{rel}","templated":true}]}}