{"id":4974,"date":"2021-05-10T08:45:53","date_gmt":"2021-05-10T08:45:53","guid":{"rendered":"https:\/\/cvinoticias.com\/v3\/?p=4974"},"modified":"2021-05-10T08:45:53","modified_gmt":"2021-05-10T08:45:53","slug":"la-semana-inicia-con-un-nuevo-paro-docente-por-72-hs-con-cortes-de-ruta","status":"publish","type":"post","link":"https:\/\/cvinoticias.com\/v3\/la-semana-inicia-con-un-nuevo-paro-docente-por-72-hs-con-cortes-de-ruta\/","title":{"rendered":"La semana inicia con un nuevo  paro docente  por 72 hs con cortes de ruta"},"content":{"rendered":"\n<p><strong><em>La puja entre el Gobierno, los docentes\u00a0autoconvocados\u00a0y los gremios disidentes tendr\u00e1 un nuevo cap\u00edtulo est\u00e1 semana por la falta de di\u00e1logo<\/em><\/strong>.<\/p>\n\n\n\n<p>El viernes 7 de mayo, en la \u00faltima jornada de paro de 72 horas convocado por el Frente de Trabajadores de la Educaci\u00f3n en Lucha, integrado por MPL, UDNAM, AUTOCONVOCADOS, UTEM-CTAA, ATE, TRIBUNA DOCENTE, CORRIENTE NACIONAL CONTI SANTORO y MAREA BLANCA, donde realizaron la \u00abMarcha de la Dignidad por el Di\u00e1logo\u00bb que culmin\u00f3 en un corte de ruta a la altura del Peaje\u00a0Santa Ana.\u00a0All\u00ed se retomaron la Asamblea que hab\u00eda pasado a cuarto intermedio el pasado 4 de mayo.<\/p>\n\n\n\n<p>En la oportunidad y por mandato de la asamblea, el representante del Frente se comunic\u00f3 con la patronal, a fin de transmitir la necesidad de agilizar la convocatoria a una mesa de di\u00e1logo. Por parte del\u00a0CGE\u00a0se recepcion\u00f3 la comunicaci\u00f3n pero no brindaron ninguna respuesta.<\/p>\n\n\n\n<p>Durante la jornada se produjeron diversas situaciones; que seg\u00fan los docentes evidencia las intenciones del poder pol\u00edtico de apelar al aparato represivo para doblegar la lucha.<\/p>\n\n\n\n<p>Los manifestantes afirman que hubo; acoso por parte de la Gendarmer\u00eda,\u00a0el bloqueo para el paso de ambulancias y veh\u00edculos de di\u00e1lisis, pinchadura de neum\u00e1ticos a los veh\u00edculos de algunos docentes, y la liberaci\u00f3n de la zona para que avanzaran camioneros.<\/p>\n\n\n\n<p>\u00abEste \u00faltimo episodio pudo haber terminado en una tragedia, y fue gracias a la templanza y la conducta de los compa\u00f1eros que sosten\u00edan las cabeceras, quienes no se movieron un cent\u00edmetro de sus posiciones que el corte se sostuvo m\u00e1s de 12 horas, hasta que se evalu\u00f3 por seguridad levantarlo cuando ya hab\u00eda ca\u00eddo la noche\u00bb Coment\u00f3 Beto Pighin integrante del MPL.<\/p>\n\n\n\n<p><em><strong>En la Asamblea resolvieron<\/strong><\/em><\/p>\n\n\n\n<p>-Convocar a paro de 72 hs. sin asistencia los d\u00edas lunes 10, martes 11 y mi\u00e9rcoles 12 de mayo.<\/p>\n\n\n\n<p>-Realizar el lunes 10 acciones locales y\/o zonales.<\/p>\n\n\n\n<p>-Concentrar en la cabecera norte del Yabebyry sobre la\u00a0ruta 12\u00a0en San Ignacio, a las 8 hs. del d\u00eda martes 11, con acampe hasta el d\u00eda mi\u00e9rcoles 12 de mayo.<\/p>\n\n\n\n<p>-Pasar a cuarto intermedio la Asamblea Provincial para retomar el d\u00eda mi\u00e9rcoles 12 en el marco de la concentraci\u00f3n en el Yabebyry (San Ignacio).<\/p>\n\n\n\n<p>-Para los docentes \u00abSon momentos claves donde la fortaleza y la coherencia que hemos forjado se ponen a prueba\u00bb<\/p>\n\n\n\n<p>-\u00abEl poder busca dilatar la soluci\u00f3n y, al apelar a mecanismos vergonzosos, contin\u00faa profundizando el conflicto que escala a una dimensi\u00f3n cada vez mayor\u00bb<\/p>\n\n\n\n<p>-Los trabajadores de la educaci\u00f3n est\u00e1n dispuestos a seguir sosteniendo esta lucha.<\/p>\n\n\n\n<p>-\u00abA esta altura del proceso no vamos a cejar un palmo nuestros reclamos, por lo que instamos una vez m\u00e1s a conformar esa mesa de di\u00e1logo. Seguir dilatando esto es profundizar el conflicto\u00bb Comentaron desde el sector.<\/p>\n","protected":false},"excerpt":{"rendered":"<p>La puja entre el Gobierno, los docentes\u00a0autoconvocados\u00a0y los gremios disidentes tendr\u00e1 un nuevo cap\u00edtulo est\u00e1 semana por la falta de di\u00e1logo. El viernes 7 de mayo, en la \u00faltima jornada de paro de 72 horas convocado por el Frente de Trabajadores de la Educaci\u00f3n en Lucha, integrado por MPL, UDNAM, AUTOCONVOCADOS, UTEM-CTAA, ATE, TRIBUNA DOCENTE, [&hellip;]<\/p>\n","protected":false},"author":2,"featured_media":4377,"comment_status":"open","ping_status":"open","sticky":false,"template":"","format":"standard","meta":{"footnotes":""},"categories":[26],"tags":[],"class_list":["post-4974","post","type-post","status-publish","format-standard","has-post-thumbnail","hentry","category-educacion"],"yoast_head":"<!-- This site is optimized with the Yoast SEO plugin v27.5 - https:\/\/yoast.com\/product\/yoast-seo-wordpress\/ -->\n<title>La semana inicia con un nuevo paro docente por 72 hs con cortes de ruta | CVI NOTICIAS<\/title>\n<meta name=\"robots\" content=\"index, follow, max-snippet:-1, max-image-preview:large, max-video-preview:-1\" \/>\n<link rel=\"canonical\" href=\"https:\/\/cvinoticias.com\/v3\/la-semana-inicia-con-un-nuevo-paro-docente-por-72-hs-con-cortes-de-ruta\/\" \/>\n<meta property=\"og:locale\" content=\"es_ES\" \/>\n<meta property=\"og:type\" content=\"article\" \/>\n<meta property=\"og:title\" content=\"La semana inicia con un nuevo paro docente por 72 hs con cortes de ruta | CVI NOTICIAS\" \/>\n<meta property=\"og:description\" content=\"La puja entre el Gobierno, los docentes\u00a0autoconvocados\u00a0y los gremios disidentes tendr\u00e1 un nuevo cap\u00edtulo est\u00e1 semana por la falta de di\u00e1logo. El viernes 7 de mayo, en la \u00faltima jornada de paro de 72 horas convocado por el Frente de Trabajadores de la Educaci\u00f3n en Lucha, integrado por MPL, UDNAM, AUTOCONVOCADOS, UTEM-CTAA, ATE, TRIBUNA DOCENTE, [&hellip;]\" \/>\n<meta property=\"og:url\" content=\"https:\/\/cvinoticias.com\/v3\/la-semana-inicia-con-un-nuevo-paro-docente-por-72-hs-con-cortes-de-ruta\/\" \/>\n<meta property=\"og:site_name\" content=\"CVI NOTICIAS\" \/>\n<meta property=\"article:publisher\" content=\"https:\/\/www.facebook.com\/cvinoticias\" \/>\n<meta property=\"article:published_time\" content=\"2021-05-10T08:45:53+00:00\" \/>\n<meta property=\"og:image\" content=\"https:\/\/cvinoticias.com\/wp-content\/uploads\/2021\/04\/IMG-20210420-WA0168.jpg\" \/>\n\t<meta property=\"og:image:width\" content=\"1280\" \/>\n\t<meta property=\"og:image:height\" content=\"720\" \/>\n\t<meta property=\"og:image:type\" content=\"image\/jpeg\" \/>\n<meta name=\"author\" content=\"f1000024\" \/>\n<meta name=\"twitter:card\" content=\"summary_large_image\" \/>\n<meta name=\"twitter:label1\" content=\"Escrito por\" \/>\n\t<meta name=\"twitter:data1\" content=\"f1000024\" \/>\n\t<meta name=\"twitter:label2\" content=\"Tiempo de lectura\" \/>\n\t<meta name=\"twitter:data2\" content=\"2 minutos\" \/>\n<script type=\"application\/ld+json\" class=\"yoast-schema-graph\">{\"@context\":\"https:\\\/\\\/schema.org\",\"@graph\":[{\"@type\":\"Article\",\"@id\":\"https:\\\/\\\/cvinoticias.com\\\/v3\\\/la-semana-inicia-con-un-nuevo-paro-docente-por-72-hs-con-cortes-de-ruta\\\/#article\",\"isPartOf\":{\"@id\":\"https:\\\/\\\/cvinoticias.com\\\/v3\\\/la-semana-inicia-con-un-nuevo-paro-docente-por-72-hs-con-cortes-de-ruta\\\/\"},\"author\":{\"name\":\"f1000024\",\"@id\":\"https:\\\/\\\/cvinoticias.com\\\/v3\\\/#\\\/schema\\\/person\\\/2db77e3c6bc03c538495d7b2b8be9b66\"},\"headline\":\"La semana inicia con un nuevo paro docente por 72 hs con cortes de ruta\",\"datePublished\":\"2021-05-10T08:45:53+00:00\",\"mainEntityOfPage\":{\"@id\":\"https:\\\/\\\/cvinoticias.com\\\/v3\\\/la-semana-inicia-con-un-nuevo-paro-docente-por-72-hs-con-cortes-de-ruta\\\/\"},\"wordCount\":496,\"commentCount\":0,\"publisher\":{\"@id\":\"https:\\\/\\\/cvinoticias.com\\\/v3\\\/#organization\"},\"image\":{\"@id\":\"https:\\\/\\\/cvinoticias.com\\\/v3\\\/la-semana-inicia-con-un-nuevo-paro-docente-por-72-hs-con-cortes-de-ruta\\\/#primaryimage\"},\"thumbnailUrl\":\"https:\\\/\\\/cvinoticias.com\\\/wp-content\\\/uploads\\\/2021\\\/04\\\/IMG-20210420-WA0168.jpg\",\"articleSection\":[\"Educacion\"],\"inLanguage\":\"es\",\"potentialAction\":[{\"@type\":\"CommentAction\",\"name\":\"Comment\",\"target\":[\"https:\\\/\\\/cvinoticias.com\\\/v3\\\/la-semana-inicia-con-un-nuevo-paro-docente-por-72-hs-con-cortes-de-ruta\\\/#respond\"]}]},{\"@type\":\"WebPage\",\"@id\":\"https:\\\/\\\/cvinoticias.com\\\/v3\\\/la-semana-inicia-con-un-nuevo-paro-docente-por-72-hs-con-cortes-de-ruta\\\/\",\"url\":\"https:\\\/\\\/cvinoticias.com\\\/v3\\\/la-semana-inicia-con-un-nuevo-paro-docente-por-72-hs-con-cortes-de-ruta\\\/\",\"name\":\"La semana inicia con un nuevo paro docente por 72 hs con cortes de ruta | CVI NOTICIAS\",\"isPartOf\":{\"@id\":\"https:\\\/\\\/cvinoticias.com\\\/v3\\\/#website\"},\"primaryImageOfPage\":{\"@id\":\"https:\\\/\\\/cvinoticias.com\\\/v3\\\/la-semana-inicia-con-un-nuevo-paro-docente-por-72-hs-con-cortes-de-ruta\\\/#primaryimage\"},\"image\":{\"@id\":\"https:\\\/\\\/cvinoticias.com\\\/v3\\\/la-semana-inicia-con-un-nuevo-paro-docente-por-72-hs-con-cortes-de-ruta\\\/#primaryimage\"},\"thumbnailUrl\":\"https:\\\/\\\/cvinoticias.com\\\/wp-content\\\/uploads\\\/2021\\\/04\\\/IMG-20210420-WA0168.jpg\",\"datePublished\":\"2021-05-10T08:45:53+00:00\",\"breadcrumb\":{\"@id\":\"https:\\\/\\\/cvinoticias.com\\\/v3\\\/la-semana-inicia-con-un-nuevo-paro-docente-por-72-hs-con-cortes-de-ruta\\\/#breadcrumb\"},\"inLanguage\":\"es\",\"potentialAction\":[{\"@type\":\"ReadAction\",\"target\":[\"https:\\\/\\\/cvinoticias.com\\\/v3\\\/la-semana-inicia-con-un-nuevo-paro-docente-por-72-hs-con-cortes-de-ruta\\\/\"]}]},{\"@type\":\"ImageObject\",\"inLanguage\":\"es\",\"@id\":\"https:\\\/\\\/cvinoticias.com\\\/v3\\\/la-semana-inicia-con-un-nuevo-paro-docente-por-72-hs-con-cortes-de-ruta\\\/#primaryimage\",\"url\":\"https:\\\/\\\/cvinoticias.com\\\/wp-content\\\/uploads\\\/2021\\\/04\\\/IMG-20210420-WA0168.jpg\",\"contentUrl\":\"https:\\\/\\\/cvinoticias.com\\\/wp-content\\\/uploads\\\/2021\\\/04\\\/IMG-20210420-WA0168.jpg\",\"width\":1280,\"height\":720},{\"@type\":\"BreadcrumbList\",\"@id\":\"https:\\\/\\\/cvinoticias.com\\\/v3\\\/la-semana-inicia-con-un-nuevo-paro-docente-por-72-hs-con-cortes-de-ruta\\\/#breadcrumb\",\"itemListElement\":[{\"@type\":\"ListItem\",\"position\":1,\"name\":\"Portada\",\"item\":\"https:\\\/\\\/cvinoticias.com\\\/v3\\\/\"},{\"@type\":\"ListItem\",\"position\":2,\"name\":\"La semana inicia con un nuevo paro docente por 72 hs con cortes de ruta\"}]},{\"@type\":\"WebSite\",\"@id\":\"https:\\\/\\\/cvinoticias.com\\\/v3\\\/#website\",\"url\":\"https:\\\/\\\/cvinoticias.com\\\/v3\\\/\",\"name\":\"CVI NOTICIAS\",\"description\":\"\",\"publisher\":{\"@id\":\"https:\\\/\\\/cvinoticias.com\\\/v3\\\/#organization\"},\"alternateName\":\"CVI\",\"potentialAction\":[{\"@type\":\"SearchAction\",\"target\":{\"@type\":\"EntryPoint\",\"urlTemplate\":\"https:\\\/\\\/cvinoticias.com\\\/v3\\\/?s={search_term_string}\"},\"query-input\":{\"@type\":\"PropertyValueSpecification\",\"valueRequired\":true,\"valueName\":\"search_term_string\"}}],\"inLanguage\":\"es\"},{\"@type\":\"Organization\",\"@id\":\"https:\\\/\\\/cvinoticias.com\\\/v3\\\/#organization\",\"name\":\"CVI NOTICIAS\",\"url\":\"https:\\\/\\\/cvinoticias.com\\\/v3\\\/\",\"logo\":{\"@type\":\"ImageObject\",\"inLanguage\":\"es\",\"@id\":\"https:\\\/\\\/cvinoticias.com\\\/v3\\\/#\\\/schema\\\/logo\\\/image\\\/\",\"url\":\"https:\\\/\\\/cvinoticias.com\\\/wp-content\\\/uploads\\\/2023\\\/04\\\/cropped-cropped-cropped-cropped-cropped-3-1.png\",\"contentUrl\":\"https:\\\/\\\/cvinoticias.com\\\/wp-content\\\/uploads\\\/2023\\\/04\\\/cropped-cropped-cropped-cropped-cropped-3-1.png\",\"width\":95,\"height\":122,\"caption\":\"CVI NOTICIAS\"},\"image\":{\"@id\":\"https:\\\/\\\/cvinoticias.com\\\/v3\\\/#\\\/schema\\\/logo\\\/image\\\/\"},\"sameAs\":[\"https:\\\/\\\/www.facebook.com\\\/cvinoticias\",\"https:\\\/\\\/www.instagram.com\\\/cvinoticias\\\/\",\"https:\\\/\\\/www.youtube.com\\\/@CVINOTICIAS\"]},{\"@type\":\"Person\",\"@id\":\"https:\\\/\\\/cvinoticias.com\\\/v3\\\/#\\\/schema\\\/person\\\/2db77e3c6bc03c538495d7b2b8be9b66\",\"name\":\"f1000024\",\"image\":{\"@type\":\"ImageObject\",\"inLanguage\":\"es\",\"@id\":\"https:\\\/\\\/secure.gravatar.com\\\/avatar\\\/d4fe7459cfc51ff5129ce1a732bbef5928568b8092d412ef95611616376bbeed?s=96&d=mm&r=g\",\"url\":\"https:\\\/\\\/secure.gravatar.com\\\/avatar\\\/d4fe7459cfc51ff5129ce1a732bbef5928568b8092d412ef95611616376bbeed?s=96&d=mm&r=g\",\"contentUrl\":\"https:\\\/\\\/secure.gravatar.com\\\/avatar\\\/d4fe7459cfc51ff5129ce1a732bbef5928568b8092d412ef95611616376bbeed?s=96&d=mm&r=g\",\"caption\":\"f1000024\"},\"url\":\"https:\\\/\\\/cvinoticias.com\\\/v3\\\/author\\\/f1000024\\\/\"}]}<\/script>\n<!-- \/ Yoast SEO plugin. -->","yoast_head_json":{"title":"La semana inicia con un nuevo paro docente por 72 hs con cortes de ruta | CVI NOTICIAS","robots":{"index":"index","follow":"follow","max-snippet":"max-snippet:-1","max-image-preview":"max-image-preview:large","max-video-preview":"max-video-preview:-1"},"canonical":"https:\/\/cvinoticias.com\/v3\/la-semana-inicia-con-un-nuevo-paro-docente-por-72-hs-con-cortes-de-ruta\/","og_locale":"es_ES","og_type":"article","og_title":"La semana inicia con un nuevo paro docente por 72 hs con cortes de ruta | CVI NOTICIAS","og_description":"La puja entre el Gobierno, los docentes\u00a0autoconvocados\u00a0y los gremios disidentes tendr\u00e1 un nuevo cap\u00edtulo est\u00e1 semana por la falta de di\u00e1logo. El viernes 7 de mayo, en la \u00faltima jornada de paro de 72 horas convocado por el Frente de Trabajadores de la Educaci\u00f3n en Lucha, integrado por MPL, UDNAM, AUTOCONVOCADOS, UTEM-CTAA, ATE, TRIBUNA DOCENTE, [&hellip;]","og_url":"https:\/\/cvinoticias.com\/v3\/la-semana-inicia-con-un-nuevo-paro-docente-por-72-hs-con-cortes-de-ruta\/","og_site_name":"CVI NOTICIAS","article_publisher":"https:\/\/www.facebook.com\/cvinoticias","article_published_time":"2021-05-10T08:45:53+00:00","og_image":[{"width":1280,"height":720,"url":"https:\/\/cvinoticias.com\/wp-content\/uploads\/2021\/04\/IMG-20210420-WA0168.jpg","type":"image\/jpeg"}],"author":"f1000024","twitter_card":"summary_large_image","twitter_misc":{"Escrito por":"f1000024","Tiempo de lectura":"2 minutos"},"schema":{"@context":"https:\/\/schema.org","@graph":[{"@type":"Article","@id":"https:\/\/cvinoticias.com\/v3\/la-semana-inicia-con-un-nuevo-paro-docente-por-72-hs-con-cortes-de-ruta\/#article","isPartOf":{"@id":"https:\/\/cvinoticias.com\/v3\/la-semana-inicia-con-un-nuevo-paro-docente-por-72-hs-con-cortes-de-ruta\/"},"author":{"name":"f1000024","@id":"https:\/\/cvinoticias.com\/v3\/#\/schema\/person\/2db77e3c6bc03c538495d7b2b8be9b66"},"headline":"La semana inicia con un nuevo paro docente por 72 hs con cortes de ruta","datePublished":"2021-05-10T08:45:53+00:00","mainEntityOfPage":{"@id":"https:\/\/cvinoticias.com\/v3\/la-semana-inicia-con-un-nuevo-paro-docente-por-72-hs-con-cortes-de-ruta\/"},"wordCount":496,"commentCount":0,"publisher":{"@id":"https:\/\/cvinoticias.com\/v3\/#organization"},"image":{"@id":"https:\/\/cvinoticias.com\/v3\/la-semana-inicia-con-un-nuevo-paro-docente-por-72-hs-con-cortes-de-ruta\/#primaryimage"},"thumbnailUrl":"https:\/\/cvinoticias.com\/wp-content\/uploads\/2021\/04\/IMG-20210420-WA0168.jpg","articleSection":["Educacion"],"inLanguage":"es","potentialAction":[{"@type":"CommentAction","name":"Comment","target":["https:\/\/cvinoticias.com\/v3\/la-semana-inicia-con-un-nuevo-paro-docente-por-72-hs-con-cortes-de-ruta\/#respond"]}]},{"@type":"WebPage","@id":"https:\/\/cvinoticias.com\/v3\/la-semana-inicia-con-un-nuevo-paro-docente-por-72-hs-con-cortes-de-ruta\/","url":"https:\/\/cvinoticias.com\/v3\/la-semana-inicia-con-un-nuevo-paro-docente-por-72-hs-con-cortes-de-ruta\/","name":"La semana inicia con un nuevo paro docente por 72 hs con cortes de ruta | CVI NOTICIAS","isPartOf":{"@id":"https:\/\/cvinoticias.com\/v3\/#website"},"primaryImageOfPage":{"@id":"https:\/\/cvinoticias.com\/v3\/la-semana-inicia-con-un-nuevo-paro-docente-por-72-hs-con-cortes-de-ruta\/#primaryimage"},"image":{"@id":"https:\/\/cvinoticias.com\/v3\/la-semana-inicia-con-un-nuevo-paro-docente-por-72-hs-con-cortes-de-ruta\/#primaryimage"},"thumbnailUrl":"https:\/\/cvinoticias.com\/wp-content\/uploads\/2021\/04\/IMG-20210420-WA0168.jpg","datePublished":"2021-05-10T08:45:53+00:00","breadcrumb":{"@id":"https:\/\/cvinoticias.com\/v3\/la-semana-inicia-con-un-nuevo-paro-docente-por-72-hs-con-cortes-de-ruta\/#breadcrumb"},"inLanguage":"es","potentialAction":[{"@type":"ReadAction","target":["https:\/\/cvinoticias.com\/v3\/la-semana-inicia-con-un-nuevo-paro-docente-por-72-hs-con-cortes-de-ruta\/"]}]},{"@type":"ImageObject","inLanguage":"es","@id":"https:\/\/cvinoticias.com\/v3\/la-semana-inicia-con-un-nuevo-paro-docente-por-72-hs-con-cortes-de-ruta\/#primaryimage","url":"https:\/\/cvinoticias.com\/wp-content\/uploads\/2021\/04\/IMG-20210420-WA0168.jpg","contentUrl":"https:\/\/cvinoticias.com\/wp-content\/uploads\/2021\/04\/IMG-20210420-WA0168.jpg","width":1280,"height":720},{"@type":"BreadcrumbList","@id":"https:\/\/cvinoticias.com\/v3\/la-semana-inicia-con-un-nuevo-paro-docente-por-72-hs-con-cortes-de-ruta\/#breadcrumb","itemListElement":[{"@type":"ListItem","position":1,"name":"Portada","item":"https:\/\/cvinoticias.com\/v3\/"},{"@type":"ListItem","position":2,"name":"La semana inicia con un nuevo paro docente por 72 hs con cortes de ruta"}]},{"@type":"WebSite","@id":"https:\/\/cvinoticias.com\/v3\/#website","url":"https:\/\/cvinoticias.com\/v3\/","name":"CVI NOTICIAS","description":"","publisher":{"@id":"https:\/\/cvinoticias.com\/v3\/#organization"},"alternateName":"CVI","potentialAction":[{"@type":"SearchAction","target":{"@type":"EntryPoint","urlTemplate":"https:\/\/cvinoticias.com\/v3\/?s={search_term_string}"},"query-input":{"@type":"PropertyValueSpecification","valueRequired":true,"valueName":"search_term_string"}}],"inLanguage":"es"},{"@type":"Organization","@id":"https:\/\/cvinoticias.com\/v3\/#organization","name":"CVI NOTICIAS","url":"https:\/\/cvinoticias.com\/v3\/","logo":{"@type":"ImageObject","inLanguage":"es","@id":"https:\/\/cvinoticias.com\/v3\/#\/schema\/logo\/image\/","url":"https:\/\/cvinoticias.com\/wp-content\/uploads\/2023\/04\/cropped-cropped-cropped-cropped-cropped-3-1.png","contentUrl":"https:\/\/cvinoticias.com\/wp-content\/uploads\/2023\/04\/cropped-cropped-cropped-cropped-cropped-3-1.png","width":95,"height":122,"caption":"CVI NOTICIAS"},"image":{"@id":"https:\/\/cvinoticias.com\/v3\/#\/schema\/logo\/image\/"},"sameAs":["https:\/\/www.facebook.com\/cvinoticias","https:\/\/www.instagram.com\/cvinoticias\/","https:\/\/www.youtube.com\/@CVINOTICIAS"]},{"@type":"Person","@id":"https:\/\/cvinoticias.com\/v3\/#\/schema\/person\/2db77e3c6bc03c538495d7b2b8be9b66","name":"f1000024","image":{"@type":"ImageObject","inLanguage":"es","@id":"https:\/\/secure.gravatar.com\/avatar\/d4fe7459cfc51ff5129ce1a732bbef5928568b8092d412ef95611616376bbeed?s=96&d=mm&r=g","url":"https:\/\/secure.gravatar.com\/avatar\/d4fe7459cfc51ff5129ce1a732bbef5928568b8092d412ef95611616376bbeed?s=96&d=mm&r=g","contentUrl":"https:\/\/secure.gravatar.com\/avatar\/d4fe7459cfc51ff5129ce1a732bbef5928568b8092d412ef95611616376bbeed?s=96&d=mm&r=g","caption":"f1000024"},"url":"https:\/\/cvinoticias.com\/v3\/author\/f1000024\/"}]}},"_links":{"self":[{"href":"https:\/\/cvinoticias.com\/v3\/wp-json\/wp\/v2\/posts\/4974","targetHints":{"allow":["GET"]}}],"collection":[{"href":"https:\/\/cvinoticias.com\/v3\/wp-json\/wp\/v2\/posts"}],"about":[{"href":"https:\/\/cvinoticias.com\/v3\/wp-json\/wp\/v2\/types\/post"}],"author":[{"embeddable":true,"href":"https:\/\/cvinoticias.com\/v3\/wp-json\/wp\/v2\/users\/2"}],"replies":[{"embeddable":true,"href":"https:\/\/cvinoticias.com\/v3\/wp-json\/wp\/v2\/comments?post=4974"}],"version-history":[{"count":1,"href":"https:\/\/cvinoticias.com\/v3\/wp-json\/wp\/v2\/posts\/4974\/revisions"}],"predecessor-version":[{"id":4975,"href":"https:\/\/cvinoticias.com\/v3\/wp-json\/wp\/v2\/posts\/4974\/revisions\/4975"}],"wp:featuredmedia":[{"embeddable":true,"href":"https:\/\/cvinoticias.com\/v3\/wp-json\/wp\/v2\/media\/4377"}],"wp:attachment":[{"href":"https:\/\/cvinoticias.com\/v3\/wp-json\/wp\/v2\/media?parent=4974"}],"wp:term":[{"taxonomy":"category","embeddable":true,"href":"https:\/\/cvinoticias.com\/v3\/wp-json\/wp\/v2\/categories?post=4974"},{"taxonomy":"post_tag","embeddable":true,"href":"https:\/\/cvinoticias.com\/v3\/wp-json\/wp\/v2\/tags?post=4974"}],"curies":[{"name":"wp","href":"https:\/\/api.w.org\/{rel}","templated":true}]}}