{"id":4972,"date":"2021-05-10T08:28:18","date_gmt":"2021-05-10T08:28:18","guid":{"rendered":"https:\/\/cvinoticias.com\/v3\/?p=4972"},"modified":"2021-05-10T08:28:18","modified_gmt":"2021-05-10T08:28:18","slug":"arranca-la-aplicacion-de-la-segunda-dosis-sinopharm-y-convocan-a-los-inmunizados","status":"publish","type":"post","link":"https:\/\/cvinoticias.com\/v3\/arranca-la-aplicacion-de-la-segunda-dosis-sinopharm-y-convocan-a-los-inmunizados\/","title":{"rendered":"Arranca la aplicaci\u00f3n de la segunda dosis Sinopharm y convocan a los inmunizados"},"content":{"rendered":"\n<p><strong><em>El gobierno provincial confirm\u00f3 que este lunes comienza la vacunaci\u00f3n para las personas de entre 50 y 59 a\u00f1os con comorbilidades, que ya recibieron la primera dosis de la vacuna china contra el coronavirus.<\/em><\/strong><\/p>\n\n\n\n<p>Desde hoy 10 de mayo, el grupo de personas de 50 a 59 a\u00f1os de edad, con comorbilidades, que han recibido la primera dosis de la vacuna Sinopharm comenzar\u00e1n en forma progresiva a recibir la segunda dosis en los vacunatorios donde concurrieron la primera vez.<\/p>\n\n\n\n<p>As\u00ed lo indicaron oficialmente desde el Ministerio de Salud P\u00fablica. En ese sentido, el organismo sostiene que diagramaron un cronograma para evitar aglomeraciones en los vacunatorios. La vacunaci\u00f3n ser\u00e1 por la terminaci\u00f3n de DNI.<\/p>\n\n\n\n<p>En nuestra localidad los inmunizados que deben recibir las segundas dosis, podr\u00e1n acercarse al Centro de Convenciones  del Amerian.<\/p>\n\n\n\n<p> <\/p>\n","protected":false},"excerpt":{"rendered":"<p>El gobierno provincial confirm\u00f3 que este lunes comienza la vacunaci\u00f3n para las personas de entre 50 y 59 a\u00f1os con comorbilidades, que ya recibieron la primera dosis de la vacuna china contra el coronavirus. Desde hoy 10 de mayo, el grupo de personas de 50 a 59 a\u00f1os de edad, con comorbilidades, que han recibido [&hellip;]<\/p>\n","protected":false},"author":2,"featured_media":4101,"comment_status":"open","ping_status":"open","sticky":false,"template":"","format":"standard","meta":{"footnotes":""},"categories":[23],"tags":[],"class_list":["post-4972","post","type-post","status-publish","format-standard","has-post-thumbnail","hentry","category-covid-19"],"yoast_head":"<!-- This site is optimized with the Yoast SEO plugin v27.5 - https:\/\/yoast.com\/product\/yoast-seo-wordpress\/ -->\n<title>Arranca la aplicaci\u00f3n de la segunda dosis Sinopharm y convocan a los inmunizados | CVI NOTICIAS<\/title>\n<meta name=\"robots\" content=\"index, follow, max-snippet:-1, max-image-preview:large, max-video-preview:-1\" \/>\n<link rel=\"canonical\" href=\"https:\/\/cvinoticias.com\/v3\/arranca-la-aplicacion-de-la-segunda-dosis-sinopharm-y-convocan-a-los-inmunizados\/\" \/>\n<meta property=\"og:locale\" content=\"es_ES\" \/>\n<meta property=\"og:type\" content=\"article\" \/>\n<meta property=\"og:title\" content=\"Arranca la aplicaci\u00f3n de la segunda dosis Sinopharm y convocan a los inmunizados | CVI NOTICIAS\" \/>\n<meta property=\"og:description\" content=\"El gobierno provincial confirm\u00f3 que este lunes comienza la vacunaci\u00f3n para las personas de entre 50 y 59 a\u00f1os con comorbilidades, que ya recibieron la primera dosis de la vacuna china contra el coronavirus. Desde hoy 10 de mayo, el grupo de personas de 50 a 59 a\u00f1os de edad, con comorbilidades, que han recibido [&hellip;]\" \/>\n<meta property=\"og:url\" content=\"https:\/\/cvinoticias.com\/v3\/arranca-la-aplicacion-de-la-segunda-dosis-sinopharm-y-convocan-a-los-inmunizados\/\" \/>\n<meta property=\"og:site_name\" content=\"CVI NOTICIAS\" \/>\n<meta property=\"article:publisher\" content=\"https:\/\/www.facebook.com\/cvinoticias\" \/>\n<meta property=\"article:published_time\" content=\"2021-05-10T08:28:18+00:00\" \/>\n<meta property=\"og:image\" content=\"https:\/\/cvinoticias.com\/wp-content\/uploads\/2021\/04\/IMG-20210412-WA0025.jpg\" \/>\n\t<meta property=\"og:image:width\" content=\"774\" \/>\n\t<meta property=\"og:image:height\" content=\"1032\" \/>\n\t<meta property=\"og:image:type\" content=\"image\/jpeg\" \/>\n<meta name=\"author\" content=\"f1000024\" \/>\n<meta name=\"twitter:card\" content=\"summary_large_image\" \/>\n<meta name=\"twitter:label1\" content=\"Escrito por\" \/>\n\t<meta name=\"twitter:data1\" content=\"f1000024\" \/>\n\t<meta name=\"twitter:label2\" content=\"Tiempo de lectura\" \/>\n\t<meta name=\"twitter:data2\" content=\"1 minuto\" \/>\n<script type=\"application\/ld+json\" class=\"yoast-schema-graph\">{\"@context\":\"https:\\\/\\\/schema.org\",\"@graph\":[{\"@type\":\"Article\",\"@id\":\"https:\\\/\\\/cvinoticias.com\\\/v3\\\/arranca-la-aplicacion-de-la-segunda-dosis-sinopharm-y-convocan-a-los-inmunizados\\\/#article\",\"isPartOf\":{\"@id\":\"https:\\\/\\\/cvinoticias.com\\\/v3\\\/arranca-la-aplicacion-de-la-segunda-dosis-sinopharm-y-convocan-a-los-inmunizados\\\/\"},\"author\":{\"name\":\"f1000024\",\"@id\":\"https:\\\/\\\/cvinoticias.com\\\/v3\\\/#\\\/schema\\\/person\\\/2db77e3c6bc03c538495d7b2b8be9b66\"},\"headline\":\"Arranca la aplicaci\u00f3n de la segunda dosis Sinopharm y convocan a los inmunizados\",\"datePublished\":\"2021-05-10T08:28:18+00:00\",\"mainEntityOfPage\":{\"@id\":\"https:\\\/\\\/cvinoticias.com\\\/v3\\\/arranca-la-aplicacion-de-la-segunda-dosis-sinopharm-y-convocan-a-los-inmunizados\\\/\"},\"wordCount\":149,\"commentCount\":0,\"publisher\":{\"@id\":\"https:\\\/\\\/cvinoticias.com\\\/v3\\\/#organization\"},\"image\":{\"@id\":\"https:\\\/\\\/cvinoticias.com\\\/v3\\\/arranca-la-aplicacion-de-la-segunda-dosis-sinopharm-y-convocan-a-los-inmunizados\\\/#primaryimage\"},\"thumbnailUrl\":\"https:\\\/\\\/cvinoticias.com\\\/wp-content\\\/uploads\\\/2021\\\/04\\\/IMG-20210412-WA0025.jpg\",\"articleSection\":[\"Covid-19\"],\"inLanguage\":\"es\",\"potentialAction\":[{\"@type\":\"CommentAction\",\"name\":\"Comment\",\"target\":[\"https:\\\/\\\/cvinoticias.com\\\/v3\\\/arranca-la-aplicacion-de-la-segunda-dosis-sinopharm-y-convocan-a-los-inmunizados\\\/#respond\"]}]},{\"@type\":\"WebPage\",\"@id\":\"https:\\\/\\\/cvinoticias.com\\\/v3\\\/arranca-la-aplicacion-de-la-segunda-dosis-sinopharm-y-convocan-a-los-inmunizados\\\/\",\"url\":\"https:\\\/\\\/cvinoticias.com\\\/v3\\\/arranca-la-aplicacion-de-la-segunda-dosis-sinopharm-y-convocan-a-los-inmunizados\\\/\",\"name\":\"Arranca la aplicaci\u00f3n de la segunda dosis Sinopharm y convocan a los inmunizados | CVI NOTICIAS\",\"isPartOf\":{\"@id\":\"https:\\\/\\\/cvinoticias.com\\\/v3\\\/#website\"},\"primaryImageOfPage\":{\"@id\":\"https:\\\/\\\/cvinoticias.com\\\/v3\\\/arranca-la-aplicacion-de-la-segunda-dosis-sinopharm-y-convocan-a-los-inmunizados\\\/#primaryimage\"},\"image\":{\"@id\":\"https:\\\/\\\/cvinoticias.com\\\/v3\\\/arranca-la-aplicacion-de-la-segunda-dosis-sinopharm-y-convocan-a-los-inmunizados\\\/#primaryimage\"},\"thumbnailUrl\":\"https:\\\/\\\/cvinoticias.com\\\/wp-content\\\/uploads\\\/2021\\\/04\\\/IMG-20210412-WA0025.jpg\",\"datePublished\":\"2021-05-10T08:28:18+00:00\",\"breadcrumb\":{\"@id\":\"https:\\\/\\\/cvinoticias.com\\\/v3\\\/arranca-la-aplicacion-de-la-segunda-dosis-sinopharm-y-convocan-a-los-inmunizados\\\/#breadcrumb\"},\"inLanguage\":\"es\",\"potentialAction\":[{\"@type\":\"ReadAction\",\"target\":[\"https:\\\/\\\/cvinoticias.com\\\/v3\\\/arranca-la-aplicacion-de-la-segunda-dosis-sinopharm-y-convocan-a-los-inmunizados\\\/\"]}]},{\"@type\":\"ImageObject\",\"inLanguage\":\"es\",\"@id\":\"https:\\\/\\\/cvinoticias.com\\\/v3\\\/arranca-la-aplicacion-de-la-segunda-dosis-sinopharm-y-convocan-a-los-inmunizados\\\/#primaryimage\",\"url\":\"https:\\\/\\\/cvinoticias.com\\\/wp-content\\\/uploads\\\/2021\\\/04\\\/IMG-20210412-WA0025.jpg\",\"contentUrl\":\"https:\\\/\\\/cvinoticias.com\\\/wp-content\\\/uploads\\\/2021\\\/04\\\/IMG-20210412-WA0025.jpg\",\"width\":774,\"height\":1032},{\"@type\":\"BreadcrumbList\",\"@id\":\"https:\\\/\\\/cvinoticias.com\\\/v3\\\/arranca-la-aplicacion-de-la-segunda-dosis-sinopharm-y-convocan-a-los-inmunizados\\\/#breadcrumb\",\"itemListElement\":[{\"@type\":\"ListItem\",\"position\":1,\"name\":\"Portada\",\"item\":\"https:\\\/\\\/cvinoticias.com\\\/v3\\\/\"},{\"@type\":\"ListItem\",\"position\":2,\"name\":\"Arranca la aplicaci\u00f3n de la segunda dosis Sinopharm y convocan a los inmunizados\"}]},{\"@type\":\"WebSite\",\"@id\":\"https:\\\/\\\/cvinoticias.com\\\/v3\\\/#website\",\"url\":\"https:\\\/\\\/cvinoticias.com\\\/v3\\\/\",\"name\":\"CVI NOTICIAS\",\"description\":\"\",\"publisher\":{\"@id\":\"https:\\\/\\\/cvinoticias.com\\\/v3\\\/#organization\"},\"alternateName\":\"CVI\",\"potentialAction\":[{\"@type\":\"SearchAction\",\"target\":{\"@type\":\"EntryPoint\",\"urlTemplate\":\"https:\\\/\\\/cvinoticias.com\\\/v3\\\/?s={search_term_string}\"},\"query-input\":{\"@type\":\"PropertyValueSpecification\",\"valueRequired\":true,\"valueName\":\"search_term_string\"}}],\"inLanguage\":\"es\"},{\"@type\":\"Organization\",\"@id\":\"https:\\\/\\\/cvinoticias.com\\\/v3\\\/#organization\",\"name\":\"CVI NOTICIAS\",\"url\":\"https:\\\/\\\/cvinoticias.com\\\/v3\\\/\",\"logo\":{\"@type\":\"ImageObject\",\"inLanguage\":\"es\",\"@id\":\"https:\\\/\\\/cvinoticias.com\\\/v3\\\/#\\\/schema\\\/logo\\\/image\\\/\",\"url\":\"https:\\\/\\\/cvinoticias.com\\\/wp-content\\\/uploads\\\/2023\\\/04\\\/cropped-cropped-cropped-cropped-cropped-3-1.png\",\"contentUrl\":\"https:\\\/\\\/cvinoticias.com\\\/wp-content\\\/uploads\\\/2023\\\/04\\\/cropped-cropped-cropped-cropped-cropped-3-1.png\",\"width\":95,\"height\":122,\"caption\":\"CVI NOTICIAS\"},\"image\":{\"@id\":\"https:\\\/\\\/cvinoticias.com\\\/v3\\\/#\\\/schema\\\/logo\\\/image\\\/\"},\"sameAs\":[\"https:\\\/\\\/www.facebook.com\\\/cvinoticias\",\"https:\\\/\\\/www.instagram.com\\\/cvinoticias\\\/\",\"https:\\\/\\\/www.youtube.com\\\/@CVINOTICIAS\"]},{\"@type\":\"Person\",\"@id\":\"https:\\\/\\\/cvinoticias.com\\\/v3\\\/#\\\/schema\\\/person\\\/2db77e3c6bc03c538495d7b2b8be9b66\",\"name\":\"f1000024\",\"image\":{\"@type\":\"ImageObject\",\"inLanguage\":\"es\",\"@id\":\"https:\\\/\\\/secure.gravatar.com\\\/avatar\\\/d4fe7459cfc51ff5129ce1a732bbef5928568b8092d412ef95611616376bbeed?s=96&d=mm&r=g\",\"url\":\"https:\\\/\\\/secure.gravatar.com\\\/avatar\\\/d4fe7459cfc51ff5129ce1a732bbef5928568b8092d412ef95611616376bbeed?s=96&d=mm&r=g\",\"contentUrl\":\"https:\\\/\\\/secure.gravatar.com\\\/avatar\\\/d4fe7459cfc51ff5129ce1a732bbef5928568b8092d412ef95611616376bbeed?s=96&d=mm&r=g\",\"caption\":\"f1000024\"},\"url\":\"https:\\\/\\\/cvinoticias.com\\\/v3\\\/author\\\/f1000024\\\/\"}]}<\/script>\n<!-- \/ Yoast SEO plugin. -->","yoast_head_json":{"title":"Arranca la aplicaci\u00f3n de la segunda dosis Sinopharm y convocan a los inmunizados | CVI NOTICIAS","robots":{"index":"index","follow":"follow","max-snippet":"max-snippet:-1","max-image-preview":"max-image-preview:large","max-video-preview":"max-video-preview:-1"},"canonical":"https:\/\/cvinoticias.com\/v3\/arranca-la-aplicacion-de-la-segunda-dosis-sinopharm-y-convocan-a-los-inmunizados\/","og_locale":"es_ES","og_type":"article","og_title":"Arranca la aplicaci\u00f3n de la segunda dosis Sinopharm y convocan a los inmunizados | CVI NOTICIAS","og_description":"El gobierno provincial confirm\u00f3 que este lunes comienza la vacunaci\u00f3n para las personas de entre 50 y 59 a\u00f1os con comorbilidades, que ya recibieron la primera dosis de la vacuna china contra el coronavirus. Desde hoy 10 de mayo, el grupo de personas de 50 a 59 a\u00f1os de edad, con comorbilidades, que han recibido [&hellip;]","og_url":"https:\/\/cvinoticias.com\/v3\/arranca-la-aplicacion-de-la-segunda-dosis-sinopharm-y-convocan-a-los-inmunizados\/","og_site_name":"CVI NOTICIAS","article_publisher":"https:\/\/www.facebook.com\/cvinoticias","article_published_time":"2021-05-10T08:28:18+00:00","og_image":[{"width":774,"height":1032,"url":"https:\/\/cvinoticias.com\/wp-content\/uploads\/2021\/04\/IMG-20210412-WA0025.jpg","type":"image\/jpeg"}],"author":"f1000024","twitter_card":"summary_large_image","twitter_misc":{"Escrito por":"f1000024","Tiempo de lectura":"1 minuto"},"schema":{"@context":"https:\/\/schema.org","@graph":[{"@type":"Article","@id":"https:\/\/cvinoticias.com\/v3\/arranca-la-aplicacion-de-la-segunda-dosis-sinopharm-y-convocan-a-los-inmunizados\/#article","isPartOf":{"@id":"https:\/\/cvinoticias.com\/v3\/arranca-la-aplicacion-de-la-segunda-dosis-sinopharm-y-convocan-a-los-inmunizados\/"},"author":{"name":"f1000024","@id":"https:\/\/cvinoticias.com\/v3\/#\/schema\/person\/2db77e3c6bc03c538495d7b2b8be9b66"},"headline":"Arranca la aplicaci\u00f3n de la segunda dosis Sinopharm y convocan a los inmunizados","datePublished":"2021-05-10T08:28:18+00:00","mainEntityOfPage":{"@id":"https:\/\/cvinoticias.com\/v3\/arranca-la-aplicacion-de-la-segunda-dosis-sinopharm-y-convocan-a-los-inmunizados\/"},"wordCount":149,"commentCount":0,"publisher":{"@id":"https:\/\/cvinoticias.com\/v3\/#organization"},"image":{"@id":"https:\/\/cvinoticias.com\/v3\/arranca-la-aplicacion-de-la-segunda-dosis-sinopharm-y-convocan-a-los-inmunizados\/#primaryimage"},"thumbnailUrl":"https:\/\/cvinoticias.com\/wp-content\/uploads\/2021\/04\/IMG-20210412-WA0025.jpg","articleSection":["Covid-19"],"inLanguage":"es","potentialAction":[{"@type":"CommentAction","name":"Comment","target":["https:\/\/cvinoticias.com\/v3\/arranca-la-aplicacion-de-la-segunda-dosis-sinopharm-y-convocan-a-los-inmunizados\/#respond"]}]},{"@type":"WebPage","@id":"https:\/\/cvinoticias.com\/v3\/arranca-la-aplicacion-de-la-segunda-dosis-sinopharm-y-convocan-a-los-inmunizados\/","url":"https:\/\/cvinoticias.com\/v3\/arranca-la-aplicacion-de-la-segunda-dosis-sinopharm-y-convocan-a-los-inmunizados\/","name":"Arranca la aplicaci\u00f3n de la segunda dosis Sinopharm y convocan a los inmunizados | CVI NOTICIAS","isPartOf":{"@id":"https:\/\/cvinoticias.com\/v3\/#website"},"primaryImageOfPage":{"@id":"https:\/\/cvinoticias.com\/v3\/arranca-la-aplicacion-de-la-segunda-dosis-sinopharm-y-convocan-a-los-inmunizados\/#primaryimage"},"image":{"@id":"https:\/\/cvinoticias.com\/v3\/arranca-la-aplicacion-de-la-segunda-dosis-sinopharm-y-convocan-a-los-inmunizados\/#primaryimage"},"thumbnailUrl":"https:\/\/cvinoticias.com\/wp-content\/uploads\/2021\/04\/IMG-20210412-WA0025.jpg","datePublished":"2021-05-10T08:28:18+00:00","breadcrumb":{"@id":"https:\/\/cvinoticias.com\/v3\/arranca-la-aplicacion-de-la-segunda-dosis-sinopharm-y-convocan-a-los-inmunizados\/#breadcrumb"},"inLanguage":"es","potentialAction":[{"@type":"ReadAction","target":["https:\/\/cvinoticias.com\/v3\/arranca-la-aplicacion-de-la-segunda-dosis-sinopharm-y-convocan-a-los-inmunizados\/"]}]},{"@type":"ImageObject","inLanguage":"es","@id":"https:\/\/cvinoticias.com\/v3\/arranca-la-aplicacion-de-la-segunda-dosis-sinopharm-y-convocan-a-los-inmunizados\/#primaryimage","url":"https:\/\/cvinoticias.com\/wp-content\/uploads\/2021\/04\/IMG-20210412-WA0025.jpg","contentUrl":"https:\/\/cvinoticias.com\/wp-content\/uploads\/2021\/04\/IMG-20210412-WA0025.jpg","width":774,"height":1032},{"@type":"BreadcrumbList","@id":"https:\/\/cvinoticias.com\/v3\/arranca-la-aplicacion-de-la-segunda-dosis-sinopharm-y-convocan-a-los-inmunizados\/#breadcrumb","itemListElement":[{"@type":"ListItem","position":1,"name":"Portada","item":"https:\/\/cvinoticias.com\/v3\/"},{"@type":"ListItem","position":2,"name":"Arranca la aplicaci\u00f3n de la segunda dosis Sinopharm y convocan a los inmunizados"}]},{"@type":"WebSite","@id":"https:\/\/cvinoticias.com\/v3\/#website","url":"https:\/\/cvinoticias.com\/v3\/","name":"CVI NOTICIAS","description":"","publisher":{"@id":"https:\/\/cvinoticias.com\/v3\/#organization"},"alternateName":"CVI","potentialAction":[{"@type":"SearchAction","target":{"@type":"EntryPoint","urlTemplate":"https:\/\/cvinoticias.com\/v3\/?s={search_term_string}"},"query-input":{"@type":"PropertyValueSpecification","valueRequired":true,"valueName":"search_term_string"}}],"inLanguage":"es"},{"@type":"Organization","@id":"https:\/\/cvinoticias.com\/v3\/#organization","name":"CVI NOTICIAS","url":"https:\/\/cvinoticias.com\/v3\/","logo":{"@type":"ImageObject","inLanguage":"es","@id":"https:\/\/cvinoticias.com\/v3\/#\/schema\/logo\/image\/","url":"https:\/\/cvinoticias.com\/wp-content\/uploads\/2023\/04\/cropped-cropped-cropped-cropped-cropped-3-1.png","contentUrl":"https:\/\/cvinoticias.com\/wp-content\/uploads\/2023\/04\/cropped-cropped-cropped-cropped-cropped-3-1.png","width":95,"height":122,"caption":"CVI NOTICIAS"},"image":{"@id":"https:\/\/cvinoticias.com\/v3\/#\/schema\/logo\/image\/"},"sameAs":["https:\/\/www.facebook.com\/cvinoticias","https:\/\/www.instagram.com\/cvinoticias\/","https:\/\/www.youtube.com\/@CVINOTICIAS"]},{"@type":"Person","@id":"https:\/\/cvinoticias.com\/v3\/#\/schema\/person\/2db77e3c6bc03c538495d7b2b8be9b66","name":"f1000024","image":{"@type":"ImageObject","inLanguage":"es","@id":"https:\/\/secure.gravatar.com\/avatar\/d4fe7459cfc51ff5129ce1a732bbef5928568b8092d412ef95611616376bbeed?s=96&d=mm&r=g","url":"https:\/\/secure.gravatar.com\/avatar\/d4fe7459cfc51ff5129ce1a732bbef5928568b8092d412ef95611616376bbeed?s=96&d=mm&r=g","contentUrl":"https:\/\/secure.gravatar.com\/avatar\/d4fe7459cfc51ff5129ce1a732bbef5928568b8092d412ef95611616376bbeed?s=96&d=mm&r=g","caption":"f1000024"},"url":"https:\/\/cvinoticias.com\/v3\/author\/f1000024\/"}]}},"_links":{"self":[{"href":"https:\/\/cvinoticias.com\/v3\/wp-json\/wp\/v2\/posts\/4972","targetHints":{"allow":["GET"]}}],"collection":[{"href":"https:\/\/cvinoticias.com\/v3\/wp-json\/wp\/v2\/posts"}],"about":[{"href":"https:\/\/cvinoticias.com\/v3\/wp-json\/wp\/v2\/types\/post"}],"author":[{"embeddable":true,"href":"https:\/\/cvinoticias.com\/v3\/wp-json\/wp\/v2\/users\/2"}],"replies":[{"embeddable":true,"href":"https:\/\/cvinoticias.com\/v3\/wp-json\/wp\/v2\/comments?post=4972"}],"version-history":[{"count":1,"href":"https:\/\/cvinoticias.com\/v3\/wp-json\/wp\/v2\/posts\/4972\/revisions"}],"predecessor-version":[{"id":4973,"href":"https:\/\/cvinoticias.com\/v3\/wp-json\/wp\/v2\/posts\/4972\/revisions\/4973"}],"wp:featuredmedia":[{"embeddable":true,"href":"https:\/\/cvinoticias.com\/v3\/wp-json\/wp\/v2\/media\/4101"}],"wp:attachment":[{"href":"https:\/\/cvinoticias.com\/v3\/wp-json\/wp\/v2\/media?parent=4972"}],"wp:term":[{"taxonomy":"category","embeddable":true,"href":"https:\/\/cvinoticias.com\/v3\/wp-json\/wp\/v2\/categories?post=4972"},{"taxonomy":"post_tag","embeddable":true,"href":"https:\/\/cvinoticias.com\/v3\/wp-json\/wp\/v2\/tags?post=4972"}],"curies":[{"name":"wp","href":"https:\/\/api.w.org\/{rel}","templated":true}]}}