{"id":49716,"date":"2025-10-04T14:15:15","date_gmt":"2025-10-04T17:15:15","guid":{"rendered":"https:\/\/cvinoticias.com\/v3\/?p=49716"},"modified":"2025-10-06T09:08:31","modified_gmt":"2025-10-06T12:08:31","slug":"incendio-en-taller-de-motos-en-barrio-las-lenas","status":"publish","type":"post","link":"https:\/\/cvinoticias.com\/v3\/incendio-en-taller-de-motos-en-barrio-las-lenas\/","title":{"rendered":"Incendio en taller de motos en barrio Las Le\u00f1as"},"content":{"rendered":"\n<p>Durante la noche del viernes 3 de octubre, alrededor de las 22:00 horas, la Guardia de Bomberos Voluntarios de Puerto Iguaz\u00fa recibi\u00f3 un llamado por un incendio frente al colegio biling\u00fce, en el barrio Las Le\u00f1as.<\/p>\n\n\n\n<p>Al llegar al lugar, los bomberos constataron que el fuego ya hab\u00eda sido parcialmente sofocado por vecinos, quienes actuaron r\u00e1pidamente con extintores. El personal realiz\u00f3 tareas de inspecci\u00f3n y enfriamiento para garantizar la seguridad del sector y evitar la propagaci\u00f3n de las llamas.<\/p>\n\n\n\n<p>Seg\u00fan las primeras informaciones, el foco \u00edgneo se habr\u00eda originado en la parte exterior del taller de motocicletas. Como hip\u00f3tesis inicial, no se descarta que el incendio haya sido intencional, ya que se encontraron unas zapatillas quemadas, lo que podr\u00eda indicar que la persona que las portaba se retir\u00f3 con posibles lesiones.<\/p>\n\n\n\n<p>Desde el hospital local informaron que hasta el momento no se registraron ingresos de personas con quemaduras. Las investigaciones contin\u00faan bajo la \u00f3rbita de la Polic\u00eda de la Provincia, que trabaja para determinar las causas del siniestro.<\/p>\n","protected":false},"excerpt":{"rendered":"<p>Durante la noche del viernes 3 de octubre, alrededor de las 22:00 horas, la Guardia de Bomberos Voluntarios de Puerto Iguaz\u00fa recibi\u00f3 un llamado por un incendio frente al colegio biling\u00fce, en el barrio Las Le\u00f1as. Al llegar al lugar, los bomberos constataron que el fuego ya hab\u00eda sido parcialmente sofocado por vecinos, quienes actuaron [&hellip;]<\/p>\n","protected":false},"author":2,"featured_media":49717,"comment_status":"open","ping_status":"closed","sticky":false,"template":"","format":"standard","meta":{"footnotes":""},"categories":[47],"tags":[313,118,569],"class_list":["post-49716","post","type-post","status-publish","format-standard","has-post-thumbnail","hentry","category-sociedad","tag-iguazu","tag-incendio","tag-taller"],"yoast_head":"<!-- This site is optimized with the Yoast SEO plugin v27.5 - https:\/\/yoast.com\/product\/yoast-seo-wordpress\/ -->\n<title>Incendio en taller de motos en barrio Las Le\u00f1as, Iguaz\u00fa | CVI NOTICIAS<\/title>\n<meta name=\"description\" content=\"Bomberos acudieron a un incendio en un taller de motos en Las Le\u00f1as; no se registraron heridos y la causa se investiga.\" \/>\n<meta name=\"robots\" content=\"index, follow, max-snippet:-1, max-image-preview:large, max-video-preview:-1\" \/>\n<link rel=\"canonical\" href=\"https:\/\/cvinoticias.com\/v3\/incendio-en-taller-de-motos-en-barrio-las-lenas\/\" \/>\n<meta property=\"og:locale\" content=\"es_ES\" \/>\n<meta property=\"og:type\" content=\"article\" \/>\n<meta property=\"og:title\" content=\"Incendio en taller de motos en barrio Las Le\u00f1as, Iguaz\u00fa | CVI NOTICIAS\" \/>\n<meta property=\"og:description\" content=\"Bomberos acudieron a un incendio en un taller de motos en Las Le\u00f1as; no se registraron heridos y la causa se investiga.\" \/>\n<meta property=\"og:url\" content=\"https:\/\/cvinoticias.com\/v3\/incendio-en-taller-de-motos-en-barrio-las-lenas\/\" \/>\n<meta property=\"og:site_name\" content=\"CVI NOTICIAS\" \/>\n<meta property=\"article:publisher\" content=\"https:\/\/www.facebook.com\/cvinoticias\" \/>\n<meta property=\"article:published_time\" content=\"2025-10-04T17:15:15+00:00\" \/>\n<meta property=\"article:modified_time\" content=\"2025-10-06T12:08:31+00:00\" \/>\n<meta property=\"og:image\" content=\"https:\/\/cvinoticias.com\/wp-content\/uploads\/2025\/10\/1000277073.jpg\" \/>\n\t<meta property=\"og:image:width\" content=\"720\" \/>\n\t<meta property=\"og:image:height\" content=\"881\" \/>\n\t<meta property=\"og:image:type\" content=\"image\/jpeg\" \/>\n<meta name=\"author\" content=\"f1000024\" \/>\n<meta name=\"twitter:card\" content=\"summary_large_image\" \/>\n<meta name=\"twitter:label1\" content=\"Escrito por\" \/>\n\t<meta name=\"twitter:data1\" content=\"f1000024\" \/>\n\t<meta name=\"twitter:label2\" content=\"Tiempo de lectura\" \/>\n\t<meta name=\"twitter:data2\" content=\"1 minuto\" \/>\n<script type=\"application\/ld+json\" class=\"yoast-schema-graph\">{\"@context\":\"https:\\\/\\\/schema.org\",\"@graph\":[{\"@type\":\"Article\",\"@id\":\"https:\\\/\\\/cvinoticias.com\\\/v3\\\/incendio-en-taller-de-motos-en-barrio-las-lenas\\\/#article\",\"isPartOf\":{\"@id\":\"https:\\\/\\\/cvinoticias.com\\\/v3\\\/incendio-en-taller-de-motos-en-barrio-las-lenas\\\/\"},\"author\":{\"name\":\"f1000024\",\"@id\":\"https:\\\/\\\/cvinoticias.com\\\/v3\\\/#\\\/schema\\\/person\\\/2db77e3c6bc03c538495d7b2b8be9b66\"},\"headline\":\"Incendio en taller de motos en barrio Las Le\u00f1as\",\"datePublished\":\"2025-10-04T17:15:15+00:00\",\"dateModified\":\"2025-10-06T12:08:31+00:00\",\"mainEntityOfPage\":{\"@id\":\"https:\\\/\\\/cvinoticias.com\\\/v3\\\/incendio-en-taller-de-motos-en-barrio-las-lenas\\\/\"},\"wordCount\":188,\"commentCount\":0,\"publisher\":{\"@id\":\"https:\\\/\\\/cvinoticias.com\\\/v3\\\/#organization\"},\"image\":{\"@id\":\"https:\\\/\\\/cvinoticias.com\\\/v3\\\/incendio-en-taller-de-motos-en-barrio-las-lenas\\\/#primaryimage\"},\"thumbnailUrl\":\"https:\\\/\\\/cvinoticias.com\\\/wp-content\\\/uploads\\\/2025\\\/10\\\/1000277073.jpg\",\"keywords\":[\"Iguaz\u00fa\",\"incendio\",\"Taller\"],\"articleSection\":[\"Sociedad\"],\"inLanguage\":\"es\",\"potentialAction\":[{\"@type\":\"CommentAction\",\"name\":\"Comment\",\"target\":[\"https:\\\/\\\/cvinoticias.com\\\/v3\\\/incendio-en-taller-de-motos-en-barrio-las-lenas\\\/#respond\"]}]},{\"@type\":\"WebPage\",\"@id\":\"https:\\\/\\\/cvinoticias.com\\\/v3\\\/incendio-en-taller-de-motos-en-barrio-las-lenas\\\/\",\"url\":\"https:\\\/\\\/cvinoticias.com\\\/v3\\\/incendio-en-taller-de-motos-en-barrio-las-lenas\\\/\",\"name\":\"Incendio en taller de motos en barrio Las Le\u00f1as, Iguaz\u00fa | CVI NOTICIAS\",\"isPartOf\":{\"@id\":\"https:\\\/\\\/cvinoticias.com\\\/v3\\\/#website\"},\"primaryImageOfPage\":{\"@id\":\"https:\\\/\\\/cvinoticias.com\\\/v3\\\/incendio-en-taller-de-motos-en-barrio-las-lenas\\\/#primaryimage\"},\"image\":{\"@id\":\"https:\\\/\\\/cvinoticias.com\\\/v3\\\/incendio-en-taller-de-motos-en-barrio-las-lenas\\\/#primaryimage\"},\"thumbnailUrl\":\"https:\\\/\\\/cvinoticias.com\\\/wp-content\\\/uploads\\\/2025\\\/10\\\/1000277073.jpg\",\"datePublished\":\"2025-10-04T17:15:15+00:00\",\"dateModified\":\"2025-10-06T12:08:31+00:00\",\"description\":\"Bomberos acudieron a un incendio en un taller de motos en Las Le\u00f1as; no se registraron heridos y la causa se investiga.\",\"breadcrumb\":{\"@id\":\"https:\\\/\\\/cvinoticias.com\\\/v3\\\/incendio-en-taller-de-motos-en-barrio-las-lenas\\\/#breadcrumb\"},\"inLanguage\":\"es\",\"potentialAction\":[{\"@type\":\"ReadAction\",\"target\":[\"https:\\\/\\\/cvinoticias.com\\\/v3\\\/incendio-en-taller-de-motos-en-barrio-las-lenas\\\/\"]}]},{\"@type\":\"ImageObject\",\"inLanguage\":\"es\",\"@id\":\"https:\\\/\\\/cvinoticias.com\\\/v3\\\/incendio-en-taller-de-motos-en-barrio-las-lenas\\\/#primaryimage\",\"url\":\"https:\\\/\\\/cvinoticias.com\\\/wp-content\\\/uploads\\\/2025\\\/10\\\/1000277073.jpg\",\"contentUrl\":\"https:\\\/\\\/cvinoticias.com\\\/wp-content\\\/uploads\\\/2025\\\/10\\\/1000277073.jpg\",\"width\":720,\"height\":881},{\"@type\":\"BreadcrumbList\",\"@id\":\"https:\\\/\\\/cvinoticias.com\\\/v3\\\/incendio-en-taller-de-motos-en-barrio-las-lenas\\\/#breadcrumb\",\"itemListElement\":[{\"@type\":\"ListItem\",\"position\":1,\"name\":\"Portada\",\"item\":\"https:\\\/\\\/cvinoticias.com\\\/v3\\\/\"},{\"@type\":\"ListItem\",\"position\":2,\"name\":\"Incendio en taller de motos en barrio Las Le\u00f1as\"}]},{\"@type\":\"WebSite\",\"@id\":\"https:\\\/\\\/cvinoticias.com\\\/v3\\\/#website\",\"url\":\"https:\\\/\\\/cvinoticias.com\\\/v3\\\/\",\"name\":\"CVI NOTICIAS\",\"description\":\"\",\"publisher\":{\"@id\":\"https:\\\/\\\/cvinoticias.com\\\/v3\\\/#organization\"},\"alternateName\":\"CVI\",\"potentialAction\":[{\"@type\":\"SearchAction\",\"target\":{\"@type\":\"EntryPoint\",\"urlTemplate\":\"https:\\\/\\\/cvinoticias.com\\\/v3\\\/?s={search_term_string}\"},\"query-input\":{\"@type\":\"PropertyValueSpecification\",\"valueRequired\":true,\"valueName\":\"search_term_string\"}}],\"inLanguage\":\"es\"},{\"@type\":\"Organization\",\"@id\":\"https:\\\/\\\/cvinoticias.com\\\/v3\\\/#organization\",\"name\":\"CVI NOTICIAS\",\"url\":\"https:\\\/\\\/cvinoticias.com\\\/v3\\\/\",\"logo\":{\"@type\":\"ImageObject\",\"inLanguage\":\"es\",\"@id\":\"https:\\\/\\\/cvinoticias.com\\\/v3\\\/#\\\/schema\\\/logo\\\/image\\\/\",\"url\":\"https:\\\/\\\/cvinoticias.com\\\/wp-content\\\/uploads\\\/2023\\\/04\\\/cropped-cropped-cropped-cropped-cropped-3-1.png\",\"contentUrl\":\"https:\\\/\\\/cvinoticias.com\\\/wp-content\\\/uploads\\\/2023\\\/04\\\/cropped-cropped-cropped-cropped-cropped-3-1.png\",\"width\":95,\"height\":122,\"caption\":\"CVI NOTICIAS\"},\"image\":{\"@id\":\"https:\\\/\\\/cvinoticias.com\\\/v3\\\/#\\\/schema\\\/logo\\\/image\\\/\"},\"sameAs\":[\"https:\\\/\\\/www.facebook.com\\\/cvinoticias\",\"https:\\\/\\\/www.instagram.com\\\/cvinoticias\\\/\",\"https:\\\/\\\/www.youtube.com\\\/@CVINOTICIAS\"]},{\"@type\":\"Person\",\"@id\":\"https:\\\/\\\/cvinoticias.com\\\/v3\\\/#\\\/schema\\\/person\\\/2db77e3c6bc03c538495d7b2b8be9b66\",\"name\":\"f1000024\",\"image\":{\"@type\":\"ImageObject\",\"inLanguage\":\"es\",\"@id\":\"https:\\\/\\\/secure.gravatar.com\\\/avatar\\\/d4fe7459cfc51ff5129ce1a732bbef5928568b8092d412ef95611616376bbeed?s=96&d=mm&r=g\",\"url\":\"https:\\\/\\\/secure.gravatar.com\\\/avatar\\\/d4fe7459cfc51ff5129ce1a732bbef5928568b8092d412ef95611616376bbeed?s=96&d=mm&r=g\",\"contentUrl\":\"https:\\\/\\\/secure.gravatar.com\\\/avatar\\\/d4fe7459cfc51ff5129ce1a732bbef5928568b8092d412ef95611616376bbeed?s=96&d=mm&r=g\",\"caption\":\"f1000024\"},\"url\":\"https:\\\/\\\/cvinoticias.com\\\/v3\\\/author\\\/f1000024\\\/\"}]}<\/script>\n<!-- \/ Yoast SEO plugin. -->","yoast_head_json":{"title":"Incendio en taller de motos en barrio Las Le\u00f1as, Iguaz\u00fa | CVI NOTICIAS","description":"Bomberos acudieron a un incendio en un taller de motos en Las Le\u00f1as; no se registraron heridos y la causa se investiga.","robots":{"index":"index","follow":"follow","max-snippet":"max-snippet:-1","max-image-preview":"max-image-preview:large","max-video-preview":"max-video-preview:-1"},"canonical":"https:\/\/cvinoticias.com\/v3\/incendio-en-taller-de-motos-en-barrio-las-lenas\/","og_locale":"es_ES","og_type":"article","og_title":"Incendio en taller de motos en barrio Las Le\u00f1as, Iguaz\u00fa | CVI NOTICIAS","og_description":"Bomberos acudieron a un incendio en un taller de motos en Las Le\u00f1as; no se registraron heridos y la causa se investiga.","og_url":"https:\/\/cvinoticias.com\/v3\/incendio-en-taller-de-motos-en-barrio-las-lenas\/","og_site_name":"CVI NOTICIAS","article_publisher":"https:\/\/www.facebook.com\/cvinoticias","article_published_time":"2025-10-04T17:15:15+00:00","article_modified_time":"2025-10-06T12:08:31+00:00","og_image":[{"width":720,"height":881,"url":"https:\/\/cvinoticias.com\/wp-content\/uploads\/2025\/10\/1000277073.jpg","type":"image\/jpeg"}],"author":"f1000024","twitter_card":"summary_large_image","twitter_misc":{"Escrito por":"f1000024","Tiempo de lectura":"1 minuto"},"schema":{"@context":"https:\/\/schema.org","@graph":[{"@type":"Article","@id":"https:\/\/cvinoticias.com\/v3\/incendio-en-taller-de-motos-en-barrio-las-lenas\/#article","isPartOf":{"@id":"https:\/\/cvinoticias.com\/v3\/incendio-en-taller-de-motos-en-barrio-las-lenas\/"},"author":{"name":"f1000024","@id":"https:\/\/cvinoticias.com\/v3\/#\/schema\/person\/2db77e3c6bc03c538495d7b2b8be9b66"},"headline":"Incendio en taller de motos en barrio Las Le\u00f1as","datePublished":"2025-10-04T17:15:15+00:00","dateModified":"2025-10-06T12:08:31+00:00","mainEntityOfPage":{"@id":"https:\/\/cvinoticias.com\/v3\/incendio-en-taller-de-motos-en-barrio-las-lenas\/"},"wordCount":188,"commentCount":0,"publisher":{"@id":"https:\/\/cvinoticias.com\/v3\/#organization"},"image":{"@id":"https:\/\/cvinoticias.com\/v3\/incendio-en-taller-de-motos-en-barrio-las-lenas\/#primaryimage"},"thumbnailUrl":"https:\/\/cvinoticias.com\/wp-content\/uploads\/2025\/10\/1000277073.jpg","keywords":["Iguaz\u00fa","incendio","Taller"],"articleSection":["Sociedad"],"inLanguage":"es","potentialAction":[{"@type":"CommentAction","name":"Comment","target":["https:\/\/cvinoticias.com\/v3\/incendio-en-taller-de-motos-en-barrio-las-lenas\/#respond"]}]},{"@type":"WebPage","@id":"https:\/\/cvinoticias.com\/v3\/incendio-en-taller-de-motos-en-barrio-las-lenas\/","url":"https:\/\/cvinoticias.com\/v3\/incendio-en-taller-de-motos-en-barrio-las-lenas\/","name":"Incendio en taller de motos en barrio Las Le\u00f1as, Iguaz\u00fa | CVI NOTICIAS","isPartOf":{"@id":"https:\/\/cvinoticias.com\/v3\/#website"},"primaryImageOfPage":{"@id":"https:\/\/cvinoticias.com\/v3\/incendio-en-taller-de-motos-en-barrio-las-lenas\/#primaryimage"},"image":{"@id":"https:\/\/cvinoticias.com\/v3\/incendio-en-taller-de-motos-en-barrio-las-lenas\/#primaryimage"},"thumbnailUrl":"https:\/\/cvinoticias.com\/wp-content\/uploads\/2025\/10\/1000277073.jpg","datePublished":"2025-10-04T17:15:15+00:00","dateModified":"2025-10-06T12:08:31+00:00","description":"Bomberos acudieron a un incendio en un taller de motos en Las Le\u00f1as; no se registraron heridos y la causa se investiga.","breadcrumb":{"@id":"https:\/\/cvinoticias.com\/v3\/incendio-en-taller-de-motos-en-barrio-las-lenas\/#breadcrumb"},"inLanguage":"es","potentialAction":[{"@type":"ReadAction","target":["https:\/\/cvinoticias.com\/v3\/incendio-en-taller-de-motos-en-barrio-las-lenas\/"]}]},{"@type":"ImageObject","inLanguage":"es","@id":"https:\/\/cvinoticias.com\/v3\/incendio-en-taller-de-motos-en-barrio-las-lenas\/#primaryimage","url":"https:\/\/cvinoticias.com\/wp-content\/uploads\/2025\/10\/1000277073.jpg","contentUrl":"https:\/\/cvinoticias.com\/wp-content\/uploads\/2025\/10\/1000277073.jpg","width":720,"height":881},{"@type":"BreadcrumbList","@id":"https:\/\/cvinoticias.com\/v3\/incendio-en-taller-de-motos-en-barrio-las-lenas\/#breadcrumb","itemListElement":[{"@type":"ListItem","position":1,"name":"Portada","item":"https:\/\/cvinoticias.com\/v3\/"},{"@type":"ListItem","position":2,"name":"Incendio en taller de motos en barrio Las Le\u00f1as"}]},{"@type":"WebSite","@id":"https:\/\/cvinoticias.com\/v3\/#website","url":"https:\/\/cvinoticias.com\/v3\/","name":"CVI NOTICIAS","description":"","publisher":{"@id":"https:\/\/cvinoticias.com\/v3\/#organization"},"alternateName":"CVI","potentialAction":[{"@type":"SearchAction","target":{"@type":"EntryPoint","urlTemplate":"https:\/\/cvinoticias.com\/v3\/?s={search_term_string}"},"query-input":{"@type":"PropertyValueSpecification","valueRequired":true,"valueName":"search_term_string"}}],"inLanguage":"es"},{"@type":"Organization","@id":"https:\/\/cvinoticias.com\/v3\/#organization","name":"CVI NOTICIAS","url":"https:\/\/cvinoticias.com\/v3\/","logo":{"@type":"ImageObject","inLanguage":"es","@id":"https:\/\/cvinoticias.com\/v3\/#\/schema\/logo\/image\/","url":"https:\/\/cvinoticias.com\/wp-content\/uploads\/2023\/04\/cropped-cropped-cropped-cropped-cropped-3-1.png","contentUrl":"https:\/\/cvinoticias.com\/wp-content\/uploads\/2023\/04\/cropped-cropped-cropped-cropped-cropped-3-1.png","width":95,"height":122,"caption":"CVI NOTICIAS"},"image":{"@id":"https:\/\/cvinoticias.com\/v3\/#\/schema\/logo\/image\/"},"sameAs":["https:\/\/www.facebook.com\/cvinoticias","https:\/\/www.instagram.com\/cvinoticias\/","https:\/\/www.youtube.com\/@CVINOTICIAS"]},{"@type":"Person","@id":"https:\/\/cvinoticias.com\/v3\/#\/schema\/person\/2db77e3c6bc03c538495d7b2b8be9b66","name":"f1000024","image":{"@type":"ImageObject","inLanguage":"es","@id":"https:\/\/secure.gravatar.com\/avatar\/d4fe7459cfc51ff5129ce1a732bbef5928568b8092d412ef95611616376bbeed?s=96&d=mm&r=g","url":"https:\/\/secure.gravatar.com\/avatar\/d4fe7459cfc51ff5129ce1a732bbef5928568b8092d412ef95611616376bbeed?s=96&d=mm&r=g","contentUrl":"https:\/\/secure.gravatar.com\/avatar\/d4fe7459cfc51ff5129ce1a732bbef5928568b8092d412ef95611616376bbeed?s=96&d=mm&r=g","caption":"f1000024"},"url":"https:\/\/cvinoticias.com\/v3\/author\/f1000024\/"}]}},"_links":{"self":[{"href":"https:\/\/cvinoticias.com\/v3\/wp-json\/wp\/v2\/posts\/49716","targetHints":{"allow":["GET"]}}],"collection":[{"href":"https:\/\/cvinoticias.com\/v3\/wp-json\/wp\/v2\/posts"}],"about":[{"href":"https:\/\/cvinoticias.com\/v3\/wp-json\/wp\/v2\/types\/post"}],"author":[{"embeddable":true,"href":"https:\/\/cvinoticias.com\/v3\/wp-json\/wp\/v2\/users\/2"}],"replies":[{"embeddable":true,"href":"https:\/\/cvinoticias.com\/v3\/wp-json\/wp\/v2\/comments?post=49716"}],"version-history":[{"count":1,"href":"https:\/\/cvinoticias.com\/v3\/wp-json\/wp\/v2\/posts\/49716\/revisions"}],"predecessor-version":[{"id":49718,"href":"https:\/\/cvinoticias.com\/v3\/wp-json\/wp\/v2\/posts\/49716\/revisions\/49718"}],"wp:featuredmedia":[{"embeddable":true,"href":"https:\/\/cvinoticias.com\/v3\/wp-json\/wp\/v2\/media\/49717"}],"wp:attachment":[{"href":"https:\/\/cvinoticias.com\/v3\/wp-json\/wp\/v2\/media?parent=49716"}],"wp:term":[{"taxonomy":"category","embeddable":true,"href":"https:\/\/cvinoticias.com\/v3\/wp-json\/wp\/v2\/categories?post=49716"},{"taxonomy":"post_tag","embeddable":true,"href":"https:\/\/cvinoticias.com\/v3\/wp-json\/wp\/v2\/tags?post=49716"}],"curies":[{"name":"wp","href":"https:\/\/api.w.org\/{rel}","templated":true}]}}