{"id":495,"date":"2020-12-11T10:38:15","date_gmt":"2020-12-11T10:38:15","guid":{"rendered":"https:\/\/cvinoticias.com\/v3\/?p=495"},"modified":"2020-12-11T10:38:15","modified_gmt":"2020-12-11T10:38:15","slug":"lammens-el-fin-de-semana-largo-fue-una-buena-prueba-para-la-temporada","status":"publish","type":"post","link":"https:\/\/cvinoticias.com\/v3\/lammens-el-fin-de-semana-largo-fue-una-buena-prueba-para-la-temporada\/","title":{"rendered":"Lammens: \u201cEl fin de semana largo fue una buena prueba para la temporada\u201d"},"content":{"rendered":"\n<p><strong><em>El movimiento del fin de semana extra largo del 8 de diciembre \u00absignific\u00f3 la antesala o la prueba piloto para el verano\u00bb, asever\u00f3 el ministro de Turismo y Deportes<\/em><\/strong><\/p>\n\n\n\n<p>El ministro de Turismo y Deportes, Mat\u00edas Lammens, destac\u00f3 este jueves los \u201caltos niveles de ocupaci\u00f3n\u201d alcanzados durante el \u00faltimo fin de semana largo en \u201cla mayor\u00eda de los grandes destinos tur\u00edsticos\u201d y tambi\u00e9n el \u201calto cumplimiento de los protocolos\u201d, con lo cual hizo un balance \u201cmuy bueno\u201d de cara a lo que ser\u00e1 la pr\u00f3xima temporada de verano en el marco de la pandemia de coronavirus, porque fue \u201cuna buena prueba\u201d.<\/p>\n\n\n\n<p>\u201cLa gente se anim\u00f3 a viajar y ten\u00eda avidez de hacerlo\u201d, subray\u00f3 el funcionario en declaraciones formuladas, en las que sostuvo que se trata de \u201cuna buena noticia para una industria tan importante como es el turismo en la econom\u00eda nacional\u201d.<\/p>\n\n\n\n<p>En este sentido, indic\u00f3 que \u201ctambi\u00e9n es una buena noticia poder decir que hubo un alto acatamiento, un alto cumplimiento de los protocolos\u201d establecidos para prevenir la propagaci\u00f3n del coronavirus.<\/p>\n\n\n\n<p>De hecho, puso el acento en que, en ese aspecto, hubo \u201cun ojo del Estado puesto ah\u00ed, en fiscalizar que efectivamente se cumpla\u201d pero se\u00f1al\u00f3 que, \u201cen l\u00edneas generales, los protocolos se han cumplido\u201d.<\/p>\n\n\n\n<p>A pesar que destac\u00f3 que no hubo ninguna foto con grandes aglomeraciones, que \u201cera uno de nuestros miedos\u201d, reconoci\u00f3 que en alguno lugares, \u201csobre todo en la noche\u201d, hubo que \u201cextremar los controles\u201d.<\/p>\n\n\n\n<p>No obstante, rescat\u00f3 que la noticia \u201cno ha pasado por ese lado y eso es lo importante\u201d.<\/p>\n\n\n\n<p>El movimiento del fin de semana \u201csignificaba la antesala o la prueba piloto para el verano\u201d, indic\u00f3 Lammens, y, en ese sentido, resalt\u00f3 la coincidencia de todos los sectores (operadores tur\u00edsticos, medios y las m\u00e1s de 700 mil personas que hicieron turismo el fin de semana) en que \u201cfue una buena prueba\u201d.<\/p>\n\n\n\n<p>\u201cEl hecho de que podamos coincidir todos en que fue una buena prueba, en que (la gente) pudiera descansar, pasar tiempo en familia, que es la idea cuando uno sale de vacaciones, y no correr ning\u00fan tipo de riesgo, es una muy buena noticia para el sector tur\u00edstico, sin ninguna duda, pero tambi\u00e9n para el pa\u00eds y para la econom\u00eda nacional, porque no hay que olvidar que es una actividad que genera m\u00e1s de un mill\u00f3n de puestos de trabajo\u201d, remarc\u00f3.<\/p>\n\n\n\n<p>Reiter\u00f3, como en otras oportunidades, su convencimiento de que el turismo \u201cva a ser un actor totalmente protag\u00f3nico de la recuperaci\u00f3n de la Argentina, y lo cre\u00edamos antes de esta pandemia porque pens\u00e1bamos en su rol estrat\u00e9gico\u201d.<\/p>\n\n\n\n<p>\u201cTambi\u00e9n iba a tener que ver con la generaci\u00f3n de divisas -continu\u00f3-, con la posibilidad que tiene el turismo receptivo en t\u00e9rminos de generar d\u00f3lares para una econom\u00eda que los necesita porque no los imprime y los necesita por las obligaciones que tiene y por el problema hist\u00f3rico de restricci\u00f3n externa que tiene la econom\u00eda argentina, as\u00ed que est\u00e1bamos convencidos que iba a cumplir un rol determinante\u201d.<\/p>\n\n\n\n<p>Esa creencia se increment\u00f3 en la actualidad, seg\u00fan el funcionario nacional, \u201cporque es una actividad que va a seguir cumpliendo ese rol, va a seguir teniendo esa posibilidad, pero que, adem\u00e1s, tambi\u00e9n en t\u00e9rminos de turismo interno, que es una actividad que, si bien fue de las \u00faltimas en volver, ahora que volvi\u00f3, queda claro que reacciona r\u00e1pidamente\u201d.<\/p>\n\n\n\n<p>\u201cAdem\u00e1s es redistributiva, es federal, as\u00ed que es una actividad que tiene much\u00edsimos beneficios y que, como dec\u00edamos antes, genera much\u00edsimo trabajo y lo hace r\u00e1pidamente, as\u00ed que vamos a tener desde el Gobierno nacional una ficha muy importante puesta en lo que suceda con el turismo\u201d, concluy\u00f3.<\/p>\n\n\n\n<p><\/p>\n\n\n\n<p>Fuente: Agencia de Noticias<\/p>\n","protected":false},"excerpt":{"rendered":"<p>El movimiento del fin de semana extra largo del 8 de diciembre \u00absignific\u00f3 la antesala o la prueba piloto para el verano\u00bb, asever\u00f3 el ministro de Turismo y Deportes El ministro de Turismo y Deportes, Mat\u00edas Lammens, destac\u00f3 este jueves los \u201caltos niveles de ocupaci\u00f3n\u201d alcanzados durante el \u00faltimo fin de semana largo en \u201cla [&hellip;]<\/p>\n","protected":false},"author":2,"featured_media":496,"comment_status":"open","ping_status":"open","sticky":false,"template":"","format":"standard","meta":{"footnotes":""},"categories":[50],"tags":[140,77],"class_list":["post-495","post","type-post","status-publish","format-standard","has-post-thumbnail","hentry","category-turismo","tag-beneficios","tag-turismo"],"yoast_head":"<!-- This site is optimized with the Yoast SEO plugin v27.5 - https:\/\/yoast.com\/product\/yoast-seo-wordpress\/ -->\n<title>Lammens: \u201cEl fin de semana largo fue una buena prueba para la temporada\u201d | CVI NOTICIAS<\/title>\n<meta name=\"robots\" content=\"index, follow, max-snippet:-1, max-image-preview:large, max-video-preview:-1\" \/>\n<link rel=\"canonical\" href=\"https:\/\/cvinoticias.com\/v3\/lammens-el-fin-de-semana-largo-fue-una-buena-prueba-para-la-temporada\/\" \/>\n<meta property=\"og:locale\" content=\"es_ES\" \/>\n<meta property=\"og:type\" content=\"article\" \/>\n<meta property=\"og:title\" content=\"Lammens: \u201cEl fin de semana largo fue una buena prueba para la temporada\u201d | CVI NOTICIAS\" \/>\n<meta property=\"og:description\" content=\"El movimiento del fin de semana extra largo del 8 de diciembre \u00absignific\u00f3 la antesala o la prueba piloto para el verano\u00bb, asever\u00f3 el ministro de Turismo y Deportes El ministro de Turismo y Deportes, Mat\u00edas Lammens, destac\u00f3 este jueves los \u201caltos niveles de ocupaci\u00f3n\u201d alcanzados durante el \u00faltimo fin de semana largo en \u201cla [&hellip;]\" \/>\n<meta property=\"og:url\" content=\"https:\/\/cvinoticias.com\/v3\/lammens-el-fin-de-semana-largo-fue-una-buena-prueba-para-la-temporada\/\" \/>\n<meta property=\"og:site_name\" content=\"CVI NOTICIAS\" \/>\n<meta property=\"article:publisher\" content=\"https:\/\/www.facebook.com\/cvinoticias\" \/>\n<meta property=\"article:published_time\" content=\"2020-12-11T10:38:15+00:00\" \/>\n<meta property=\"og:image\" content=\"https:\/\/cvinoticias.com\/wp-content\/uploads\/2020\/12\/hu.jpg\" \/>\n\t<meta property=\"og:image:width\" content=\"259\" \/>\n\t<meta property=\"og:image:height\" content=\"194\" \/>\n\t<meta property=\"og:image:type\" content=\"image\/jpeg\" \/>\n<meta name=\"author\" content=\"f1000024\" \/>\n<meta name=\"twitter:card\" content=\"summary_large_image\" \/>\n<meta name=\"twitter:label1\" content=\"Escrito por\" \/>\n\t<meta name=\"twitter:data1\" content=\"f1000024\" \/>\n\t<meta name=\"twitter:label2\" content=\"Tiempo de lectura\" \/>\n\t<meta name=\"twitter:data2\" content=\"3 minutos\" \/>\n<script type=\"application\/ld+json\" class=\"yoast-schema-graph\">{\"@context\":\"https:\\\/\\\/schema.org\",\"@graph\":[{\"@type\":\"Article\",\"@id\":\"https:\\\/\\\/cvinoticias.com\\\/v3\\\/lammens-el-fin-de-semana-largo-fue-una-buena-prueba-para-la-temporada\\\/#article\",\"isPartOf\":{\"@id\":\"https:\\\/\\\/cvinoticias.com\\\/v3\\\/lammens-el-fin-de-semana-largo-fue-una-buena-prueba-para-la-temporada\\\/\"},\"author\":{\"name\":\"f1000024\",\"@id\":\"https:\\\/\\\/cvinoticias.com\\\/v3\\\/#\\\/schema\\\/person\\\/2db77e3c6bc03c538495d7b2b8be9b66\"},\"headline\":\"Lammens: \u201cEl fin de semana largo fue una buena prueba para la temporada\u201d\",\"datePublished\":\"2020-12-11T10:38:15+00:00\",\"mainEntityOfPage\":{\"@id\":\"https:\\\/\\\/cvinoticias.com\\\/v3\\\/lammens-el-fin-de-semana-largo-fue-una-buena-prueba-para-la-temporada\\\/\"},\"wordCount\":660,\"commentCount\":0,\"publisher\":{\"@id\":\"https:\\\/\\\/cvinoticias.com\\\/v3\\\/#organization\"},\"image\":{\"@id\":\"https:\\\/\\\/cvinoticias.com\\\/v3\\\/lammens-el-fin-de-semana-largo-fue-una-buena-prueba-para-la-temporada\\\/#primaryimage\"},\"thumbnailUrl\":\"https:\\\/\\\/cvinoticias.com\\\/wp-content\\\/uploads\\\/2020\\\/12\\\/hu.jpg\",\"keywords\":[\"beneficios\",\"turismo\"],\"articleSection\":[\"Turismo\"],\"inLanguage\":\"es\",\"potentialAction\":[{\"@type\":\"CommentAction\",\"name\":\"Comment\",\"target\":[\"https:\\\/\\\/cvinoticias.com\\\/v3\\\/lammens-el-fin-de-semana-largo-fue-una-buena-prueba-para-la-temporada\\\/#respond\"]}]},{\"@type\":\"WebPage\",\"@id\":\"https:\\\/\\\/cvinoticias.com\\\/v3\\\/lammens-el-fin-de-semana-largo-fue-una-buena-prueba-para-la-temporada\\\/\",\"url\":\"https:\\\/\\\/cvinoticias.com\\\/v3\\\/lammens-el-fin-de-semana-largo-fue-una-buena-prueba-para-la-temporada\\\/\",\"name\":\"Lammens: \u201cEl fin de semana largo fue una buena prueba para la temporada\u201d | CVI NOTICIAS\",\"isPartOf\":{\"@id\":\"https:\\\/\\\/cvinoticias.com\\\/v3\\\/#website\"},\"primaryImageOfPage\":{\"@id\":\"https:\\\/\\\/cvinoticias.com\\\/v3\\\/lammens-el-fin-de-semana-largo-fue-una-buena-prueba-para-la-temporada\\\/#primaryimage\"},\"image\":{\"@id\":\"https:\\\/\\\/cvinoticias.com\\\/v3\\\/lammens-el-fin-de-semana-largo-fue-una-buena-prueba-para-la-temporada\\\/#primaryimage\"},\"thumbnailUrl\":\"https:\\\/\\\/cvinoticias.com\\\/wp-content\\\/uploads\\\/2020\\\/12\\\/hu.jpg\",\"datePublished\":\"2020-12-11T10:38:15+00:00\",\"breadcrumb\":{\"@id\":\"https:\\\/\\\/cvinoticias.com\\\/v3\\\/lammens-el-fin-de-semana-largo-fue-una-buena-prueba-para-la-temporada\\\/#breadcrumb\"},\"inLanguage\":\"es\",\"potentialAction\":[{\"@type\":\"ReadAction\",\"target\":[\"https:\\\/\\\/cvinoticias.com\\\/v3\\\/lammens-el-fin-de-semana-largo-fue-una-buena-prueba-para-la-temporada\\\/\"]}]},{\"@type\":\"ImageObject\",\"inLanguage\":\"es\",\"@id\":\"https:\\\/\\\/cvinoticias.com\\\/v3\\\/lammens-el-fin-de-semana-largo-fue-una-buena-prueba-para-la-temporada\\\/#primaryimage\",\"url\":\"https:\\\/\\\/cvinoticias.com\\\/wp-content\\\/uploads\\\/2020\\\/12\\\/hu.jpg\",\"contentUrl\":\"https:\\\/\\\/cvinoticias.com\\\/wp-content\\\/uploads\\\/2020\\\/12\\\/hu.jpg\",\"width\":259,\"height\":194},{\"@type\":\"BreadcrumbList\",\"@id\":\"https:\\\/\\\/cvinoticias.com\\\/v3\\\/lammens-el-fin-de-semana-largo-fue-una-buena-prueba-para-la-temporada\\\/#breadcrumb\",\"itemListElement\":[{\"@type\":\"ListItem\",\"position\":1,\"name\":\"Portada\",\"item\":\"https:\\\/\\\/cvinoticias.com\\\/v3\\\/\"},{\"@type\":\"ListItem\",\"position\":2,\"name\":\"Lammens: \u201cEl fin de semana largo fue una buena prueba para la temporada\u201d\"}]},{\"@type\":\"WebSite\",\"@id\":\"https:\\\/\\\/cvinoticias.com\\\/v3\\\/#website\",\"url\":\"https:\\\/\\\/cvinoticias.com\\\/v3\\\/\",\"name\":\"CVI NOTICIAS\",\"description\":\"\",\"publisher\":{\"@id\":\"https:\\\/\\\/cvinoticias.com\\\/v3\\\/#organization\"},\"alternateName\":\"CVI\",\"potentialAction\":[{\"@type\":\"SearchAction\",\"target\":{\"@type\":\"EntryPoint\",\"urlTemplate\":\"https:\\\/\\\/cvinoticias.com\\\/v3\\\/?s={search_term_string}\"},\"query-input\":{\"@type\":\"PropertyValueSpecification\",\"valueRequired\":true,\"valueName\":\"search_term_string\"}}],\"inLanguage\":\"es\"},{\"@type\":\"Organization\",\"@id\":\"https:\\\/\\\/cvinoticias.com\\\/v3\\\/#organization\",\"name\":\"CVI NOTICIAS\",\"url\":\"https:\\\/\\\/cvinoticias.com\\\/v3\\\/\",\"logo\":{\"@type\":\"ImageObject\",\"inLanguage\":\"es\",\"@id\":\"https:\\\/\\\/cvinoticias.com\\\/v3\\\/#\\\/schema\\\/logo\\\/image\\\/\",\"url\":\"https:\\\/\\\/cvinoticias.com\\\/wp-content\\\/uploads\\\/2023\\\/04\\\/cropped-cropped-cropped-cropped-cropped-3-1.png\",\"contentUrl\":\"https:\\\/\\\/cvinoticias.com\\\/wp-content\\\/uploads\\\/2023\\\/04\\\/cropped-cropped-cropped-cropped-cropped-3-1.png\",\"width\":95,\"height\":122,\"caption\":\"CVI NOTICIAS\"},\"image\":{\"@id\":\"https:\\\/\\\/cvinoticias.com\\\/v3\\\/#\\\/schema\\\/logo\\\/image\\\/\"},\"sameAs\":[\"https:\\\/\\\/www.facebook.com\\\/cvinoticias\",\"https:\\\/\\\/www.instagram.com\\\/cvinoticias\\\/\",\"https:\\\/\\\/www.youtube.com\\\/@CVINOTICIAS\"]},{\"@type\":\"Person\",\"@id\":\"https:\\\/\\\/cvinoticias.com\\\/v3\\\/#\\\/schema\\\/person\\\/2db77e3c6bc03c538495d7b2b8be9b66\",\"name\":\"f1000024\",\"image\":{\"@type\":\"ImageObject\",\"inLanguage\":\"es\",\"@id\":\"https:\\\/\\\/secure.gravatar.com\\\/avatar\\\/d4fe7459cfc51ff5129ce1a732bbef5928568b8092d412ef95611616376bbeed?s=96&d=mm&r=g\",\"url\":\"https:\\\/\\\/secure.gravatar.com\\\/avatar\\\/d4fe7459cfc51ff5129ce1a732bbef5928568b8092d412ef95611616376bbeed?s=96&d=mm&r=g\",\"contentUrl\":\"https:\\\/\\\/secure.gravatar.com\\\/avatar\\\/d4fe7459cfc51ff5129ce1a732bbef5928568b8092d412ef95611616376bbeed?s=96&d=mm&r=g\",\"caption\":\"f1000024\"},\"url\":\"https:\\\/\\\/cvinoticias.com\\\/v3\\\/author\\\/f1000024\\\/\"}]}<\/script>\n<!-- \/ Yoast SEO plugin. -->","yoast_head_json":{"title":"Lammens: \u201cEl fin de semana largo fue una buena prueba para la temporada\u201d | CVI NOTICIAS","robots":{"index":"index","follow":"follow","max-snippet":"max-snippet:-1","max-image-preview":"max-image-preview:large","max-video-preview":"max-video-preview:-1"},"canonical":"https:\/\/cvinoticias.com\/v3\/lammens-el-fin-de-semana-largo-fue-una-buena-prueba-para-la-temporada\/","og_locale":"es_ES","og_type":"article","og_title":"Lammens: \u201cEl fin de semana largo fue una buena prueba para la temporada\u201d | CVI NOTICIAS","og_description":"El movimiento del fin de semana extra largo del 8 de diciembre \u00absignific\u00f3 la antesala o la prueba piloto para el verano\u00bb, asever\u00f3 el ministro de Turismo y Deportes El ministro de Turismo y Deportes, Mat\u00edas Lammens, destac\u00f3 este jueves los \u201caltos niveles de ocupaci\u00f3n\u201d alcanzados durante el \u00faltimo fin de semana largo en \u201cla [&hellip;]","og_url":"https:\/\/cvinoticias.com\/v3\/lammens-el-fin-de-semana-largo-fue-una-buena-prueba-para-la-temporada\/","og_site_name":"CVI NOTICIAS","article_publisher":"https:\/\/www.facebook.com\/cvinoticias","article_published_time":"2020-12-11T10:38:15+00:00","og_image":[{"width":259,"height":194,"url":"https:\/\/cvinoticias.com\/wp-content\/uploads\/2020\/12\/hu.jpg","type":"image\/jpeg"}],"author":"f1000024","twitter_card":"summary_large_image","twitter_misc":{"Escrito por":"f1000024","Tiempo de lectura":"3 minutos"},"schema":{"@context":"https:\/\/schema.org","@graph":[{"@type":"Article","@id":"https:\/\/cvinoticias.com\/v3\/lammens-el-fin-de-semana-largo-fue-una-buena-prueba-para-la-temporada\/#article","isPartOf":{"@id":"https:\/\/cvinoticias.com\/v3\/lammens-el-fin-de-semana-largo-fue-una-buena-prueba-para-la-temporada\/"},"author":{"name":"f1000024","@id":"https:\/\/cvinoticias.com\/v3\/#\/schema\/person\/2db77e3c6bc03c538495d7b2b8be9b66"},"headline":"Lammens: \u201cEl fin de semana largo fue una buena prueba para la temporada\u201d","datePublished":"2020-12-11T10:38:15+00:00","mainEntityOfPage":{"@id":"https:\/\/cvinoticias.com\/v3\/lammens-el-fin-de-semana-largo-fue-una-buena-prueba-para-la-temporada\/"},"wordCount":660,"commentCount":0,"publisher":{"@id":"https:\/\/cvinoticias.com\/v3\/#organization"},"image":{"@id":"https:\/\/cvinoticias.com\/v3\/lammens-el-fin-de-semana-largo-fue-una-buena-prueba-para-la-temporada\/#primaryimage"},"thumbnailUrl":"https:\/\/cvinoticias.com\/wp-content\/uploads\/2020\/12\/hu.jpg","keywords":["beneficios","turismo"],"articleSection":["Turismo"],"inLanguage":"es","potentialAction":[{"@type":"CommentAction","name":"Comment","target":["https:\/\/cvinoticias.com\/v3\/lammens-el-fin-de-semana-largo-fue-una-buena-prueba-para-la-temporada\/#respond"]}]},{"@type":"WebPage","@id":"https:\/\/cvinoticias.com\/v3\/lammens-el-fin-de-semana-largo-fue-una-buena-prueba-para-la-temporada\/","url":"https:\/\/cvinoticias.com\/v3\/lammens-el-fin-de-semana-largo-fue-una-buena-prueba-para-la-temporada\/","name":"Lammens: \u201cEl fin de semana largo fue una buena prueba para la temporada\u201d | CVI NOTICIAS","isPartOf":{"@id":"https:\/\/cvinoticias.com\/v3\/#website"},"primaryImageOfPage":{"@id":"https:\/\/cvinoticias.com\/v3\/lammens-el-fin-de-semana-largo-fue-una-buena-prueba-para-la-temporada\/#primaryimage"},"image":{"@id":"https:\/\/cvinoticias.com\/v3\/lammens-el-fin-de-semana-largo-fue-una-buena-prueba-para-la-temporada\/#primaryimage"},"thumbnailUrl":"https:\/\/cvinoticias.com\/wp-content\/uploads\/2020\/12\/hu.jpg","datePublished":"2020-12-11T10:38:15+00:00","breadcrumb":{"@id":"https:\/\/cvinoticias.com\/v3\/lammens-el-fin-de-semana-largo-fue-una-buena-prueba-para-la-temporada\/#breadcrumb"},"inLanguage":"es","potentialAction":[{"@type":"ReadAction","target":["https:\/\/cvinoticias.com\/v3\/lammens-el-fin-de-semana-largo-fue-una-buena-prueba-para-la-temporada\/"]}]},{"@type":"ImageObject","inLanguage":"es","@id":"https:\/\/cvinoticias.com\/v3\/lammens-el-fin-de-semana-largo-fue-una-buena-prueba-para-la-temporada\/#primaryimage","url":"https:\/\/cvinoticias.com\/wp-content\/uploads\/2020\/12\/hu.jpg","contentUrl":"https:\/\/cvinoticias.com\/wp-content\/uploads\/2020\/12\/hu.jpg","width":259,"height":194},{"@type":"BreadcrumbList","@id":"https:\/\/cvinoticias.com\/v3\/lammens-el-fin-de-semana-largo-fue-una-buena-prueba-para-la-temporada\/#breadcrumb","itemListElement":[{"@type":"ListItem","position":1,"name":"Portada","item":"https:\/\/cvinoticias.com\/v3\/"},{"@type":"ListItem","position":2,"name":"Lammens: \u201cEl fin de semana largo fue una buena prueba para la temporada\u201d"}]},{"@type":"WebSite","@id":"https:\/\/cvinoticias.com\/v3\/#website","url":"https:\/\/cvinoticias.com\/v3\/","name":"CVI NOTICIAS","description":"","publisher":{"@id":"https:\/\/cvinoticias.com\/v3\/#organization"},"alternateName":"CVI","potentialAction":[{"@type":"SearchAction","target":{"@type":"EntryPoint","urlTemplate":"https:\/\/cvinoticias.com\/v3\/?s={search_term_string}"},"query-input":{"@type":"PropertyValueSpecification","valueRequired":true,"valueName":"search_term_string"}}],"inLanguage":"es"},{"@type":"Organization","@id":"https:\/\/cvinoticias.com\/v3\/#organization","name":"CVI NOTICIAS","url":"https:\/\/cvinoticias.com\/v3\/","logo":{"@type":"ImageObject","inLanguage":"es","@id":"https:\/\/cvinoticias.com\/v3\/#\/schema\/logo\/image\/","url":"https:\/\/cvinoticias.com\/wp-content\/uploads\/2023\/04\/cropped-cropped-cropped-cropped-cropped-3-1.png","contentUrl":"https:\/\/cvinoticias.com\/wp-content\/uploads\/2023\/04\/cropped-cropped-cropped-cropped-cropped-3-1.png","width":95,"height":122,"caption":"CVI NOTICIAS"},"image":{"@id":"https:\/\/cvinoticias.com\/v3\/#\/schema\/logo\/image\/"},"sameAs":["https:\/\/www.facebook.com\/cvinoticias","https:\/\/www.instagram.com\/cvinoticias\/","https:\/\/www.youtube.com\/@CVINOTICIAS"]},{"@type":"Person","@id":"https:\/\/cvinoticias.com\/v3\/#\/schema\/person\/2db77e3c6bc03c538495d7b2b8be9b66","name":"f1000024","image":{"@type":"ImageObject","inLanguage":"es","@id":"https:\/\/secure.gravatar.com\/avatar\/d4fe7459cfc51ff5129ce1a732bbef5928568b8092d412ef95611616376bbeed?s=96&d=mm&r=g","url":"https:\/\/secure.gravatar.com\/avatar\/d4fe7459cfc51ff5129ce1a732bbef5928568b8092d412ef95611616376bbeed?s=96&d=mm&r=g","contentUrl":"https:\/\/secure.gravatar.com\/avatar\/d4fe7459cfc51ff5129ce1a732bbef5928568b8092d412ef95611616376bbeed?s=96&d=mm&r=g","caption":"f1000024"},"url":"https:\/\/cvinoticias.com\/v3\/author\/f1000024\/"}]}},"_links":{"self":[{"href":"https:\/\/cvinoticias.com\/v3\/wp-json\/wp\/v2\/posts\/495","targetHints":{"allow":["GET"]}}],"collection":[{"href":"https:\/\/cvinoticias.com\/v3\/wp-json\/wp\/v2\/posts"}],"about":[{"href":"https:\/\/cvinoticias.com\/v3\/wp-json\/wp\/v2\/types\/post"}],"author":[{"embeddable":true,"href":"https:\/\/cvinoticias.com\/v3\/wp-json\/wp\/v2\/users\/2"}],"replies":[{"embeddable":true,"href":"https:\/\/cvinoticias.com\/v3\/wp-json\/wp\/v2\/comments?post=495"}],"version-history":[{"count":1,"href":"https:\/\/cvinoticias.com\/v3\/wp-json\/wp\/v2\/posts\/495\/revisions"}],"predecessor-version":[{"id":497,"href":"https:\/\/cvinoticias.com\/v3\/wp-json\/wp\/v2\/posts\/495\/revisions\/497"}],"wp:featuredmedia":[{"embeddable":true,"href":"https:\/\/cvinoticias.com\/v3\/wp-json\/wp\/v2\/media\/496"}],"wp:attachment":[{"href":"https:\/\/cvinoticias.com\/v3\/wp-json\/wp\/v2\/media?parent=495"}],"wp:term":[{"taxonomy":"category","embeddable":true,"href":"https:\/\/cvinoticias.com\/v3\/wp-json\/wp\/v2\/categories?post=495"},{"taxonomy":"post_tag","embeddable":true,"href":"https:\/\/cvinoticias.com\/v3\/wp-json\/wp\/v2\/tags?post=495"}],"curies":[{"name":"wp","href":"https:\/\/api.w.org\/{rel}","templated":true}]}}