{"id":49264,"date":"2025-09-24T09:06:19","date_gmt":"2025-09-24T12:06:19","guid":{"rendered":"https:\/\/cvinoticias.com\/v3\/?p=49264"},"modified":"2025-09-24T09:06:20","modified_gmt":"2025-09-24T12:06:20","slug":"mujer-ira-a-juicio-por-asfixiar-y-apunalar-a-su-hija-de-7-anos","status":"publish","type":"post","link":"https:\/\/cvinoticias.com\/v3\/mujer-ira-a-juicio-por-asfixiar-y-apunalar-a-su-hija-de-7-anos\/","title":{"rendered":"Mujer ir\u00e1 a juicio por asfixiar y apu\u00f1alar a su hija de 7 a\u00f1os"},"content":{"rendered":"\n<p>Luego de dos a\u00f1os de investigaci\u00f3n, el Juzgado de Instrucci\u00f3n Tres de Puerto Iguaz\u00fa resolvi\u00f3 llevar a juicio a una mujer oriunda de Wanda. Est\u00e1 acusada de asfixiar y apu\u00f1alar con intenciones homicidas a su hija de 7 a\u00f1os.<\/p>\n\n\n\n<h2 class=\"wp-block-heading\">La imputaci\u00f3n<\/h2>\n\n\n\n<p>Mar\u00eda Celeste Krutli (28) est\u00e1 procesada por homicidio agravado por el v\u00ednculo en grado de tentativa. El hecho ocurri\u00f3 el 8 de julio del 2023 en Puerto Esperanza y conmocion\u00f3 a toda la comunidad.<\/p>\n\n\n\n<p>Las pruebas en su contra revelaron el escenario del ataque. La mujer habr\u00eda apu\u00f1alado a la ni\u00f1a en su habitaci\u00f3n con un cuchillo de cocina e intentado asfixiarla con una soga. Adem\u00e1s, la menor ya hab\u00eda denunciado episodios previos de maltrato en C\u00e1mara Gesell.<\/p>\n\n\n\n<h2 class=\"wp-block-heading\">Amenazas previas<\/h2>\n\n\n\n<p>Seg\u00fan la causa, horas antes del ataque la acusada discuti\u00f3 por WhatsApp con su expareja, padre de la ni\u00f1a. En los mensajes insist\u00eda en retomar la relaci\u00f3n y advert\u00eda que \u201cse har\u00eda da\u00f1o\u201d si no volv\u00edan a estar juntos.<\/p>\n\n\n\n<p>La noche del hecho, Juan D. \u2014expareja de Krutli\u2014 recibi\u00f3 una llamada de su exsuegro. El hombre le dijo que su hija hab\u00eda herido a la peque\u00f1a y a s\u00ed misma.<\/p>\n\n\n\n<h2 class=\"wp-block-heading\">El hallazgo<\/h2>\n\n\n\n<p>Cuando Juan lleg\u00f3 al lugar encontr\u00f3 a la mujer y a la ni\u00f1a inconscientes en un sof\u00e1. Krutli todav\u00eda le apretaba el cuello a la menor. Ambas fueron llevadas primero al hospital de Esperanza y luego derivadas al Samic de Eldorado.<\/p>\n\n\n\n<p>La ni\u00f1a presentaba una herida punzante en el cuello y lesiones por intento de asfixia. Al recobrar la conciencia, expres\u00f3: \u201cMe pele\u00e9 con mami y me quiso matar\u201d.<\/p>\n\n\n\n<h2 class=\"wp-block-heading\">Testimonios de la familia<\/h2>\n\n\n\n<p>Los padres de la imputada declararon que esa noche recibieron una llamada de Celeste pidiendo dinero. Minutos despu\u00e9s, otra comunicaci\u00f3n encendi\u00f3 la alarma. \u201c\u00bfQu\u00e9 le hiciste a la beba? Si le hiciste algo, no te lo voy a perdonar\u201d, record\u00f3 Rosa, madre de Krutli.<\/p>\n\n\n\n<p>Los abuelos de la ni\u00f1a avisaron de inmediato a Juan, quien al llegar confirm\u00f3 lo sucedido. \u201cVen\u00ed porque Cele le cort\u00f3 a la nena y se cort\u00f3 ella tambi\u00e9n\u201d, gritaba desesperado.<\/p>\n\n\n\n<h2 class=\"wp-block-heading\">Situaci\u00f3n actual<\/h2>\n\n\n\n<p>Desde 2023, la acusada permanece detenida en la Unidad Penal para Mujeres de Posadas. El Tribunal Penal de Eldorado deber\u00e1 fijar una fecha para el juicio oral y p\u00fablico.<\/p>\n\n\n\n<p>Fuente: El Territorio <\/p>\n","protected":false},"excerpt":{"rendered":"<p>Luego de dos a\u00f1os de investigaci\u00f3n, el Juzgado de Instrucci\u00f3n Tres de Puerto Iguaz\u00fa resolvi\u00f3 llevar a juicio a una mujer oriunda de Wanda. Est\u00e1 acusada de asfixiar y apu\u00f1alar con intenciones homicidas a su hija de 7 a\u00f1os. La imputaci\u00f3n Mar\u00eda Celeste Krutli (28) est\u00e1 procesada por homicidio agravado por el v\u00ednculo en grado [&hellip;]<\/p>\n","protected":false},"author":2,"featured_media":49265,"comment_status":"open","ping_status":"closed","sticky":false,"template":"","format":"standard","meta":{"footnotes":""},"categories":[41],"tags":[3953,3954,3955,3762,1754],"class_list":["post-49264","post","type-post","status-publish","format-standard","has-post-thumbnail","hentry","category-policiales","tag-7-anos","tag-apunalar","tag-asfixiar","tag-hija","tag-juicio"],"yoast_head":"<!-- This site is optimized with the Yoast SEO plugin v27.4 - https:\/\/yoast.com\/product\/yoast-seo-wordpress\/ -->\n<title>Mujer ir\u00e1 a juicio por atacar a su hija de 7 a\u00f1os | CVI NOTICIAS<\/title>\n<meta name=\"description\" content=\"Una mujer de Wanda ser\u00e1 juzgada por asfixiar y apu\u00f1alar a su hija de 7 a\u00f1os en Puerto Esperanza, Misiones.\" \/>\n<meta name=\"robots\" content=\"index, follow, max-snippet:-1, max-image-preview:large, max-video-preview:-1\" \/>\n<link rel=\"canonical\" href=\"https:\/\/cvinoticias.com\/v3\/mujer-ira-a-juicio-por-asfixiar-y-apunalar-a-su-hija-de-7-anos\/\" \/>\n<meta property=\"og:locale\" content=\"es_ES\" \/>\n<meta property=\"og:type\" content=\"article\" \/>\n<meta property=\"og:title\" content=\"Mujer ir\u00e1 a juicio por atacar a su hija de 7 a\u00f1os | CVI NOTICIAS\" \/>\n<meta property=\"og:description\" content=\"Una mujer de Wanda ser\u00e1 juzgada por asfixiar y apu\u00f1alar a su hija de 7 a\u00f1os en Puerto Esperanza, Misiones.\" \/>\n<meta property=\"og:url\" content=\"https:\/\/cvinoticias.com\/v3\/mujer-ira-a-juicio-por-asfixiar-y-apunalar-a-su-hija-de-7-anos\/\" \/>\n<meta property=\"og:site_name\" content=\"CVI NOTICIAS\" \/>\n<meta property=\"article:publisher\" content=\"https:\/\/www.facebook.com\/cvinoticias\" \/>\n<meta property=\"article:published_time\" content=\"2025-09-24T12:06:19+00:00\" \/>\n<meta property=\"article:modified_time\" content=\"2025-09-24T12:06:20+00:00\" \/>\n<meta property=\"og:image\" content=\"https:\/\/cvinoticias.com\/wp-content\/uploads\/2025\/09\/md.webp\" \/>\n\t<meta property=\"og:image:width\" content=\"992\" \/>\n\t<meta property=\"og:image:height\" content=\"737\" \/>\n\t<meta property=\"og:image:type\" content=\"image\/webp\" \/>\n<meta name=\"author\" content=\"f1000024\" \/>\n<meta name=\"twitter:card\" content=\"summary_large_image\" \/>\n<meta name=\"twitter:label1\" content=\"Escrito por\" \/>\n\t<meta name=\"twitter:data1\" content=\"f1000024\" \/>\n\t<meta name=\"twitter:label2\" content=\"Tiempo de lectura\" \/>\n\t<meta name=\"twitter:data2\" content=\"2 minutos\" \/>\n<script type=\"application\/ld+json\" class=\"yoast-schema-graph\">{\"@context\":\"https:\\\/\\\/schema.org\",\"@graph\":[{\"@type\":\"Article\",\"@id\":\"https:\\\/\\\/cvinoticias.com\\\/v3\\\/mujer-ira-a-juicio-por-asfixiar-y-apunalar-a-su-hija-de-7-anos\\\/#article\",\"isPartOf\":{\"@id\":\"https:\\\/\\\/cvinoticias.com\\\/v3\\\/mujer-ira-a-juicio-por-asfixiar-y-apunalar-a-su-hija-de-7-anos\\\/\"},\"author\":{\"name\":\"f1000024\",\"@id\":\"https:\\\/\\\/cvinoticias.com\\\/v3\\\/#\\\/schema\\\/person\\\/2db77e3c6bc03c538495d7b2b8be9b66\"},\"headline\":\"Mujer ir\u00e1 a juicio por asfixiar y apu\u00f1alar a su hija de 7 a\u00f1os\",\"datePublished\":\"2025-09-24T12:06:19+00:00\",\"dateModified\":\"2025-09-24T12:06:20+00:00\",\"mainEntityOfPage\":{\"@id\":\"https:\\\/\\\/cvinoticias.com\\\/v3\\\/mujer-ira-a-juicio-por-asfixiar-y-apunalar-a-su-hija-de-7-anos\\\/\"},\"wordCount\":419,\"commentCount\":0,\"publisher\":{\"@id\":\"https:\\\/\\\/cvinoticias.com\\\/v3\\\/#organization\"},\"image\":{\"@id\":\"https:\\\/\\\/cvinoticias.com\\\/v3\\\/mujer-ira-a-juicio-por-asfixiar-y-apunalar-a-su-hija-de-7-anos\\\/#primaryimage\"},\"thumbnailUrl\":\"https:\\\/\\\/cvinoticias.com\\\/wp-content\\\/uploads\\\/2025\\\/09\\\/md.webp\",\"keywords\":[\"7 a\u00f1os\",\"apu\u00f1alar\",\"asfixiar\",\"hija\",\"Juicio\"],\"articleSection\":[\"Policiales\"],\"inLanguage\":\"es\",\"potentialAction\":[{\"@type\":\"CommentAction\",\"name\":\"Comment\",\"target\":[\"https:\\\/\\\/cvinoticias.com\\\/v3\\\/mujer-ira-a-juicio-por-asfixiar-y-apunalar-a-su-hija-de-7-anos\\\/#respond\"]}]},{\"@type\":\"WebPage\",\"@id\":\"https:\\\/\\\/cvinoticias.com\\\/v3\\\/mujer-ira-a-juicio-por-asfixiar-y-apunalar-a-su-hija-de-7-anos\\\/\",\"url\":\"https:\\\/\\\/cvinoticias.com\\\/v3\\\/mujer-ira-a-juicio-por-asfixiar-y-apunalar-a-su-hija-de-7-anos\\\/\",\"name\":\"Mujer ir\u00e1 a juicio por atacar a su hija de 7 a\u00f1os | CVI NOTICIAS\",\"isPartOf\":{\"@id\":\"https:\\\/\\\/cvinoticias.com\\\/v3\\\/#website\"},\"primaryImageOfPage\":{\"@id\":\"https:\\\/\\\/cvinoticias.com\\\/v3\\\/mujer-ira-a-juicio-por-asfixiar-y-apunalar-a-su-hija-de-7-anos\\\/#primaryimage\"},\"image\":{\"@id\":\"https:\\\/\\\/cvinoticias.com\\\/v3\\\/mujer-ira-a-juicio-por-asfixiar-y-apunalar-a-su-hija-de-7-anos\\\/#primaryimage\"},\"thumbnailUrl\":\"https:\\\/\\\/cvinoticias.com\\\/wp-content\\\/uploads\\\/2025\\\/09\\\/md.webp\",\"datePublished\":\"2025-09-24T12:06:19+00:00\",\"dateModified\":\"2025-09-24T12:06:20+00:00\",\"description\":\"Una mujer de Wanda ser\u00e1 juzgada por asfixiar y apu\u00f1alar a su hija de 7 a\u00f1os en Puerto Esperanza, Misiones.\",\"breadcrumb\":{\"@id\":\"https:\\\/\\\/cvinoticias.com\\\/v3\\\/mujer-ira-a-juicio-por-asfixiar-y-apunalar-a-su-hija-de-7-anos\\\/#breadcrumb\"},\"inLanguage\":\"es\",\"potentialAction\":[{\"@type\":\"ReadAction\",\"target\":[\"https:\\\/\\\/cvinoticias.com\\\/v3\\\/mujer-ira-a-juicio-por-asfixiar-y-apunalar-a-su-hija-de-7-anos\\\/\"]}]},{\"@type\":\"ImageObject\",\"inLanguage\":\"es\",\"@id\":\"https:\\\/\\\/cvinoticias.com\\\/v3\\\/mujer-ira-a-juicio-por-asfixiar-y-apunalar-a-su-hija-de-7-anos\\\/#primaryimage\",\"url\":\"https:\\\/\\\/cvinoticias.com\\\/wp-content\\\/uploads\\\/2025\\\/09\\\/md.webp\",\"contentUrl\":\"https:\\\/\\\/cvinoticias.com\\\/wp-content\\\/uploads\\\/2025\\\/09\\\/md.webp\",\"width\":992,\"height\":737},{\"@type\":\"BreadcrumbList\",\"@id\":\"https:\\\/\\\/cvinoticias.com\\\/v3\\\/mujer-ira-a-juicio-por-asfixiar-y-apunalar-a-su-hija-de-7-anos\\\/#breadcrumb\",\"itemListElement\":[{\"@type\":\"ListItem\",\"position\":1,\"name\":\"Portada\",\"item\":\"https:\\\/\\\/cvinoticias.com\\\/v3\\\/\"},{\"@type\":\"ListItem\",\"position\":2,\"name\":\"Mujer ir\u00e1 a juicio por asfixiar y apu\u00f1alar a su hija de 7 a\u00f1os\"}]},{\"@type\":\"WebSite\",\"@id\":\"https:\\\/\\\/cvinoticias.com\\\/v3\\\/#website\",\"url\":\"https:\\\/\\\/cvinoticias.com\\\/v3\\\/\",\"name\":\"CVI NOTICIAS\",\"description\":\"\",\"publisher\":{\"@id\":\"https:\\\/\\\/cvinoticias.com\\\/v3\\\/#organization\"},\"alternateName\":\"CVI\",\"potentialAction\":[{\"@type\":\"SearchAction\",\"target\":{\"@type\":\"EntryPoint\",\"urlTemplate\":\"https:\\\/\\\/cvinoticias.com\\\/v3\\\/?s={search_term_string}\"},\"query-input\":{\"@type\":\"PropertyValueSpecification\",\"valueRequired\":true,\"valueName\":\"search_term_string\"}}],\"inLanguage\":\"es\"},{\"@type\":\"Organization\",\"@id\":\"https:\\\/\\\/cvinoticias.com\\\/v3\\\/#organization\",\"name\":\"CVI NOTICIAS\",\"url\":\"https:\\\/\\\/cvinoticias.com\\\/v3\\\/\",\"logo\":{\"@type\":\"ImageObject\",\"inLanguage\":\"es\",\"@id\":\"https:\\\/\\\/cvinoticias.com\\\/v3\\\/#\\\/schema\\\/logo\\\/image\\\/\",\"url\":\"https:\\\/\\\/cvinoticias.com\\\/wp-content\\\/uploads\\\/2023\\\/04\\\/cropped-cropped-cropped-cropped-cropped-3-1.png\",\"contentUrl\":\"https:\\\/\\\/cvinoticias.com\\\/wp-content\\\/uploads\\\/2023\\\/04\\\/cropped-cropped-cropped-cropped-cropped-3-1.png\",\"width\":95,\"height\":122,\"caption\":\"CVI NOTICIAS\"},\"image\":{\"@id\":\"https:\\\/\\\/cvinoticias.com\\\/v3\\\/#\\\/schema\\\/logo\\\/image\\\/\"},\"sameAs\":[\"https:\\\/\\\/www.facebook.com\\\/cvinoticias\",\"https:\\\/\\\/www.instagram.com\\\/cvinoticias\\\/\",\"https:\\\/\\\/www.youtube.com\\\/@CVINOTICIAS\"]},{\"@type\":\"Person\",\"@id\":\"https:\\\/\\\/cvinoticias.com\\\/v3\\\/#\\\/schema\\\/person\\\/2db77e3c6bc03c538495d7b2b8be9b66\",\"name\":\"f1000024\",\"image\":{\"@type\":\"ImageObject\",\"inLanguage\":\"es\",\"@id\":\"https:\\\/\\\/secure.gravatar.com\\\/avatar\\\/d4fe7459cfc51ff5129ce1a732bbef5928568b8092d412ef95611616376bbeed?s=96&d=mm&r=g\",\"url\":\"https:\\\/\\\/secure.gravatar.com\\\/avatar\\\/d4fe7459cfc51ff5129ce1a732bbef5928568b8092d412ef95611616376bbeed?s=96&d=mm&r=g\",\"contentUrl\":\"https:\\\/\\\/secure.gravatar.com\\\/avatar\\\/d4fe7459cfc51ff5129ce1a732bbef5928568b8092d412ef95611616376bbeed?s=96&d=mm&r=g\",\"caption\":\"f1000024\"},\"url\":\"https:\\\/\\\/cvinoticias.com\\\/v3\\\/author\\\/f1000024\\\/\"}]}<\/script>\n<!-- \/ Yoast SEO plugin. -->","yoast_head_json":{"title":"Mujer ir\u00e1 a juicio por atacar a su hija de 7 a\u00f1os | CVI NOTICIAS","description":"Una mujer de Wanda ser\u00e1 juzgada por asfixiar y apu\u00f1alar a su hija de 7 a\u00f1os en Puerto Esperanza, Misiones.","robots":{"index":"index","follow":"follow","max-snippet":"max-snippet:-1","max-image-preview":"max-image-preview:large","max-video-preview":"max-video-preview:-1"},"canonical":"https:\/\/cvinoticias.com\/v3\/mujer-ira-a-juicio-por-asfixiar-y-apunalar-a-su-hija-de-7-anos\/","og_locale":"es_ES","og_type":"article","og_title":"Mujer ir\u00e1 a juicio por atacar a su hija de 7 a\u00f1os | CVI NOTICIAS","og_description":"Una mujer de Wanda ser\u00e1 juzgada por asfixiar y apu\u00f1alar a su hija de 7 a\u00f1os en Puerto Esperanza, Misiones.","og_url":"https:\/\/cvinoticias.com\/v3\/mujer-ira-a-juicio-por-asfixiar-y-apunalar-a-su-hija-de-7-anos\/","og_site_name":"CVI NOTICIAS","article_publisher":"https:\/\/www.facebook.com\/cvinoticias","article_published_time":"2025-09-24T12:06:19+00:00","article_modified_time":"2025-09-24T12:06:20+00:00","og_image":[{"width":992,"height":737,"url":"https:\/\/cvinoticias.com\/wp-content\/uploads\/2025\/09\/md.webp","type":"image\/webp"}],"author":"f1000024","twitter_card":"summary_large_image","twitter_misc":{"Escrito por":"f1000024","Tiempo de lectura":"2 minutos"},"schema":{"@context":"https:\/\/schema.org","@graph":[{"@type":"Article","@id":"https:\/\/cvinoticias.com\/v3\/mujer-ira-a-juicio-por-asfixiar-y-apunalar-a-su-hija-de-7-anos\/#article","isPartOf":{"@id":"https:\/\/cvinoticias.com\/v3\/mujer-ira-a-juicio-por-asfixiar-y-apunalar-a-su-hija-de-7-anos\/"},"author":{"name":"f1000024","@id":"https:\/\/cvinoticias.com\/v3\/#\/schema\/person\/2db77e3c6bc03c538495d7b2b8be9b66"},"headline":"Mujer ir\u00e1 a juicio por asfixiar y apu\u00f1alar a su hija de 7 a\u00f1os","datePublished":"2025-09-24T12:06:19+00:00","dateModified":"2025-09-24T12:06:20+00:00","mainEntityOfPage":{"@id":"https:\/\/cvinoticias.com\/v3\/mujer-ira-a-juicio-por-asfixiar-y-apunalar-a-su-hija-de-7-anos\/"},"wordCount":419,"commentCount":0,"publisher":{"@id":"https:\/\/cvinoticias.com\/v3\/#organization"},"image":{"@id":"https:\/\/cvinoticias.com\/v3\/mujer-ira-a-juicio-por-asfixiar-y-apunalar-a-su-hija-de-7-anos\/#primaryimage"},"thumbnailUrl":"https:\/\/cvinoticias.com\/wp-content\/uploads\/2025\/09\/md.webp","keywords":["7 a\u00f1os","apu\u00f1alar","asfixiar","hija","Juicio"],"articleSection":["Policiales"],"inLanguage":"es","potentialAction":[{"@type":"CommentAction","name":"Comment","target":["https:\/\/cvinoticias.com\/v3\/mujer-ira-a-juicio-por-asfixiar-y-apunalar-a-su-hija-de-7-anos\/#respond"]}]},{"@type":"WebPage","@id":"https:\/\/cvinoticias.com\/v3\/mujer-ira-a-juicio-por-asfixiar-y-apunalar-a-su-hija-de-7-anos\/","url":"https:\/\/cvinoticias.com\/v3\/mujer-ira-a-juicio-por-asfixiar-y-apunalar-a-su-hija-de-7-anos\/","name":"Mujer ir\u00e1 a juicio por atacar a su hija de 7 a\u00f1os | CVI NOTICIAS","isPartOf":{"@id":"https:\/\/cvinoticias.com\/v3\/#website"},"primaryImageOfPage":{"@id":"https:\/\/cvinoticias.com\/v3\/mujer-ira-a-juicio-por-asfixiar-y-apunalar-a-su-hija-de-7-anos\/#primaryimage"},"image":{"@id":"https:\/\/cvinoticias.com\/v3\/mujer-ira-a-juicio-por-asfixiar-y-apunalar-a-su-hija-de-7-anos\/#primaryimage"},"thumbnailUrl":"https:\/\/cvinoticias.com\/wp-content\/uploads\/2025\/09\/md.webp","datePublished":"2025-09-24T12:06:19+00:00","dateModified":"2025-09-24T12:06:20+00:00","description":"Una mujer de Wanda ser\u00e1 juzgada por asfixiar y apu\u00f1alar a su hija de 7 a\u00f1os en Puerto Esperanza, Misiones.","breadcrumb":{"@id":"https:\/\/cvinoticias.com\/v3\/mujer-ira-a-juicio-por-asfixiar-y-apunalar-a-su-hija-de-7-anos\/#breadcrumb"},"inLanguage":"es","potentialAction":[{"@type":"ReadAction","target":["https:\/\/cvinoticias.com\/v3\/mujer-ira-a-juicio-por-asfixiar-y-apunalar-a-su-hija-de-7-anos\/"]}]},{"@type":"ImageObject","inLanguage":"es","@id":"https:\/\/cvinoticias.com\/v3\/mujer-ira-a-juicio-por-asfixiar-y-apunalar-a-su-hija-de-7-anos\/#primaryimage","url":"https:\/\/cvinoticias.com\/wp-content\/uploads\/2025\/09\/md.webp","contentUrl":"https:\/\/cvinoticias.com\/wp-content\/uploads\/2025\/09\/md.webp","width":992,"height":737},{"@type":"BreadcrumbList","@id":"https:\/\/cvinoticias.com\/v3\/mujer-ira-a-juicio-por-asfixiar-y-apunalar-a-su-hija-de-7-anos\/#breadcrumb","itemListElement":[{"@type":"ListItem","position":1,"name":"Portada","item":"https:\/\/cvinoticias.com\/v3\/"},{"@type":"ListItem","position":2,"name":"Mujer ir\u00e1 a juicio por asfixiar y apu\u00f1alar a su hija de 7 a\u00f1os"}]},{"@type":"WebSite","@id":"https:\/\/cvinoticias.com\/v3\/#website","url":"https:\/\/cvinoticias.com\/v3\/","name":"CVI NOTICIAS","description":"","publisher":{"@id":"https:\/\/cvinoticias.com\/v3\/#organization"},"alternateName":"CVI","potentialAction":[{"@type":"SearchAction","target":{"@type":"EntryPoint","urlTemplate":"https:\/\/cvinoticias.com\/v3\/?s={search_term_string}"},"query-input":{"@type":"PropertyValueSpecification","valueRequired":true,"valueName":"search_term_string"}}],"inLanguage":"es"},{"@type":"Organization","@id":"https:\/\/cvinoticias.com\/v3\/#organization","name":"CVI NOTICIAS","url":"https:\/\/cvinoticias.com\/v3\/","logo":{"@type":"ImageObject","inLanguage":"es","@id":"https:\/\/cvinoticias.com\/v3\/#\/schema\/logo\/image\/","url":"https:\/\/cvinoticias.com\/wp-content\/uploads\/2023\/04\/cropped-cropped-cropped-cropped-cropped-3-1.png","contentUrl":"https:\/\/cvinoticias.com\/wp-content\/uploads\/2023\/04\/cropped-cropped-cropped-cropped-cropped-3-1.png","width":95,"height":122,"caption":"CVI NOTICIAS"},"image":{"@id":"https:\/\/cvinoticias.com\/v3\/#\/schema\/logo\/image\/"},"sameAs":["https:\/\/www.facebook.com\/cvinoticias","https:\/\/www.instagram.com\/cvinoticias\/","https:\/\/www.youtube.com\/@CVINOTICIAS"]},{"@type":"Person","@id":"https:\/\/cvinoticias.com\/v3\/#\/schema\/person\/2db77e3c6bc03c538495d7b2b8be9b66","name":"f1000024","image":{"@type":"ImageObject","inLanguage":"es","@id":"https:\/\/secure.gravatar.com\/avatar\/d4fe7459cfc51ff5129ce1a732bbef5928568b8092d412ef95611616376bbeed?s=96&d=mm&r=g","url":"https:\/\/secure.gravatar.com\/avatar\/d4fe7459cfc51ff5129ce1a732bbef5928568b8092d412ef95611616376bbeed?s=96&d=mm&r=g","contentUrl":"https:\/\/secure.gravatar.com\/avatar\/d4fe7459cfc51ff5129ce1a732bbef5928568b8092d412ef95611616376bbeed?s=96&d=mm&r=g","caption":"f1000024"},"url":"https:\/\/cvinoticias.com\/v3\/author\/f1000024\/"}]}},"_links":{"self":[{"href":"https:\/\/cvinoticias.com\/v3\/wp-json\/wp\/v2\/posts\/49264","targetHints":{"allow":["GET"]}}],"collection":[{"href":"https:\/\/cvinoticias.com\/v3\/wp-json\/wp\/v2\/posts"}],"about":[{"href":"https:\/\/cvinoticias.com\/v3\/wp-json\/wp\/v2\/types\/post"}],"author":[{"embeddable":true,"href":"https:\/\/cvinoticias.com\/v3\/wp-json\/wp\/v2\/users\/2"}],"replies":[{"embeddable":true,"href":"https:\/\/cvinoticias.com\/v3\/wp-json\/wp\/v2\/comments?post=49264"}],"version-history":[{"count":1,"href":"https:\/\/cvinoticias.com\/v3\/wp-json\/wp\/v2\/posts\/49264\/revisions"}],"predecessor-version":[{"id":49266,"href":"https:\/\/cvinoticias.com\/v3\/wp-json\/wp\/v2\/posts\/49264\/revisions\/49266"}],"wp:featuredmedia":[{"embeddable":true,"href":"https:\/\/cvinoticias.com\/v3\/wp-json\/wp\/v2\/media\/49265"}],"wp:attachment":[{"href":"https:\/\/cvinoticias.com\/v3\/wp-json\/wp\/v2\/media?parent=49264"}],"wp:term":[{"taxonomy":"category","embeddable":true,"href":"https:\/\/cvinoticias.com\/v3\/wp-json\/wp\/v2\/categories?post=49264"},{"taxonomy":"post_tag","embeddable":true,"href":"https:\/\/cvinoticias.com\/v3\/wp-json\/wp\/v2\/tags?post=49264"}],"curies":[{"name":"wp","href":"https:\/\/api.w.org\/{rel}","templated":true}]}}