{"id":49175,"date":"2025-09-22T09:21:44","date_gmt":"2025-09-22T12:21:44","guid":{"rendered":"https:\/\/cvinoticias.com\/v3\/?p=49175"},"modified":"2025-09-22T09:21:45","modified_gmt":"2025-09-22T12:21:45","slug":"misiones-refinancio-25-000-millones-en-deudas-de-empleados-publicos-y-jubilados-en-un-mes","status":"publish","type":"post","link":"https:\/\/cvinoticias.com\/v3\/misiones-refinancio-25-000-millones-en-deudas-de-empleados-publicos-y-jubilados-en-un-mes\/","title":{"rendered":"Misiones refinanci\u00f3 $25.000 millones en deudas de empleados p\u00fablicos y jubilados en un mes"},"content":{"rendered":"\n<p>En apenas un mes desde su implementaci\u00f3n, el&nbsp;<strong>Programa de Refinanciaci\u00f3n de Deudas para jubilados y trabajadores p\u00fablicos<\/strong>&nbsp;del Gobierno de Misiones logr\u00f3 reestructurar&nbsp;<strong>4.000 cr\u00e9ditos por un total de $25.000 millones<\/strong>, ofreciendo a miles de familias una salida a la asfixia financiera en un contexto de tasas elevadas y creciente sobreendeudamiento. La iniciativa, articulada con&nbsp;<strong>Banco Macro<\/strong>&nbsp;y sin costo fiscal para la Provincia, se extender\u00e1 hasta diciembre de 2025.<\/p>\n\n\n\n<p>El programa fue lanzado en agosto por el Ministerio de Hacienda, a cargo de&nbsp;<strong>Adolfo Safr\u00e1n<\/strong>, con el objetivo de atender a un sector cr\u00edtico de la poblaci\u00f3n: aquellos trabajadores estatales y jubilados que destinan m\u00e1s del&nbsp;<strong>65% de sus ingresos al pago de deudas<\/strong>&nbsp;de tarjetas de cr\u00e9dito o pr\u00e9stamos. Seg\u00fan las estimaciones oficiales, entre el&nbsp;<strong>10% y el 15% de los trabajadores p\u00fablicos provinciales<\/strong>&nbsp;se encuentra en esa situaci\u00f3n, lo que equivale a entre&nbsp;<strong>9.000 y 10.000 familias<\/strong>&nbsp;en riesgo financiero.<\/p>\n\n\n\n<p>La herramienta permite&nbsp;<strong>refinanciar saldos hasta en 60 meses a una tasa fija del 57%<\/strong>, muy por debajo de las tasas de mercado, que en algunos casos superan el 200% nominal anual. \u201cSe trata de una medida que busca dar sostenibilidad al sistema financiero de los trabajadores, evitando que caigan en espirales de deuda impagables y brindando previsibilidad a futuro\u201d, explic\u00f3 Safr\u00e1n en sus redes sociales.<\/p>\n\n\n\n<h2 class=\"wp-block-heading\">Caracter\u00edsticas del programa y alcances<\/h2>\n\n\n\n<p>La operatoria se articula con Banco Macro, entidad que canaliza los haberes de la mayor\u00eda de los empleados p\u00fablicos y jubilados misioneros. Los beneficiarios incluyen:<\/p>\n\n\n\n<ul class=\"wp-block-list\">\n<li><strong>Trabajadores provinciales en actividad.<\/strong><\/li>\n\n\n\n<li><strong>Trabajadores municipales<\/strong>\u00a0que cobran sus haberes a trav\u00e9s de Banco Macro.<\/li>\n\n\n\n<li><strong>Jubilados y pensionados<\/strong>\u00a0del Instituto de Previsi\u00f3n Social (IPS).<\/li>\n<\/ul>\n\n\n\n<p>El plan&nbsp;<strong>no permite tomar nuevos cr\u00e9ditos<\/strong>&nbsp;y excluye a quienes no est\u00e9n endeudados, con el fin de garantizar que los fondos se destinen exclusivamente a&nbsp;<strong>ordenar las finanzas personales y no a incrementar pasivos<\/strong>.<\/p>\n\n\n\n<p>En t\u00e9rminos de cobertura, el programa est\u00e1 habilitado en&nbsp;<strong>todas las sucursales de Banco Macro<\/strong>&nbsp;y tendr\u00e1 vigencia hasta el&nbsp;<strong>31 de diciembre de 2025<\/strong>, lo que le da un horizonte de m\u00e1s de un a\u00f1o de aplicaci\u00f3n.<\/p>\n\n\n\n<h2 class=\"wp-block-heading\">Impacto econ\u00f3mico y proyecci\u00f3n pol\u00edtica<\/h2>\n\n\n\n<p>El alivio financiero que implica la reestructuraci\u00f3n tiene&nbsp;<strong>efectos macroecon\u00f3micos y sociales directos<\/strong>. Por un lado, permite liberar ingresos que estaban comprometidos con deudas, lo que se traduce en mayor&nbsp;<strong>capacidad de consumo interno<\/strong>&nbsp;y dinamismo en la econom\u00eda provincial. Por otro, refuerza el v\u00ednculo institucional entre la Provincia y los trabajadores, en un contexto nacional marcado por la volatilidad econ\u00f3mica y la ca\u00edda del poder adquisitivo.<\/p>\n\n\n\n<p>La medida tambi\u00e9n env\u00eda una se\u00f1al pol\u00edtica: Misiones avanza en&nbsp;<strong>herramientas propias de estabilizaci\u00f3n financiera<\/strong>&nbsp;sin requerir transferencias adicionales del Estado nacional, mostrando autonom\u00eda de gesti\u00f3n y capacidad de articulaci\u00f3n con el sistema bancario privado.<\/p>\n\n\n\n<p>De cara a 2026, cuando el pr\u00f3ximo presupuesto provincial ya estar\u00e1 en debate, este esquema de refinanciaci\u00f3n podr\u00eda servir como&nbsp;<strong>base para futuros programas financieros<\/strong>, con la posibilidad de replicarse en otras jurisdicciones ante la creciente problem\u00e1tica del sobreendeudamiento de los hogares<\/p>\n\n\n\n<p>Fuente: Econom\u00eds <\/p>\n","protected":false},"excerpt":{"rendered":"<p>En apenas un mes desde su implementaci\u00f3n, el&nbsp;Programa de Refinanciaci\u00f3n de Deudas para jubilados y trabajadores p\u00fablicos&nbsp;del Gobierno de Misiones logr\u00f3 reestructurar&nbsp;4.000 cr\u00e9ditos por un total de $25.000 millones, ofreciendo a miles de familias una salida a la asfixia financiera en un contexto de tasas elevadas y creciente sobreendeudamiento. La iniciativa, articulada con&nbsp;Banco Macro&nbsp;y sin [&hellip;]<\/p>\n","protected":false},"author":2,"featured_media":49177,"comment_status":"open","ping_status":"closed","sticky":false,"template":"","format":"standard","meta":{"footnotes":""},"categories":[43],"tags":[3926,3436,838,3927],"class_list":["post-49175","post","type-post","status-publish","format-standard","has-post-thumbnail","hentry","category-provinciales","tag-25-000","tag-deudas","tag-millones","tag-refinancio"],"yoast_head":"<!-- This site is optimized with the Yoast SEO plugin v27.5 - https:\/\/yoast.com\/product\/yoast-seo-wordpress\/ -->\n<title>Misiones refinanci\u00f3 $25.000 millones en deudas | CVI NOTICIAS<\/title>\n<meta name=\"description\" content=\"El programa de refinanciaci\u00f3n de deudas de Misiones reestructur\u00f3 4.000 cr\u00e9ditos por $25.000 millones\" \/>\n<meta name=\"robots\" content=\"index, follow, max-snippet:-1, max-image-preview:large, max-video-preview:-1\" \/>\n<link rel=\"canonical\" href=\"https:\/\/cvinoticias.com\/v3\/misiones-refinancio-25-000-millones-en-deudas-de-empleados-publicos-y-jubilados-en-un-mes\/\" \/>\n<meta property=\"og:locale\" content=\"es_ES\" \/>\n<meta property=\"og:type\" content=\"article\" \/>\n<meta property=\"og:title\" content=\"Misiones refinanci\u00f3 $25.000 millones en deudas | CVI NOTICIAS\" \/>\n<meta property=\"og:description\" content=\"El programa de refinanciaci\u00f3n de deudas de Misiones reestructur\u00f3 4.000 cr\u00e9ditos por $25.000 millones\" \/>\n<meta property=\"og:url\" content=\"https:\/\/cvinoticias.com\/v3\/misiones-refinancio-25-000-millones-en-deudas-de-empleados-publicos-y-jubilados-en-un-mes\/\" \/>\n<meta property=\"og:site_name\" content=\"CVI NOTICIAS\" \/>\n<meta property=\"article:publisher\" content=\"https:\/\/www.facebook.com\/cvinoticias\" \/>\n<meta property=\"article:published_time\" content=\"2025-09-22T12:21:44+00:00\" \/>\n<meta property=\"article:modified_time\" content=\"2025-09-22T12:21:45+00:00\" \/>\n<meta property=\"og:image\" content=\"https:\/\/cvinoticias.com\/wp-content\/uploads\/2025\/09\/cambios-misiones.webp\" \/>\n\t<meta property=\"og:image:width\" content=\"679\" \/>\n\t<meta property=\"og:image:height\" content=\"355\" \/>\n\t<meta property=\"og:image:type\" content=\"image\/webp\" \/>\n<meta name=\"author\" content=\"f1000024\" \/>\n<meta name=\"twitter:card\" content=\"summary_large_image\" \/>\n<meta name=\"twitter:label1\" content=\"Escrito por\" \/>\n\t<meta name=\"twitter:data1\" content=\"f1000024\" \/>\n\t<meta name=\"twitter:label2\" content=\"Tiempo de lectura\" \/>\n\t<meta name=\"twitter:data2\" content=\"3 minutos\" \/>\n<script type=\"application\/ld+json\" class=\"yoast-schema-graph\">{\"@context\":\"https:\\\/\\\/schema.org\",\"@graph\":[{\"@type\":\"Article\",\"@id\":\"https:\\\/\\\/cvinoticias.com\\\/v3\\\/misiones-refinancio-25-000-millones-en-deudas-de-empleados-publicos-y-jubilados-en-un-mes\\\/#article\",\"isPartOf\":{\"@id\":\"https:\\\/\\\/cvinoticias.com\\\/v3\\\/misiones-refinancio-25-000-millones-en-deudas-de-empleados-publicos-y-jubilados-en-un-mes\\\/\"},\"author\":{\"name\":\"f1000024\",\"@id\":\"https:\\\/\\\/cvinoticias.com\\\/v3\\\/#\\\/schema\\\/person\\\/2db77e3c6bc03c538495d7b2b8be9b66\"},\"headline\":\"Misiones refinanci\u00f3 $25.000 millones en deudas de empleados p\u00fablicos y jubilados en un mes\",\"datePublished\":\"2025-09-22T12:21:44+00:00\",\"dateModified\":\"2025-09-22T12:21:45+00:00\",\"mainEntityOfPage\":{\"@id\":\"https:\\\/\\\/cvinoticias.com\\\/v3\\\/misiones-refinancio-25-000-millones-en-deudas-de-empleados-publicos-y-jubilados-en-un-mes\\\/\"},\"wordCount\":570,\"commentCount\":0,\"publisher\":{\"@id\":\"https:\\\/\\\/cvinoticias.com\\\/v3\\\/#organization\"},\"image\":{\"@id\":\"https:\\\/\\\/cvinoticias.com\\\/v3\\\/misiones-refinancio-25-000-millones-en-deudas-de-empleados-publicos-y-jubilados-en-un-mes\\\/#primaryimage\"},\"thumbnailUrl\":\"https:\\\/\\\/cvinoticias.com\\\/wp-content\\\/uploads\\\/2025\\\/09\\\/cambios-misiones.webp\",\"keywords\":[\"$25.000\",\"deudas\",\"Millones\",\"refinanci\u00f3\"],\"articleSection\":[\"Provinciales\"],\"inLanguage\":\"es\",\"potentialAction\":[{\"@type\":\"CommentAction\",\"name\":\"Comment\",\"target\":[\"https:\\\/\\\/cvinoticias.com\\\/v3\\\/misiones-refinancio-25-000-millones-en-deudas-de-empleados-publicos-y-jubilados-en-un-mes\\\/#respond\"]}]},{\"@type\":\"WebPage\",\"@id\":\"https:\\\/\\\/cvinoticias.com\\\/v3\\\/misiones-refinancio-25-000-millones-en-deudas-de-empleados-publicos-y-jubilados-en-un-mes\\\/\",\"url\":\"https:\\\/\\\/cvinoticias.com\\\/v3\\\/misiones-refinancio-25-000-millones-en-deudas-de-empleados-publicos-y-jubilados-en-un-mes\\\/\",\"name\":\"Misiones refinanci\u00f3 $25.000 millones en deudas | CVI NOTICIAS\",\"isPartOf\":{\"@id\":\"https:\\\/\\\/cvinoticias.com\\\/v3\\\/#website\"},\"primaryImageOfPage\":{\"@id\":\"https:\\\/\\\/cvinoticias.com\\\/v3\\\/misiones-refinancio-25-000-millones-en-deudas-de-empleados-publicos-y-jubilados-en-un-mes\\\/#primaryimage\"},\"image\":{\"@id\":\"https:\\\/\\\/cvinoticias.com\\\/v3\\\/misiones-refinancio-25-000-millones-en-deudas-de-empleados-publicos-y-jubilados-en-un-mes\\\/#primaryimage\"},\"thumbnailUrl\":\"https:\\\/\\\/cvinoticias.com\\\/wp-content\\\/uploads\\\/2025\\\/09\\\/cambios-misiones.webp\",\"datePublished\":\"2025-09-22T12:21:44+00:00\",\"dateModified\":\"2025-09-22T12:21:45+00:00\",\"description\":\"El programa de refinanciaci\u00f3n de deudas de Misiones reestructur\u00f3 4.000 cr\u00e9ditos por $25.000 millones\",\"breadcrumb\":{\"@id\":\"https:\\\/\\\/cvinoticias.com\\\/v3\\\/misiones-refinancio-25-000-millones-en-deudas-de-empleados-publicos-y-jubilados-en-un-mes\\\/#breadcrumb\"},\"inLanguage\":\"es\",\"potentialAction\":[{\"@type\":\"ReadAction\",\"target\":[\"https:\\\/\\\/cvinoticias.com\\\/v3\\\/misiones-refinancio-25-000-millones-en-deudas-de-empleados-publicos-y-jubilados-en-un-mes\\\/\"]}]},{\"@type\":\"ImageObject\",\"inLanguage\":\"es\",\"@id\":\"https:\\\/\\\/cvinoticias.com\\\/v3\\\/misiones-refinancio-25-000-millones-en-deudas-de-empleados-publicos-y-jubilados-en-un-mes\\\/#primaryimage\",\"url\":\"https:\\\/\\\/cvinoticias.com\\\/wp-content\\\/uploads\\\/2025\\\/09\\\/cambios-misiones.webp\",\"contentUrl\":\"https:\\\/\\\/cvinoticias.com\\\/wp-content\\\/uploads\\\/2025\\\/09\\\/cambios-misiones.webp\",\"width\":679,\"height\":355},{\"@type\":\"BreadcrumbList\",\"@id\":\"https:\\\/\\\/cvinoticias.com\\\/v3\\\/misiones-refinancio-25-000-millones-en-deudas-de-empleados-publicos-y-jubilados-en-un-mes\\\/#breadcrumb\",\"itemListElement\":[{\"@type\":\"ListItem\",\"position\":1,\"name\":\"Portada\",\"item\":\"https:\\\/\\\/cvinoticias.com\\\/v3\\\/\"},{\"@type\":\"ListItem\",\"position\":2,\"name\":\"Misiones refinanci\u00f3 $25.000 millones en deudas de empleados p\u00fablicos y jubilados en un mes\"}]},{\"@type\":\"WebSite\",\"@id\":\"https:\\\/\\\/cvinoticias.com\\\/v3\\\/#website\",\"url\":\"https:\\\/\\\/cvinoticias.com\\\/v3\\\/\",\"name\":\"CVI NOTICIAS\",\"description\":\"\",\"publisher\":{\"@id\":\"https:\\\/\\\/cvinoticias.com\\\/v3\\\/#organization\"},\"alternateName\":\"CVI\",\"potentialAction\":[{\"@type\":\"SearchAction\",\"target\":{\"@type\":\"EntryPoint\",\"urlTemplate\":\"https:\\\/\\\/cvinoticias.com\\\/v3\\\/?s={search_term_string}\"},\"query-input\":{\"@type\":\"PropertyValueSpecification\",\"valueRequired\":true,\"valueName\":\"search_term_string\"}}],\"inLanguage\":\"es\"},{\"@type\":\"Organization\",\"@id\":\"https:\\\/\\\/cvinoticias.com\\\/v3\\\/#organization\",\"name\":\"CVI NOTICIAS\",\"url\":\"https:\\\/\\\/cvinoticias.com\\\/v3\\\/\",\"logo\":{\"@type\":\"ImageObject\",\"inLanguage\":\"es\",\"@id\":\"https:\\\/\\\/cvinoticias.com\\\/v3\\\/#\\\/schema\\\/logo\\\/image\\\/\",\"url\":\"https:\\\/\\\/cvinoticias.com\\\/wp-content\\\/uploads\\\/2023\\\/04\\\/cropped-cropped-cropped-cropped-cropped-3-1.png\",\"contentUrl\":\"https:\\\/\\\/cvinoticias.com\\\/wp-content\\\/uploads\\\/2023\\\/04\\\/cropped-cropped-cropped-cropped-cropped-3-1.png\",\"width\":95,\"height\":122,\"caption\":\"CVI NOTICIAS\"},\"image\":{\"@id\":\"https:\\\/\\\/cvinoticias.com\\\/v3\\\/#\\\/schema\\\/logo\\\/image\\\/\"},\"sameAs\":[\"https:\\\/\\\/www.facebook.com\\\/cvinoticias\",\"https:\\\/\\\/www.instagram.com\\\/cvinoticias\\\/\",\"https:\\\/\\\/www.youtube.com\\\/@CVINOTICIAS\"]},{\"@type\":\"Person\",\"@id\":\"https:\\\/\\\/cvinoticias.com\\\/v3\\\/#\\\/schema\\\/person\\\/2db77e3c6bc03c538495d7b2b8be9b66\",\"name\":\"f1000024\",\"image\":{\"@type\":\"ImageObject\",\"inLanguage\":\"es\",\"@id\":\"https:\\\/\\\/secure.gravatar.com\\\/avatar\\\/d4fe7459cfc51ff5129ce1a732bbef5928568b8092d412ef95611616376bbeed?s=96&d=mm&r=g\",\"url\":\"https:\\\/\\\/secure.gravatar.com\\\/avatar\\\/d4fe7459cfc51ff5129ce1a732bbef5928568b8092d412ef95611616376bbeed?s=96&d=mm&r=g\",\"contentUrl\":\"https:\\\/\\\/secure.gravatar.com\\\/avatar\\\/d4fe7459cfc51ff5129ce1a732bbef5928568b8092d412ef95611616376bbeed?s=96&d=mm&r=g\",\"caption\":\"f1000024\"},\"url\":\"https:\\\/\\\/cvinoticias.com\\\/v3\\\/author\\\/f1000024\\\/\"}]}<\/script>\n<!-- \/ Yoast SEO plugin. -->","yoast_head_json":{"title":"Misiones refinanci\u00f3 $25.000 millones en deudas | CVI NOTICIAS","description":"El programa de refinanciaci\u00f3n de deudas de Misiones reestructur\u00f3 4.000 cr\u00e9ditos por $25.000 millones","robots":{"index":"index","follow":"follow","max-snippet":"max-snippet:-1","max-image-preview":"max-image-preview:large","max-video-preview":"max-video-preview:-1"},"canonical":"https:\/\/cvinoticias.com\/v3\/misiones-refinancio-25-000-millones-en-deudas-de-empleados-publicos-y-jubilados-en-un-mes\/","og_locale":"es_ES","og_type":"article","og_title":"Misiones refinanci\u00f3 $25.000 millones en deudas | CVI NOTICIAS","og_description":"El programa de refinanciaci\u00f3n de deudas de Misiones reestructur\u00f3 4.000 cr\u00e9ditos por $25.000 millones","og_url":"https:\/\/cvinoticias.com\/v3\/misiones-refinancio-25-000-millones-en-deudas-de-empleados-publicos-y-jubilados-en-un-mes\/","og_site_name":"CVI NOTICIAS","article_publisher":"https:\/\/www.facebook.com\/cvinoticias","article_published_time":"2025-09-22T12:21:44+00:00","article_modified_time":"2025-09-22T12:21:45+00:00","og_image":[{"width":679,"height":355,"url":"https:\/\/cvinoticias.com\/wp-content\/uploads\/2025\/09\/cambios-misiones.webp","type":"image\/webp"}],"author":"f1000024","twitter_card":"summary_large_image","twitter_misc":{"Escrito por":"f1000024","Tiempo de lectura":"3 minutos"},"schema":{"@context":"https:\/\/schema.org","@graph":[{"@type":"Article","@id":"https:\/\/cvinoticias.com\/v3\/misiones-refinancio-25-000-millones-en-deudas-de-empleados-publicos-y-jubilados-en-un-mes\/#article","isPartOf":{"@id":"https:\/\/cvinoticias.com\/v3\/misiones-refinancio-25-000-millones-en-deudas-de-empleados-publicos-y-jubilados-en-un-mes\/"},"author":{"name":"f1000024","@id":"https:\/\/cvinoticias.com\/v3\/#\/schema\/person\/2db77e3c6bc03c538495d7b2b8be9b66"},"headline":"Misiones refinanci\u00f3 $25.000 millones en deudas de empleados p\u00fablicos y jubilados en un mes","datePublished":"2025-09-22T12:21:44+00:00","dateModified":"2025-09-22T12:21:45+00:00","mainEntityOfPage":{"@id":"https:\/\/cvinoticias.com\/v3\/misiones-refinancio-25-000-millones-en-deudas-de-empleados-publicos-y-jubilados-en-un-mes\/"},"wordCount":570,"commentCount":0,"publisher":{"@id":"https:\/\/cvinoticias.com\/v3\/#organization"},"image":{"@id":"https:\/\/cvinoticias.com\/v3\/misiones-refinancio-25-000-millones-en-deudas-de-empleados-publicos-y-jubilados-en-un-mes\/#primaryimage"},"thumbnailUrl":"https:\/\/cvinoticias.com\/wp-content\/uploads\/2025\/09\/cambios-misiones.webp","keywords":["$25.000","deudas","Millones","refinanci\u00f3"],"articleSection":["Provinciales"],"inLanguage":"es","potentialAction":[{"@type":"CommentAction","name":"Comment","target":["https:\/\/cvinoticias.com\/v3\/misiones-refinancio-25-000-millones-en-deudas-de-empleados-publicos-y-jubilados-en-un-mes\/#respond"]}]},{"@type":"WebPage","@id":"https:\/\/cvinoticias.com\/v3\/misiones-refinancio-25-000-millones-en-deudas-de-empleados-publicos-y-jubilados-en-un-mes\/","url":"https:\/\/cvinoticias.com\/v3\/misiones-refinancio-25-000-millones-en-deudas-de-empleados-publicos-y-jubilados-en-un-mes\/","name":"Misiones refinanci\u00f3 $25.000 millones en deudas | CVI NOTICIAS","isPartOf":{"@id":"https:\/\/cvinoticias.com\/v3\/#website"},"primaryImageOfPage":{"@id":"https:\/\/cvinoticias.com\/v3\/misiones-refinancio-25-000-millones-en-deudas-de-empleados-publicos-y-jubilados-en-un-mes\/#primaryimage"},"image":{"@id":"https:\/\/cvinoticias.com\/v3\/misiones-refinancio-25-000-millones-en-deudas-de-empleados-publicos-y-jubilados-en-un-mes\/#primaryimage"},"thumbnailUrl":"https:\/\/cvinoticias.com\/wp-content\/uploads\/2025\/09\/cambios-misiones.webp","datePublished":"2025-09-22T12:21:44+00:00","dateModified":"2025-09-22T12:21:45+00:00","description":"El programa de refinanciaci\u00f3n de deudas de Misiones reestructur\u00f3 4.000 cr\u00e9ditos por $25.000 millones","breadcrumb":{"@id":"https:\/\/cvinoticias.com\/v3\/misiones-refinancio-25-000-millones-en-deudas-de-empleados-publicos-y-jubilados-en-un-mes\/#breadcrumb"},"inLanguage":"es","potentialAction":[{"@type":"ReadAction","target":["https:\/\/cvinoticias.com\/v3\/misiones-refinancio-25-000-millones-en-deudas-de-empleados-publicos-y-jubilados-en-un-mes\/"]}]},{"@type":"ImageObject","inLanguage":"es","@id":"https:\/\/cvinoticias.com\/v3\/misiones-refinancio-25-000-millones-en-deudas-de-empleados-publicos-y-jubilados-en-un-mes\/#primaryimage","url":"https:\/\/cvinoticias.com\/wp-content\/uploads\/2025\/09\/cambios-misiones.webp","contentUrl":"https:\/\/cvinoticias.com\/wp-content\/uploads\/2025\/09\/cambios-misiones.webp","width":679,"height":355},{"@type":"BreadcrumbList","@id":"https:\/\/cvinoticias.com\/v3\/misiones-refinancio-25-000-millones-en-deudas-de-empleados-publicos-y-jubilados-en-un-mes\/#breadcrumb","itemListElement":[{"@type":"ListItem","position":1,"name":"Portada","item":"https:\/\/cvinoticias.com\/v3\/"},{"@type":"ListItem","position":2,"name":"Misiones refinanci\u00f3 $25.000 millones en deudas de empleados p\u00fablicos y jubilados en un mes"}]},{"@type":"WebSite","@id":"https:\/\/cvinoticias.com\/v3\/#website","url":"https:\/\/cvinoticias.com\/v3\/","name":"CVI NOTICIAS","description":"","publisher":{"@id":"https:\/\/cvinoticias.com\/v3\/#organization"},"alternateName":"CVI","potentialAction":[{"@type":"SearchAction","target":{"@type":"EntryPoint","urlTemplate":"https:\/\/cvinoticias.com\/v3\/?s={search_term_string}"},"query-input":{"@type":"PropertyValueSpecification","valueRequired":true,"valueName":"search_term_string"}}],"inLanguage":"es"},{"@type":"Organization","@id":"https:\/\/cvinoticias.com\/v3\/#organization","name":"CVI NOTICIAS","url":"https:\/\/cvinoticias.com\/v3\/","logo":{"@type":"ImageObject","inLanguage":"es","@id":"https:\/\/cvinoticias.com\/v3\/#\/schema\/logo\/image\/","url":"https:\/\/cvinoticias.com\/wp-content\/uploads\/2023\/04\/cropped-cropped-cropped-cropped-cropped-3-1.png","contentUrl":"https:\/\/cvinoticias.com\/wp-content\/uploads\/2023\/04\/cropped-cropped-cropped-cropped-cropped-3-1.png","width":95,"height":122,"caption":"CVI NOTICIAS"},"image":{"@id":"https:\/\/cvinoticias.com\/v3\/#\/schema\/logo\/image\/"},"sameAs":["https:\/\/www.facebook.com\/cvinoticias","https:\/\/www.instagram.com\/cvinoticias\/","https:\/\/www.youtube.com\/@CVINOTICIAS"]},{"@type":"Person","@id":"https:\/\/cvinoticias.com\/v3\/#\/schema\/person\/2db77e3c6bc03c538495d7b2b8be9b66","name":"f1000024","image":{"@type":"ImageObject","inLanguage":"es","@id":"https:\/\/secure.gravatar.com\/avatar\/d4fe7459cfc51ff5129ce1a732bbef5928568b8092d412ef95611616376bbeed?s=96&d=mm&r=g","url":"https:\/\/secure.gravatar.com\/avatar\/d4fe7459cfc51ff5129ce1a732bbef5928568b8092d412ef95611616376bbeed?s=96&d=mm&r=g","contentUrl":"https:\/\/secure.gravatar.com\/avatar\/d4fe7459cfc51ff5129ce1a732bbef5928568b8092d412ef95611616376bbeed?s=96&d=mm&r=g","caption":"f1000024"},"url":"https:\/\/cvinoticias.com\/v3\/author\/f1000024\/"}]}},"_links":{"self":[{"href":"https:\/\/cvinoticias.com\/v3\/wp-json\/wp\/v2\/posts\/49175","targetHints":{"allow":["GET"]}}],"collection":[{"href":"https:\/\/cvinoticias.com\/v3\/wp-json\/wp\/v2\/posts"}],"about":[{"href":"https:\/\/cvinoticias.com\/v3\/wp-json\/wp\/v2\/types\/post"}],"author":[{"embeddable":true,"href":"https:\/\/cvinoticias.com\/v3\/wp-json\/wp\/v2\/users\/2"}],"replies":[{"embeddable":true,"href":"https:\/\/cvinoticias.com\/v3\/wp-json\/wp\/v2\/comments?post=49175"}],"version-history":[{"count":1,"href":"https:\/\/cvinoticias.com\/v3\/wp-json\/wp\/v2\/posts\/49175\/revisions"}],"predecessor-version":[{"id":49178,"href":"https:\/\/cvinoticias.com\/v3\/wp-json\/wp\/v2\/posts\/49175\/revisions\/49178"}],"wp:featuredmedia":[{"embeddable":true,"href":"https:\/\/cvinoticias.com\/v3\/wp-json\/wp\/v2\/media\/49177"}],"wp:attachment":[{"href":"https:\/\/cvinoticias.com\/v3\/wp-json\/wp\/v2\/media?parent=49175"}],"wp:term":[{"taxonomy":"category","embeddable":true,"href":"https:\/\/cvinoticias.com\/v3\/wp-json\/wp\/v2\/categories?post=49175"},{"taxonomy":"post_tag","embeddable":true,"href":"https:\/\/cvinoticias.com\/v3\/wp-json\/wp\/v2\/tags?post=49175"}],"curies":[{"name":"wp","href":"https:\/\/api.w.org\/{rel}","templated":true}]}}