{"id":4913,"date":"2021-05-07T10:29:06","date_gmt":"2021-05-07T10:29:06","guid":{"rendered":"https:\/\/cvinoticias.com\/v3\/?p=4913"},"modified":"2021-05-07T10:29:06","modified_gmt":"2021-05-07T10:29:06","slug":"docentes-en-lucha-respondieron-a-las-declaraciones-del-titular-del-cge","status":"publish","type":"post","link":"https:\/\/cvinoticias.com\/v3\/docentes-en-lucha-respondieron-a-las-declaraciones-del-titular-del-cge\/","title":{"rendered":"Docentes en lucha respondieron a las declaraciones del titular del CGE"},"content":{"rendered":"\n<p><strong><em>Retrucaron los dichos de \u00abColita\u00bb Galarza sobre su representatividad y criticaron la continuidad de los descuentos por paro. Este viernes en Santa Ana habr\u00e1 una \u00abmarcha de la dignidad\u00bb y asamblea general provincial.<\/em><\/strong><\/p>\n\n\n\n<p>Los docentes autoconvocados de Misiones salieron a contestar a \u00faltima hora de este jueves\u00a0la dura advertencia del presidente del Consejo General de Educaci\u00f3n, Alberto \u201cColita\u201d Galarza, donde ratific\u00f3 que seguir\u00e1n los descuentos a quienes hacen paro y donde adem\u00e1s minimiz\u00f3 el impacto de las medidas docentes y cuestion\u00f3 que la posici\u00f3n que asumi\u00f3 dicho frente educativo cr\u00edtico \u201cimposibilita el di\u00e1logo\u201d.<\/p>\n\n\n\n<p>A trav\u00e9s de una conferencia de prensa v\u00eda Facebook, Lidia Brizuela, representando a los colegas de la Zona Norte, hizo un recuento de los pedidos que vienen llevando adelante:\u00a0\u201cVivimos una situaci\u00f3n muy compleja que tiene que atender el Gobierno, por eso deben abrir la mesa de di\u00e1logo y escuchar las peticiones que estamos haciendo\u201d.<\/p>\n\n\n\n<p>\u201cHay que ver las\u00a0necesidades que tienen muchas escuelas en la zona norte y rurales; las mismas son muy precarias,\u00a0ya que no cuentan con las necesidades b\u00e1sicas para poder dar una educaci\u00f3n acorde y viene desde hace a\u00f1os y la pandemia lo \u00fanico que hizo desde el a\u00f1o pasado es acentuar a\u00fan m\u00e1s dichos problemas\u201d, a\u00f1adi\u00f3.<\/p>\n\n\n\n<p>En otro tramo de su alocuci\u00f3n remarc\u00f3 que\u00a0\u201cno podemos hablar de igualdad y de equidad, cuando hay alumnos que no tienen agua potable, ba\u00f1os acordes, s\u00f3lo letrina, luz el\u00e9ctrica y ni hablar de internet, donde a las claras las condiciones no est\u00e1n dadas para dar e impartir clases. Nos da pena por los ni\u00f1os, por eso estamos en la calle y estamos en esta lucha<strong>.<\/strong>Queremos que todos los chicos, ya sea los que asisten a las escuelas de los grandes centros poblados, como los de las zonas rurales tengan agua, luz el\u00e9ctricas, internet y construcciones edilicias en buenas condiciones. Cuando Galarza cumpla todo eso, le vamos a aplaudir de pie\u201d, resalt\u00f3.<\/p>\n\n\n\n<p>A su turno, la docente Mar\u00eda \u201cChina\u201d Morales C\u00e1rter, en representaci\u00f3n de la Zona Centro, reflexion\u00f3 que\u00a0es \u201ctriste escuchar y leer los agravios para los docentes que luchan por una causa justa.\u00a0Sobre la cifra que pedimos de los 18.600 pesos, Galarza nos dijo que es indiscutible. Tambi\u00e9n dijo que hicieron un enorme esfuerzo y le creo, porque nosotros salimos a la calle y\u00a0en definitiva nos dieron migajas como siempre\u201c.<\/p>\n\n\n\n<p>\u201cDijo que nosotros no queremos dialogar y no es as\u00ed.<strong>\u00a0<\/strong>Sepan que no hay gente m\u00e1s reflexiva que los docentes en lucha. Que vaya con la verdad se\u00f1or Galarza, que no diga que no presentamos reclamos formales.<strong>\u00a0<\/strong>Tenemos comprobantes de todos los pedidos de mesa de di\u00e1logo<strong>,<\/strong>\u00a0las cu\u00e1les est\u00e1n a la vista e inclusive reflejadas en los medios de prensa\u201d, cuestion\u00f3.<\/p>\n\n\n\n<p>Por \u00faltimo, \u201cChina\u201d Morales habl\u00f3 sobre el controvertido\u00a0descuento por paro\u00a0que hizo alusi\u00f3n el presidente Alberto Galarza y resalt\u00f3 que<strong>\u201d<\/strong> es s\u00f3lo para disciplinar y la corrupci\u00f3n te roba el salario\u201d.<\/p>\n\n\n\n<p>Otro de los que contest\u00f3 al titular del CGE fue Carlos Lezcano de Jard\u00edn Am\u00e9rica, qui\u00e9n detall\u00f3 los n\u00fameros de la lucha que llevan adelante los docentes en el plano salarial, reflexionando y pregunt\u00e1ndose si con los 40 mil pesos de sueldo que percibe en la actualidad el docente le alcanza, cuando la canasta b\u00e1sica familiar en la argentina es superior a los 65 mil pesos.<strong>\u00a0<\/strong>\u201cQueremos una mesa de di\u00e1logo ya, con n\u00fameros reales y con la verdad\u201d,\u00a0sentenci\u00f3.<\/p>\n\n\n\n<p>Cabe recordar que los docentes autoconvocados cumplieron este jueves su segundo d\u00eda del paro por 72 horas y&nbsp;<strong>este viernes por la ma\u00f1ana en Santa Ana habr\u00e1 una \u201cmarcha de la dignidad por el di\u00e1logo\u201d<\/strong>&nbsp;con la presencia de docentes de todo Misiones, desde las 7.<\/p>\n","protected":false},"excerpt":{"rendered":"<p>Retrucaron los dichos de \u00abColita\u00bb Galarza sobre su representatividad y criticaron la continuidad de los descuentos por paro. Este viernes en Santa Ana habr\u00e1 una \u00abmarcha de la dignidad\u00bb y asamblea general provincial. Los docentes autoconvocados de Misiones salieron a contestar a \u00faltima hora de este jueves\u00a0la dura advertencia del presidente del Consejo General de [&hellip;]<\/p>\n","protected":false},"author":2,"featured_media":4655,"comment_status":"open","ping_status":"open","sticky":false,"template":"","format":"standard","meta":{"footnotes":""},"categories":[26],"tags":[],"class_list":["post-4913","post","type-post","status-publish","format-standard","has-post-thumbnail","hentry","category-educacion"],"yoast_head":"<!-- This site is optimized with the Yoast SEO plugin v27.5 - https:\/\/yoast.com\/product\/yoast-seo-wordpress\/ -->\n<title>Docentes en lucha respondieron a las declaraciones del titular del CGE | CVI NOTICIAS<\/title>\n<meta name=\"robots\" content=\"index, follow, max-snippet:-1, max-image-preview:large, max-video-preview:-1\" \/>\n<link rel=\"canonical\" href=\"https:\/\/cvinoticias.com\/v3\/docentes-en-lucha-respondieron-a-las-declaraciones-del-titular-del-cge\/\" \/>\n<meta property=\"og:locale\" content=\"es_ES\" \/>\n<meta property=\"og:type\" content=\"article\" \/>\n<meta property=\"og:title\" content=\"Docentes en lucha respondieron a las declaraciones del titular del CGE | CVI NOTICIAS\" \/>\n<meta property=\"og:description\" content=\"Retrucaron los dichos de \u00abColita\u00bb Galarza sobre su representatividad y criticaron la continuidad de los descuentos por paro. Este viernes en Santa Ana habr\u00e1 una \u00abmarcha de la dignidad\u00bb y asamblea general provincial. Los docentes autoconvocados de Misiones salieron a contestar a \u00faltima hora de este jueves\u00a0la dura advertencia del presidente del Consejo General de [&hellip;]\" \/>\n<meta property=\"og:url\" content=\"https:\/\/cvinoticias.com\/v3\/docentes-en-lucha-respondieron-a-las-declaraciones-del-titular-del-cge\/\" \/>\n<meta property=\"og:site_name\" content=\"CVI NOTICIAS\" \/>\n<meta property=\"article:publisher\" content=\"https:\/\/www.facebook.com\/cvinoticias\" \/>\n<meta property=\"article:published_time\" content=\"2021-05-07T10:29:06+00:00\" \/>\n<meta property=\"og:image\" content=\"https:\/\/cvinoticias.com\/wp-content\/uploads\/2021\/04\/IMG-20210420-WA0177.jpg\" \/>\n\t<meta property=\"og:image:width\" content=\"1280\" \/>\n\t<meta property=\"og:image:height\" content=\"720\" \/>\n\t<meta property=\"og:image:type\" content=\"image\/jpeg\" \/>\n<meta name=\"author\" content=\"f1000024\" \/>\n<meta name=\"twitter:card\" content=\"summary_large_image\" \/>\n<meta name=\"twitter:label1\" content=\"Escrito por\" \/>\n\t<meta name=\"twitter:data1\" content=\"f1000024\" \/>\n\t<meta name=\"twitter:label2\" content=\"Tiempo de lectura\" \/>\n\t<meta name=\"twitter:data2\" content=\"3 minutos\" \/>\n<script type=\"application\/ld+json\" class=\"yoast-schema-graph\">{\"@context\":\"https:\\\/\\\/schema.org\",\"@graph\":[{\"@type\":\"Article\",\"@id\":\"https:\\\/\\\/cvinoticias.com\\\/v3\\\/docentes-en-lucha-respondieron-a-las-declaraciones-del-titular-del-cge\\\/#article\",\"isPartOf\":{\"@id\":\"https:\\\/\\\/cvinoticias.com\\\/v3\\\/docentes-en-lucha-respondieron-a-las-declaraciones-del-titular-del-cge\\\/\"},\"author\":{\"name\":\"f1000024\",\"@id\":\"https:\\\/\\\/cvinoticias.com\\\/v3\\\/#\\\/schema\\\/person\\\/2db77e3c6bc03c538495d7b2b8be9b66\"},\"headline\":\"Docentes en lucha respondieron a las declaraciones del titular del CGE\",\"datePublished\":\"2021-05-07T10:29:06+00:00\",\"mainEntityOfPage\":{\"@id\":\"https:\\\/\\\/cvinoticias.com\\\/v3\\\/docentes-en-lucha-respondieron-a-las-declaraciones-del-titular-del-cge\\\/\"},\"wordCount\":666,\"commentCount\":1,\"publisher\":{\"@id\":\"https:\\\/\\\/cvinoticias.com\\\/v3\\\/#organization\"},\"image\":{\"@id\":\"https:\\\/\\\/cvinoticias.com\\\/v3\\\/docentes-en-lucha-respondieron-a-las-declaraciones-del-titular-del-cge\\\/#primaryimage\"},\"thumbnailUrl\":\"https:\\\/\\\/cvinoticias.com\\\/wp-content\\\/uploads\\\/2021\\\/04\\\/IMG-20210420-WA0177.jpg\",\"articleSection\":[\"Educacion\"],\"inLanguage\":\"es\",\"potentialAction\":[{\"@type\":\"CommentAction\",\"name\":\"Comment\",\"target\":[\"https:\\\/\\\/cvinoticias.com\\\/v3\\\/docentes-en-lucha-respondieron-a-las-declaraciones-del-titular-del-cge\\\/#respond\"]}]},{\"@type\":\"WebPage\",\"@id\":\"https:\\\/\\\/cvinoticias.com\\\/v3\\\/docentes-en-lucha-respondieron-a-las-declaraciones-del-titular-del-cge\\\/\",\"url\":\"https:\\\/\\\/cvinoticias.com\\\/v3\\\/docentes-en-lucha-respondieron-a-las-declaraciones-del-titular-del-cge\\\/\",\"name\":\"Docentes en lucha respondieron a las declaraciones del titular del CGE | CVI NOTICIAS\",\"isPartOf\":{\"@id\":\"https:\\\/\\\/cvinoticias.com\\\/v3\\\/#website\"},\"primaryImageOfPage\":{\"@id\":\"https:\\\/\\\/cvinoticias.com\\\/v3\\\/docentes-en-lucha-respondieron-a-las-declaraciones-del-titular-del-cge\\\/#primaryimage\"},\"image\":{\"@id\":\"https:\\\/\\\/cvinoticias.com\\\/v3\\\/docentes-en-lucha-respondieron-a-las-declaraciones-del-titular-del-cge\\\/#primaryimage\"},\"thumbnailUrl\":\"https:\\\/\\\/cvinoticias.com\\\/wp-content\\\/uploads\\\/2021\\\/04\\\/IMG-20210420-WA0177.jpg\",\"datePublished\":\"2021-05-07T10:29:06+00:00\",\"breadcrumb\":{\"@id\":\"https:\\\/\\\/cvinoticias.com\\\/v3\\\/docentes-en-lucha-respondieron-a-las-declaraciones-del-titular-del-cge\\\/#breadcrumb\"},\"inLanguage\":\"es\",\"potentialAction\":[{\"@type\":\"ReadAction\",\"target\":[\"https:\\\/\\\/cvinoticias.com\\\/v3\\\/docentes-en-lucha-respondieron-a-las-declaraciones-del-titular-del-cge\\\/\"]}]},{\"@type\":\"ImageObject\",\"inLanguage\":\"es\",\"@id\":\"https:\\\/\\\/cvinoticias.com\\\/v3\\\/docentes-en-lucha-respondieron-a-las-declaraciones-del-titular-del-cge\\\/#primaryimage\",\"url\":\"https:\\\/\\\/cvinoticias.com\\\/wp-content\\\/uploads\\\/2021\\\/04\\\/IMG-20210420-WA0177.jpg\",\"contentUrl\":\"https:\\\/\\\/cvinoticias.com\\\/wp-content\\\/uploads\\\/2021\\\/04\\\/IMG-20210420-WA0177.jpg\",\"width\":1280,\"height\":720},{\"@type\":\"BreadcrumbList\",\"@id\":\"https:\\\/\\\/cvinoticias.com\\\/v3\\\/docentes-en-lucha-respondieron-a-las-declaraciones-del-titular-del-cge\\\/#breadcrumb\",\"itemListElement\":[{\"@type\":\"ListItem\",\"position\":1,\"name\":\"Portada\",\"item\":\"https:\\\/\\\/cvinoticias.com\\\/v3\\\/\"},{\"@type\":\"ListItem\",\"position\":2,\"name\":\"Docentes en lucha respondieron a las declaraciones del titular del CGE\"}]},{\"@type\":\"WebSite\",\"@id\":\"https:\\\/\\\/cvinoticias.com\\\/v3\\\/#website\",\"url\":\"https:\\\/\\\/cvinoticias.com\\\/v3\\\/\",\"name\":\"CVI NOTICIAS\",\"description\":\"\",\"publisher\":{\"@id\":\"https:\\\/\\\/cvinoticias.com\\\/v3\\\/#organization\"},\"alternateName\":\"CVI\",\"potentialAction\":[{\"@type\":\"SearchAction\",\"target\":{\"@type\":\"EntryPoint\",\"urlTemplate\":\"https:\\\/\\\/cvinoticias.com\\\/v3\\\/?s={search_term_string}\"},\"query-input\":{\"@type\":\"PropertyValueSpecification\",\"valueRequired\":true,\"valueName\":\"search_term_string\"}}],\"inLanguage\":\"es\"},{\"@type\":\"Organization\",\"@id\":\"https:\\\/\\\/cvinoticias.com\\\/v3\\\/#organization\",\"name\":\"CVI NOTICIAS\",\"url\":\"https:\\\/\\\/cvinoticias.com\\\/v3\\\/\",\"logo\":{\"@type\":\"ImageObject\",\"inLanguage\":\"es\",\"@id\":\"https:\\\/\\\/cvinoticias.com\\\/v3\\\/#\\\/schema\\\/logo\\\/image\\\/\",\"url\":\"https:\\\/\\\/cvinoticias.com\\\/wp-content\\\/uploads\\\/2023\\\/04\\\/cropped-cropped-cropped-cropped-cropped-3-1.png\",\"contentUrl\":\"https:\\\/\\\/cvinoticias.com\\\/wp-content\\\/uploads\\\/2023\\\/04\\\/cropped-cropped-cropped-cropped-cropped-3-1.png\",\"width\":95,\"height\":122,\"caption\":\"CVI NOTICIAS\"},\"image\":{\"@id\":\"https:\\\/\\\/cvinoticias.com\\\/v3\\\/#\\\/schema\\\/logo\\\/image\\\/\"},\"sameAs\":[\"https:\\\/\\\/www.facebook.com\\\/cvinoticias\",\"https:\\\/\\\/www.instagram.com\\\/cvinoticias\\\/\",\"https:\\\/\\\/www.youtube.com\\\/@CVINOTICIAS\"]},{\"@type\":\"Person\",\"@id\":\"https:\\\/\\\/cvinoticias.com\\\/v3\\\/#\\\/schema\\\/person\\\/2db77e3c6bc03c538495d7b2b8be9b66\",\"name\":\"f1000024\",\"image\":{\"@type\":\"ImageObject\",\"inLanguage\":\"es\",\"@id\":\"https:\\\/\\\/secure.gravatar.com\\\/avatar\\\/d4fe7459cfc51ff5129ce1a732bbef5928568b8092d412ef95611616376bbeed?s=96&d=mm&r=g\",\"url\":\"https:\\\/\\\/secure.gravatar.com\\\/avatar\\\/d4fe7459cfc51ff5129ce1a732bbef5928568b8092d412ef95611616376bbeed?s=96&d=mm&r=g\",\"contentUrl\":\"https:\\\/\\\/secure.gravatar.com\\\/avatar\\\/d4fe7459cfc51ff5129ce1a732bbef5928568b8092d412ef95611616376bbeed?s=96&d=mm&r=g\",\"caption\":\"f1000024\"},\"url\":\"https:\\\/\\\/cvinoticias.com\\\/v3\\\/author\\\/f1000024\\\/\"}]}<\/script>\n<!-- \/ Yoast SEO plugin. -->","yoast_head_json":{"title":"Docentes en lucha respondieron a las declaraciones del titular del CGE | CVI NOTICIAS","robots":{"index":"index","follow":"follow","max-snippet":"max-snippet:-1","max-image-preview":"max-image-preview:large","max-video-preview":"max-video-preview:-1"},"canonical":"https:\/\/cvinoticias.com\/v3\/docentes-en-lucha-respondieron-a-las-declaraciones-del-titular-del-cge\/","og_locale":"es_ES","og_type":"article","og_title":"Docentes en lucha respondieron a las declaraciones del titular del CGE | CVI NOTICIAS","og_description":"Retrucaron los dichos de \u00abColita\u00bb Galarza sobre su representatividad y criticaron la continuidad de los descuentos por paro. Este viernes en Santa Ana habr\u00e1 una \u00abmarcha de la dignidad\u00bb y asamblea general provincial. Los docentes autoconvocados de Misiones salieron a contestar a \u00faltima hora de este jueves\u00a0la dura advertencia del presidente del Consejo General de [&hellip;]","og_url":"https:\/\/cvinoticias.com\/v3\/docentes-en-lucha-respondieron-a-las-declaraciones-del-titular-del-cge\/","og_site_name":"CVI NOTICIAS","article_publisher":"https:\/\/www.facebook.com\/cvinoticias","article_published_time":"2021-05-07T10:29:06+00:00","og_image":[{"width":1280,"height":720,"url":"https:\/\/cvinoticias.com\/wp-content\/uploads\/2021\/04\/IMG-20210420-WA0177.jpg","type":"image\/jpeg"}],"author":"f1000024","twitter_card":"summary_large_image","twitter_misc":{"Escrito por":"f1000024","Tiempo de lectura":"3 minutos"},"schema":{"@context":"https:\/\/schema.org","@graph":[{"@type":"Article","@id":"https:\/\/cvinoticias.com\/v3\/docentes-en-lucha-respondieron-a-las-declaraciones-del-titular-del-cge\/#article","isPartOf":{"@id":"https:\/\/cvinoticias.com\/v3\/docentes-en-lucha-respondieron-a-las-declaraciones-del-titular-del-cge\/"},"author":{"name":"f1000024","@id":"https:\/\/cvinoticias.com\/v3\/#\/schema\/person\/2db77e3c6bc03c538495d7b2b8be9b66"},"headline":"Docentes en lucha respondieron a las declaraciones del titular del CGE","datePublished":"2021-05-07T10:29:06+00:00","mainEntityOfPage":{"@id":"https:\/\/cvinoticias.com\/v3\/docentes-en-lucha-respondieron-a-las-declaraciones-del-titular-del-cge\/"},"wordCount":666,"commentCount":1,"publisher":{"@id":"https:\/\/cvinoticias.com\/v3\/#organization"},"image":{"@id":"https:\/\/cvinoticias.com\/v3\/docentes-en-lucha-respondieron-a-las-declaraciones-del-titular-del-cge\/#primaryimage"},"thumbnailUrl":"https:\/\/cvinoticias.com\/wp-content\/uploads\/2021\/04\/IMG-20210420-WA0177.jpg","articleSection":["Educacion"],"inLanguage":"es","potentialAction":[{"@type":"CommentAction","name":"Comment","target":["https:\/\/cvinoticias.com\/v3\/docentes-en-lucha-respondieron-a-las-declaraciones-del-titular-del-cge\/#respond"]}]},{"@type":"WebPage","@id":"https:\/\/cvinoticias.com\/v3\/docentes-en-lucha-respondieron-a-las-declaraciones-del-titular-del-cge\/","url":"https:\/\/cvinoticias.com\/v3\/docentes-en-lucha-respondieron-a-las-declaraciones-del-titular-del-cge\/","name":"Docentes en lucha respondieron a las declaraciones del titular del CGE | CVI NOTICIAS","isPartOf":{"@id":"https:\/\/cvinoticias.com\/v3\/#website"},"primaryImageOfPage":{"@id":"https:\/\/cvinoticias.com\/v3\/docentes-en-lucha-respondieron-a-las-declaraciones-del-titular-del-cge\/#primaryimage"},"image":{"@id":"https:\/\/cvinoticias.com\/v3\/docentes-en-lucha-respondieron-a-las-declaraciones-del-titular-del-cge\/#primaryimage"},"thumbnailUrl":"https:\/\/cvinoticias.com\/wp-content\/uploads\/2021\/04\/IMG-20210420-WA0177.jpg","datePublished":"2021-05-07T10:29:06+00:00","breadcrumb":{"@id":"https:\/\/cvinoticias.com\/v3\/docentes-en-lucha-respondieron-a-las-declaraciones-del-titular-del-cge\/#breadcrumb"},"inLanguage":"es","potentialAction":[{"@type":"ReadAction","target":["https:\/\/cvinoticias.com\/v3\/docentes-en-lucha-respondieron-a-las-declaraciones-del-titular-del-cge\/"]}]},{"@type":"ImageObject","inLanguage":"es","@id":"https:\/\/cvinoticias.com\/v3\/docentes-en-lucha-respondieron-a-las-declaraciones-del-titular-del-cge\/#primaryimage","url":"https:\/\/cvinoticias.com\/wp-content\/uploads\/2021\/04\/IMG-20210420-WA0177.jpg","contentUrl":"https:\/\/cvinoticias.com\/wp-content\/uploads\/2021\/04\/IMG-20210420-WA0177.jpg","width":1280,"height":720},{"@type":"BreadcrumbList","@id":"https:\/\/cvinoticias.com\/v3\/docentes-en-lucha-respondieron-a-las-declaraciones-del-titular-del-cge\/#breadcrumb","itemListElement":[{"@type":"ListItem","position":1,"name":"Portada","item":"https:\/\/cvinoticias.com\/v3\/"},{"@type":"ListItem","position":2,"name":"Docentes en lucha respondieron a las declaraciones del titular del CGE"}]},{"@type":"WebSite","@id":"https:\/\/cvinoticias.com\/v3\/#website","url":"https:\/\/cvinoticias.com\/v3\/","name":"CVI NOTICIAS","description":"","publisher":{"@id":"https:\/\/cvinoticias.com\/v3\/#organization"},"alternateName":"CVI","potentialAction":[{"@type":"SearchAction","target":{"@type":"EntryPoint","urlTemplate":"https:\/\/cvinoticias.com\/v3\/?s={search_term_string}"},"query-input":{"@type":"PropertyValueSpecification","valueRequired":true,"valueName":"search_term_string"}}],"inLanguage":"es"},{"@type":"Organization","@id":"https:\/\/cvinoticias.com\/v3\/#organization","name":"CVI NOTICIAS","url":"https:\/\/cvinoticias.com\/v3\/","logo":{"@type":"ImageObject","inLanguage":"es","@id":"https:\/\/cvinoticias.com\/v3\/#\/schema\/logo\/image\/","url":"https:\/\/cvinoticias.com\/wp-content\/uploads\/2023\/04\/cropped-cropped-cropped-cropped-cropped-3-1.png","contentUrl":"https:\/\/cvinoticias.com\/wp-content\/uploads\/2023\/04\/cropped-cropped-cropped-cropped-cropped-3-1.png","width":95,"height":122,"caption":"CVI NOTICIAS"},"image":{"@id":"https:\/\/cvinoticias.com\/v3\/#\/schema\/logo\/image\/"},"sameAs":["https:\/\/www.facebook.com\/cvinoticias","https:\/\/www.instagram.com\/cvinoticias\/","https:\/\/www.youtube.com\/@CVINOTICIAS"]},{"@type":"Person","@id":"https:\/\/cvinoticias.com\/v3\/#\/schema\/person\/2db77e3c6bc03c538495d7b2b8be9b66","name":"f1000024","image":{"@type":"ImageObject","inLanguage":"es","@id":"https:\/\/secure.gravatar.com\/avatar\/d4fe7459cfc51ff5129ce1a732bbef5928568b8092d412ef95611616376bbeed?s=96&d=mm&r=g","url":"https:\/\/secure.gravatar.com\/avatar\/d4fe7459cfc51ff5129ce1a732bbef5928568b8092d412ef95611616376bbeed?s=96&d=mm&r=g","contentUrl":"https:\/\/secure.gravatar.com\/avatar\/d4fe7459cfc51ff5129ce1a732bbef5928568b8092d412ef95611616376bbeed?s=96&d=mm&r=g","caption":"f1000024"},"url":"https:\/\/cvinoticias.com\/v3\/author\/f1000024\/"}]}},"_links":{"self":[{"href":"https:\/\/cvinoticias.com\/v3\/wp-json\/wp\/v2\/posts\/4913","targetHints":{"allow":["GET"]}}],"collection":[{"href":"https:\/\/cvinoticias.com\/v3\/wp-json\/wp\/v2\/posts"}],"about":[{"href":"https:\/\/cvinoticias.com\/v3\/wp-json\/wp\/v2\/types\/post"}],"author":[{"embeddable":true,"href":"https:\/\/cvinoticias.com\/v3\/wp-json\/wp\/v2\/users\/2"}],"replies":[{"embeddable":true,"href":"https:\/\/cvinoticias.com\/v3\/wp-json\/wp\/v2\/comments?post=4913"}],"version-history":[{"count":1,"href":"https:\/\/cvinoticias.com\/v3\/wp-json\/wp\/v2\/posts\/4913\/revisions"}],"predecessor-version":[{"id":4914,"href":"https:\/\/cvinoticias.com\/v3\/wp-json\/wp\/v2\/posts\/4913\/revisions\/4914"}],"wp:featuredmedia":[{"embeddable":true,"href":"https:\/\/cvinoticias.com\/v3\/wp-json\/wp\/v2\/media\/4655"}],"wp:attachment":[{"href":"https:\/\/cvinoticias.com\/v3\/wp-json\/wp\/v2\/media?parent=4913"}],"wp:term":[{"taxonomy":"category","embeddable":true,"href":"https:\/\/cvinoticias.com\/v3\/wp-json\/wp\/v2\/categories?post=4913"},{"taxonomy":"post_tag","embeddable":true,"href":"https:\/\/cvinoticias.com\/v3\/wp-json\/wp\/v2\/tags?post=4913"}],"curies":[{"name":"wp","href":"https:\/\/api.w.org\/{rel}","templated":true}]}}