{"id":4911,"date":"2021-05-07T04:29:04","date_gmt":"2021-05-07T04:29:04","guid":{"rendered":"https:\/\/cvinoticias.com\/v3\/?p=4911"},"modified":"2021-05-07T04:29:04","modified_gmt":"2021-05-07T04:29:04","slug":"fragueiro-sigue-acumulando-denuncias-una-ex-empleada-domestica-lo-denuncio-este-jueves-en-posadas","status":"publish","type":"post","link":"https:\/\/cvinoticias.com\/v3\/fragueiro-sigue-acumulando-denuncias-una-ex-empleada-domestica-lo-denuncio-este-jueves-en-posadas\/","title":{"rendered":"Fragueiro sigue acumulando denuncias: una ex empleada dom\u00e9stica lo denunci\u00f3 este jueves en Posadas"},"content":{"rendered":"\n<p><strong><em>El suspendido Juez del Juzgado de Familia y Violencia Familiar 2 de Puerto Iguaz\u00fa, Pedro Fragueiro, sigue acumulando denuncias en su contra: esta vez, por parte de una mujer que lo denunci\u00f3 este jueves en Posadas. Se trata de una mujer que trabaj\u00f3 como empleada de servicio dom\u00e9stico, primero con Andrea Dos Santos, pareja de Fragueiro, cuando \u00e9sta estaba en una relaci\u00f3n anterior; y luego ya para la pareja que conform\u00f3 con Fragueiro desde el a\u00f1o 2007.<\/em><\/strong><\/p>\n\n\n\n<p>En sede judicial, la mujer cont\u00f3 que cuando Fragueiro fue designado para cubrir un cargo en el poder judicial de Ober\u00e1, decidi\u00f3 trasladarse con la familia a aquella ciudad para continuar trabajando para el matrimonio, con la condici\u00f3n que la dejaran viajar los d\u00edas jueves y viernes a Posadas para continuar con sus estudios de derecho en la UNNE.<\/p>\n\n\n\n<p>En el a\u00f1o 2008, ya instalados en Ober\u00e1, comenz\u00f3 lo que la mujer relat\u00f3 como un verdadero calvario: primero comenzaron las insinuaciones subidas de tono, y luego continuaron los tocamientos y manoseos. \u00abCallate, no va a pasar nada. Si vos no cont\u00e1s, nadie se va a enterar de esto\u00bb, le insinuaba Fragueiro por las noches cuando Fragueiro iba hasta la habitaci\u00f3n que la mujer ocupaba en la planta alta de una casa de dos pisos, cerca de la plaza 25 de Mayo de la ciudad de Ober\u00e1.<\/p>\n\n\n\n<p>Hab\u00eda oportunidades que Fragueiro aprovechaba para acosarla, como por ejemplo cuando iba a colgar ropa: \u00abEl me agarraba por atr\u00e1s, me ped\u00eda que le diera un beso, yo siempre me negaba, siempre le dec\u00eda que no quer\u00eda, y \u00e9l siempre me contestaba: \u00abVos ten\u00e9s que hacer las cosas bien, ten\u00e9s que hacerme caso, yo te puedo ayudar a vos el d\u00eda de ma\u00f1ana si quer\u00e9s trabajar en el Poder Judicial\u00bb.<\/p>\n\n\n\n<p>En otro pasaje de la denuncia, la mujer cont\u00f3 que \u00abEn ocasiones \u00e9l me apoyaba sus partes \u00edntimas, se acercaba y me hac\u00eda que le toque su pene, y siempre me dec\u00eda que me quedara tranquila, que no pasaba nada. Lo \u00faltimo que pas\u00f3, cuando yo dije BASTA, fue una noche que yo saqu\u00e9 al perro al patio y, cuando ingres\u00e9 a la cocina, \u00e9l me agarr\u00f3, me tap\u00f3 la boca, me manose\u00f3 todo el cuerpo, me toc\u00f3 los pechos por debajo de la ropa y la vagina por arriba de la ropa. Yo le dec\u00eda que por favor pare y cuando pude sac\u00e1rmelo de encima, fui a mi pieza y me qued\u00e9 ah\u00ed. Despu\u00e9s de esa noche le dije a la Sra. Dos Santos que no iba a trabajar m\u00e1s con ellos\u00bb.<\/p>\n\n\n\n<p>El estado de indefensi\u00f3n de la v\u00edctima se evidencia p\u00e1rrafo seguido de la denuncia, cuando cuenta que nunca le cont\u00f3 nada a su patrona porque ella lo defend\u00eda mucho (a Fragueiro). \u00abTen\u00eda miedo, porque el se\u00f1or Fragueiro siempre me dec\u00eda que \u00e9l conoc\u00eda mucha gente, que ten\u00eda muchos contactos por lo que no me animara a denunciarlo\u00bb.<\/p>\n\n\n\n<p>\u00abPas\u00f3 mucho tiempo y no quer\u00eda recordar esto, siempre agradec\u00ed que no haya pasado a mayores, pero vi las publicaciones de las otras mujeres, las cosas que les hac\u00eda a ellas y pude juntar fuerza para contarlo\u00bb, finaliza el escrito de la mujer.<\/p>\n\n\n\n<p>Con esta, ya ser\u00eda la quinta denuncia en contra del suspendido juez: la primera, la de una joven de Puerto Iguaz\u00fa efectuada el pasado 30 de abril. Luego, la de la joven de 23 a\u00f1os, empleada del poder judicial en la misma ciudad. La tercera, una mujer que denunci\u00f3 que el juez la acosaba en su despacho, cuando \u00e9sta iba a interesarse por el avance de una causa que tramitaba en el juzgado a su cargo; la cuarta, la de una mujer de Ober\u00e1 y la quinta la de la empleada dom\u00e9stica.<\/p>\n\n\n\n<p><\/p>\n\n\n\n<p>FUENTE: EL INDEPENDIENTE<\/p>\n","protected":false},"excerpt":{"rendered":"<p>El suspendido Juez del Juzgado de Familia y Violencia Familiar 2 de Puerto Iguaz\u00fa, Pedro Fragueiro, sigue acumulando denuncias en su contra: esta vez, por parte de una mujer que lo denunci\u00f3 este jueves en Posadas. Se trata de una mujer que trabaj\u00f3 como empleada de servicio dom\u00e9stico, primero con Andrea Dos Santos, pareja de [&hellip;]<\/p>\n","protected":false},"author":2,"featured_media":4873,"comment_status":"open","ping_status":"open","sticky":false,"template":"","format":"standard","meta":{"footnotes":""},"categories":[29],"tags":[],"class_list":["post-4911","post","type-post","status-publish","format-standard","has-post-thumbnail","hentry","category-locales"],"yoast_head":"<!-- This site is optimized with the Yoast SEO plugin v27.5 - https:\/\/yoast.com\/product\/yoast-seo-wordpress\/ -->\n<title>Fragueiro sigue acumulando denuncias: una ex empleada dom\u00e9stica lo denunci\u00f3 este jueves en Posadas | CVI NOTICIAS<\/title>\n<meta name=\"robots\" content=\"index, follow, max-snippet:-1, max-image-preview:large, max-video-preview:-1\" \/>\n<link rel=\"canonical\" href=\"https:\/\/cvinoticias.com\/v3\/fragueiro-sigue-acumulando-denuncias-una-ex-empleada-domestica-lo-denuncio-este-jueves-en-posadas\/\" \/>\n<meta property=\"og:locale\" content=\"es_ES\" \/>\n<meta property=\"og:type\" content=\"article\" \/>\n<meta property=\"og:title\" content=\"Fragueiro sigue acumulando denuncias: una ex empleada dom\u00e9stica lo denunci\u00f3 este jueves en Posadas | CVI NOTICIAS\" \/>\n<meta property=\"og:description\" content=\"El suspendido Juez del Juzgado de Familia y Violencia Familiar 2 de Puerto Iguaz\u00fa, Pedro Fragueiro, sigue acumulando denuncias en su contra: esta vez, por parte de una mujer que lo denunci\u00f3 este jueves en Posadas. Se trata de una mujer que trabaj\u00f3 como empleada de servicio dom\u00e9stico, primero con Andrea Dos Santos, pareja de [&hellip;]\" \/>\n<meta property=\"og:url\" content=\"https:\/\/cvinoticias.com\/v3\/fragueiro-sigue-acumulando-denuncias-una-ex-empleada-domestica-lo-denuncio-este-jueves-en-posadas\/\" \/>\n<meta property=\"og:site_name\" content=\"CVI NOTICIAS\" \/>\n<meta property=\"article:publisher\" content=\"https:\/\/www.facebook.com\/cvinoticias\" \/>\n<meta property=\"article:published_time\" content=\"2021-05-07T04:29:04+00:00\" \/>\n<meta property=\"og:image\" content=\"https:\/\/cvinoticias.com\/wp-content\/uploads\/2021\/05\/Denuncian-al-juez-Fragueiro-de-Puerto-Iguazu-por-abuso-sexual.jpg\" \/>\n\t<meta property=\"og:image:width\" content=\"750\" \/>\n\t<meta property=\"og:image:height\" content=\"484\" \/>\n\t<meta property=\"og:image:type\" content=\"image\/jpeg\" \/>\n<meta name=\"author\" content=\"f1000024\" \/>\n<meta name=\"twitter:card\" content=\"summary_large_image\" \/>\n<meta name=\"twitter:label1\" content=\"Escrito por\" \/>\n\t<meta name=\"twitter:data1\" content=\"f1000024\" \/>\n\t<meta name=\"twitter:label2\" content=\"Tiempo de lectura\" \/>\n\t<meta name=\"twitter:data2\" content=\"3 minutos\" \/>\n<script type=\"application\/ld+json\" class=\"yoast-schema-graph\">{\"@context\":\"https:\\\/\\\/schema.org\",\"@graph\":[{\"@type\":\"Article\",\"@id\":\"https:\\\/\\\/cvinoticias.com\\\/v3\\\/fragueiro-sigue-acumulando-denuncias-una-ex-empleada-domestica-lo-denuncio-este-jueves-en-posadas\\\/#article\",\"isPartOf\":{\"@id\":\"https:\\\/\\\/cvinoticias.com\\\/v3\\\/fragueiro-sigue-acumulando-denuncias-una-ex-empleada-domestica-lo-denuncio-este-jueves-en-posadas\\\/\"},\"author\":{\"name\":\"f1000024\",\"@id\":\"https:\\\/\\\/cvinoticias.com\\\/v3\\\/#\\\/schema\\\/person\\\/2db77e3c6bc03c538495d7b2b8be9b66\"},\"headline\":\"Fragueiro sigue acumulando denuncias: una ex empleada dom\u00e9stica lo denunci\u00f3 este jueves en Posadas\",\"datePublished\":\"2021-05-07T04:29:04+00:00\",\"mainEntityOfPage\":{\"@id\":\"https:\\\/\\\/cvinoticias.com\\\/v3\\\/fragueiro-sigue-acumulando-denuncias-una-ex-empleada-domestica-lo-denuncio-este-jueves-en-posadas\\\/\"},\"wordCount\":668,\"commentCount\":0,\"publisher\":{\"@id\":\"https:\\\/\\\/cvinoticias.com\\\/v3\\\/#organization\"},\"image\":{\"@id\":\"https:\\\/\\\/cvinoticias.com\\\/v3\\\/fragueiro-sigue-acumulando-denuncias-una-ex-empleada-domestica-lo-denuncio-este-jueves-en-posadas\\\/#primaryimage\"},\"thumbnailUrl\":\"https:\\\/\\\/cvinoticias.com\\\/wp-content\\\/uploads\\\/2021\\\/05\\\/Denuncian-al-juez-Fragueiro-de-Puerto-Iguazu-por-abuso-sexual.jpg\",\"articleSection\":[\"Locales\"],\"inLanguage\":\"es\",\"potentialAction\":[{\"@type\":\"CommentAction\",\"name\":\"Comment\",\"target\":[\"https:\\\/\\\/cvinoticias.com\\\/v3\\\/fragueiro-sigue-acumulando-denuncias-una-ex-empleada-domestica-lo-denuncio-este-jueves-en-posadas\\\/#respond\"]}]},{\"@type\":\"WebPage\",\"@id\":\"https:\\\/\\\/cvinoticias.com\\\/v3\\\/fragueiro-sigue-acumulando-denuncias-una-ex-empleada-domestica-lo-denuncio-este-jueves-en-posadas\\\/\",\"url\":\"https:\\\/\\\/cvinoticias.com\\\/v3\\\/fragueiro-sigue-acumulando-denuncias-una-ex-empleada-domestica-lo-denuncio-este-jueves-en-posadas\\\/\",\"name\":\"Fragueiro sigue acumulando denuncias: una ex empleada dom\u00e9stica lo denunci\u00f3 este jueves en Posadas | CVI NOTICIAS\",\"isPartOf\":{\"@id\":\"https:\\\/\\\/cvinoticias.com\\\/v3\\\/#website\"},\"primaryImageOfPage\":{\"@id\":\"https:\\\/\\\/cvinoticias.com\\\/v3\\\/fragueiro-sigue-acumulando-denuncias-una-ex-empleada-domestica-lo-denuncio-este-jueves-en-posadas\\\/#primaryimage\"},\"image\":{\"@id\":\"https:\\\/\\\/cvinoticias.com\\\/v3\\\/fragueiro-sigue-acumulando-denuncias-una-ex-empleada-domestica-lo-denuncio-este-jueves-en-posadas\\\/#primaryimage\"},\"thumbnailUrl\":\"https:\\\/\\\/cvinoticias.com\\\/wp-content\\\/uploads\\\/2021\\\/05\\\/Denuncian-al-juez-Fragueiro-de-Puerto-Iguazu-por-abuso-sexual.jpg\",\"datePublished\":\"2021-05-07T04:29:04+00:00\",\"breadcrumb\":{\"@id\":\"https:\\\/\\\/cvinoticias.com\\\/v3\\\/fragueiro-sigue-acumulando-denuncias-una-ex-empleada-domestica-lo-denuncio-este-jueves-en-posadas\\\/#breadcrumb\"},\"inLanguage\":\"es\",\"potentialAction\":[{\"@type\":\"ReadAction\",\"target\":[\"https:\\\/\\\/cvinoticias.com\\\/v3\\\/fragueiro-sigue-acumulando-denuncias-una-ex-empleada-domestica-lo-denuncio-este-jueves-en-posadas\\\/\"]}]},{\"@type\":\"ImageObject\",\"inLanguage\":\"es\",\"@id\":\"https:\\\/\\\/cvinoticias.com\\\/v3\\\/fragueiro-sigue-acumulando-denuncias-una-ex-empleada-domestica-lo-denuncio-este-jueves-en-posadas\\\/#primaryimage\",\"url\":\"https:\\\/\\\/cvinoticias.com\\\/wp-content\\\/uploads\\\/2021\\\/05\\\/Denuncian-al-juez-Fragueiro-de-Puerto-Iguazu-por-abuso-sexual.jpg\",\"contentUrl\":\"https:\\\/\\\/cvinoticias.com\\\/wp-content\\\/uploads\\\/2021\\\/05\\\/Denuncian-al-juez-Fragueiro-de-Puerto-Iguazu-por-abuso-sexual.jpg\",\"width\":750,\"height\":484},{\"@type\":\"BreadcrumbList\",\"@id\":\"https:\\\/\\\/cvinoticias.com\\\/v3\\\/fragueiro-sigue-acumulando-denuncias-una-ex-empleada-domestica-lo-denuncio-este-jueves-en-posadas\\\/#breadcrumb\",\"itemListElement\":[{\"@type\":\"ListItem\",\"position\":1,\"name\":\"Portada\",\"item\":\"https:\\\/\\\/cvinoticias.com\\\/v3\\\/\"},{\"@type\":\"ListItem\",\"position\":2,\"name\":\"Fragueiro sigue acumulando denuncias: una ex empleada dom\u00e9stica lo denunci\u00f3 este jueves en Posadas\"}]},{\"@type\":\"WebSite\",\"@id\":\"https:\\\/\\\/cvinoticias.com\\\/v3\\\/#website\",\"url\":\"https:\\\/\\\/cvinoticias.com\\\/v3\\\/\",\"name\":\"CVI NOTICIAS\",\"description\":\"\",\"publisher\":{\"@id\":\"https:\\\/\\\/cvinoticias.com\\\/v3\\\/#organization\"},\"alternateName\":\"CVI\",\"potentialAction\":[{\"@type\":\"SearchAction\",\"target\":{\"@type\":\"EntryPoint\",\"urlTemplate\":\"https:\\\/\\\/cvinoticias.com\\\/v3\\\/?s={search_term_string}\"},\"query-input\":{\"@type\":\"PropertyValueSpecification\",\"valueRequired\":true,\"valueName\":\"search_term_string\"}}],\"inLanguage\":\"es\"},{\"@type\":\"Organization\",\"@id\":\"https:\\\/\\\/cvinoticias.com\\\/v3\\\/#organization\",\"name\":\"CVI NOTICIAS\",\"url\":\"https:\\\/\\\/cvinoticias.com\\\/v3\\\/\",\"logo\":{\"@type\":\"ImageObject\",\"inLanguage\":\"es\",\"@id\":\"https:\\\/\\\/cvinoticias.com\\\/v3\\\/#\\\/schema\\\/logo\\\/image\\\/\",\"url\":\"https:\\\/\\\/cvinoticias.com\\\/wp-content\\\/uploads\\\/2023\\\/04\\\/cropped-cropped-cropped-cropped-cropped-3-1.png\",\"contentUrl\":\"https:\\\/\\\/cvinoticias.com\\\/wp-content\\\/uploads\\\/2023\\\/04\\\/cropped-cropped-cropped-cropped-cropped-3-1.png\",\"width\":95,\"height\":122,\"caption\":\"CVI NOTICIAS\"},\"image\":{\"@id\":\"https:\\\/\\\/cvinoticias.com\\\/v3\\\/#\\\/schema\\\/logo\\\/image\\\/\"},\"sameAs\":[\"https:\\\/\\\/www.facebook.com\\\/cvinoticias\",\"https:\\\/\\\/www.instagram.com\\\/cvinoticias\\\/\",\"https:\\\/\\\/www.youtube.com\\\/@CVINOTICIAS\"]},{\"@type\":\"Person\",\"@id\":\"https:\\\/\\\/cvinoticias.com\\\/v3\\\/#\\\/schema\\\/person\\\/2db77e3c6bc03c538495d7b2b8be9b66\",\"name\":\"f1000024\",\"image\":{\"@type\":\"ImageObject\",\"inLanguage\":\"es\",\"@id\":\"https:\\\/\\\/secure.gravatar.com\\\/avatar\\\/d4fe7459cfc51ff5129ce1a732bbef5928568b8092d412ef95611616376bbeed?s=96&d=mm&r=g\",\"url\":\"https:\\\/\\\/secure.gravatar.com\\\/avatar\\\/d4fe7459cfc51ff5129ce1a732bbef5928568b8092d412ef95611616376bbeed?s=96&d=mm&r=g\",\"contentUrl\":\"https:\\\/\\\/secure.gravatar.com\\\/avatar\\\/d4fe7459cfc51ff5129ce1a732bbef5928568b8092d412ef95611616376bbeed?s=96&d=mm&r=g\",\"caption\":\"f1000024\"},\"url\":\"https:\\\/\\\/cvinoticias.com\\\/v3\\\/author\\\/f1000024\\\/\"}]}<\/script>\n<!-- \/ Yoast SEO plugin. -->","yoast_head_json":{"title":"Fragueiro sigue acumulando denuncias: una ex empleada dom\u00e9stica lo denunci\u00f3 este jueves en Posadas | CVI NOTICIAS","robots":{"index":"index","follow":"follow","max-snippet":"max-snippet:-1","max-image-preview":"max-image-preview:large","max-video-preview":"max-video-preview:-1"},"canonical":"https:\/\/cvinoticias.com\/v3\/fragueiro-sigue-acumulando-denuncias-una-ex-empleada-domestica-lo-denuncio-este-jueves-en-posadas\/","og_locale":"es_ES","og_type":"article","og_title":"Fragueiro sigue acumulando denuncias: una ex empleada dom\u00e9stica lo denunci\u00f3 este jueves en Posadas | CVI NOTICIAS","og_description":"El suspendido Juez del Juzgado de Familia y Violencia Familiar 2 de Puerto Iguaz\u00fa, Pedro Fragueiro, sigue acumulando denuncias en su contra: esta vez, por parte de una mujer que lo denunci\u00f3 este jueves en Posadas. Se trata de una mujer que trabaj\u00f3 como empleada de servicio dom\u00e9stico, primero con Andrea Dos Santos, pareja de [&hellip;]","og_url":"https:\/\/cvinoticias.com\/v3\/fragueiro-sigue-acumulando-denuncias-una-ex-empleada-domestica-lo-denuncio-este-jueves-en-posadas\/","og_site_name":"CVI NOTICIAS","article_publisher":"https:\/\/www.facebook.com\/cvinoticias","article_published_time":"2021-05-07T04:29:04+00:00","og_image":[{"width":750,"height":484,"url":"https:\/\/cvinoticias.com\/wp-content\/uploads\/2021\/05\/Denuncian-al-juez-Fragueiro-de-Puerto-Iguazu-por-abuso-sexual.jpg","type":"image\/jpeg"}],"author":"f1000024","twitter_card":"summary_large_image","twitter_misc":{"Escrito por":"f1000024","Tiempo de lectura":"3 minutos"},"schema":{"@context":"https:\/\/schema.org","@graph":[{"@type":"Article","@id":"https:\/\/cvinoticias.com\/v3\/fragueiro-sigue-acumulando-denuncias-una-ex-empleada-domestica-lo-denuncio-este-jueves-en-posadas\/#article","isPartOf":{"@id":"https:\/\/cvinoticias.com\/v3\/fragueiro-sigue-acumulando-denuncias-una-ex-empleada-domestica-lo-denuncio-este-jueves-en-posadas\/"},"author":{"name":"f1000024","@id":"https:\/\/cvinoticias.com\/v3\/#\/schema\/person\/2db77e3c6bc03c538495d7b2b8be9b66"},"headline":"Fragueiro sigue acumulando denuncias: una ex empleada dom\u00e9stica lo denunci\u00f3 este jueves en Posadas","datePublished":"2021-05-07T04:29:04+00:00","mainEntityOfPage":{"@id":"https:\/\/cvinoticias.com\/v3\/fragueiro-sigue-acumulando-denuncias-una-ex-empleada-domestica-lo-denuncio-este-jueves-en-posadas\/"},"wordCount":668,"commentCount":0,"publisher":{"@id":"https:\/\/cvinoticias.com\/v3\/#organization"},"image":{"@id":"https:\/\/cvinoticias.com\/v3\/fragueiro-sigue-acumulando-denuncias-una-ex-empleada-domestica-lo-denuncio-este-jueves-en-posadas\/#primaryimage"},"thumbnailUrl":"https:\/\/cvinoticias.com\/wp-content\/uploads\/2021\/05\/Denuncian-al-juez-Fragueiro-de-Puerto-Iguazu-por-abuso-sexual.jpg","articleSection":["Locales"],"inLanguage":"es","potentialAction":[{"@type":"CommentAction","name":"Comment","target":["https:\/\/cvinoticias.com\/v3\/fragueiro-sigue-acumulando-denuncias-una-ex-empleada-domestica-lo-denuncio-este-jueves-en-posadas\/#respond"]}]},{"@type":"WebPage","@id":"https:\/\/cvinoticias.com\/v3\/fragueiro-sigue-acumulando-denuncias-una-ex-empleada-domestica-lo-denuncio-este-jueves-en-posadas\/","url":"https:\/\/cvinoticias.com\/v3\/fragueiro-sigue-acumulando-denuncias-una-ex-empleada-domestica-lo-denuncio-este-jueves-en-posadas\/","name":"Fragueiro sigue acumulando denuncias: una ex empleada dom\u00e9stica lo denunci\u00f3 este jueves en Posadas | CVI NOTICIAS","isPartOf":{"@id":"https:\/\/cvinoticias.com\/v3\/#website"},"primaryImageOfPage":{"@id":"https:\/\/cvinoticias.com\/v3\/fragueiro-sigue-acumulando-denuncias-una-ex-empleada-domestica-lo-denuncio-este-jueves-en-posadas\/#primaryimage"},"image":{"@id":"https:\/\/cvinoticias.com\/v3\/fragueiro-sigue-acumulando-denuncias-una-ex-empleada-domestica-lo-denuncio-este-jueves-en-posadas\/#primaryimage"},"thumbnailUrl":"https:\/\/cvinoticias.com\/wp-content\/uploads\/2021\/05\/Denuncian-al-juez-Fragueiro-de-Puerto-Iguazu-por-abuso-sexual.jpg","datePublished":"2021-05-07T04:29:04+00:00","breadcrumb":{"@id":"https:\/\/cvinoticias.com\/v3\/fragueiro-sigue-acumulando-denuncias-una-ex-empleada-domestica-lo-denuncio-este-jueves-en-posadas\/#breadcrumb"},"inLanguage":"es","potentialAction":[{"@type":"ReadAction","target":["https:\/\/cvinoticias.com\/v3\/fragueiro-sigue-acumulando-denuncias-una-ex-empleada-domestica-lo-denuncio-este-jueves-en-posadas\/"]}]},{"@type":"ImageObject","inLanguage":"es","@id":"https:\/\/cvinoticias.com\/v3\/fragueiro-sigue-acumulando-denuncias-una-ex-empleada-domestica-lo-denuncio-este-jueves-en-posadas\/#primaryimage","url":"https:\/\/cvinoticias.com\/wp-content\/uploads\/2021\/05\/Denuncian-al-juez-Fragueiro-de-Puerto-Iguazu-por-abuso-sexual.jpg","contentUrl":"https:\/\/cvinoticias.com\/wp-content\/uploads\/2021\/05\/Denuncian-al-juez-Fragueiro-de-Puerto-Iguazu-por-abuso-sexual.jpg","width":750,"height":484},{"@type":"BreadcrumbList","@id":"https:\/\/cvinoticias.com\/v3\/fragueiro-sigue-acumulando-denuncias-una-ex-empleada-domestica-lo-denuncio-este-jueves-en-posadas\/#breadcrumb","itemListElement":[{"@type":"ListItem","position":1,"name":"Portada","item":"https:\/\/cvinoticias.com\/v3\/"},{"@type":"ListItem","position":2,"name":"Fragueiro sigue acumulando denuncias: una ex empleada dom\u00e9stica lo denunci\u00f3 este jueves en Posadas"}]},{"@type":"WebSite","@id":"https:\/\/cvinoticias.com\/v3\/#website","url":"https:\/\/cvinoticias.com\/v3\/","name":"CVI NOTICIAS","description":"","publisher":{"@id":"https:\/\/cvinoticias.com\/v3\/#organization"},"alternateName":"CVI","potentialAction":[{"@type":"SearchAction","target":{"@type":"EntryPoint","urlTemplate":"https:\/\/cvinoticias.com\/v3\/?s={search_term_string}"},"query-input":{"@type":"PropertyValueSpecification","valueRequired":true,"valueName":"search_term_string"}}],"inLanguage":"es"},{"@type":"Organization","@id":"https:\/\/cvinoticias.com\/v3\/#organization","name":"CVI NOTICIAS","url":"https:\/\/cvinoticias.com\/v3\/","logo":{"@type":"ImageObject","inLanguage":"es","@id":"https:\/\/cvinoticias.com\/v3\/#\/schema\/logo\/image\/","url":"https:\/\/cvinoticias.com\/wp-content\/uploads\/2023\/04\/cropped-cropped-cropped-cropped-cropped-3-1.png","contentUrl":"https:\/\/cvinoticias.com\/wp-content\/uploads\/2023\/04\/cropped-cropped-cropped-cropped-cropped-3-1.png","width":95,"height":122,"caption":"CVI NOTICIAS"},"image":{"@id":"https:\/\/cvinoticias.com\/v3\/#\/schema\/logo\/image\/"},"sameAs":["https:\/\/www.facebook.com\/cvinoticias","https:\/\/www.instagram.com\/cvinoticias\/","https:\/\/www.youtube.com\/@CVINOTICIAS"]},{"@type":"Person","@id":"https:\/\/cvinoticias.com\/v3\/#\/schema\/person\/2db77e3c6bc03c538495d7b2b8be9b66","name":"f1000024","image":{"@type":"ImageObject","inLanguage":"es","@id":"https:\/\/secure.gravatar.com\/avatar\/d4fe7459cfc51ff5129ce1a732bbef5928568b8092d412ef95611616376bbeed?s=96&d=mm&r=g","url":"https:\/\/secure.gravatar.com\/avatar\/d4fe7459cfc51ff5129ce1a732bbef5928568b8092d412ef95611616376bbeed?s=96&d=mm&r=g","contentUrl":"https:\/\/secure.gravatar.com\/avatar\/d4fe7459cfc51ff5129ce1a732bbef5928568b8092d412ef95611616376bbeed?s=96&d=mm&r=g","caption":"f1000024"},"url":"https:\/\/cvinoticias.com\/v3\/author\/f1000024\/"}]}},"_links":{"self":[{"href":"https:\/\/cvinoticias.com\/v3\/wp-json\/wp\/v2\/posts\/4911","targetHints":{"allow":["GET"]}}],"collection":[{"href":"https:\/\/cvinoticias.com\/v3\/wp-json\/wp\/v2\/posts"}],"about":[{"href":"https:\/\/cvinoticias.com\/v3\/wp-json\/wp\/v2\/types\/post"}],"author":[{"embeddable":true,"href":"https:\/\/cvinoticias.com\/v3\/wp-json\/wp\/v2\/users\/2"}],"replies":[{"embeddable":true,"href":"https:\/\/cvinoticias.com\/v3\/wp-json\/wp\/v2\/comments?post=4911"}],"version-history":[{"count":1,"href":"https:\/\/cvinoticias.com\/v3\/wp-json\/wp\/v2\/posts\/4911\/revisions"}],"predecessor-version":[{"id":4912,"href":"https:\/\/cvinoticias.com\/v3\/wp-json\/wp\/v2\/posts\/4911\/revisions\/4912"}],"wp:featuredmedia":[{"embeddable":true,"href":"https:\/\/cvinoticias.com\/v3\/wp-json\/wp\/v2\/media\/4873"}],"wp:attachment":[{"href":"https:\/\/cvinoticias.com\/v3\/wp-json\/wp\/v2\/media?parent=4911"}],"wp:term":[{"taxonomy":"category","embeddable":true,"href":"https:\/\/cvinoticias.com\/v3\/wp-json\/wp\/v2\/categories?post=4911"},{"taxonomy":"post_tag","embeddable":true,"href":"https:\/\/cvinoticias.com\/v3\/wp-json\/wp\/v2\/tags?post=4911"}],"curies":[{"name":"wp","href":"https:\/\/api.w.org\/{rel}","templated":true}]}}