{"id":4906,"date":"2021-05-07T04:05:24","date_gmt":"2021-05-07T04:05:24","guid":{"rendered":"https:\/\/cvinoticias.com\/v3\/?p=4906"},"modified":"2021-05-07T04:05:24","modified_gmt":"2021-05-07T04:05:24","slug":"iguazuun-posible-intento-de-ocupacion-de-tierras-pone-en-guardia-a-los-vecinos-del-barrio-cataratas","status":"publish","type":"post","link":"https:\/\/cvinoticias.com\/v3\/iguazuun-posible-intento-de-ocupacion-de-tierras-pone-en-guardia-a-los-vecinos-del-barrio-cataratas\/","title":{"rendered":"Iguaz\u00fa:Un posible intento de ocupaci\u00f3n de tierras pone en guardia a los vecinos del Barrio Cataratas"},"content":{"rendered":"\n<p><strong><em>Los vecinos de la zona del Barrio Cataratas ante las primeras se\u00f1ales de un posible nuevo intento de usurpaci\u00f3n de terreno solicitaron la presencia policial.<\/em><\/strong><\/p>\n\n\n\n<p>Ante los \u00faltimos hechos acontecidos d\u00edas atr\u00e1s donde un grupo de personas, con machete en mano, intrusaron un terreno en Barrio Cataratas y que fueron desalojados en menos de 24 hs por orden judicial; los vecinos del lugar quedaron en alerta y atentos a cualquier movimiento extra\u00f1o en el lugar.<\/p>\n\n\n\n<p>Es as\u00ed como en la noche de este jueves aproximadamente entre las 20:30 y 21:00 hs se pudo observar nuevamente a personas de dudosa procedencia moviliz\u00e1ndose con colchones al hombro con la intenci\u00f3n de usurpar el mismo terreno pero por otro frente.<\/p>\n\n\n\n<p>Este nuevo movimiento de gente ajena al barrio gener\u00f3 la inmediata reacci\u00f3n de los vecinos que llamaron a la comisar\u00eda correspondiente, la Comisar\u00eda 4, pidiendo la intervenci\u00f3n policial.<\/p>\n\n\n\n<p>Personal de seguridad lleg\u00f3 al lugar, convers\u00f3 con los vecinos e inspeccionaron el lugar donde se vio pasar a las personas con los colchones y decidieron redoblar el esfuerzo para evitar nuevos intentos de usurpaci\u00f3n en la zona.<\/p>\n\n\n\n<p>Seg\u00fan se inform\u00f3 a la redacci\u00f3n de CVINOTICIAS, con ese fin se realiz\u00f3 un plan de control permanente, con guardias de los vecinos, en la zona para frustrar posibles intentos de toma.<\/p>\n\n\n\n<figure class=\"wp-block-image size-large\"><a href=\"https:\/\/cvinoticias.com\/wp-content\/uploads\/2021\/05\/IMG-20210506-WA0163.jpg\"><img decoding=\"async\" width=\"1024\" height=\"576\" data-src=\"https:\/\/cvinoticias.com\/wp-content\/uploads\/2021\/05\/IMG-20210506-WA0163-1024x576.jpg\" alt=\"\" class=\"wp-image-4908 lazyload\" data-srcset=\"https:\/\/cvinoticias.com\/wp-content\/uploads\/2021\/05\/IMG-20210506-WA0163-1024x576.jpg 1024w, https:\/\/cvinoticias.com\/wp-content\/uploads\/2021\/05\/IMG-20210506-WA0163-300x169.jpg 300w, https:\/\/cvinoticias.com\/wp-content\/uploads\/2021\/05\/IMG-20210506-WA0163-768x432.jpg 768w, https:\/\/cvinoticias.com\/wp-content\/uploads\/2021\/05\/IMG-20210506-WA0163.jpg 1280w\" data-sizes=\"(max-width: 1024px) 100vw, 1024px\" src=\"data:image\/svg+xml;base64,PHN2ZyB3aWR0aD0iMSIgaGVpZ2h0PSIxIiB4bWxucz0iaHR0cDovL3d3dy53My5vcmcvMjAwMC9zdmciPjwvc3ZnPg==\" style=\"--smush-placeholder-width: 1024px; --smush-placeholder-aspect-ratio: 1024\/576;\" \/><\/a><\/figure>\n\n\n\n<figure class=\"wp-block-image size-large\"><a href=\"https:\/\/cvinoticias.com\/wp-content\/uploads\/2021\/05\/IMG-20210506-WA0166.jpg\"><img decoding=\"async\" width=\"1024\" height=\"576\" data-src=\"https:\/\/cvinoticias.com\/wp-content\/uploads\/2021\/05\/IMG-20210506-WA0166-1024x576.jpg\" alt=\"\" class=\"wp-image-4909 lazyload\" data-srcset=\"https:\/\/cvinoticias.com\/wp-content\/uploads\/2021\/05\/IMG-20210506-WA0166-1024x576.jpg 1024w, https:\/\/cvinoticias.com\/wp-content\/uploads\/2021\/05\/IMG-20210506-WA0166-300x169.jpg 300w, https:\/\/cvinoticias.com\/wp-content\/uploads\/2021\/05\/IMG-20210506-WA0166-768x432.jpg 768w, https:\/\/cvinoticias.com\/wp-content\/uploads\/2021\/05\/IMG-20210506-WA0166.jpg 1280w\" data-sizes=\"(max-width: 1024px) 100vw, 1024px\" src=\"data:image\/svg+xml;base64,PHN2ZyB3aWR0aD0iMSIgaGVpZ2h0PSIxIiB4bWxucz0iaHR0cDovL3d3dy53My5vcmcvMjAwMC9zdmciPjwvc3ZnPg==\" style=\"--smush-placeholder-width: 1024px; --smush-placeholder-aspect-ratio: 1024\/576;\" \/><\/a><\/figure>\n","protected":false},"excerpt":{"rendered":"<p>Los vecinos de la zona del Barrio Cataratas ante las primeras se\u00f1ales de un posible nuevo intento de usurpaci\u00f3n de terreno solicitaron la presencia policial. Ante los \u00faltimos hechos acontecidos d\u00edas atr\u00e1s donde un grupo de personas, con machete en mano, intrusaron un terreno en Barrio Cataratas y que fueron desalojados en menos de 24 [&hellip;]<\/p>\n","protected":false},"author":2,"featured_media":4907,"comment_status":"open","ping_status":"open","sticky":false,"template":"","format":"standard","meta":{"footnotes":""},"categories":[29],"tags":[],"class_list":["post-4906","post","type-post","status-publish","format-standard","has-post-thumbnail","hentry","category-locales"],"yoast_head":"<!-- This site is optimized with the Yoast SEO plugin v27.5 - https:\/\/yoast.com\/product\/yoast-seo-wordpress\/ -->\n<title>Iguaz\u00fa:Un posible intento de ocupaci\u00f3n de tierras pone en guardia a los vecinos del Barrio Cataratas | CVI NOTICIAS<\/title>\n<meta name=\"robots\" content=\"index, follow, max-snippet:-1, max-image-preview:large, max-video-preview:-1\" \/>\n<link rel=\"canonical\" href=\"https:\/\/cvinoticias.com\/v3\/iguazuun-posible-intento-de-ocupacion-de-tierras-pone-en-guardia-a-los-vecinos-del-barrio-cataratas\/\" \/>\n<meta property=\"og:locale\" content=\"es_ES\" \/>\n<meta property=\"og:type\" content=\"article\" \/>\n<meta property=\"og:title\" content=\"Iguaz\u00fa:Un posible intento de ocupaci\u00f3n de tierras pone en guardia a los vecinos del Barrio Cataratas | CVI NOTICIAS\" \/>\n<meta property=\"og:description\" content=\"Los vecinos de la zona del Barrio Cataratas ante las primeras se\u00f1ales de un posible nuevo intento de usurpaci\u00f3n de terreno solicitaron la presencia policial. Ante los \u00faltimos hechos acontecidos d\u00edas atr\u00e1s donde un grupo de personas, con machete en mano, intrusaron un terreno en Barrio Cataratas y que fueron desalojados en menos de 24 [&hellip;]\" \/>\n<meta property=\"og:url\" content=\"https:\/\/cvinoticias.com\/v3\/iguazuun-posible-intento-de-ocupacion-de-tierras-pone-en-guardia-a-los-vecinos-del-barrio-cataratas\/\" \/>\n<meta property=\"og:site_name\" content=\"CVI NOTICIAS\" \/>\n<meta property=\"article:publisher\" content=\"https:\/\/www.facebook.com\/cvinoticias\" \/>\n<meta property=\"article:published_time\" content=\"2021-05-07T04:05:24+00:00\" \/>\n<meta property=\"og:image\" content=\"https:\/\/cvinoticias.com\/wp-content\/uploads\/2021\/05\/IMG-20210506-WA0167.jpg\" \/>\n\t<meta property=\"og:image:width\" content=\"1280\" \/>\n\t<meta property=\"og:image:height\" content=\"720\" \/>\n\t<meta property=\"og:image:type\" content=\"image\/jpeg\" \/>\n<meta name=\"author\" content=\"f1000024\" \/>\n<meta name=\"twitter:card\" content=\"summary_large_image\" \/>\n<meta name=\"twitter:label1\" content=\"Escrito por\" \/>\n\t<meta name=\"twitter:data1\" content=\"f1000024\" \/>\n\t<meta name=\"twitter:label2\" content=\"Tiempo de lectura\" \/>\n\t<meta name=\"twitter:data2\" content=\"1 minuto\" \/>\n<script type=\"application\/ld+json\" class=\"yoast-schema-graph\">{\"@context\":\"https:\\\/\\\/schema.org\",\"@graph\":[{\"@type\":\"Article\",\"@id\":\"https:\\\/\\\/cvinoticias.com\\\/v3\\\/iguazuun-posible-intento-de-ocupacion-de-tierras-pone-en-guardia-a-los-vecinos-del-barrio-cataratas\\\/#article\",\"isPartOf\":{\"@id\":\"https:\\\/\\\/cvinoticias.com\\\/v3\\\/iguazuun-posible-intento-de-ocupacion-de-tierras-pone-en-guardia-a-los-vecinos-del-barrio-cataratas\\\/\"},\"author\":{\"name\":\"f1000024\",\"@id\":\"https:\\\/\\\/cvinoticias.com\\\/v3\\\/#\\\/schema\\\/person\\\/2db77e3c6bc03c538495d7b2b8be9b66\"},\"headline\":\"Iguaz\u00fa:Un posible intento de ocupaci\u00f3n de tierras pone en guardia a los vecinos del Barrio Cataratas\",\"datePublished\":\"2021-05-07T04:05:24+00:00\",\"mainEntityOfPage\":{\"@id\":\"https:\\\/\\\/cvinoticias.com\\\/v3\\\/iguazuun-posible-intento-de-ocupacion-de-tierras-pone-en-guardia-a-los-vecinos-del-barrio-cataratas\\\/\"},\"wordCount\":243,\"commentCount\":0,\"publisher\":{\"@id\":\"https:\\\/\\\/cvinoticias.com\\\/v3\\\/#organization\"},\"image\":{\"@id\":\"https:\\\/\\\/cvinoticias.com\\\/v3\\\/iguazuun-posible-intento-de-ocupacion-de-tierras-pone-en-guardia-a-los-vecinos-del-barrio-cataratas\\\/#primaryimage\"},\"thumbnailUrl\":\"https:\\\/\\\/cvinoticias.com\\\/wp-content\\\/uploads\\\/2021\\\/05\\\/IMG-20210506-WA0167.jpg\",\"articleSection\":[\"Locales\"],\"inLanguage\":\"es\",\"potentialAction\":[{\"@type\":\"CommentAction\",\"name\":\"Comment\",\"target\":[\"https:\\\/\\\/cvinoticias.com\\\/v3\\\/iguazuun-posible-intento-de-ocupacion-de-tierras-pone-en-guardia-a-los-vecinos-del-barrio-cataratas\\\/#respond\"]}]},{\"@type\":\"WebPage\",\"@id\":\"https:\\\/\\\/cvinoticias.com\\\/v3\\\/iguazuun-posible-intento-de-ocupacion-de-tierras-pone-en-guardia-a-los-vecinos-del-barrio-cataratas\\\/\",\"url\":\"https:\\\/\\\/cvinoticias.com\\\/v3\\\/iguazuun-posible-intento-de-ocupacion-de-tierras-pone-en-guardia-a-los-vecinos-del-barrio-cataratas\\\/\",\"name\":\"Iguaz\u00fa:Un posible intento de ocupaci\u00f3n de tierras pone en guardia a los vecinos del Barrio Cataratas | CVI NOTICIAS\",\"isPartOf\":{\"@id\":\"https:\\\/\\\/cvinoticias.com\\\/v3\\\/#website\"},\"primaryImageOfPage\":{\"@id\":\"https:\\\/\\\/cvinoticias.com\\\/v3\\\/iguazuun-posible-intento-de-ocupacion-de-tierras-pone-en-guardia-a-los-vecinos-del-barrio-cataratas\\\/#primaryimage\"},\"image\":{\"@id\":\"https:\\\/\\\/cvinoticias.com\\\/v3\\\/iguazuun-posible-intento-de-ocupacion-de-tierras-pone-en-guardia-a-los-vecinos-del-barrio-cataratas\\\/#primaryimage\"},\"thumbnailUrl\":\"https:\\\/\\\/cvinoticias.com\\\/wp-content\\\/uploads\\\/2021\\\/05\\\/IMG-20210506-WA0167.jpg\",\"datePublished\":\"2021-05-07T04:05:24+00:00\",\"breadcrumb\":{\"@id\":\"https:\\\/\\\/cvinoticias.com\\\/v3\\\/iguazuun-posible-intento-de-ocupacion-de-tierras-pone-en-guardia-a-los-vecinos-del-barrio-cataratas\\\/#breadcrumb\"},\"inLanguage\":\"es\",\"potentialAction\":[{\"@type\":\"ReadAction\",\"target\":[\"https:\\\/\\\/cvinoticias.com\\\/v3\\\/iguazuun-posible-intento-de-ocupacion-de-tierras-pone-en-guardia-a-los-vecinos-del-barrio-cataratas\\\/\"]}]},{\"@type\":\"ImageObject\",\"inLanguage\":\"es\",\"@id\":\"https:\\\/\\\/cvinoticias.com\\\/v3\\\/iguazuun-posible-intento-de-ocupacion-de-tierras-pone-en-guardia-a-los-vecinos-del-barrio-cataratas\\\/#primaryimage\",\"url\":\"https:\\\/\\\/cvinoticias.com\\\/wp-content\\\/uploads\\\/2021\\\/05\\\/IMG-20210506-WA0167.jpg\",\"contentUrl\":\"https:\\\/\\\/cvinoticias.com\\\/wp-content\\\/uploads\\\/2021\\\/05\\\/IMG-20210506-WA0167.jpg\",\"width\":1280,\"height\":720},{\"@type\":\"BreadcrumbList\",\"@id\":\"https:\\\/\\\/cvinoticias.com\\\/v3\\\/iguazuun-posible-intento-de-ocupacion-de-tierras-pone-en-guardia-a-los-vecinos-del-barrio-cataratas\\\/#breadcrumb\",\"itemListElement\":[{\"@type\":\"ListItem\",\"position\":1,\"name\":\"Portada\",\"item\":\"https:\\\/\\\/cvinoticias.com\\\/v3\\\/\"},{\"@type\":\"ListItem\",\"position\":2,\"name\":\"Iguaz\u00fa:Un posible intento de ocupaci\u00f3n de tierras pone en guardia a los vecinos del Barrio Cataratas\"}]},{\"@type\":\"WebSite\",\"@id\":\"https:\\\/\\\/cvinoticias.com\\\/v3\\\/#website\",\"url\":\"https:\\\/\\\/cvinoticias.com\\\/v3\\\/\",\"name\":\"CVI NOTICIAS\",\"description\":\"\",\"publisher\":{\"@id\":\"https:\\\/\\\/cvinoticias.com\\\/v3\\\/#organization\"},\"alternateName\":\"CVI\",\"potentialAction\":[{\"@type\":\"SearchAction\",\"target\":{\"@type\":\"EntryPoint\",\"urlTemplate\":\"https:\\\/\\\/cvinoticias.com\\\/v3\\\/?s={search_term_string}\"},\"query-input\":{\"@type\":\"PropertyValueSpecification\",\"valueRequired\":true,\"valueName\":\"search_term_string\"}}],\"inLanguage\":\"es\"},{\"@type\":\"Organization\",\"@id\":\"https:\\\/\\\/cvinoticias.com\\\/v3\\\/#organization\",\"name\":\"CVI NOTICIAS\",\"url\":\"https:\\\/\\\/cvinoticias.com\\\/v3\\\/\",\"logo\":{\"@type\":\"ImageObject\",\"inLanguage\":\"es\",\"@id\":\"https:\\\/\\\/cvinoticias.com\\\/v3\\\/#\\\/schema\\\/logo\\\/image\\\/\",\"url\":\"https:\\\/\\\/cvinoticias.com\\\/wp-content\\\/uploads\\\/2023\\\/04\\\/cropped-cropped-cropped-cropped-cropped-3-1.png\",\"contentUrl\":\"https:\\\/\\\/cvinoticias.com\\\/wp-content\\\/uploads\\\/2023\\\/04\\\/cropped-cropped-cropped-cropped-cropped-3-1.png\",\"width\":95,\"height\":122,\"caption\":\"CVI NOTICIAS\"},\"image\":{\"@id\":\"https:\\\/\\\/cvinoticias.com\\\/v3\\\/#\\\/schema\\\/logo\\\/image\\\/\"},\"sameAs\":[\"https:\\\/\\\/www.facebook.com\\\/cvinoticias\",\"https:\\\/\\\/www.instagram.com\\\/cvinoticias\\\/\",\"https:\\\/\\\/www.youtube.com\\\/@CVINOTICIAS\"]},{\"@type\":\"Person\",\"@id\":\"https:\\\/\\\/cvinoticias.com\\\/v3\\\/#\\\/schema\\\/person\\\/2db77e3c6bc03c538495d7b2b8be9b66\",\"name\":\"f1000024\",\"image\":{\"@type\":\"ImageObject\",\"inLanguage\":\"es\",\"@id\":\"https:\\\/\\\/secure.gravatar.com\\\/avatar\\\/d4fe7459cfc51ff5129ce1a732bbef5928568b8092d412ef95611616376bbeed?s=96&d=mm&r=g\",\"url\":\"https:\\\/\\\/secure.gravatar.com\\\/avatar\\\/d4fe7459cfc51ff5129ce1a732bbef5928568b8092d412ef95611616376bbeed?s=96&d=mm&r=g\",\"contentUrl\":\"https:\\\/\\\/secure.gravatar.com\\\/avatar\\\/d4fe7459cfc51ff5129ce1a732bbef5928568b8092d412ef95611616376bbeed?s=96&d=mm&r=g\",\"caption\":\"f1000024\"},\"url\":\"https:\\\/\\\/cvinoticias.com\\\/v3\\\/author\\\/f1000024\\\/\"}]}<\/script>\n<!-- \/ Yoast SEO plugin. -->","yoast_head_json":{"title":"Iguaz\u00fa:Un posible intento de ocupaci\u00f3n de tierras pone en guardia a los vecinos del Barrio Cataratas | CVI NOTICIAS","robots":{"index":"index","follow":"follow","max-snippet":"max-snippet:-1","max-image-preview":"max-image-preview:large","max-video-preview":"max-video-preview:-1"},"canonical":"https:\/\/cvinoticias.com\/v3\/iguazuun-posible-intento-de-ocupacion-de-tierras-pone-en-guardia-a-los-vecinos-del-barrio-cataratas\/","og_locale":"es_ES","og_type":"article","og_title":"Iguaz\u00fa:Un posible intento de ocupaci\u00f3n de tierras pone en guardia a los vecinos del Barrio Cataratas | CVI NOTICIAS","og_description":"Los vecinos de la zona del Barrio Cataratas ante las primeras se\u00f1ales de un posible nuevo intento de usurpaci\u00f3n de terreno solicitaron la presencia policial. Ante los \u00faltimos hechos acontecidos d\u00edas atr\u00e1s donde un grupo de personas, con machete en mano, intrusaron un terreno en Barrio Cataratas y que fueron desalojados en menos de 24 [&hellip;]","og_url":"https:\/\/cvinoticias.com\/v3\/iguazuun-posible-intento-de-ocupacion-de-tierras-pone-en-guardia-a-los-vecinos-del-barrio-cataratas\/","og_site_name":"CVI NOTICIAS","article_publisher":"https:\/\/www.facebook.com\/cvinoticias","article_published_time":"2021-05-07T04:05:24+00:00","og_image":[{"width":1280,"height":720,"url":"https:\/\/cvinoticias.com\/wp-content\/uploads\/2021\/05\/IMG-20210506-WA0167.jpg","type":"image\/jpeg"}],"author":"f1000024","twitter_card":"summary_large_image","twitter_misc":{"Escrito por":"f1000024","Tiempo de lectura":"1 minuto"},"schema":{"@context":"https:\/\/schema.org","@graph":[{"@type":"Article","@id":"https:\/\/cvinoticias.com\/v3\/iguazuun-posible-intento-de-ocupacion-de-tierras-pone-en-guardia-a-los-vecinos-del-barrio-cataratas\/#article","isPartOf":{"@id":"https:\/\/cvinoticias.com\/v3\/iguazuun-posible-intento-de-ocupacion-de-tierras-pone-en-guardia-a-los-vecinos-del-barrio-cataratas\/"},"author":{"name":"f1000024","@id":"https:\/\/cvinoticias.com\/v3\/#\/schema\/person\/2db77e3c6bc03c538495d7b2b8be9b66"},"headline":"Iguaz\u00fa:Un posible intento de ocupaci\u00f3n de tierras pone en guardia a los vecinos del Barrio Cataratas","datePublished":"2021-05-07T04:05:24+00:00","mainEntityOfPage":{"@id":"https:\/\/cvinoticias.com\/v3\/iguazuun-posible-intento-de-ocupacion-de-tierras-pone-en-guardia-a-los-vecinos-del-barrio-cataratas\/"},"wordCount":243,"commentCount":0,"publisher":{"@id":"https:\/\/cvinoticias.com\/v3\/#organization"},"image":{"@id":"https:\/\/cvinoticias.com\/v3\/iguazuun-posible-intento-de-ocupacion-de-tierras-pone-en-guardia-a-los-vecinos-del-barrio-cataratas\/#primaryimage"},"thumbnailUrl":"https:\/\/cvinoticias.com\/wp-content\/uploads\/2021\/05\/IMG-20210506-WA0167.jpg","articleSection":["Locales"],"inLanguage":"es","potentialAction":[{"@type":"CommentAction","name":"Comment","target":["https:\/\/cvinoticias.com\/v3\/iguazuun-posible-intento-de-ocupacion-de-tierras-pone-en-guardia-a-los-vecinos-del-barrio-cataratas\/#respond"]}]},{"@type":"WebPage","@id":"https:\/\/cvinoticias.com\/v3\/iguazuun-posible-intento-de-ocupacion-de-tierras-pone-en-guardia-a-los-vecinos-del-barrio-cataratas\/","url":"https:\/\/cvinoticias.com\/v3\/iguazuun-posible-intento-de-ocupacion-de-tierras-pone-en-guardia-a-los-vecinos-del-barrio-cataratas\/","name":"Iguaz\u00fa:Un posible intento de ocupaci\u00f3n de tierras pone en guardia a los vecinos del Barrio Cataratas | CVI NOTICIAS","isPartOf":{"@id":"https:\/\/cvinoticias.com\/v3\/#website"},"primaryImageOfPage":{"@id":"https:\/\/cvinoticias.com\/v3\/iguazuun-posible-intento-de-ocupacion-de-tierras-pone-en-guardia-a-los-vecinos-del-barrio-cataratas\/#primaryimage"},"image":{"@id":"https:\/\/cvinoticias.com\/v3\/iguazuun-posible-intento-de-ocupacion-de-tierras-pone-en-guardia-a-los-vecinos-del-barrio-cataratas\/#primaryimage"},"thumbnailUrl":"https:\/\/cvinoticias.com\/wp-content\/uploads\/2021\/05\/IMG-20210506-WA0167.jpg","datePublished":"2021-05-07T04:05:24+00:00","breadcrumb":{"@id":"https:\/\/cvinoticias.com\/v3\/iguazuun-posible-intento-de-ocupacion-de-tierras-pone-en-guardia-a-los-vecinos-del-barrio-cataratas\/#breadcrumb"},"inLanguage":"es","potentialAction":[{"@type":"ReadAction","target":["https:\/\/cvinoticias.com\/v3\/iguazuun-posible-intento-de-ocupacion-de-tierras-pone-en-guardia-a-los-vecinos-del-barrio-cataratas\/"]}]},{"@type":"ImageObject","inLanguage":"es","@id":"https:\/\/cvinoticias.com\/v3\/iguazuun-posible-intento-de-ocupacion-de-tierras-pone-en-guardia-a-los-vecinos-del-barrio-cataratas\/#primaryimage","url":"https:\/\/cvinoticias.com\/wp-content\/uploads\/2021\/05\/IMG-20210506-WA0167.jpg","contentUrl":"https:\/\/cvinoticias.com\/wp-content\/uploads\/2021\/05\/IMG-20210506-WA0167.jpg","width":1280,"height":720},{"@type":"BreadcrumbList","@id":"https:\/\/cvinoticias.com\/v3\/iguazuun-posible-intento-de-ocupacion-de-tierras-pone-en-guardia-a-los-vecinos-del-barrio-cataratas\/#breadcrumb","itemListElement":[{"@type":"ListItem","position":1,"name":"Portada","item":"https:\/\/cvinoticias.com\/v3\/"},{"@type":"ListItem","position":2,"name":"Iguaz\u00fa:Un posible intento de ocupaci\u00f3n de tierras pone en guardia a los vecinos del Barrio Cataratas"}]},{"@type":"WebSite","@id":"https:\/\/cvinoticias.com\/v3\/#website","url":"https:\/\/cvinoticias.com\/v3\/","name":"CVI NOTICIAS","description":"","publisher":{"@id":"https:\/\/cvinoticias.com\/v3\/#organization"},"alternateName":"CVI","potentialAction":[{"@type":"SearchAction","target":{"@type":"EntryPoint","urlTemplate":"https:\/\/cvinoticias.com\/v3\/?s={search_term_string}"},"query-input":{"@type":"PropertyValueSpecification","valueRequired":true,"valueName":"search_term_string"}}],"inLanguage":"es"},{"@type":"Organization","@id":"https:\/\/cvinoticias.com\/v3\/#organization","name":"CVI NOTICIAS","url":"https:\/\/cvinoticias.com\/v3\/","logo":{"@type":"ImageObject","inLanguage":"es","@id":"https:\/\/cvinoticias.com\/v3\/#\/schema\/logo\/image\/","url":"https:\/\/cvinoticias.com\/wp-content\/uploads\/2023\/04\/cropped-cropped-cropped-cropped-cropped-3-1.png","contentUrl":"https:\/\/cvinoticias.com\/wp-content\/uploads\/2023\/04\/cropped-cropped-cropped-cropped-cropped-3-1.png","width":95,"height":122,"caption":"CVI NOTICIAS"},"image":{"@id":"https:\/\/cvinoticias.com\/v3\/#\/schema\/logo\/image\/"},"sameAs":["https:\/\/www.facebook.com\/cvinoticias","https:\/\/www.instagram.com\/cvinoticias\/","https:\/\/www.youtube.com\/@CVINOTICIAS"]},{"@type":"Person","@id":"https:\/\/cvinoticias.com\/v3\/#\/schema\/person\/2db77e3c6bc03c538495d7b2b8be9b66","name":"f1000024","image":{"@type":"ImageObject","inLanguage":"es","@id":"https:\/\/secure.gravatar.com\/avatar\/d4fe7459cfc51ff5129ce1a732bbef5928568b8092d412ef95611616376bbeed?s=96&d=mm&r=g","url":"https:\/\/secure.gravatar.com\/avatar\/d4fe7459cfc51ff5129ce1a732bbef5928568b8092d412ef95611616376bbeed?s=96&d=mm&r=g","contentUrl":"https:\/\/secure.gravatar.com\/avatar\/d4fe7459cfc51ff5129ce1a732bbef5928568b8092d412ef95611616376bbeed?s=96&d=mm&r=g","caption":"f1000024"},"url":"https:\/\/cvinoticias.com\/v3\/author\/f1000024\/"}]}},"_links":{"self":[{"href":"https:\/\/cvinoticias.com\/v3\/wp-json\/wp\/v2\/posts\/4906","targetHints":{"allow":["GET"]}}],"collection":[{"href":"https:\/\/cvinoticias.com\/v3\/wp-json\/wp\/v2\/posts"}],"about":[{"href":"https:\/\/cvinoticias.com\/v3\/wp-json\/wp\/v2\/types\/post"}],"author":[{"embeddable":true,"href":"https:\/\/cvinoticias.com\/v3\/wp-json\/wp\/v2\/users\/2"}],"replies":[{"embeddable":true,"href":"https:\/\/cvinoticias.com\/v3\/wp-json\/wp\/v2\/comments?post=4906"}],"version-history":[{"count":1,"href":"https:\/\/cvinoticias.com\/v3\/wp-json\/wp\/v2\/posts\/4906\/revisions"}],"predecessor-version":[{"id":4910,"href":"https:\/\/cvinoticias.com\/v3\/wp-json\/wp\/v2\/posts\/4906\/revisions\/4910"}],"wp:featuredmedia":[{"embeddable":true,"href":"https:\/\/cvinoticias.com\/v3\/wp-json\/wp\/v2\/media\/4907"}],"wp:attachment":[{"href":"https:\/\/cvinoticias.com\/v3\/wp-json\/wp\/v2\/media?parent=4906"}],"wp:term":[{"taxonomy":"category","embeddable":true,"href":"https:\/\/cvinoticias.com\/v3\/wp-json\/wp\/v2\/categories?post=4906"},{"taxonomy":"post_tag","embeddable":true,"href":"https:\/\/cvinoticias.com\/v3\/wp-json\/wp\/v2\/tags?post=4906"}],"curies":[{"name":"wp","href":"https:\/\/api.w.org\/{rel}","templated":true}]}}