{"id":4893,"date":"2021-05-06T04:27:36","date_gmt":"2021-05-06T04:27:36","guid":{"rendered":"https:\/\/cvinoticias.com\/v3\/?p=4893"},"modified":"2021-05-06T04:28:38","modified_gmt":"2021-05-06T04:28:38","slug":"convocatoria-para-este-jueves-a-una-marcha-en-repudio-al-juez-fragueiro","status":"publish","type":"post","link":"https:\/\/cvinoticias.com\/v3\/convocatoria-para-este-jueves-a-una-marcha-en-repudio-al-juez-fragueiro\/","title":{"rendered":"Iguaz\u00fa: Convocatoria para este jueves a una marcha en repudio al juez Fragueiro"},"content":{"rendered":"\n<p><strong><em>Organizaciones feministas de Misiones emitieron un comunicando\u00a0 convocando a una conferencia de prensa a realizarse este jueves a las 14 en Puerto Iguaz\u00fa, para luego marchar para exigir al Poder Judicial de la provincia que cumpla con su deber. La convocatoria se da en el marco de los \u00abhechos que han tenido gran repercusi\u00f3n, por las denuncias de acoso y abuso sexual al juez del Juzgado de Familia y Violencia Familiar 2 de esta ciudad, Pedro Fragueiro\u00bb.<\/em><\/strong><\/p>\n\n\n\n<p>\u00abOrganizaciones feministas de la provincia de Misiones, convocan a una conferencia de prensa a realizarse en la calle Marta Schwarz N\u00b0 184 (esquina Jangaderos) de Puerto Iguaz\u00fa, a las 14 de este jueves 6 de mayo\u00bb, expresa el comunicado emitido para dar a conocer la medida.<\/p>\n\n\n\n<p>\u00abLa Red de abogadas feministas de la provincia junto a la Colectiva de Mujeres y Diversidades de Puerto Iguaz\u00fa se expresar\u00e1n sobre la magnitud de los casos de acoso y abuso sexual, acompa\u00f1ando a las v\u00edctimas y testigos que est\u00e1n sufriendo amenazas sin obtener protecci\u00f3n hasta el momento\u00bb, expresa en otro p\u00e1rrafo el comunicado, para agregar que \u00aba continuaci\u00f3n se realizar\u00e1 una marcha exigiendo al poder judicial que cumpla con su deber de justicia\u00bb.<\/p>\n","protected":false},"excerpt":{"rendered":"<p>Organizaciones feministas de Misiones emitieron un comunicando\u00a0 convocando a una conferencia de prensa a realizarse este jueves a las 14 en Puerto Iguaz\u00fa, para luego marchar para exigir al Poder Judicial de la provincia que cumpla con su deber. La convocatoria se da en el marco de los \u00abhechos que han tenido gran repercusi\u00f3n, por [&hellip;]<\/p>\n","protected":false},"author":2,"featured_media":4894,"comment_status":"open","ping_status":"open","sticky":false,"template":"","format":"standard","meta":{"footnotes":""},"categories":[29],"tags":[],"class_list":["post-4893","post","type-post","status-publish","format-standard","has-post-thumbnail","hentry","category-locales"],"yoast_head":"<!-- This site is optimized with the Yoast SEO plugin v27.5 - https:\/\/yoast.com\/product\/yoast-seo-wordpress\/ -->\n<title>Iguaz\u00fa: Convocatoria para este jueves a una marcha en repudio al juez Fragueiro | CVI NOTICIAS<\/title>\n<meta name=\"robots\" content=\"index, follow, max-snippet:-1, max-image-preview:large, max-video-preview:-1\" \/>\n<link rel=\"canonical\" href=\"https:\/\/cvinoticias.com\/v3\/convocatoria-para-este-jueves-a-una-marcha-en-repudio-al-juez-fragueiro\/\" \/>\n<meta property=\"og:locale\" content=\"es_ES\" \/>\n<meta property=\"og:type\" content=\"article\" \/>\n<meta property=\"og:title\" content=\"Iguaz\u00fa: Convocatoria para este jueves a una marcha en repudio al juez Fragueiro | CVI NOTICIAS\" \/>\n<meta property=\"og:description\" content=\"Organizaciones feministas de Misiones emitieron un comunicando\u00a0 convocando a una conferencia de prensa a realizarse este jueves a las 14 en Puerto Iguaz\u00fa, para luego marchar para exigir al Poder Judicial de la provincia que cumpla con su deber. La convocatoria se da en el marco de los \u00abhechos que han tenido gran repercusi\u00f3n, por [&hellip;]\" \/>\n<meta property=\"og:url\" content=\"https:\/\/cvinoticias.com\/v3\/convocatoria-para-este-jueves-a-una-marcha-en-repudio-al-juez-fragueiro\/\" \/>\n<meta property=\"og:site_name\" content=\"CVI NOTICIAS\" \/>\n<meta property=\"article:publisher\" content=\"https:\/\/www.facebook.com\/cvinoticias\" \/>\n<meta property=\"article:published_time\" content=\"2021-05-06T04:27:36+00:00\" \/>\n<meta property=\"article:modified_time\" content=\"2021-05-06T04:28:38+00:00\" \/>\n<meta property=\"og:image\" content=\"https:\/\/cvinoticias.com\/wp-content\/uploads\/2021\/05\/Marcha-Mujeres-Contra-Violencia-de-genero-3.jpg\" \/>\n\t<meta property=\"og:image:width\" content=\"1200\" \/>\n\t<meta property=\"og:image:height\" content=\"674\" \/>\n\t<meta property=\"og:image:type\" content=\"image\/jpeg\" \/>\n<meta name=\"author\" content=\"f1000024\" \/>\n<meta name=\"twitter:card\" content=\"summary_large_image\" \/>\n<meta name=\"twitter:label1\" content=\"Escrito por\" \/>\n\t<meta name=\"twitter:data1\" content=\"f1000024\" \/>\n\t<meta name=\"twitter:label2\" content=\"Tiempo de lectura\" \/>\n\t<meta name=\"twitter:data2\" content=\"1 minuto\" \/>\n<script type=\"application\/ld+json\" class=\"yoast-schema-graph\">{\"@context\":\"https:\\\/\\\/schema.org\",\"@graph\":[{\"@type\":\"Article\",\"@id\":\"https:\\\/\\\/cvinoticias.com\\\/v3\\\/convocatoria-para-este-jueves-a-una-marcha-en-repudio-al-juez-fragueiro\\\/#article\",\"isPartOf\":{\"@id\":\"https:\\\/\\\/cvinoticias.com\\\/v3\\\/convocatoria-para-este-jueves-a-una-marcha-en-repudio-al-juez-fragueiro\\\/\"},\"author\":{\"name\":\"f1000024\",\"@id\":\"https:\\\/\\\/cvinoticias.com\\\/v3\\\/#\\\/schema\\\/person\\\/2db77e3c6bc03c538495d7b2b8be9b66\"},\"headline\":\"Iguaz\u00fa: Convocatoria para este jueves a una marcha en repudio al juez Fragueiro\",\"datePublished\":\"2021-05-06T04:27:36+00:00\",\"dateModified\":\"2021-05-06T04:28:38+00:00\",\"mainEntityOfPage\":{\"@id\":\"https:\\\/\\\/cvinoticias.com\\\/v3\\\/convocatoria-para-este-jueves-a-una-marcha-en-repudio-al-juez-fragueiro\\\/\"},\"wordCount\":213,\"commentCount\":0,\"publisher\":{\"@id\":\"https:\\\/\\\/cvinoticias.com\\\/v3\\\/#organization\"},\"image\":{\"@id\":\"https:\\\/\\\/cvinoticias.com\\\/v3\\\/convocatoria-para-este-jueves-a-una-marcha-en-repudio-al-juez-fragueiro\\\/#primaryimage\"},\"thumbnailUrl\":\"https:\\\/\\\/cvinoticias.com\\\/wp-content\\\/uploads\\\/2021\\\/05\\\/Marcha-Mujeres-Contra-Violencia-de-genero-3.jpg\",\"articleSection\":[\"Locales\"],\"inLanguage\":\"es\",\"potentialAction\":[{\"@type\":\"CommentAction\",\"name\":\"Comment\",\"target\":[\"https:\\\/\\\/cvinoticias.com\\\/v3\\\/convocatoria-para-este-jueves-a-una-marcha-en-repudio-al-juez-fragueiro\\\/#respond\"]}]},{\"@type\":\"WebPage\",\"@id\":\"https:\\\/\\\/cvinoticias.com\\\/v3\\\/convocatoria-para-este-jueves-a-una-marcha-en-repudio-al-juez-fragueiro\\\/\",\"url\":\"https:\\\/\\\/cvinoticias.com\\\/v3\\\/convocatoria-para-este-jueves-a-una-marcha-en-repudio-al-juez-fragueiro\\\/\",\"name\":\"Iguaz\u00fa: Convocatoria para este jueves a una marcha en repudio al juez Fragueiro | CVI NOTICIAS\",\"isPartOf\":{\"@id\":\"https:\\\/\\\/cvinoticias.com\\\/v3\\\/#website\"},\"primaryImageOfPage\":{\"@id\":\"https:\\\/\\\/cvinoticias.com\\\/v3\\\/convocatoria-para-este-jueves-a-una-marcha-en-repudio-al-juez-fragueiro\\\/#primaryimage\"},\"image\":{\"@id\":\"https:\\\/\\\/cvinoticias.com\\\/v3\\\/convocatoria-para-este-jueves-a-una-marcha-en-repudio-al-juez-fragueiro\\\/#primaryimage\"},\"thumbnailUrl\":\"https:\\\/\\\/cvinoticias.com\\\/wp-content\\\/uploads\\\/2021\\\/05\\\/Marcha-Mujeres-Contra-Violencia-de-genero-3.jpg\",\"datePublished\":\"2021-05-06T04:27:36+00:00\",\"dateModified\":\"2021-05-06T04:28:38+00:00\",\"breadcrumb\":{\"@id\":\"https:\\\/\\\/cvinoticias.com\\\/v3\\\/convocatoria-para-este-jueves-a-una-marcha-en-repudio-al-juez-fragueiro\\\/#breadcrumb\"},\"inLanguage\":\"es\",\"potentialAction\":[{\"@type\":\"ReadAction\",\"target\":[\"https:\\\/\\\/cvinoticias.com\\\/v3\\\/convocatoria-para-este-jueves-a-una-marcha-en-repudio-al-juez-fragueiro\\\/\"]}]},{\"@type\":\"ImageObject\",\"inLanguage\":\"es\",\"@id\":\"https:\\\/\\\/cvinoticias.com\\\/v3\\\/convocatoria-para-este-jueves-a-una-marcha-en-repudio-al-juez-fragueiro\\\/#primaryimage\",\"url\":\"https:\\\/\\\/cvinoticias.com\\\/wp-content\\\/uploads\\\/2021\\\/05\\\/Marcha-Mujeres-Contra-Violencia-de-genero-3.jpg\",\"contentUrl\":\"https:\\\/\\\/cvinoticias.com\\\/wp-content\\\/uploads\\\/2021\\\/05\\\/Marcha-Mujeres-Contra-Violencia-de-genero-3.jpg\",\"width\":1200,\"height\":674},{\"@type\":\"BreadcrumbList\",\"@id\":\"https:\\\/\\\/cvinoticias.com\\\/v3\\\/convocatoria-para-este-jueves-a-una-marcha-en-repudio-al-juez-fragueiro\\\/#breadcrumb\",\"itemListElement\":[{\"@type\":\"ListItem\",\"position\":1,\"name\":\"Portada\",\"item\":\"https:\\\/\\\/cvinoticias.com\\\/v3\\\/\"},{\"@type\":\"ListItem\",\"position\":2,\"name\":\"Iguaz\u00fa: Convocatoria para este jueves a una marcha en repudio al juez Fragueiro\"}]},{\"@type\":\"WebSite\",\"@id\":\"https:\\\/\\\/cvinoticias.com\\\/v3\\\/#website\",\"url\":\"https:\\\/\\\/cvinoticias.com\\\/v3\\\/\",\"name\":\"CVI NOTICIAS\",\"description\":\"\",\"publisher\":{\"@id\":\"https:\\\/\\\/cvinoticias.com\\\/v3\\\/#organization\"},\"alternateName\":\"CVI\",\"potentialAction\":[{\"@type\":\"SearchAction\",\"target\":{\"@type\":\"EntryPoint\",\"urlTemplate\":\"https:\\\/\\\/cvinoticias.com\\\/v3\\\/?s={search_term_string}\"},\"query-input\":{\"@type\":\"PropertyValueSpecification\",\"valueRequired\":true,\"valueName\":\"search_term_string\"}}],\"inLanguage\":\"es\"},{\"@type\":\"Organization\",\"@id\":\"https:\\\/\\\/cvinoticias.com\\\/v3\\\/#organization\",\"name\":\"CVI NOTICIAS\",\"url\":\"https:\\\/\\\/cvinoticias.com\\\/v3\\\/\",\"logo\":{\"@type\":\"ImageObject\",\"inLanguage\":\"es\",\"@id\":\"https:\\\/\\\/cvinoticias.com\\\/v3\\\/#\\\/schema\\\/logo\\\/image\\\/\",\"url\":\"https:\\\/\\\/cvinoticias.com\\\/wp-content\\\/uploads\\\/2023\\\/04\\\/cropped-cropped-cropped-cropped-cropped-3-1.png\",\"contentUrl\":\"https:\\\/\\\/cvinoticias.com\\\/wp-content\\\/uploads\\\/2023\\\/04\\\/cropped-cropped-cropped-cropped-cropped-3-1.png\",\"width\":95,\"height\":122,\"caption\":\"CVI NOTICIAS\"},\"image\":{\"@id\":\"https:\\\/\\\/cvinoticias.com\\\/v3\\\/#\\\/schema\\\/logo\\\/image\\\/\"},\"sameAs\":[\"https:\\\/\\\/www.facebook.com\\\/cvinoticias\",\"https:\\\/\\\/www.instagram.com\\\/cvinoticias\\\/\",\"https:\\\/\\\/www.youtube.com\\\/@CVINOTICIAS\"]},{\"@type\":\"Person\",\"@id\":\"https:\\\/\\\/cvinoticias.com\\\/v3\\\/#\\\/schema\\\/person\\\/2db77e3c6bc03c538495d7b2b8be9b66\",\"name\":\"f1000024\",\"image\":{\"@type\":\"ImageObject\",\"inLanguage\":\"es\",\"@id\":\"https:\\\/\\\/secure.gravatar.com\\\/avatar\\\/d4fe7459cfc51ff5129ce1a732bbef5928568b8092d412ef95611616376bbeed?s=96&d=mm&r=g\",\"url\":\"https:\\\/\\\/secure.gravatar.com\\\/avatar\\\/d4fe7459cfc51ff5129ce1a732bbef5928568b8092d412ef95611616376bbeed?s=96&d=mm&r=g\",\"contentUrl\":\"https:\\\/\\\/secure.gravatar.com\\\/avatar\\\/d4fe7459cfc51ff5129ce1a732bbef5928568b8092d412ef95611616376bbeed?s=96&d=mm&r=g\",\"caption\":\"f1000024\"},\"url\":\"https:\\\/\\\/cvinoticias.com\\\/v3\\\/author\\\/f1000024\\\/\"}]}<\/script>\n<!-- \/ Yoast SEO plugin. -->","yoast_head_json":{"title":"Iguaz\u00fa: Convocatoria para este jueves a una marcha en repudio al juez Fragueiro | CVI NOTICIAS","robots":{"index":"index","follow":"follow","max-snippet":"max-snippet:-1","max-image-preview":"max-image-preview:large","max-video-preview":"max-video-preview:-1"},"canonical":"https:\/\/cvinoticias.com\/v3\/convocatoria-para-este-jueves-a-una-marcha-en-repudio-al-juez-fragueiro\/","og_locale":"es_ES","og_type":"article","og_title":"Iguaz\u00fa: Convocatoria para este jueves a una marcha en repudio al juez Fragueiro | CVI NOTICIAS","og_description":"Organizaciones feministas de Misiones emitieron un comunicando\u00a0 convocando a una conferencia de prensa a realizarse este jueves a las 14 en Puerto Iguaz\u00fa, para luego marchar para exigir al Poder Judicial de la provincia que cumpla con su deber. La convocatoria se da en el marco de los \u00abhechos que han tenido gran repercusi\u00f3n, por [&hellip;]","og_url":"https:\/\/cvinoticias.com\/v3\/convocatoria-para-este-jueves-a-una-marcha-en-repudio-al-juez-fragueiro\/","og_site_name":"CVI NOTICIAS","article_publisher":"https:\/\/www.facebook.com\/cvinoticias","article_published_time":"2021-05-06T04:27:36+00:00","article_modified_time":"2021-05-06T04:28:38+00:00","og_image":[{"width":1200,"height":674,"url":"https:\/\/cvinoticias.com\/wp-content\/uploads\/2021\/05\/Marcha-Mujeres-Contra-Violencia-de-genero-3.jpg","type":"image\/jpeg"}],"author":"f1000024","twitter_card":"summary_large_image","twitter_misc":{"Escrito por":"f1000024","Tiempo de lectura":"1 minuto"},"schema":{"@context":"https:\/\/schema.org","@graph":[{"@type":"Article","@id":"https:\/\/cvinoticias.com\/v3\/convocatoria-para-este-jueves-a-una-marcha-en-repudio-al-juez-fragueiro\/#article","isPartOf":{"@id":"https:\/\/cvinoticias.com\/v3\/convocatoria-para-este-jueves-a-una-marcha-en-repudio-al-juez-fragueiro\/"},"author":{"name":"f1000024","@id":"https:\/\/cvinoticias.com\/v3\/#\/schema\/person\/2db77e3c6bc03c538495d7b2b8be9b66"},"headline":"Iguaz\u00fa: Convocatoria para este jueves a una marcha en repudio al juez Fragueiro","datePublished":"2021-05-06T04:27:36+00:00","dateModified":"2021-05-06T04:28:38+00:00","mainEntityOfPage":{"@id":"https:\/\/cvinoticias.com\/v3\/convocatoria-para-este-jueves-a-una-marcha-en-repudio-al-juez-fragueiro\/"},"wordCount":213,"commentCount":0,"publisher":{"@id":"https:\/\/cvinoticias.com\/v3\/#organization"},"image":{"@id":"https:\/\/cvinoticias.com\/v3\/convocatoria-para-este-jueves-a-una-marcha-en-repudio-al-juez-fragueiro\/#primaryimage"},"thumbnailUrl":"https:\/\/cvinoticias.com\/wp-content\/uploads\/2021\/05\/Marcha-Mujeres-Contra-Violencia-de-genero-3.jpg","articleSection":["Locales"],"inLanguage":"es","potentialAction":[{"@type":"CommentAction","name":"Comment","target":["https:\/\/cvinoticias.com\/v3\/convocatoria-para-este-jueves-a-una-marcha-en-repudio-al-juez-fragueiro\/#respond"]}]},{"@type":"WebPage","@id":"https:\/\/cvinoticias.com\/v3\/convocatoria-para-este-jueves-a-una-marcha-en-repudio-al-juez-fragueiro\/","url":"https:\/\/cvinoticias.com\/v3\/convocatoria-para-este-jueves-a-una-marcha-en-repudio-al-juez-fragueiro\/","name":"Iguaz\u00fa: Convocatoria para este jueves a una marcha en repudio al juez Fragueiro | CVI NOTICIAS","isPartOf":{"@id":"https:\/\/cvinoticias.com\/v3\/#website"},"primaryImageOfPage":{"@id":"https:\/\/cvinoticias.com\/v3\/convocatoria-para-este-jueves-a-una-marcha-en-repudio-al-juez-fragueiro\/#primaryimage"},"image":{"@id":"https:\/\/cvinoticias.com\/v3\/convocatoria-para-este-jueves-a-una-marcha-en-repudio-al-juez-fragueiro\/#primaryimage"},"thumbnailUrl":"https:\/\/cvinoticias.com\/wp-content\/uploads\/2021\/05\/Marcha-Mujeres-Contra-Violencia-de-genero-3.jpg","datePublished":"2021-05-06T04:27:36+00:00","dateModified":"2021-05-06T04:28:38+00:00","breadcrumb":{"@id":"https:\/\/cvinoticias.com\/v3\/convocatoria-para-este-jueves-a-una-marcha-en-repudio-al-juez-fragueiro\/#breadcrumb"},"inLanguage":"es","potentialAction":[{"@type":"ReadAction","target":["https:\/\/cvinoticias.com\/v3\/convocatoria-para-este-jueves-a-una-marcha-en-repudio-al-juez-fragueiro\/"]}]},{"@type":"ImageObject","inLanguage":"es","@id":"https:\/\/cvinoticias.com\/v3\/convocatoria-para-este-jueves-a-una-marcha-en-repudio-al-juez-fragueiro\/#primaryimage","url":"https:\/\/cvinoticias.com\/wp-content\/uploads\/2021\/05\/Marcha-Mujeres-Contra-Violencia-de-genero-3.jpg","contentUrl":"https:\/\/cvinoticias.com\/wp-content\/uploads\/2021\/05\/Marcha-Mujeres-Contra-Violencia-de-genero-3.jpg","width":1200,"height":674},{"@type":"BreadcrumbList","@id":"https:\/\/cvinoticias.com\/v3\/convocatoria-para-este-jueves-a-una-marcha-en-repudio-al-juez-fragueiro\/#breadcrumb","itemListElement":[{"@type":"ListItem","position":1,"name":"Portada","item":"https:\/\/cvinoticias.com\/v3\/"},{"@type":"ListItem","position":2,"name":"Iguaz\u00fa: Convocatoria para este jueves a una marcha en repudio al juez Fragueiro"}]},{"@type":"WebSite","@id":"https:\/\/cvinoticias.com\/v3\/#website","url":"https:\/\/cvinoticias.com\/v3\/","name":"CVI NOTICIAS","description":"","publisher":{"@id":"https:\/\/cvinoticias.com\/v3\/#organization"},"alternateName":"CVI","potentialAction":[{"@type":"SearchAction","target":{"@type":"EntryPoint","urlTemplate":"https:\/\/cvinoticias.com\/v3\/?s={search_term_string}"},"query-input":{"@type":"PropertyValueSpecification","valueRequired":true,"valueName":"search_term_string"}}],"inLanguage":"es"},{"@type":"Organization","@id":"https:\/\/cvinoticias.com\/v3\/#organization","name":"CVI NOTICIAS","url":"https:\/\/cvinoticias.com\/v3\/","logo":{"@type":"ImageObject","inLanguage":"es","@id":"https:\/\/cvinoticias.com\/v3\/#\/schema\/logo\/image\/","url":"https:\/\/cvinoticias.com\/wp-content\/uploads\/2023\/04\/cropped-cropped-cropped-cropped-cropped-3-1.png","contentUrl":"https:\/\/cvinoticias.com\/wp-content\/uploads\/2023\/04\/cropped-cropped-cropped-cropped-cropped-3-1.png","width":95,"height":122,"caption":"CVI NOTICIAS"},"image":{"@id":"https:\/\/cvinoticias.com\/v3\/#\/schema\/logo\/image\/"},"sameAs":["https:\/\/www.facebook.com\/cvinoticias","https:\/\/www.instagram.com\/cvinoticias\/","https:\/\/www.youtube.com\/@CVINOTICIAS"]},{"@type":"Person","@id":"https:\/\/cvinoticias.com\/v3\/#\/schema\/person\/2db77e3c6bc03c538495d7b2b8be9b66","name":"f1000024","image":{"@type":"ImageObject","inLanguage":"es","@id":"https:\/\/secure.gravatar.com\/avatar\/d4fe7459cfc51ff5129ce1a732bbef5928568b8092d412ef95611616376bbeed?s=96&d=mm&r=g","url":"https:\/\/secure.gravatar.com\/avatar\/d4fe7459cfc51ff5129ce1a732bbef5928568b8092d412ef95611616376bbeed?s=96&d=mm&r=g","contentUrl":"https:\/\/secure.gravatar.com\/avatar\/d4fe7459cfc51ff5129ce1a732bbef5928568b8092d412ef95611616376bbeed?s=96&d=mm&r=g","caption":"f1000024"},"url":"https:\/\/cvinoticias.com\/v3\/author\/f1000024\/"}]}},"_links":{"self":[{"href":"https:\/\/cvinoticias.com\/v3\/wp-json\/wp\/v2\/posts\/4893","targetHints":{"allow":["GET"]}}],"collection":[{"href":"https:\/\/cvinoticias.com\/v3\/wp-json\/wp\/v2\/posts"}],"about":[{"href":"https:\/\/cvinoticias.com\/v3\/wp-json\/wp\/v2\/types\/post"}],"author":[{"embeddable":true,"href":"https:\/\/cvinoticias.com\/v3\/wp-json\/wp\/v2\/users\/2"}],"replies":[{"embeddable":true,"href":"https:\/\/cvinoticias.com\/v3\/wp-json\/wp\/v2\/comments?post=4893"}],"version-history":[{"count":2,"href":"https:\/\/cvinoticias.com\/v3\/wp-json\/wp\/v2\/posts\/4893\/revisions"}],"predecessor-version":[{"id":4896,"href":"https:\/\/cvinoticias.com\/v3\/wp-json\/wp\/v2\/posts\/4893\/revisions\/4896"}],"wp:featuredmedia":[{"embeddable":true,"href":"https:\/\/cvinoticias.com\/v3\/wp-json\/wp\/v2\/media\/4894"}],"wp:attachment":[{"href":"https:\/\/cvinoticias.com\/v3\/wp-json\/wp\/v2\/media?parent=4893"}],"wp:term":[{"taxonomy":"category","embeddable":true,"href":"https:\/\/cvinoticias.com\/v3\/wp-json\/wp\/v2\/categories?post=4893"},{"taxonomy":"post_tag","embeddable":true,"href":"https:\/\/cvinoticias.com\/v3\/wp-json\/wp\/v2\/tags?post=4893"}],"curies":[{"name":"wp","href":"https:\/\/api.w.org\/{rel}","templated":true}]}}