{"id":4890,"date":"2021-05-06T04:11:21","date_gmt":"2021-05-06T04:11:21","guid":{"rendered":"https:\/\/cvinoticias.com\/v3\/?p=4890"},"modified":"2021-05-06T04:11:21","modified_gmt":"2021-05-06T04:11:21","slug":"fragueiro-estaria-negociando-su-renuncia-a-cambio-de-atenuar-las-causas-penales","status":"publish","type":"post","link":"https:\/\/cvinoticias.com\/v3\/fragueiro-estaria-negociando-su-renuncia-a-cambio-de-atenuar-las-causas-penales\/","title":{"rendered":"Fragueiro estar\u00eda negociando su renuncia a cambio de atenuar las causas penales"},"content":{"rendered":"\n<p><strong><em>El suspendido juez de Familia, Pedro Fragueiro, que sum\u00f3 una tercera denuncia por acoso y abuso sexual podr\u00eda no enfrentar un Jury porque el jurado de enjuiciamiento, con mayor\u00eda renovadora, no quiere que el caso trascienda m\u00e1s. Seg\u00fan fuentes, era conocido en la Justicia y en la Pol\u00edtica, el aberrante comportamiento del magistrado.<\/em><\/strong><\/p>\n\n\n\n<p>Pedro Fragueiro, el suspendido juez de Familia y Violencia Familiar n\u00ba 2 de Iguaz\u00fa podr\u00eda no llegar a la instancia de Jury, porque el jurado de enjuiciamiento controlado por la Renovaci\u00f3n K, estar\u00eda buscando evitar por todos los medios, que el esc\u00e1ndalo trascienda a\u00fan m\u00e1s, en momentos en que el magistrado sum\u00f3 una tercera denuncia penal por acoso sexual.<\/p>\n\n\n\n<p>Fragueiro, suspendido por el Superior Tribunal de Justicia de Misiones este mi\u00e9rcoles, horas despu\u00e9s de nacionalizarse las dos denuncias en su contra por acoso y abuso sexual simple, estar\u00eda negociando con el poder pol\u00edtico renovador, dimitir al cargo a cambio de que se aten\u00faen las calificaciones de las causas penales en su contra. &nbsp;<\/p>\n\n\n\n<p>Seg\u00fan, \u201ces posible que renuncie para evitar el escarnio p\u00fablico\u201d de una destituci\u00f3n por Jury, que le valdr\u00e1 una inhabilitaci\u00f3n para asumir cargos p\u00fablicos. Aunque su posible renuncia no har\u00eda que se cierren las causas penales.<\/p>\n\n\n\n<h2 class=\"wp-block-heading\">Pas\u00f3 por varios cargos y \u00bfse conoc\u00eda su historial?<\/h2>\n\n\n\n<p>Este juez designado en Agosto del 2018 y hoy denunciado por acosador y violador, fue secretario en 2015 de la jueza de familia Liliana Bertolotti (hoy camarista) y tambi\u00e9n fue secretario de un juzgado en lo civil y comercial de Ober\u00e1. \u201cTiene varias denuncias de acoso, de hacer valer el cargo, y de vender que contaba con relaciones en el poder judicial\u201d, coment\u00f3 el periodista Pablo Garc\u00eda en su columna semanal en el noticiero del Canal 8.<\/p>\n\n\n\n<p>De acuerdo con fuentes fiables, en febrero, en una de las primeras reuniones de comisiones en la Legislatura provincial, a un diputado le lleg\u00f3 informaci\u00f3n sobre una joven abogada que estaba concursando cargos en el Consejo de la Magistratura, una chica de Iguaz\u00fa, que denunci\u00f3 que Fragueiro le dijo \u201csi quer\u00e9s llegar algo en el poder judicial, ten\u00e9s que pasar primero por mis manos\u201d.<\/p>\n\n\n\n<h2 class=\"wp-block-heading\">Posible padrinazgo pol\u00edtico<\/h2>\n\n\n\n<p>La de Fragueiro, \u201ces una conducta que conoc\u00edan todos. Arrastraba sospechas de acosar a compa\u00f1eras de trabajo siendo secretario judicial\u201d, confi\u00f3 Garc\u00eda, quien remarc\u00f3 que el juez pas\u00f3 todas las instancias constitucionales para acceder al cargo. Fue incluido en la terna del Consejo de la Magistratura, elegido por el entonces gobernador Hugo Passalacqua, y su pliego super\u00f3 el an\u00e1lisis de la Comisi\u00f3n de poderes y derecho constitucional. Incluso no hubo oposici\u00f3n ciudadana.<\/p>\n\n\n\n<p>En el poder pol\u00edtico y en el poder judicial sab\u00edan del historial de Fragueiro, aseguran fuentes, insistiendo en la protecci\u00f3n pol\u00edtica con la que contaba este juez.<\/p>\n\n\n\n<p>Justamente, esta protecci\u00f3n pol\u00edtica podr\u00eda estar incidiendo en que ni la diputada provincial Silvia Rojas (Camioneros), supuesta referente en cuestiones de g\u00e9nero, ni la subsecretaria de la mujer Celia Kozachik, ni la ministra de Desarrollo Social, Benilda Dammer, ni la ministra de Derechos Humanos, Graciela Leyes, salieron a condenar p\u00fablicamente a Fragueiro. \u201cEstar\u00e1n esperando la orden\u201d, confiaron fuentes al tanto de los entretelones del poder judicial y de la C\u00e1mara de Representantes.<\/p>\n\n\n\n<p>Fuente: Misiones Cuatro<\/p>\n","protected":false},"excerpt":{"rendered":"<p>El suspendido juez de Familia, Pedro Fragueiro, que sum\u00f3 una tercera denuncia por acoso y abuso sexual podr\u00eda no enfrentar un Jury porque el jurado de enjuiciamiento, con mayor\u00eda renovadora, no quiere que el caso trascienda m\u00e1s. Seg\u00fan fuentes, era conocido en la Justicia y en la Pol\u00edtica, el aberrante comportamiento del magistrado. Pedro Fragueiro, [&hellip;]<\/p>\n","protected":false},"author":2,"featured_media":4891,"comment_status":"open","ping_status":"open","sticky":false,"template":"","format":"standard","meta":{"footnotes":""},"categories":[37],"tags":[],"class_list":["post-4890","post","type-post","status-publish","format-standard","has-post-thumbnail","hentry","category-justicia"],"yoast_head":"<!-- This site is optimized with the Yoast SEO plugin v27.5 - https:\/\/yoast.com\/product\/yoast-seo-wordpress\/ -->\n<title>Fragueiro estar\u00eda negociando su renuncia a cambio de atenuar las causas penales | CVI NOTICIAS<\/title>\n<meta name=\"robots\" content=\"index, follow, max-snippet:-1, max-image-preview:large, max-video-preview:-1\" \/>\n<link rel=\"canonical\" href=\"https:\/\/cvinoticias.com\/v3\/fragueiro-estaria-negociando-su-renuncia-a-cambio-de-atenuar-las-causas-penales\/\" \/>\n<meta property=\"og:locale\" content=\"es_ES\" \/>\n<meta property=\"og:type\" content=\"article\" \/>\n<meta property=\"og:title\" content=\"Fragueiro estar\u00eda negociando su renuncia a cambio de atenuar las causas penales | CVI NOTICIAS\" \/>\n<meta property=\"og:description\" content=\"El suspendido juez de Familia, Pedro Fragueiro, que sum\u00f3 una tercera denuncia por acoso y abuso sexual podr\u00eda no enfrentar un Jury porque el jurado de enjuiciamiento, con mayor\u00eda renovadora, no quiere que el caso trascienda m\u00e1s. Seg\u00fan fuentes, era conocido en la Justicia y en la Pol\u00edtica, el aberrante comportamiento del magistrado. Pedro Fragueiro, [&hellip;]\" \/>\n<meta property=\"og:url\" content=\"https:\/\/cvinoticias.com\/v3\/fragueiro-estaria-negociando-su-renuncia-a-cambio-de-atenuar-las-causas-penales\/\" \/>\n<meta property=\"og:site_name\" content=\"CVI NOTICIAS\" \/>\n<meta property=\"article:publisher\" content=\"https:\/\/www.facebook.com\/cvinoticias\" \/>\n<meta property=\"article:published_time\" content=\"2021-05-06T04:11:21+00:00\" \/>\n<meta property=\"og:image\" content=\"https:\/\/cvinoticias.com\/wp-content\/uploads\/2021\/05\/juez-Pedro-Fragueiro.jpeg\" \/>\n\t<meta property=\"og:image:width\" content=\"800\" \/>\n\t<meta property=\"og:image:height\" content=\"534\" \/>\n\t<meta property=\"og:image:type\" content=\"image\/jpeg\" \/>\n<meta name=\"author\" content=\"f1000024\" \/>\n<meta name=\"twitter:card\" content=\"summary_large_image\" \/>\n<meta name=\"twitter:label1\" content=\"Escrito por\" \/>\n\t<meta name=\"twitter:data1\" content=\"f1000024\" \/>\n\t<meta name=\"twitter:label2\" content=\"Tiempo de lectura\" \/>\n\t<meta name=\"twitter:data2\" content=\"3 minutos\" \/>\n<script type=\"application\/ld+json\" class=\"yoast-schema-graph\">{\"@context\":\"https:\\\/\\\/schema.org\",\"@graph\":[{\"@type\":\"Article\",\"@id\":\"https:\\\/\\\/cvinoticias.com\\\/v3\\\/fragueiro-estaria-negociando-su-renuncia-a-cambio-de-atenuar-las-causas-penales\\\/#article\",\"isPartOf\":{\"@id\":\"https:\\\/\\\/cvinoticias.com\\\/v3\\\/fragueiro-estaria-negociando-su-renuncia-a-cambio-de-atenuar-las-causas-penales\\\/\"},\"author\":{\"name\":\"f1000024\",\"@id\":\"https:\\\/\\\/cvinoticias.com\\\/v3\\\/#\\\/schema\\\/person\\\/2db77e3c6bc03c538495d7b2b8be9b66\"},\"headline\":\"Fragueiro estar\u00eda negociando su renuncia a cambio de atenuar las causas penales\",\"datePublished\":\"2021-05-06T04:11:21+00:00\",\"mainEntityOfPage\":{\"@id\":\"https:\\\/\\\/cvinoticias.com\\\/v3\\\/fragueiro-estaria-negociando-su-renuncia-a-cambio-de-atenuar-las-causas-penales\\\/\"},\"wordCount\":584,\"commentCount\":0,\"publisher\":{\"@id\":\"https:\\\/\\\/cvinoticias.com\\\/v3\\\/#organization\"},\"image\":{\"@id\":\"https:\\\/\\\/cvinoticias.com\\\/v3\\\/fragueiro-estaria-negociando-su-renuncia-a-cambio-de-atenuar-las-causas-penales\\\/#primaryimage\"},\"thumbnailUrl\":\"https:\\\/\\\/cvinoticias.com\\\/wp-content\\\/uploads\\\/2021\\\/05\\\/juez-Pedro-Fragueiro.jpeg\",\"articleSection\":[\"Justicia\"],\"inLanguage\":\"es\",\"potentialAction\":[{\"@type\":\"CommentAction\",\"name\":\"Comment\",\"target\":[\"https:\\\/\\\/cvinoticias.com\\\/v3\\\/fragueiro-estaria-negociando-su-renuncia-a-cambio-de-atenuar-las-causas-penales\\\/#respond\"]}]},{\"@type\":\"WebPage\",\"@id\":\"https:\\\/\\\/cvinoticias.com\\\/v3\\\/fragueiro-estaria-negociando-su-renuncia-a-cambio-de-atenuar-las-causas-penales\\\/\",\"url\":\"https:\\\/\\\/cvinoticias.com\\\/v3\\\/fragueiro-estaria-negociando-su-renuncia-a-cambio-de-atenuar-las-causas-penales\\\/\",\"name\":\"Fragueiro estar\u00eda negociando su renuncia a cambio de atenuar las causas penales | CVI NOTICIAS\",\"isPartOf\":{\"@id\":\"https:\\\/\\\/cvinoticias.com\\\/v3\\\/#website\"},\"primaryImageOfPage\":{\"@id\":\"https:\\\/\\\/cvinoticias.com\\\/v3\\\/fragueiro-estaria-negociando-su-renuncia-a-cambio-de-atenuar-las-causas-penales\\\/#primaryimage\"},\"image\":{\"@id\":\"https:\\\/\\\/cvinoticias.com\\\/v3\\\/fragueiro-estaria-negociando-su-renuncia-a-cambio-de-atenuar-las-causas-penales\\\/#primaryimage\"},\"thumbnailUrl\":\"https:\\\/\\\/cvinoticias.com\\\/wp-content\\\/uploads\\\/2021\\\/05\\\/juez-Pedro-Fragueiro.jpeg\",\"datePublished\":\"2021-05-06T04:11:21+00:00\",\"breadcrumb\":{\"@id\":\"https:\\\/\\\/cvinoticias.com\\\/v3\\\/fragueiro-estaria-negociando-su-renuncia-a-cambio-de-atenuar-las-causas-penales\\\/#breadcrumb\"},\"inLanguage\":\"es\",\"potentialAction\":[{\"@type\":\"ReadAction\",\"target\":[\"https:\\\/\\\/cvinoticias.com\\\/v3\\\/fragueiro-estaria-negociando-su-renuncia-a-cambio-de-atenuar-las-causas-penales\\\/\"]}]},{\"@type\":\"ImageObject\",\"inLanguage\":\"es\",\"@id\":\"https:\\\/\\\/cvinoticias.com\\\/v3\\\/fragueiro-estaria-negociando-su-renuncia-a-cambio-de-atenuar-las-causas-penales\\\/#primaryimage\",\"url\":\"https:\\\/\\\/cvinoticias.com\\\/wp-content\\\/uploads\\\/2021\\\/05\\\/juez-Pedro-Fragueiro.jpeg\",\"contentUrl\":\"https:\\\/\\\/cvinoticias.com\\\/wp-content\\\/uploads\\\/2021\\\/05\\\/juez-Pedro-Fragueiro.jpeg\",\"width\":800,\"height\":534},{\"@type\":\"BreadcrumbList\",\"@id\":\"https:\\\/\\\/cvinoticias.com\\\/v3\\\/fragueiro-estaria-negociando-su-renuncia-a-cambio-de-atenuar-las-causas-penales\\\/#breadcrumb\",\"itemListElement\":[{\"@type\":\"ListItem\",\"position\":1,\"name\":\"Portada\",\"item\":\"https:\\\/\\\/cvinoticias.com\\\/v3\\\/\"},{\"@type\":\"ListItem\",\"position\":2,\"name\":\"Fragueiro estar\u00eda negociando su renuncia a cambio de atenuar las causas penales\"}]},{\"@type\":\"WebSite\",\"@id\":\"https:\\\/\\\/cvinoticias.com\\\/v3\\\/#website\",\"url\":\"https:\\\/\\\/cvinoticias.com\\\/v3\\\/\",\"name\":\"CVI NOTICIAS\",\"description\":\"\",\"publisher\":{\"@id\":\"https:\\\/\\\/cvinoticias.com\\\/v3\\\/#organization\"},\"alternateName\":\"CVI\",\"potentialAction\":[{\"@type\":\"SearchAction\",\"target\":{\"@type\":\"EntryPoint\",\"urlTemplate\":\"https:\\\/\\\/cvinoticias.com\\\/v3\\\/?s={search_term_string}\"},\"query-input\":{\"@type\":\"PropertyValueSpecification\",\"valueRequired\":true,\"valueName\":\"search_term_string\"}}],\"inLanguage\":\"es\"},{\"@type\":\"Organization\",\"@id\":\"https:\\\/\\\/cvinoticias.com\\\/v3\\\/#organization\",\"name\":\"CVI NOTICIAS\",\"url\":\"https:\\\/\\\/cvinoticias.com\\\/v3\\\/\",\"logo\":{\"@type\":\"ImageObject\",\"inLanguage\":\"es\",\"@id\":\"https:\\\/\\\/cvinoticias.com\\\/v3\\\/#\\\/schema\\\/logo\\\/image\\\/\",\"url\":\"https:\\\/\\\/cvinoticias.com\\\/wp-content\\\/uploads\\\/2023\\\/04\\\/cropped-cropped-cropped-cropped-cropped-3-1.png\",\"contentUrl\":\"https:\\\/\\\/cvinoticias.com\\\/wp-content\\\/uploads\\\/2023\\\/04\\\/cropped-cropped-cropped-cropped-cropped-3-1.png\",\"width\":95,\"height\":122,\"caption\":\"CVI NOTICIAS\"},\"image\":{\"@id\":\"https:\\\/\\\/cvinoticias.com\\\/v3\\\/#\\\/schema\\\/logo\\\/image\\\/\"},\"sameAs\":[\"https:\\\/\\\/www.facebook.com\\\/cvinoticias\",\"https:\\\/\\\/www.instagram.com\\\/cvinoticias\\\/\",\"https:\\\/\\\/www.youtube.com\\\/@CVINOTICIAS\"]},{\"@type\":\"Person\",\"@id\":\"https:\\\/\\\/cvinoticias.com\\\/v3\\\/#\\\/schema\\\/person\\\/2db77e3c6bc03c538495d7b2b8be9b66\",\"name\":\"f1000024\",\"image\":{\"@type\":\"ImageObject\",\"inLanguage\":\"es\",\"@id\":\"https:\\\/\\\/secure.gravatar.com\\\/avatar\\\/d4fe7459cfc51ff5129ce1a732bbef5928568b8092d412ef95611616376bbeed?s=96&d=mm&r=g\",\"url\":\"https:\\\/\\\/secure.gravatar.com\\\/avatar\\\/d4fe7459cfc51ff5129ce1a732bbef5928568b8092d412ef95611616376bbeed?s=96&d=mm&r=g\",\"contentUrl\":\"https:\\\/\\\/secure.gravatar.com\\\/avatar\\\/d4fe7459cfc51ff5129ce1a732bbef5928568b8092d412ef95611616376bbeed?s=96&d=mm&r=g\",\"caption\":\"f1000024\"},\"url\":\"https:\\\/\\\/cvinoticias.com\\\/v3\\\/author\\\/f1000024\\\/\"}]}<\/script>\n<!-- \/ Yoast SEO plugin. -->","yoast_head_json":{"title":"Fragueiro estar\u00eda negociando su renuncia a cambio de atenuar las causas penales | CVI NOTICIAS","robots":{"index":"index","follow":"follow","max-snippet":"max-snippet:-1","max-image-preview":"max-image-preview:large","max-video-preview":"max-video-preview:-1"},"canonical":"https:\/\/cvinoticias.com\/v3\/fragueiro-estaria-negociando-su-renuncia-a-cambio-de-atenuar-las-causas-penales\/","og_locale":"es_ES","og_type":"article","og_title":"Fragueiro estar\u00eda negociando su renuncia a cambio de atenuar las causas penales | CVI NOTICIAS","og_description":"El suspendido juez de Familia, Pedro Fragueiro, que sum\u00f3 una tercera denuncia por acoso y abuso sexual podr\u00eda no enfrentar un Jury porque el jurado de enjuiciamiento, con mayor\u00eda renovadora, no quiere que el caso trascienda m\u00e1s. Seg\u00fan fuentes, era conocido en la Justicia y en la Pol\u00edtica, el aberrante comportamiento del magistrado. Pedro Fragueiro, [&hellip;]","og_url":"https:\/\/cvinoticias.com\/v3\/fragueiro-estaria-negociando-su-renuncia-a-cambio-de-atenuar-las-causas-penales\/","og_site_name":"CVI NOTICIAS","article_publisher":"https:\/\/www.facebook.com\/cvinoticias","article_published_time":"2021-05-06T04:11:21+00:00","og_image":[{"width":800,"height":534,"url":"https:\/\/cvinoticias.com\/wp-content\/uploads\/2021\/05\/juez-Pedro-Fragueiro.jpeg","type":"image\/jpeg"}],"author":"f1000024","twitter_card":"summary_large_image","twitter_misc":{"Escrito por":"f1000024","Tiempo de lectura":"3 minutos"},"schema":{"@context":"https:\/\/schema.org","@graph":[{"@type":"Article","@id":"https:\/\/cvinoticias.com\/v3\/fragueiro-estaria-negociando-su-renuncia-a-cambio-de-atenuar-las-causas-penales\/#article","isPartOf":{"@id":"https:\/\/cvinoticias.com\/v3\/fragueiro-estaria-negociando-su-renuncia-a-cambio-de-atenuar-las-causas-penales\/"},"author":{"name":"f1000024","@id":"https:\/\/cvinoticias.com\/v3\/#\/schema\/person\/2db77e3c6bc03c538495d7b2b8be9b66"},"headline":"Fragueiro estar\u00eda negociando su renuncia a cambio de atenuar las causas penales","datePublished":"2021-05-06T04:11:21+00:00","mainEntityOfPage":{"@id":"https:\/\/cvinoticias.com\/v3\/fragueiro-estaria-negociando-su-renuncia-a-cambio-de-atenuar-las-causas-penales\/"},"wordCount":584,"commentCount":0,"publisher":{"@id":"https:\/\/cvinoticias.com\/v3\/#organization"},"image":{"@id":"https:\/\/cvinoticias.com\/v3\/fragueiro-estaria-negociando-su-renuncia-a-cambio-de-atenuar-las-causas-penales\/#primaryimage"},"thumbnailUrl":"https:\/\/cvinoticias.com\/wp-content\/uploads\/2021\/05\/juez-Pedro-Fragueiro.jpeg","articleSection":["Justicia"],"inLanguage":"es","potentialAction":[{"@type":"CommentAction","name":"Comment","target":["https:\/\/cvinoticias.com\/v3\/fragueiro-estaria-negociando-su-renuncia-a-cambio-de-atenuar-las-causas-penales\/#respond"]}]},{"@type":"WebPage","@id":"https:\/\/cvinoticias.com\/v3\/fragueiro-estaria-negociando-su-renuncia-a-cambio-de-atenuar-las-causas-penales\/","url":"https:\/\/cvinoticias.com\/v3\/fragueiro-estaria-negociando-su-renuncia-a-cambio-de-atenuar-las-causas-penales\/","name":"Fragueiro estar\u00eda negociando su renuncia a cambio de atenuar las causas penales | CVI NOTICIAS","isPartOf":{"@id":"https:\/\/cvinoticias.com\/v3\/#website"},"primaryImageOfPage":{"@id":"https:\/\/cvinoticias.com\/v3\/fragueiro-estaria-negociando-su-renuncia-a-cambio-de-atenuar-las-causas-penales\/#primaryimage"},"image":{"@id":"https:\/\/cvinoticias.com\/v3\/fragueiro-estaria-negociando-su-renuncia-a-cambio-de-atenuar-las-causas-penales\/#primaryimage"},"thumbnailUrl":"https:\/\/cvinoticias.com\/wp-content\/uploads\/2021\/05\/juez-Pedro-Fragueiro.jpeg","datePublished":"2021-05-06T04:11:21+00:00","breadcrumb":{"@id":"https:\/\/cvinoticias.com\/v3\/fragueiro-estaria-negociando-su-renuncia-a-cambio-de-atenuar-las-causas-penales\/#breadcrumb"},"inLanguage":"es","potentialAction":[{"@type":"ReadAction","target":["https:\/\/cvinoticias.com\/v3\/fragueiro-estaria-negociando-su-renuncia-a-cambio-de-atenuar-las-causas-penales\/"]}]},{"@type":"ImageObject","inLanguage":"es","@id":"https:\/\/cvinoticias.com\/v3\/fragueiro-estaria-negociando-su-renuncia-a-cambio-de-atenuar-las-causas-penales\/#primaryimage","url":"https:\/\/cvinoticias.com\/wp-content\/uploads\/2021\/05\/juez-Pedro-Fragueiro.jpeg","contentUrl":"https:\/\/cvinoticias.com\/wp-content\/uploads\/2021\/05\/juez-Pedro-Fragueiro.jpeg","width":800,"height":534},{"@type":"BreadcrumbList","@id":"https:\/\/cvinoticias.com\/v3\/fragueiro-estaria-negociando-su-renuncia-a-cambio-de-atenuar-las-causas-penales\/#breadcrumb","itemListElement":[{"@type":"ListItem","position":1,"name":"Portada","item":"https:\/\/cvinoticias.com\/v3\/"},{"@type":"ListItem","position":2,"name":"Fragueiro estar\u00eda negociando su renuncia a cambio de atenuar las causas penales"}]},{"@type":"WebSite","@id":"https:\/\/cvinoticias.com\/v3\/#website","url":"https:\/\/cvinoticias.com\/v3\/","name":"CVI NOTICIAS","description":"","publisher":{"@id":"https:\/\/cvinoticias.com\/v3\/#organization"},"alternateName":"CVI","potentialAction":[{"@type":"SearchAction","target":{"@type":"EntryPoint","urlTemplate":"https:\/\/cvinoticias.com\/v3\/?s={search_term_string}"},"query-input":{"@type":"PropertyValueSpecification","valueRequired":true,"valueName":"search_term_string"}}],"inLanguage":"es"},{"@type":"Organization","@id":"https:\/\/cvinoticias.com\/v3\/#organization","name":"CVI NOTICIAS","url":"https:\/\/cvinoticias.com\/v3\/","logo":{"@type":"ImageObject","inLanguage":"es","@id":"https:\/\/cvinoticias.com\/v3\/#\/schema\/logo\/image\/","url":"https:\/\/cvinoticias.com\/wp-content\/uploads\/2023\/04\/cropped-cropped-cropped-cropped-cropped-3-1.png","contentUrl":"https:\/\/cvinoticias.com\/wp-content\/uploads\/2023\/04\/cropped-cropped-cropped-cropped-cropped-3-1.png","width":95,"height":122,"caption":"CVI NOTICIAS"},"image":{"@id":"https:\/\/cvinoticias.com\/v3\/#\/schema\/logo\/image\/"},"sameAs":["https:\/\/www.facebook.com\/cvinoticias","https:\/\/www.instagram.com\/cvinoticias\/","https:\/\/www.youtube.com\/@CVINOTICIAS"]},{"@type":"Person","@id":"https:\/\/cvinoticias.com\/v3\/#\/schema\/person\/2db77e3c6bc03c538495d7b2b8be9b66","name":"f1000024","image":{"@type":"ImageObject","inLanguage":"es","@id":"https:\/\/secure.gravatar.com\/avatar\/d4fe7459cfc51ff5129ce1a732bbef5928568b8092d412ef95611616376bbeed?s=96&d=mm&r=g","url":"https:\/\/secure.gravatar.com\/avatar\/d4fe7459cfc51ff5129ce1a732bbef5928568b8092d412ef95611616376bbeed?s=96&d=mm&r=g","contentUrl":"https:\/\/secure.gravatar.com\/avatar\/d4fe7459cfc51ff5129ce1a732bbef5928568b8092d412ef95611616376bbeed?s=96&d=mm&r=g","caption":"f1000024"},"url":"https:\/\/cvinoticias.com\/v3\/author\/f1000024\/"}]}},"_links":{"self":[{"href":"https:\/\/cvinoticias.com\/v3\/wp-json\/wp\/v2\/posts\/4890","targetHints":{"allow":["GET"]}}],"collection":[{"href":"https:\/\/cvinoticias.com\/v3\/wp-json\/wp\/v2\/posts"}],"about":[{"href":"https:\/\/cvinoticias.com\/v3\/wp-json\/wp\/v2\/types\/post"}],"author":[{"embeddable":true,"href":"https:\/\/cvinoticias.com\/v3\/wp-json\/wp\/v2\/users\/2"}],"replies":[{"embeddable":true,"href":"https:\/\/cvinoticias.com\/v3\/wp-json\/wp\/v2\/comments?post=4890"}],"version-history":[{"count":1,"href":"https:\/\/cvinoticias.com\/v3\/wp-json\/wp\/v2\/posts\/4890\/revisions"}],"predecessor-version":[{"id":4892,"href":"https:\/\/cvinoticias.com\/v3\/wp-json\/wp\/v2\/posts\/4890\/revisions\/4892"}],"wp:featuredmedia":[{"embeddable":true,"href":"https:\/\/cvinoticias.com\/v3\/wp-json\/wp\/v2\/media\/4891"}],"wp:attachment":[{"href":"https:\/\/cvinoticias.com\/v3\/wp-json\/wp\/v2\/media?parent=4890"}],"wp:term":[{"taxonomy":"category","embeddable":true,"href":"https:\/\/cvinoticias.com\/v3\/wp-json\/wp\/v2\/categories?post=4890"},{"taxonomy":"post_tag","embeddable":true,"href":"https:\/\/cvinoticias.com\/v3\/wp-json\/wp\/v2\/tags?post=4890"}],"curies":[{"name":"wp","href":"https:\/\/api.w.org\/{rel}","templated":true}]}}