{"id":4887,"date":"2021-05-05T20:01:48","date_gmt":"2021-05-05T20:01:48","guid":{"rendered":"https:\/\/cvinoticias.com\/v3\/?p=4887"},"modified":"2021-05-05T20:01:48","modified_gmt":"2021-05-05T20:01:48","slug":"por-orden-judicial-desalojaron-en-la-manana-de-hoy-miercoles-a-intrusos-en-barrio-cataratas","status":"publish","type":"post","link":"https:\/\/cvinoticias.com\/v3\/por-orden-judicial-desalojaron-en-la-manana-de-hoy-miercoles-a-intrusos-en-barrio-cataratas\/","title":{"rendered":"Por orden judicial, desalojaron en la ma\u00f1ana de hoy mi\u00e9rcoles a intrusos en Barrio Cataratas."},"content":{"rendered":"\n<p><strong><em>La Justicia orden\u00f3, en horas de la ma\u00f1ana el desalojo de personas que ayer ursurparon el terreno de Germ\u00e1n Cohelo.<\/em><\/strong><\/p>\n\n\n\n<p>El grupo de infanter\u00eda se hizo presente en el lugar, ubicado en barrio Cataratas y con orden judicial pidieron a los intrusos, que se encontraban dentro de la propiedad del Sr. Germ\u00e1n Cohelo, que desocuparan el lugar, sin resistencia.<\/p>\n\n\n\n<p>Los mismos al encontrarse sin otra alternativa se retiraron del terreno d\u00f3nde pretend\u00edan construir sus viviendas.<\/p>\n","protected":false},"excerpt":{"rendered":"<p>La Justicia orden\u00f3, en horas de la ma\u00f1ana el desalojo de personas que ayer ursurparon el terreno de Germ\u00e1n Cohelo. El grupo de infanter\u00eda se hizo presente en el lugar, ubicado en barrio Cataratas y con orden judicial pidieron a los intrusos, que se encontraban dentro de la propiedad del Sr. Germ\u00e1n Cohelo, que desocuparan [&hellip;]<\/p>\n","protected":false},"author":2,"featured_media":4888,"comment_status":"open","ping_status":"open","sticky":false,"template":"","format":"standard","meta":{"footnotes":""},"categories":[29],"tags":[],"class_list":["post-4887","post","type-post","status-publish","format-standard","has-post-thumbnail","hentry","category-locales"],"yoast_head":"<!-- This site is optimized with the Yoast SEO plugin v27.4 - https:\/\/yoast.com\/product\/yoast-seo-wordpress\/ -->\n<title>Por orden judicial, desalojaron en la ma\u00f1ana de hoy mi\u00e9rcoles a intrusos en Barrio Cataratas. | CVI NOTICIAS<\/title>\n<meta name=\"robots\" content=\"index, follow, max-snippet:-1, max-image-preview:large, max-video-preview:-1\" \/>\n<link rel=\"canonical\" href=\"https:\/\/cvinoticias.com\/v3\/por-orden-judicial-desalojaron-en-la-manana-de-hoy-miercoles-a-intrusos-en-barrio-cataratas\/\" \/>\n<meta property=\"og:locale\" content=\"es_ES\" \/>\n<meta property=\"og:type\" content=\"article\" \/>\n<meta property=\"og:title\" content=\"Por orden judicial, desalojaron en la ma\u00f1ana de hoy mi\u00e9rcoles a intrusos en Barrio Cataratas. | CVI NOTICIAS\" \/>\n<meta property=\"og:description\" content=\"La Justicia orden\u00f3, en horas de la ma\u00f1ana el desalojo de personas que ayer ursurparon el terreno de Germ\u00e1n Cohelo. El grupo de infanter\u00eda se hizo presente en el lugar, ubicado en barrio Cataratas y con orden judicial pidieron a los intrusos, que se encontraban dentro de la propiedad del Sr. Germ\u00e1n Cohelo, que desocuparan [&hellip;]\" \/>\n<meta property=\"og:url\" content=\"https:\/\/cvinoticias.com\/v3\/por-orden-judicial-desalojaron-en-la-manana-de-hoy-miercoles-a-intrusos-en-barrio-cataratas\/\" \/>\n<meta property=\"og:site_name\" content=\"CVI NOTICIAS\" \/>\n<meta property=\"article:publisher\" content=\"https:\/\/www.facebook.com\/cvinoticias\" \/>\n<meta property=\"article:published_time\" content=\"2021-05-05T20:01:48+00:00\" \/>\n<meta property=\"og:image\" content=\"https:\/\/cvinoticias.com\/wp-content\/uploads\/2021\/05\/IMG-20210505-WA0019.jpg\" \/>\n\t<meta property=\"og:image:width\" content=\"1032\" \/>\n\t<meta property=\"og:image:height\" content=\"774\" \/>\n\t<meta property=\"og:image:type\" content=\"image\/jpeg\" \/>\n<meta name=\"author\" content=\"f1000024\" \/>\n<meta name=\"twitter:card\" content=\"summary_large_image\" \/>\n<meta name=\"twitter:label1\" content=\"Escrito por\" \/>\n\t<meta name=\"twitter:data1\" content=\"f1000024\" \/>\n<script type=\"application\/ld+json\" class=\"yoast-schema-graph\">{\"@context\":\"https:\\\/\\\/schema.org\",\"@graph\":[{\"@type\":\"Article\",\"@id\":\"https:\\\/\\\/cvinoticias.com\\\/v3\\\/por-orden-judicial-desalojaron-en-la-manana-de-hoy-miercoles-a-intrusos-en-barrio-cataratas\\\/#article\",\"isPartOf\":{\"@id\":\"https:\\\/\\\/cvinoticias.com\\\/v3\\\/por-orden-judicial-desalojaron-en-la-manana-de-hoy-miercoles-a-intrusos-en-barrio-cataratas\\\/\"},\"author\":{\"name\":\"f1000024\",\"@id\":\"https:\\\/\\\/cvinoticias.com\\\/v3\\\/#\\\/schema\\\/person\\\/2db77e3c6bc03c538495d7b2b8be9b66\"},\"headline\":\"Por orden judicial, desalojaron en la ma\u00f1ana de hoy mi\u00e9rcoles a intrusos en Barrio Cataratas.\",\"datePublished\":\"2021-05-05T20:01:48+00:00\",\"mainEntityOfPage\":{\"@id\":\"https:\\\/\\\/cvinoticias.com\\\/v3\\\/por-orden-judicial-desalojaron-en-la-manana-de-hoy-miercoles-a-intrusos-en-barrio-cataratas\\\/\"},\"wordCount\":98,\"commentCount\":1,\"publisher\":{\"@id\":\"https:\\\/\\\/cvinoticias.com\\\/v3\\\/#organization\"},\"image\":{\"@id\":\"https:\\\/\\\/cvinoticias.com\\\/v3\\\/por-orden-judicial-desalojaron-en-la-manana-de-hoy-miercoles-a-intrusos-en-barrio-cataratas\\\/#primaryimage\"},\"thumbnailUrl\":\"https:\\\/\\\/cvinoticias.com\\\/wp-content\\\/uploads\\\/2021\\\/05\\\/IMG-20210505-WA0019.jpg\",\"articleSection\":[\"Locales\"],\"inLanguage\":\"es\",\"potentialAction\":[{\"@type\":\"CommentAction\",\"name\":\"Comment\",\"target\":[\"https:\\\/\\\/cvinoticias.com\\\/v3\\\/por-orden-judicial-desalojaron-en-la-manana-de-hoy-miercoles-a-intrusos-en-barrio-cataratas\\\/#respond\"]}]},{\"@type\":\"WebPage\",\"@id\":\"https:\\\/\\\/cvinoticias.com\\\/v3\\\/por-orden-judicial-desalojaron-en-la-manana-de-hoy-miercoles-a-intrusos-en-barrio-cataratas\\\/\",\"url\":\"https:\\\/\\\/cvinoticias.com\\\/v3\\\/por-orden-judicial-desalojaron-en-la-manana-de-hoy-miercoles-a-intrusos-en-barrio-cataratas\\\/\",\"name\":\"Por orden judicial, desalojaron en la ma\u00f1ana de hoy mi\u00e9rcoles a intrusos en Barrio Cataratas. | CVI NOTICIAS\",\"isPartOf\":{\"@id\":\"https:\\\/\\\/cvinoticias.com\\\/v3\\\/#website\"},\"primaryImageOfPage\":{\"@id\":\"https:\\\/\\\/cvinoticias.com\\\/v3\\\/por-orden-judicial-desalojaron-en-la-manana-de-hoy-miercoles-a-intrusos-en-barrio-cataratas\\\/#primaryimage\"},\"image\":{\"@id\":\"https:\\\/\\\/cvinoticias.com\\\/v3\\\/por-orden-judicial-desalojaron-en-la-manana-de-hoy-miercoles-a-intrusos-en-barrio-cataratas\\\/#primaryimage\"},\"thumbnailUrl\":\"https:\\\/\\\/cvinoticias.com\\\/wp-content\\\/uploads\\\/2021\\\/05\\\/IMG-20210505-WA0019.jpg\",\"datePublished\":\"2021-05-05T20:01:48+00:00\",\"breadcrumb\":{\"@id\":\"https:\\\/\\\/cvinoticias.com\\\/v3\\\/por-orden-judicial-desalojaron-en-la-manana-de-hoy-miercoles-a-intrusos-en-barrio-cataratas\\\/#breadcrumb\"},\"inLanguage\":\"es\",\"potentialAction\":[{\"@type\":\"ReadAction\",\"target\":[\"https:\\\/\\\/cvinoticias.com\\\/v3\\\/por-orden-judicial-desalojaron-en-la-manana-de-hoy-miercoles-a-intrusos-en-barrio-cataratas\\\/\"]}]},{\"@type\":\"ImageObject\",\"inLanguage\":\"es\",\"@id\":\"https:\\\/\\\/cvinoticias.com\\\/v3\\\/por-orden-judicial-desalojaron-en-la-manana-de-hoy-miercoles-a-intrusos-en-barrio-cataratas\\\/#primaryimage\",\"url\":\"https:\\\/\\\/cvinoticias.com\\\/wp-content\\\/uploads\\\/2021\\\/05\\\/IMG-20210505-WA0019.jpg\",\"contentUrl\":\"https:\\\/\\\/cvinoticias.com\\\/wp-content\\\/uploads\\\/2021\\\/05\\\/IMG-20210505-WA0019.jpg\",\"width\":1032,\"height\":774},{\"@type\":\"BreadcrumbList\",\"@id\":\"https:\\\/\\\/cvinoticias.com\\\/v3\\\/por-orden-judicial-desalojaron-en-la-manana-de-hoy-miercoles-a-intrusos-en-barrio-cataratas\\\/#breadcrumb\",\"itemListElement\":[{\"@type\":\"ListItem\",\"position\":1,\"name\":\"Portada\",\"item\":\"https:\\\/\\\/cvinoticias.com\\\/v3\\\/\"},{\"@type\":\"ListItem\",\"position\":2,\"name\":\"Por orden judicial, desalojaron en la ma\u00f1ana de hoy mi\u00e9rcoles a intrusos en Barrio Cataratas.\"}]},{\"@type\":\"WebSite\",\"@id\":\"https:\\\/\\\/cvinoticias.com\\\/v3\\\/#website\",\"url\":\"https:\\\/\\\/cvinoticias.com\\\/v3\\\/\",\"name\":\"CVI NOTICIAS\",\"description\":\"\",\"publisher\":{\"@id\":\"https:\\\/\\\/cvinoticias.com\\\/v3\\\/#organization\"},\"alternateName\":\"CVI\",\"potentialAction\":[{\"@type\":\"SearchAction\",\"target\":{\"@type\":\"EntryPoint\",\"urlTemplate\":\"https:\\\/\\\/cvinoticias.com\\\/v3\\\/?s={search_term_string}\"},\"query-input\":{\"@type\":\"PropertyValueSpecification\",\"valueRequired\":true,\"valueName\":\"search_term_string\"}}],\"inLanguage\":\"es\"},{\"@type\":\"Organization\",\"@id\":\"https:\\\/\\\/cvinoticias.com\\\/v3\\\/#organization\",\"name\":\"CVI NOTICIAS\",\"url\":\"https:\\\/\\\/cvinoticias.com\\\/v3\\\/\",\"logo\":{\"@type\":\"ImageObject\",\"inLanguage\":\"es\",\"@id\":\"https:\\\/\\\/cvinoticias.com\\\/v3\\\/#\\\/schema\\\/logo\\\/image\\\/\",\"url\":\"https:\\\/\\\/cvinoticias.com\\\/wp-content\\\/uploads\\\/2023\\\/04\\\/cropped-cropped-cropped-cropped-cropped-3-1.png\",\"contentUrl\":\"https:\\\/\\\/cvinoticias.com\\\/wp-content\\\/uploads\\\/2023\\\/04\\\/cropped-cropped-cropped-cropped-cropped-3-1.png\",\"width\":95,\"height\":122,\"caption\":\"CVI NOTICIAS\"},\"image\":{\"@id\":\"https:\\\/\\\/cvinoticias.com\\\/v3\\\/#\\\/schema\\\/logo\\\/image\\\/\"},\"sameAs\":[\"https:\\\/\\\/www.facebook.com\\\/cvinoticias\",\"https:\\\/\\\/www.instagram.com\\\/cvinoticias\\\/\",\"https:\\\/\\\/www.youtube.com\\\/@CVINOTICIAS\"]},{\"@type\":\"Person\",\"@id\":\"https:\\\/\\\/cvinoticias.com\\\/v3\\\/#\\\/schema\\\/person\\\/2db77e3c6bc03c538495d7b2b8be9b66\",\"name\":\"f1000024\",\"image\":{\"@type\":\"ImageObject\",\"inLanguage\":\"es\",\"@id\":\"https:\\\/\\\/secure.gravatar.com\\\/avatar\\\/d4fe7459cfc51ff5129ce1a732bbef5928568b8092d412ef95611616376bbeed?s=96&d=mm&r=g\",\"url\":\"https:\\\/\\\/secure.gravatar.com\\\/avatar\\\/d4fe7459cfc51ff5129ce1a732bbef5928568b8092d412ef95611616376bbeed?s=96&d=mm&r=g\",\"contentUrl\":\"https:\\\/\\\/secure.gravatar.com\\\/avatar\\\/d4fe7459cfc51ff5129ce1a732bbef5928568b8092d412ef95611616376bbeed?s=96&d=mm&r=g\",\"caption\":\"f1000024\"},\"url\":\"https:\\\/\\\/cvinoticias.com\\\/v3\\\/author\\\/f1000024\\\/\"}]}<\/script>\n<!-- \/ Yoast SEO plugin. -->","yoast_head_json":{"title":"Por orden judicial, desalojaron en la ma\u00f1ana de hoy mi\u00e9rcoles a intrusos en Barrio Cataratas. | CVI NOTICIAS","robots":{"index":"index","follow":"follow","max-snippet":"max-snippet:-1","max-image-preview":"max-image-preview:large","max-video-preview":"max-video-preview:-1"},"canonical":"https:\/\/cvinoticias.com\/v3\/por-orden-judicial-desalojaron-en-la-manana-de-hoy-miercoles-a-intrusos-en-barrio-cataratas\/","og_locale":"es_ES","og_type":"article","og_title":"Por orden judicial, desalojaron en la ma\u00f1ana de hoy mi\u00e9rcoles a intrusos en Barrio Cataratas. | CVI NOTICIAS","og_description":"La Justicia orden\u00f3, en horas de la ma\u00f1ana el desalojo de personas que ayer ursurparon el terreno de Germ\u00e1n Cohelo. El grupo de infanter\u00eda se hizo presente en el lugar, ubicado en barrio Cataratas y con orden judicial pidieron a los intrusos, que se encontraban dentro de la propiedad del Sr. Germ\u00e1n Cohelo, que desocuparan [&hellip;]","og_url":"https:\/\/cvinoticias.com\/v3\/por-orden-judicial-desalojaron-en-la-manana-de-hoy-miercoles-a-intrusos-en-barrio-cataratas\/","og_site_name":"CVI NOTICIAS","article_publisher":"https:\/\/www.facebook.com\/cvinoticias","article_published_time":"2021-05-05T20:01:48+00:00","og_image":[{"width":1032,"height":774,"url":"https:\/\/cvinoticias.com\/wp-content\/uploads\/2021\/05\/IMG-20210505-WA0019.jpg","type":"image\/jpeg"}],"author":"f1000024","twitter_card":"summary_large_image","twitter_misc":{"Escrito por":"f1000024"},"schema":{"@context":"https:\/\/schema.org","@graph":[{"@type":"Article","@id":"https:\/\/cvinoticias.com\/v3\/por-orden-judicial-desalojaron-en-la-manana-de-hoy-miercoles-a-intrusos-en-barrio-cataratas\/#article","isPartOf":{"@id":"https:\/\/cvinoticias.com\/v3\/por-orden-judicial-desalojaron-en-la-manana-de-hoy-miercoles-a-intrusos-en-barrio-cataratas\/"},"author":{"name":"f1000024","@id":"https:\/\/cvinoticias.com\/v3\/#\/schema\/person\/2db77e3c6bc03c538495d7b2b8be9b66"},"headline":"Por orden judicial, desalojaron en la ma\u00f1ana de hoy mi\u00e9rcoles a intrusos en Barrio Cataratas.","datePublished":"2021-05-05T20:01:48+00:00","mainEntityOfPage":{"@id":"https:\/\/cvinoticias.com\/v3\/por-orden-judicial-desalojaron-en-la-manana-de-hoy-miercoles-a-intrusos-en-barrio-cataratas\/"},"wordCount":98,"commentCount":1,"publisher":{"@id":"https:\/\/cvinoticias.com\/v3\/#organization"},"image":{"@id":"https:\/\/cvinoticias.com\/v3\/por-orden-judicial-desalojaron-en-la-manana-de-hoy-miercoles-a-intrusos-en-barrio-cataratas\/#primaryimage"},"thumbnailUrl":"https:\/\/cvinoticias.com\/wp-content\/uploads\/2021\/05\/IMG-20210505-WA0019.jpg","articleSection":["Locales"],"inLanguage":"es","potentialAction":[{"@type":"CommentAction","name":"Comment","target":["https:\/\/cvinoticias.com\/v3\/por-orden-judicial-desalojaron-en-la-manana-de-hoy-miercoles-a-intrusos-en-barrio-cataratas\/#respond"]}]},{"@type":"WebPage","@id":"https:\/\/cvinoticias.com\/v3\/por-orden-judicial-desalojaron-en-la-manana-de-hoy-miercoles-a-intrusos-en-barrio-cataratas\/","url":"https:\/\/cvinoticias.com\/v3\/por-orden-judicial-desalojaron-en-la-manana-de-hoy-miercoles-a-intrusos-en-barrio-cataratas\/","name":"Por orden judicial, desalojaron en la ma\u00f1ana de hoy mi\u00e9rcoles a intrusos en Barrio Cataratas. | CVI NOTICIAS","isPartOf":{"@id":"https:\/\/cvinoticias.com\/v3\/#website"},"primaryImageOfPage":{"@id":"https:\/\/cvinoticias.com\/v3\/por-orden-judicial-desalojaron-en-la-manana-de-hoy-miercoles-a-intrusos-en-barrio-cataratas\/#primaryimage"},"image":{"@id":"https:\/\/cvinoticias.com\/v3\/por-orden-judicial-desalojaron-en-la-manana-de-hoy-miercoles-a-intrusos-en-barrio-cataratas\/#primaryimage"},"thumbnailUrl":"https:\/\/cvinoticias.com\/wp-content\/uploads\/2021\/05\/IMG-20210505-WA0019.jpg","datePublished":"2021-05-05T20:01:48+00:00","breadcrumb":{"@id":"https:\/\/cvinoticias.com\/v3\/por-orden-judicial-desalojaron-en-la-manana-de-hoy-miercoles-a-intrusos-en-barrio-cataratas\/#breadcrumb"},"inLanguage":"es","potentialAction":[{"@type":"ReadAction","target":["https:\/\/cvinoticias.com\/v3\/por-orden-judicial-desalojaron-en-la-manana-de-hoy-miercoles-a-intrusos-en-barrio-cataratas\/"]}]},{"@type":"ImageObject","inLanguage":"es","@id":"https:\/\/cvinoticias.com\/v3\/por-orden-judicial-desalojaron-en-la-manana-de-hoy-miercoles-a-intrusos-en-barrio-cataratas\/#primaryimage","url":"https:\/\/cvinoticias.com\/wp-content\/uploads\/2021\/05\/IMG-20210505-WA0019.jpg","contentUrl":"https:\/\/cvinoticias.com\/wp-content\/uploads\/2021\/05\/IMG-20210505-WA0019.jpg","width":1032,"height":774},{"@type":"BreadcrumbList","@id":"https:\/\/cvinoticias.com\/v3\/por-orden-judicial-desalojaron-en-la-manana-de-hoy-miercoles-a-intrusos-en-barrio-cataratas\/#breadcrumb","itemListElement":[{"@type":"ListItem","position":1,"name":"Portada","item":"https:\/\/cvinoticias.com\/v3\/"},{"@type":"ListItem","position":2,"name":"Por orden judicial, desalojaron en la ma\u00f1ana de hoy mi\u00e9rcoles a intrusos en Barrio Cataratas."}]},{"@type":"WebSite","@id":"https:\/\/cvinoticias.com\/v3\/#website","url":"https:\/\/cvinoticias.com\/v3\/","name":"CVI NOTICIAS","description":"","publisher":{"@id":"https:\/\/cvinoticias.com\/v3\/#organization"},"alternateName":"CVI","potentialAction":[{"@type":"SearchAction","target":{"@type":"EntryPoint","urlTemplate":"https:\/\/cvinoticias.com\/v3\/?s={search_term_string}"},"query-input":{"@type":"PropertyValueSpecification","valueRequired":true,"valueName":"search_term_string"}}],"inLanguage":"es"},{"@type":"Organization","@id":"https:\/\/cvinoticias.com\/v3\/#organization","name":"CVI NOTICIAS","url":"https:\/\/cvinoticias.com\/v3\/","logo":{"@type":"ImageObject","inLanguage":"es","@id":"https:\/\/cvinoticias.com\/v3\/#\/schema\/logo\/image\/","url":"https:\/\/cvinoticias.com\/wp-content\/uploads\/2023\/04\/cropped-cropped-cropped-cropped-cropped-3-1.png","contentUrl":"https:\/\/cvinoticias.com\/wp-content\/uploads\/2023\/04\/cropped-cropped-cropped-cropped-cropped-3-1.png","width":95,"height":122,"caption":"CVI NOTICIAS"},"image":{"@id":"https:\/\/cvinoticias.com\/v3\/#\/schema\/logo\/image\/"},"sameAs":["https:\/\/www.facebook.com\/cvinoticias","https:\/\/www.instagram.com\/cvinoticias\/","https:\/\/www.youtube.com\/@CVINOTICIAS"]},{"@type":"Person","@id":"https:\/\/cvinoticias.com\/v3\/#\/schema\/person\/2db77e3c6bc03c538495d7b2b8be9b66","name":"f1000024","image":{"@type":"ImageObject","inLanguage":"es","@id":"https:\/\/secure.gravatar.com\/avatar\/d4fe7459cfc51ff5129ce1a732bbef5928568b8092d412ef95611616376bbeed?s=96&d=mm&r=g","url":"https:\/\/secure.gravatar.com\/avatar\/d4fe7459cfc51ff5129ce1a732bbef5928568b8092d412ef95611616376bbeed?s=96&d=mm&r=g","contentUrl":"https:\/\/secure.gravatar.com\/avatar\/d4fe7459cfc51ff5129ce1a732bbef5928568b8092d412ef95611616376bbeed?s=96&d=mm&r=g","caption":"f1000024"},"url":"https:\/\/cvinoticias.com\/v3\/author\/f1000024\/"}]}},"_links":{"self":[{"href":"https:\/\/cvinoticias.com\/v3\/wp-json\/wp\/v2\/posts\/4887","targetHints":{"allow":["GET"]}}],"collection":[{"href":"https:\/\/cvinoticias.com\/v3\/wp-json\/wp\/v2\/posts"}],"about":[{"href":"https:\/\/cvinoticias.com\/v3\/wp-json\/wp\/v2\/types\/post"}],"author":[{"embeddable":true,"href":"https:\/\/cvinoticias.com\/v3\/wp-json\/wp\/v2\/users\/2"}],"replies":[{"embeddable":true,"href":"https:\/\/cvinoticias.com\/v3\/wp-json\/wp\/v2\/comments?post=4887"}],"version-history":[{"count":1,"href":"https:\/\/cvinoticias.com\/v3\/wp-json\/wp\/v2\/posts\/4887\/revisions"}],"predecessor-version":[{"id":4889,"href":"https:\/\/cvinoticias.com\/v3\/wp-json\/wp\/v2\/posts\/4887\/revisions\/4889"}],"wp:featuredmedia":[{"embeddable":true,"href":"https:\/\/cvinoticias.com\/v3\/wp-json\/wp\/v2\/media\/4888"}],"wp:attachment":[{"href":"https:\/\/cvinoticias.com\/v3\/wp-json\/wp\/v2\/media?parent=4887"}],"wp:term":[{"taxonomy":"category","embeddable":true,"href":"https:\/\/cvinoticias.com\/v3\/wp-json\/wp\/v2\/categories?post=4887"},{"taxonomy":"post_tag","embeddable":true,"href":"https:\/\/cvinoticias.com\/v3\/wp-json\/wp\/v2\/tags?post=4887"}],"curies":[{"name":"wp","href":"https:\/\/api.w.org\/{rel}","templated":true}]}}